{"id":157771,"date":"2025-07-17T13:43:24","date_gmt":"2025-07-17T13:43:24","guid":{"rendered":"https:\/\/www.nettali.com\/?p=157771"},"modified":"2025-07-17T14:31:18","modified_gmt":"2025-07-17T14:31:18","slug":"industries-extractives-le-president-diomaye-faye-mobilise-le-gouvernement","status":"publish","type":"post","link":"https:\/\/www.nettali.com\/2025\/07\/17\/industries-extractives-le-president-diomaye-faye-mobilise-le-gouvernement\/","title":{"rendered":"INDUSTRIES EXTRACTIVES - Le Pr\u00e9sident Diomaye Faye mobilise le gouvernement"},"content":{"rendered":"<p><strong>NETTALI.COM - En vue de l\u2019\u00e9valuation du S\u00e9n\u00e9gal dans le cadre de l\u2019Initiative pour la Transparence dans les Industries extractives (ITIE) pr\u00e9vue en 2025, le chef de l\u2019\u00c9tat a exig\u00e9 du gouvernement la mise en \u0153uvre urgente de mesures visant \u00e0 renforcer la gouvernance dans les secteurs des mines et des hydrocarbures.<\/strong><\/p>\n<p>\u00c0 l\u2019approche de la prochaine validation du S\u00e9n\u00e9gal par l\u2019ITIE, le pr\u00e9sident Bassirou Diomaye Faye veut acc\u00e9l\u00e9rer les r\u00e9formes. Il a appel\u00e9 le gouvernement \u00e0 redoubler d\u2019efforts pour consolider les acquis en mati\u00e8re de transparence et de gestion responsable des ressources extractives.<\/p>\n<p>Le chef de l\u2019\u00c9tat a rappel\u00e9 le d\u00e9marrage du processus d\u2019\u00e9valuation p\u00e9riodique du S\u00e9n\u00e9gal dans le cadre de l\u2019ITIE 2025, un moment cl\u00e9 pour mesurer les avanc\u00e9es du pays en mati\u00e8re de gouvernance extractive. Il a demand\u00e9 au Premier ministre de \"<em>veiller \u00e0 la mise en \u0153uvre de toutes les mesures et actions idoines\"<\/em>\u00a0avec les minist\u00e8res concern\u00e9s, afin de renforcer les progr\u00e8s notables d\u00e9j\u00e0 r\u00e9alis\u00e9s dans les secteurs des mines et des hydrocarbures.<\/p>\n<p>Parmi les priorit\u00e9s fix\u00e9es figurent la finalisation du cadre r\u00e9glementaire sur le registre des b\u00e9n\u00e9ficiaires effectifs, la divulgation des donn\u00e9es sur les propri\u00e9taires l\u00e9gaux et effectifs des entreprises extractives, ainsi que l\u2019activation du fonds d\u2019appui au d\u00e9veloppement local et du fonds de r\u00e9habilitation mini\u00e8re.<\/p>\n<p>Le pr\u00e9sident a insist\u00e9 sur \"<em>la redistribution effective des revenus miniers selon les modalit\u00e9s administratives et r\u00e9glementaires d\u00e9finies\"<\/em>, appelant \u00e0 un partage \u00e9quitable des retomb\u00e9es issues de l\u2019exploitation des ressources naturelles au b\u00e9n\u00e9fice des populations locales.<\/p>\n<p>Enfin, il a charg\u00e9 le Premier ministre de superviser avec diligence l\u2019ensemble du processus de validation ITIE 2025, afin de garantir la conformit\u00e9 du S\u00e9n\u00e9gal aux standards internationaux de transparence et de redevabilit\u00e9.<\/p>\n<div class='share-to-whatsapp-wrapper'><div class='share-on-whsp'>PARTAGER SUR : <\/div><a data-text='INDUSTRIES EXTRACTIVES - Le Pr\u00e9sident Diomaye Faye mobilise le gouvernement' data-link='https:\/\/www.nettali.com\/2025\/07\/17\/industries-extractives-le-president-diomaye-faye-mobilise-le-gouvernement\/' class='whatsapp-button whatsapp-share'>WhatsApp<\/a><div class='clear '><\/div><\/div>","protected":false},"excerpt":{"rendered":"<p>NETTALI.COM - En vue de l\u2019\u00e9valuation du S\u00e9n\u00e9gal dans le cadre de l\u2019Initiative pour la Transparence dans les Industries extractives (ITIE) pr\u00e9vue en 2025, le chef de l\u2019\u00c9tat a exig\u00e9 du gouvernement la mise en \u0153uvre urgente de mesures visant \u00e0 renforcer la gouvernance dans les secteurs des mines et des hydrocarbures. \u00c0 l\u2019approche de [&hellip;]<\/p>\n","protected":false},"author":5,"featured_media":157637,"comment_status":"open","ping_status":"open","sticky":false,"template":"","format":"standard","meta":{"_et_pb_use_builder":"","_et_pb_old_content":""},"categories":[3],"tags":[],"yoast_head":"<!-- This site is optimized with the Yoast SEO Premium plugin v17.8 (Yoast SEO v17.8) - https:\/\/yoast.com\/wordpress\/plugins\/seo\/ -->\n<title>INDUSTRIES EXTRACTIVES - Le Pr\u00e9sident Diomaye Faye mobilise le gouvernement | Nettali.com<\/title>\n<meta name=\"robots\" content=\"index, follow, max-snippet:-1, max-image-preview:large, max-video-preview:-1\" \/>\n<link rel=\"canonical\" href=\"https:\/\/www.nettali.com\/2025\/07\/17\/industries-extractives-le-president-diomaye-faye-mobilise-le-gouvernement\/\" \/>\n<meta property=\"og:locale\" content=\"fr_FR\" \/>\n<meta property=\"og:type\" content=\"article\" \/>\n<meta property=\"og:title\" content=\"INDUSTRIES EXTRACTIVES - Le Pr\u00e9sident Diomaye Faye mobilise le gouvernement\" \/>\n<meta property=\"og:description\" content=\"NETTALI.COM - En vue de l\u2019\u00e9valuation du S\u00e9n\u00e9gal dans le cadre de l\u2019Initiative pour la Transparence dans les Industries extractives (ITIE) pr\u00e9vue en 2025, le chef de l\u2019\u00c9tat a exig\u00e9 du gouvernement la mise en \u0153uvre urgente de mesures visant \u00e0 renforcer la gouvernance dans les secteurs des mines et des hydrocarbures. \u00c0 l\u2019approche de [&hellip;]\" \/>\n<meta property=\"og:url\" content=\"https:\/\/www.nettali.com\/2025\/07\/17\/industries-extractives-le-president-diomaye-faye-mobilise-le-gouvernement\/\" \/>\n<meta property=\"og:site_name\" content=\"Nettali.com\" \/>\n<meta property=\"article:publisher\" content=\"https:\/\/www.facebook.com\/nettalicom\" \/>\n<meta property=\"article:published_time\" content=\"2025-07-17T13:43:24+00:00\" \/>\n<meta property=\"article:modified_time\" content=\"2025-07-17T14:31:18+00:00\" \/>\n<meta property=\"og:image\" content=\"https:\/\/www.nettali.com\/wp-content\/uploads\/2025\/07\/diomaye-faye-5098-1306934.jpg\" \/>\n\t<meta property=\"og:image:width\" content=\"1306\" \/>\n\t<meta property=\"og:image:height\" content=\"934\" \/>\n<meta name=\"twitter:card\" content=\"summary_large_image\" \/>\n<meta name=\"twitter:label1\" content=\"\u00c9crit par\" \/>\n\t<meta name=\"twitter:data1\" content=\"Ibrahima\" \/>\n\t<meta name=\"twitter:label2\" content=\"Dur\u00e9e de lecture estim\u00e9e\" \/>\n\t<meta name=\"twitter:data2\" content=\"2 minutes\" \/>\n<script type=\"application\/ld+json\" class=\"yoast-schema-graph\">{\"@context\":\"https:\/\/schema.org\",\"@graph\":[{\"@type\":\"WebSite\",\"@id\":\"https:\/\/www.nettali.com\/#website\",\"url\":\"https:\/\/www.nettali.com\/\",\"name\":\"Nettali.com\",\"description\":\"Le rendez-vous critique du Net\",\"potentialAction\":[{\"@type\":\"SearchAction\",\"target\":{\"@type\":\"EntryPoint\",\"urlTemplate\":\"https:\/\/www.nettali.com\/?s={search_term_string}\"},\"query-input\":\"required name=search_term_string\"}],\"inLanguage\":\"fr-FR\"},{\"@type\":\"ImageObject\",\"@id\":\"https:\/\/www.nettali.com\/2025\/07\/17\/industries-extractives-le-president-diomaye-faye-mobilise-le-gouvernement\/#primaryimage\",\"inLanguage\":\"fr-FR\",\"url\":\"https:\/\/www.nettali.com\/wp-content\/uploads\/2025\/07\/diomaye-faye-5098-1306934.jpg\",\"contentUrl\":\"https:\/\/www.nettali.com\/wp-content\/uploads\/2025\/07\/diomaye-faye-5098-1306934.jpg\",\"width\":1306,\"height\":934},{\"@type\":\"WebPage\",\"@id\":\"https:\/\/www.nettali.com\/2025\/07\/17\/industries-extractives-le-president-diomaye-faye-mobilise-le-gouvernement\/#webpage\",\"url\":\"https:\/\/www.nettali.com\/2025\/07\/17\/industries-extractives-le-president-diomaye-faye-mobilise-le-gouvernement\/\",\"name\":\"INDUSTRIES EXTRACTIVES - Le Pr\\u00e9sident Diomaye Faye mobilise le gouvernement | Nettali.com\",\"isPartOf\":{\"@id\":\"https:\/\/www.nettali.com\/#website\"},\"primaryImageOfPage\":{\"@id\":\"https:\/\/www.nettali.com\/2025\/07\/17\/industries-extractives-le-president-diomaye-faye-mobilise-le-gouvernement\/#primaryimage\"},\"datePublished\":\"2025-07-17T13:43:24+00:00\",\"dateModified\":\"2025-07-17T14:31:18+00:00\",\"author\":{\"@id\":\"https:\/\/www.nettali.com\/#\/schema\/person\/bb147657c2986240405a608162b9bb23\"},\"breadcrumb\":{\"@id\":\"https:\/\/www.nettali.com\/2025\/07\/17\/industries-extractives-le-president-diomaye-faye-mobilise-le-gouvernement\/#breadcrumb\"},\"inLanguage\":\"fr-FR\",\"potentialAction\":[{\"@type\":\"ReadAction\",\"target\":[\"https:\/\/www.nettali.com\/2025\/07\/17\/industries-extractives-le-president-diomaye-faye-mobilise-le-gouvernement\/\"]}]},{\"@type\":\"BreadcrumbList\",\"@id\":\"https:\/\/www.nettali.com\/2025\/07\/17\/industries-extractives-le-president-diomaye-faye-mobilise-le-gouvernement\/#breadcrumb\",\"itemListElement\":[{\"@type\":\"ListItem\",\"position\":1,\"name\":\"Accueil\",\"item\":\"https:\/\/www.nettali.com\/\"},{\"@type\":\"ListItem\",\"position\":2,\"name\":\"INDUSTRIES EXTRACTIVES - Le Pr\\u00e9sident Diomaye Faye mobilise le gouvernement\"}]},{\"@type\":\"Person\",\"@id\":\"https:\/\/www.nettali.com\/#\/schema\/person\/bb147657c2986240405a608162b9bb23\",\"name\":\"Ibrahima\",\"image\":{\"@type\":\"ImageObject\",\"@id\":\"https:\/\/www.nettali.com\/#personlogo\",\"inLanguage\":\"fr-FR\",\"url\":\"https:\/\/secure.gravatar.com\/avatar\/26a8a81f09f0dd7624c9d5c36c9ba3a2?s=96&d=mm&r=g\",\"contentUrl\":\"https:\/\/secure.gravatar.com\/avatar\/26a8a81f09f0dd7624c9d5c36c9ba3a2?s=96&d=mm&r=g\",\"caption\":\"Ibrahima\"},\"sameAs\":[\"https:\/\/www.nettali.com\"]}]}<\/script>\n<!-- \/ Yoast SEO Premium plugin. -->","yoast_head_json":{"title":"INDUSTRIES EXTRACTIVES - Le Pr\u00e9sident Diomaye Faye mobilise le gouvernement | Nettali.com","robots":{"index":"index","follow":"follow","max-snippet":"max-snippet:-1","max-image-preview":"max-image-preview:large","max-video-preview":"max-video-preview:-1"},"canonical":"https:\/\/www.nettali.com\/2025\/07\/17\/industries-extractives-le-president-diomaye-faye-mobilise-le-gouvernement\/","og_locale":"fr_FR","og_type":"article","og_title":"INDUSTRIES EXTRACTIVES - Le Pr\u00e9sident Diomaye Faye mobilise le gouvernement","og_description":"NETTALI.COM - En vue de l\u2019\u00e9valuation du S\u00e9n\u00e9gal dans le cadre de l\u2019Initiative pour la Transparence dans les Industries extractives (ITIE) pr\u00e9vue en 2025, le chef de l\u2019\u00c9tat a exig\u00e9 du gouvernement la mise en \u0153uvre urgente de mesures visant \u00e0 renforcer la gouvernance dans les secteurs des mines et des hydrocarbures. \u00c0 l\u2019approche de [&hellip;]","og_url":"https:\/\/www.nettali.com\/2025\/07\/17\/industries-extractives-le-president-diomaye-faye-mobilise-le-gouvernement\/","og_site_name":"Nettali.com","article_publisher":"https:\/\/www.facebook.com\/nettalicom","article_published_time":"2025-07-17T13:43:24+00:00","article_modified_time":"2025-07-17T14:31:18+00:00","og_image":[{"width":1306,"height":934,"url":"https:\/\/www.nettali.com\/wp-content\/uploads\/2025\/07\/diomaye-faye-5098-1306934.jpg","type":"image\/jpeg"}],"twitter_card":"summary_large_image","twitter_misc":{"\u00c9crit par":"Ibrahima","Dur\u00e9e de lecture estim\u00e9e":"2 minutes"},"schema":{"@context":"https:\/\/schema.org","@graph":[{"@type":"WebSite","@id":"https:\/\/www.nettali.com\/#website","url":"https:\/\/www.nettali.com\/","name":"Nettali.com","description":"Le rendez-vous critique du Net","potentialAction":[{"@type":"SearchAction","target":{"@type":"EntryPoint","urlTemplate":"https:\/\/www.nettali.com\/?s={search_term_string}"},"query-input":"required name=search_term_string"}],"inLanguage":"fr-FR"},{"@type":"ImageObject","@id":"https:\/\/www.nettali.com\/2025\/07\/17\/industries-extractives-le-president-diomaye-faye-mobilise-le-gouvernement\/#primaryimage","inLanguage":"fr-FR","url":"https:\/\/www.nettali.com\/wp-content\/uploads\/2025\/07\/diomaye-faye-5098-1306934.jpg","contentUrl":"https:\/\/www.nettali.com\/wp-content\/uploads\/2025\/07\/diomaye-faye-5098-1306934.jpg","width":1306,"height":934},{"@type":"WebPage","@id":"https:\/\/www.nettali.com\/2025\/07\/17\/industries-extractives-le-president-diomaye-faye-mobilise-le-gouvernement\/#webpage","url":"https:\/\/www.nettali.com\/2025\/07\/17\/industries-extractives-le-president-diomaye-faye-mobilise-le-gouvernement\/","name":"INDUSTRIES EXTRACTIVES - Le Pr\u00e9sident Diomaye Faye mobilise le gouvernement | Nettali.com","isPartOf":{"@id":"https:\/\/www.nettali.com\/#website"},"primaryImageOfPage":{"@id":"https:\/\/www.nettali.com\/2025\/07\/17\/industries-extractives-le-president-diomaye-faye-mobilise-le-gouvernement\/#primaryimage"},"datePublished":"2025-07-17T13:43:24+00:00","dateModified":"2025-07-17T14:31:18+00:00","author":{"@id":"https:\/\/www.nettali.com\/#\/schema\/person\/bb147657c2986240405a608162b9bb23"},"breadcrumb":{"@id":"https:\/\/www.nettali.com\/2025\/07\/17\/industries-extractives-le-president-diomaye-faye-mobilise-le-gouvernement\/#breadcrumb"},"inLanguage":"fr-FR","potentialAction":[{"@type":"ReadAction","target":["https:\/\/www.nettali.com\/2025\/07\/17\/industries-extractives-le-president-diomaye-faye-mobilise-le-gouvernement\/"]}]},{"@type":"BreadcrumbList","@id":"https:\/\/www.nettali.com\/2025\/07\/17\/industries-extractives-le-president-diomaye-faye-mobilise-le-gouvernement\/#breadcrumb","itemListElement":[{"@type":"ListItem","position":1,"name":"Accueil","item":"https:\/\/www.nettali.com\/"},{"@type":"ListItem","position":2,"name":"INDUSTRIES EXTRACTIVES - Le Pr\u00e9sident Diomaye Faye mobilise le gouvernement"}]},{"@type":"Person","@id":"https:\/\/www.nettali.com\/#\/schema\/person\/bb147657c2986240405a608162b9bb23","name":"Ibrahima","image":{"@type":"ImageObject","@id":"https:\/\/www.nettali.com\/#personlogo","inLanguage":"fr-FR","url":"https:\/\/secure.gravatar.com\/avatar\/26a8a81f09f0dd7624c9d5c36c9ba3a2?s=96&d=mm&r=g","contentUrl":"https:\/\/secure.gravatar.com\/avatar\/26a8a81f09f0dd7624c9d5c36c9ba3a2?s=96&d=mm&r=g","caption":"Ibrahima"},"sameAs":["https:\/\/www.nettali.com"]}]}},"_links":{"self":[{"href":"https:\/\/www.nettali.com\/rest\/wp\/v2\/posts\/157771"}],"collection":[{"href":"https:\/\/www.nettali.com\/rest\/wp\/v2\/posts"}],"about":[{"href":"https:\/\/www.nettali.com\/rest\/wp\/v2\/types\/post"}],"author":[{"embeddable":true,"href":"https:\/\/www.nettali.com\/rest\/wp\/v2\/users\/5"}],"replies":[{"embeddable":true,"href":"https:\/\/www.nettali.com\/rest\/wp\/v2\/comments?post=157771"}],"version-history":[{"count":2,"href":"https:\/\/www.nettali.com\/rest\/wp\/v2\/posts\/157771\/revisions"}],"predecessor-version":[{"id":157773,"href":"https:\/\/www.nettali.com\/rest\/wp\/v2\/posts\/157771\/revisions\/157773"}],"wp:featuredmedia":[{"embeddable":true,"href":"https:\/\/www.nettali.com\/rest\/wp\/v2\/media\/157637"}],"wp:attachment":[{"href":"https:\/\/www.nettali.com\/rest\/wp\/v2\/media?parent=157771"}],"wp:term":[{"taxonomy":"category","embeddable":true,"href":"https:\/\/www.nettali.com\/rest\/wp\/v2\/categories?post=157771"},{"taxonomy":"post_tag","embeddable":true,"href":"https:\/\/www.nettali.com\/rest\/wp\/v2\/tags?post=157771"}],"curies":[{"name":"wp","href":"https:\/\/api.w.org\/{rel}","templated":true}]}}