{"id":157768,"date":"2025-07-17T07:43:21","date_gmt":"2025-07-17T07:43:21","guid":{"rendered":"https:\/\/www.nettali.com\/?p=157768"},"modified":"2025-07-17T07:43:21","modified_gmt":"2025-07-17T07:43:21","slug":"effondrement-a-guediawaye-un-jeune-homme-tue-par-la-chute-dun-balcon","status":"publish","type":"post","link":"https:\/\/www.nettali.com\/2025\/07\/17\/effondrement-a-guediawaye-un-jeune-homme-tue-par-la-chute-dun-balcon\/","title":{"rendered":"EFFONDREMENT \u00c0 GUEDIAWAYE - Un jeune homme tu\u00e9 par la chute d\u2019un balcon"},"content":{"rendered":"<p data-start=\"66\" data-end=\"171\"><strong><span style=\"font-size: 16px;\">NETTALI.COM - Le drame n\u2019a pas fait grand bruit, \u00e9clips\u00e9 par les r\u00e9cents faits divers de Touba et de Ngor. Pourtant, \u00e0 L\u00e9ona Thiaroye 1, quartier populaire de la commune de Wakhinane Nimzatt (Gu\u00e9diawaye), la mort a encore frapp\u00e9, dans l\u2019indiff\u00e9rence quasi g\u00e9n\u00e9rale.<\/span><\/strong><\/p>\n<p data-start=\"430\" data-end=\"761\">Un balcon s\u2019est effondr\u00e9, causant la mort d\u2019un jeune homme \u00e0 Gu\u00e9diawaye. La victime se nomme Ivaldino Sylva, plus connu sous le surnom de \u00ab\u202fDino\u202f\u00bb, \u00e2g\u00e9 de 27 ans. Il a \u00e9t\u00e9 violemment touch\u00e9 \u00e0 la t\u00eate par des d\u00e9bris du balcon qui se sont d\u00e9tach\u00e9s du b\u00e2timent.<\/p>\n<p data-start=\"763\" data-end=\"1041\">\u00c0 ce stade, les circonstances exactes de l'effondrement n\u2019ont pas encore \u00e9t\u00e9 pr\u00e9cis\u00e9es, mais le drame relance la question de la v\u00e9tust\u00e9 des b\u00e2timents dans les quartiers populaires de la banlieue dakaroise, o\u00f9 les constructions anarchiques et mal entretenues sont fr\u00e9quentes.<\/p>\n<p data-start=\"1043\" data-end=\"1328\">Les autorit\u00e9s locales n\u2019ont pas encore communiqu\u00e9 sur l\u2019incident, mais la population de L\u00e9ona Thiaroye, choqu\u00e9e, d\u00e9nonce un silence coupable face \u00e0 une situation qui, selon plusieurs t\u00e9moignages, aurait pu \u00eatre \u00e9vit\u00e9e avec plus de vigilance et de contr\u00f4le sur l\u2019\u00e9tat des immeubles.<\/p>\n<p data-start=\"1330\" data-end=\"1528\">Ce d\u00e9c\u00e8s tragique s\u2019ajoute \u00e0 une s\u00e9rie d\u2019accidents mortels li\u00e9s \u00e0 des effondrements ces derni\u00e8res ann\u00e9es, dans un pays o\u00f9 l\u2019urbanisation rapide cohabite dangereusement avec la pr\u00e9carit\u00e9 du b\u00e2ti.<\/p>\n<div class='share-to-whatsapp-wrapper'><div class='share-on-whsp'>PARTAGER SUR : <\/div><a data-text='EFFONDREMENT \u00c0 GUEDIAWAYE - Un jeune homme tu\u00e9 par la chute d\u2019un balcon' data-link='https:\/\/www.nettali.com\/2025\/07\/17\/effondrement-a-guediawaye-un-jeune-homme-tue-par-la-chute-dun-balcon\/' class='whatsapp-button whatsapp-share'>WhatsApp<\/a><div class='clear '><\/div><\/div>","protected":false},"excerpt":{"rendered":"<p>NETTALI.COM - Le drame n\u2019a pas fait grand bruit, \u00e9clips\u00e9 par les r\u00e9cents faits divers de Touba et de Ngor. Pourtant, \u00e0 L\u00e9ona Thiaroye 1, quartier populaire de la commune de Wakhinane Nimzatt (Gu\u00e9diawaye), la mort a encore frapp\u00e9, dans l\u2019indiff\u00e9rence quasi g\u00e9n\u00e9rale. Un balcon s\u2019est effondr\u00e9, causant la mort d\u2019un jeune homme \u00e0 Gu\u00e9diawaye. [&hellip;]<\/p>\n","protected":false},"author":4,"featured_media":157769,"comment_status":"open","ping_status":"open","sticky":false,"template":"","format":"standard","meta":{"_et_pb_use_builder":"","_et_pb_old_content":""},"categories":[3],"tags":[],"yoast_head":"<!-- This site is optimized with the Yoast SEO Premium plugin v17.8 (Yoast SEO v17.8) - https:\/\/yoast.com\/wordpress\/plugins\/seo\/ -->\n<title>EFFONDREMENT \u00c0 GUEDIAWAYE - Un jeune homme tu\u00e9 par la chute d\u2019un balcon | Nettali.com<\/title>\n<meta name=\"robots\" content=\"index, follow, max-snippet:-1, max-image-preview:large, max-video-preview:-1\" \/>\n<link rel=\"canonical\" href=\"https:\/\/www.nettali.com\/2025\/07\/17\/effondrement-a-guediawaye-un-jeune-homme-tue-par-la-chute-dun-balcon\/\" \/>\n<meta property=\"og:locale\" content=\"fr_FR\" \/>\n<meta property=\"og:type\" content=\"article\" \/>\n<meta property=\"og:title\" content=\"EFFONDREMENT \u00c0 GUEDIAWAYE - Un jeune homme tu\u00e9 par la chute d\u2019un balcon\" \/>\n<meta property=\"og:description\" content=\"NETTALI.COM - Le drame n\u2019a pas fait grand bruit, \u00e9clips\u00e9 par les r\u00e9cents faits divers de Touba et de Ngor. Pourtant, \u00e0 L\u00e9ona Thiaroye 1, quartier populaire de la commune de Wakhinane Nimzatt (Gu\u00e9diawaye), la mort a encore frapp\u00e9, dans l\u2019indiff\u00e9rence quasi g\u00e9n\u00e9rale. Un balcon s\u2019est effondr\u00e9, causant la mort d\u2019un jeune homme \u00e0 Gu\u00e9diawaye. [&hellip;]\" \/>\n<meta property=\"og:url\" content=\"https:\/\/www.nettali.com\/2025\/07\/17\/effondrement-a-guediawaye-un-jeune-homme-tue-par-la-chute-dun-balcon\/\" \/>\n<meta property=\"og:site_name\" content=\"Nettali.com\" \/>\n<meta property=\"article:publisher\" content=\"https:\/\/www.facebook.com\/nettalicom\" \/>\n<meta property=\"article:published_time\" content=\"2025-07-17T07:43:21+00:00\" \/>\n<meta property=\"og:image\" content=\"https:\/\/www.nettali.com\/wp-content\/uploads\/2025\/07\/effondrement-balcon.jpg\" \/>\n\t<meta property=\"og:image:width\" content=\"820\" \/>\n\t<meta property=\"og:image:height\" content=\"615\" \/>\n<meta name=\"twitter:card\" content=\"summary_large_image\" \/>\n<meta name=\"twitter:label1\" content=\"\u00c9crit par\" \/>\n\t<meta name=\"twitter:data1\" content=\"Daouda\" \/>\n\t<meta name=\"twitter:label2\" content=\"Dur\u00e9e de lecture estim\u00e9e\" \/>\n\t<meta name=\"twitter:data2\" content=\"2 minutes\" \/>\n<script type=\"application\/ld+json\" class=\"yoast-schema-graph\">{\"@context\":\"https:\/\/schema.org\",\"@graph\":[{\"@type\":\"WebSite\",\"@id\":\"https:\/\/www.nettali.com\/#website\",\"url\":\"https:\/\/www.nettali.com\/\",\"name\":\"Nettali.com\",\"description\":\"Le rendez-vous critique du Net\",\"potentialAction\":[{\"@type\":\"SearchAction\",\"target\":{\"@type\":\"EntryPoint\",\"urlTemplate\":\"https:\/\/www.nettali.com\/?s={search_term_string}\"},\"query-input\":\"required name=search_term_string\"}],\"inLanguage\":\"fr-FR\"},{\"@type\":\"ImageObject\",\"@id\":\"https:\/\/www.nettali.com\/2025\/07\/17\/effondrement-a-guediawaye-un-jeune-homme-tue-par-la-chute-dun-balcon\/#primaryimage\",\"inLanguage\":\"fr-FR\",\"url\":\"https:\/\/www.nettali.com\/wp-content\/uploads\/2025\/07\/effondrement-balcon.jpg\",\"contentUrl\":\"https:\/\/www.nettali.com\/wp-content\/uploads\/2025\/07\/effondrement-balcon.jpg\",\"width\":820,\"height\":615},{\"@type\":\"WebPage\",\"@id\":\"https:\/\/www.nettali.com\/2025\/07\/17\/effondrement-a-guediawaye-un-jeune-homme-tue-par-la-chute-dun-balcon\/#webpage\",\"url\":\"https:\/\/www.nettali.com\/2025\/07\/17\/effondrement-a-guediawaye-un-jeune-homme-tue-par-la-chute-dun-balcon\/\",\"name\":\"EFFONDREMENT \\u00c0 GUEDIAWAYE - Un jeune homme tu\\u00e9 par la chute d\\u2019un balcon | Nettali.com\",\"isPartOf\":{\"@id\":\"https:\/\/www.nettali.com\/#website\"},\"primaryImageOfPage\":{\"@id\":\"https:\/\/www.nettali.com\/2025\/07\/17\/effondrement-a-guediawaye-un-jeune-homme-tue-par-la-chute-dun-balcon\/#primaryimage\"},\"datePublished\":\"2025-07-17T07:43:21+00:00\",\"dateModified\":\"2025-07-17T07:43:21+00:00\",\"author\":{\"@id\":\"https:\/\/www.nettali.com\/#\/schema\/person\/3317e0bb3aa1da309fbf7b2780901bf4\"},\"breadcrumb\":{\"@id\":\"https:\/\/www.nettali.com\/2025\/07\/17\/effondrement-a-guediawaye-un-jeune-homme-tue-par-la-chute-dun-balcon\/#breadcrumb\"},\"inLanguage\":\"fr-FR\",\"potentialAction\":[{\"@type\":\"ReadAction\",\"target\":[\"https:\/\/www.nettali.com\/2025\/07\/17\/effondrement-a-guediawaye-un-jeune-homme-tue-par-la-chute-dun-balcon\/\"]}]},{\"@type\":\"BreadcrumbList\",\"@id\":\"https:\/\/www.nettali.com\/2025\/07\/17\/effondrement-a-guediawaye-un-jeune-homme-tue-par-la-chute-dun-balcon\/#breadcrumb\",\"itemListElement\":[{\"@type\":\"ListItem\",\"position\":1,\"name\":\"Accueil\",\"item\":\"https:\/\/www.nettali.com\/\"},{\"@type\":\"ListItem\",\"position\":2,\"name\":\"EFFONDREMENT \\u00c0 GUEDIAWAYE - Un jeune homme tu\\u00e9 par la chute d\\u2019un balcon\"}]},{\"@type\":\"Person\",\"@id\":\"https:\/\/www.nettali.com\/#\/schema\/person\/3317e0bb3aa1da309fbf7b2780901bf4\",\"name\":\"Daouda\",\"image\":{\"@type\":\"ImageObject\",\"@id\":\"https:\/\/www.nettali.com\/#personlogo\",\"inLanguage\":\"fr-FR\",\"url\":\"https:\/\/secure.gravatar.com\/avatar\/8d143b5a49345098ddcfee1c49c2f47c?s=96&d=mm&r=g\",\"contentUrl\":\"https:\/\/secure.gravatar.com\/avatar\/8d143b5a49345098ddcfee1c49c2f47c?s=96&d=mm&r=g\",\"caption\":\"Daouda\"},\"sameAs\":[\"https:\/\/www.nettali.com\"]}]}<\/script>\n<!-- \/ Yoast SEO Premium plugin. -->","yoast_head_json":{"title":"EFFONDREMENT \u00c0 GUEDIAWAYE - Un jeune homme tu\u00e9 par la chute d\u2019un balcon | Nettali.com","robots":{"index":"index","follow":"follow","max-snippet":"max-snippet:-1","max-image-preview":"max-image-preview:large","max-video-preview":"max-video-preview:-1"},"canonical":"https:\/\/www.nettali.com\/2025\/07\/17\/effondrement-a-guediawaye-un-jeune-homme-tue-par-la-chute-dun-balcon\/","og_locale":"fr_FR","og_type":"article","og_title":"EFFONDREMENT \u00c0 GUEDIAWAYE - Un jeune homme tu\u00e9 par la chute d\u2019un balcon","og_description":"NETTALI.COM - Le drame n\u2019a pas fait grand bruit, \u00e9clips\u00e9 par les r\u00e9cents faits divers de Touba et de Ngor. Pourtant, \u00e0 L\u00e9ona Thiaroye 1, quartier populaire de la commune de Wakhinane Nimzatt (Gu\u00e9diawaye), la mort a encore frapp\u00e9, dans l\u2019indiff\u00e9rence quasi g\u00e9n\u00e9rale. Un balcon s\u2019est effondr\u00e9, causant la mort d\u2019un jeune homme \u00e0 Gu\u00e9diawaye. [&hellip;]","og_url":"https:\/\/www.nettali.com\/2025\/07\/17\/effondrement-a-guediawaye-un-jeune-homme-tue-par-la-chute-dun-balcon\/","og_site_name":"Nettali.com","article_publisher":"https:\/\/www.facebook.com\/nettalicom","article_published_time":"2025-07-17T07:43:21+00:00","og_image":[{"width":820,"height":615,"url":"https:\/\/www.nettali.com\/wp-content\/uploads\/2025\/07\/effondrement-balcon.jpg","type":"image\/jpeg"}],"twitter_card":"summary_large_image","twitter_misc":{"\u00c9crit par":"Daouda","Dur\u00e9e de lecture estim\u00e9e":"2 minutes"},"schema":{"@context":"https:\/\/schema.org","@graph":[{"@type":"WebSite","@id":"https:\/\/www.nettali.com\/#website","url":"https:\/\/www.nettali.com\/","name":"Nettali.com","description":"Le rendez-vous critique du Net","potentialAction":[{"@type":"SearchAction","target":{"@type":"EntryPoint","urlTemplate":"https:\/\/www.nettali.com\/?s={search_term_string}"},"query-input":"required name=search_term_string"}],"inLanguage":"fr-FR"},{"@type":"ImageObject","@id":"https:\/\/www.nettali.com\/2025\/07\/17\/effondrement-a-guediawaye-un-jeune-homme-tue-par-la-chute-dun-balcon\/#primaryimage","inLanguage":"fr-FR","url":"https:\/\/www.nettali.com\/wp-content\/uploads\/2025\/07\/effondrement-balcon.jpg","contentUrl":"https:\/\/www.nettali.com\/wp-content\/uploads\/2025\/07\/effondrement-balcon.jpg","width":820,"height":615},{"@type":"WebPage","@id":"https:\/\/www.nettali.com\/2025\/07\/17\/effondrement-a-guediawaye-un-jeune-homme-tue-par-la-chute-dun-balcon\/#webpage","url":"https:\/\/www.nettali.com\/2025\/07\/17\/effondrement-a-guediawaye-un-jeune-homme-tue-par-la-chute-dun-balcon\/","name":"EFFONDREMENT \u00c0 GUEDIAWAYE - Un jeune homme tu\u00e9 par la chute d\u2019un balcon | Nettali.com","isPartOf":{"@id":"https:\/\/www.nettali.com\/#website"},"primaryImageOfPage":{"@id":"https:\/\/www.nettali.com\/2025\/07\/17\/effondrement-a-guediawaye-un-jeune-homme-tue-par-la-chute-dun-balcon\/#primaryimage"},"datePublished":"2025-07-17T07:43:21+00:00","dateModified":"2025-07-17T07:43:21+00:00","author":{"@id":"https:\/\/www.nettali.com\/#\/schema\/person\/3317e0bb3aa1da309fbf7b2780901bf4"},"breadcrumb":{"@id":"https:\/\/www.nettali.com\/2025\/07\/17\/effondrement-a-guediawaye-un-jeune-homme-tue-par-la-chute-dun-balcon\/#breadcrumb"},"inLanguage":"fr-FR","potentialAction":[{"@type":"ReadAction","target":["https:\/\/www.nettali.com\/2025\/07\/17\/effondrement-a-guediawaye-un-jeune-homme-tue-par-la-chute-dun-balcon\/"]}]},{"@type":"BreadcrumbList","@id":"https:\/\/www.nettali.com\/2025\/07\/17\/effondrement-a-guediawaye-un-jeune-homme-tue-par-la-chute-dun-balcon\/#breadcrumb","itemListElement":[{"@type":"ListItem","position":1,"name":"Accueil","item":"https:\/\/www.nettali.com\/"},{"@type":"ListItem","position":2,"name":"EFFONDREMENT \u00c0 GUEDIAWAYE - Un jeune homme tu\u00e9 par la chute d\u2019un balcon"}]},{"@type":"Person","@id":"https:\/\/www.nettali.com\/#\/schema\/person\/3317e0bb3aa1da309fbf7b2780901bf4","name":"Daouda","image":{"@type":"ImageObject","@id":"https:\/\/www.nettali.com\/#personlogo","inLanguage":"fr-FR","url":"https:\/\/secure.gravatar.com\/avatar\/8d143b5a49345098ddcfee1c49c2f47c?s=96&d=mm&r=g","contentUrl":"https:\/\/secure.gravatar.com\/avatar\/8d143b5a49345098ddcfee1c49c2f47c?s=96&d=mm&r=g","caption":"Daouda"},"sameAs":["https:\/\/www.nettali.com"]}]}},"_links":{"self":[{"href":"https:\/\/www.nettali.com\/rest\/wp\/v2\/posts\/157768"}],"collection":[{"href":"https:\/\/www.nettali.com\/rest\/wp\/v2\/posts"}],"about":[{"href":"https:\/\/www.nettali.com\/rest\/wp\/v2\/types\/post"}],"author":[{"embeddable":true,"href":"https:\/\/www.nettali.com\/rest\/wp\/v2\/users\/4"}],"replies":[{"embeddable":true,"href":"https:\/\/www.nettali.com\/rest\/wp\/v2\/comments?post=157768"}],"version-history":[{"count":1,"href":"https:\/\/www.nettali.com\/rest\/wp\/v2\/posts\/157768\/revisions"}],"predecessor-version":[{"id":157770,"href":"https:\/\/www.nettali.com\/rest\/wp\/v2\/posts\/157768\/revisions\/157770"}],"wp:featuredmedia":[{"embeddable":true,"href":"https:\/\/www.nettali.com\/rest\/wp\/v2\/media\/157769"}],"wp:attachment":[{"href":"https:\/\/www.nettali.com\/rest\/wp\/v2\/media?parent=157768"}],"wp:term":[{"taxonomy":"category","embeddable":true,"href":"https:\/\/www.nettali.com\/rest\/wp\/v2\/categories?post=157768"},{"taxonomy":"post_tag","embeddable":true,"href":"https:\/\/www.nettali.com\/rest\/wp\/v2\/tags?post=157768"}],"curies":[{"name":"wp","href":"https:\/\/api.w.org\/{rel}","templated":true}]}}