{"id":157762,"date":"2025-07-17T11:59:15","date_gmt":"2025-07-17T11:59:15","guid":{"rendered":"https:\/\/www.nettali.com\/?p=157762"},"modified":"2025-07-17T07:03:35","modified_gmt":"2025-07-17T07:03:35","slug":"sante-publique-le-senegal-elimine-officiellement-le-trachome-selon-loms","status":"publish","type":"post","link":"https:\/\/www.nettali.com\/2025\/07\/17\/sante-publique-le-senegal-elimine-officiellement-le-trachome-selon-loms\/","title":{"rendered":"SANT\u00c9 PUBLIQUE -\u00a0 Le S\u00e9n\u00e9gal \u00e9limine officiellement le trachome, selon l\u2019OMS"},"content":{"rendered":"<p data-start=\"218\" data-end=\"566\"><strong>NETTALI.COM - C\u2019est une victoire historique pour la sant\u00e9 publique au S\u00e9n\u00e9gal. L\u2019Organisation mondiale de la sant\u00e9 (OMS) a officiellement valid\u00e9 l\u2019\u00e9limination du trachome en tant que probl\u00e8me de sant\u00e9 publique dans le pays. Une annonce salu\u00e9e par la communaut\u00e9 internationale et les acteurs nationaux, t\u00e9moignant de d\u00e9cennies d\u2019engagement multisectoriel.<\/strong><\/p>\n<blockquote data-start=\"568\" data-end=\"868\">\n<p data-start=\"570\" data-end=\"868\"><em>\u00ab Je f\u00e9licite le S\u00e9n\u00e9gal d\u2019avoir lib\u00e9r\u00e9 sa population de cette maladie \u00bb<\/em>, a d\u00e9clar\u00e9 Dr Tedros Adhanom Ghebreyesus, Directeur g\u00e9n\u00e9ral de l\u2019OMS. <em>\u00ab Cette \u00e9tape importante montre les avanc\u00e9es notables dans la lutte contre les maladies tropicales n\u00e9glig\u00e9es, et donne espoir aux pays toujours affect\u00e9s. \u00bb<\/em><\/p>\n<\/blockquote>\n<p data-start=\"870\" data-end=\"1007\">Avec cette reconnaissance, le S\u00e9n\u00e9gal devient le 25e pays dans le monde, et le 9e en Afrique, \u00e0 franchir ce cap sanitaire majeur.<\/p>\n<p data-start=\"1050\" data-end=\"1434\">Le trachome est une infection oculaire chronique caus\u00e9e par la bact\u00e9rie <em data-start=\"1126\" data-end=\"1149\">Chlamydia trachomatis<\/em>. Non trait\u00e9e, elle peut \u00e9voluer vers le trichiasis \u2013 une complication entra\u00eenant une c\u00e9cit\u00e9 irr\u00e9versible. Transmise par contact direct ou indirect (mouches, objets contamin\u00e9s, s\u00e9cr\u00e9tions), la maladie prosp\u00e8re dans des conditions pr\u00e9caires d\u2019hygi\u00e8ne et de faible acc\u00e8s \u00e0 l\u2019eau potable.<\/p>\n<p data-start=\"1436\" data-end=\"1828\">Pr\u00e9sent au S\u00e9n\u00e9gal depuis le d\u00e9but du XXe si\u00e8cle, le trachome figurait parmi les premi\u00e8res causes de c\u00e9cit\u00e9 dans certaines r\u00e9gions rurales. En 1998, le S\u00e9n\u00e9gal rejoint l\u2019Alliance mondiale pour l\u2019\u00e9limination du trachome de l\u2019OMS. La premi\u00e8re enqu\u00eate nationale a \u00e9t\u00e9 conduite en 2000, et la cartographie compl\u00e8te du territoire achev\u00e9e en 2022, avec l\u2019appui du <em data-start=\"1794\" data-end=\"1827\">Global Trachoma Mapping Project<\/em>.<\/p>\n<p data-start=\"1885\" data-end=\"2009\">L\u2019\u00e9limination du trachome s\u2019est appuy\u00e9e sur la strat\u00e9gie CHANCE, recommand\u00e9e par l\u2019OMS. Elle repose sur quatre piliers :<\/p>\n<ul data-start=\"2010\" data-end=\"2260\">\n<li data-start=\"2010\" data-end=\"2055\">\n<p data-start=\"2012\" data-end=\"2055\">Chirurgie pour corriger le trichiasis ;<\/p>\n<\/li>\n<li data-start=\"2056\" data-end=\"2102\">\n<p data-start=\"2058\" data-end=\"2102\">Antibiotiques pour traiter l\u2019infection ;<\/p>\n<\/li>\n<li data-start=\"2103\" data-end=\"2159\">\n<p data-start=\"2105\" data-end=\"2159\">Nettoyage du visage pour r\u00e9duire la transmission ;<\/p>\n<\/li>\n<li data-start=\"2160\" data-end=\"2260\">\n<p data-start=\"2162\" data-end=\"2260\">Am\u00e9lioration de l\u2019environnement, en particulier l\u2019acc\u00e8s \u00e0 l\u2019eau potable et \u00e0 l\u2019assainissement.<\/p>\n<\/li>\n<\/ul>\n<p data-start=\"2262\" data-end=\"2677\">Le gouvernement s\u00e9n\u00e9galais, \u00e0 travers les programmes nationaux de sant\u00e9 oculaire, a int\u00e9gr\u00e9 cette strat\u00e9gie dans ses politiques publiques. Au total, 2,8 millions de personnes dans 24 districts ont b\u00e9n\u00e9fici\u00e9 d\u2019interventions chirurgicales, de traitements de masse \u00e0 base d\u2019azithromycine (fournie par Pfizer via l\u2019Initiative internationale contre le trachome), ainsi que de vastes campagnes de sensibilisation.<\/p>\n<h3 data-start=\"2684\" data-end=\"2726\">Des indicateurs cl\u00e9s valid\u00e9s par l\u2019OMS<\/h3>\n<p data-start=\"2728\" data-end=\"2820\">L\u2019\u00e9limination du trachome comme probl\u00e8me de sant\u00e9 publique repose sur des crit\u00e8res stricts :<\/p>\n<ul data-start=\"2821\" data-end=\"3144\">\n<li data-start=\"2821\" data-end=\"2913\">\n<p data-start=\"2823\" data-end=\"2913\">Une pr\u00e9valence du trichiasis inf\u00e9rieure \u00e0 0,2 % chez les personnes de plus de 15 ans ;<\/p>\n<\/li>\n<li data-start=\"2914\" data-end=\"3094\">\n<p data-start=\"2916\" data-end=\"3094\">Une pr\u00e9valence de l\u2019inflammation trachomateuse folliculaire (TF) inf\u00e9rieure \u00e0 5 % chez les enfants de 1 \u00e0 9 ans, pendant au moins deux ans, sans nouveau traitement de masse ;<\/p>\n<\/li>\n<li data-start=\"3095\" data-end=\"3144\">\n<p data-start=\"3097\" data-end=\"3144\">Un syst\u00e8me de surveillance durable et efficace.<\/p>\n<\/li>\n<\/ul>\n<p data-start=\"3146\" data-end=\"3210\">Tous ces crit\u00e8res ont \u00e9t\u00e9 remplis, validant ainsi l\u2019\u00e9limination.<\/p>\n<p data-start=\"3260\" data-end=\"3648\">Ce succ\u00e8s est le fruit d\u2019une synergie entre acteurs de la sant\u00e9, de l\u2019hydraulique, de l\u2019assainissement, de l\u2019\u00e9ducation et de la soci\u00e9t\u00e9 civile. Le minist\u00e8re de la Sant\u00e9 et de l\u2019Action sociale a salu\u00e9 le travail des agents sur le terrain ainsi que le soutien de nombreux partenaires techniques et financiers, parmi lesquels Sightsavers, Speak Up Africa, FHI 360, RTI, l\u2019USAID et l\u2019OMS.<\/p>\n<blockquote data-start=\"3650\" data-end=\"3887\">\n<p data-start=\"3652\" data-end=\"3887\"><em>\u00ab Cette avanc\u00e9e sanitaire d\u00e9montre que l\u2019\u00e9limination des maladies tropicales n\u00e9glig\u00e9es est possible avec une volont\u00e9 politique forte, l\u2019implication des communaut\u00e9s et un appui technique structur\u00e9 \u00bb<\/em>, souligne un communiqu\u00e9 du minist\u00e8re.<\/p>\n<\/blockquote>\n<p data-start=\"3942\" data-end=\"4312\">Apr\u00e8s avoir \u00e9limin\u00e9 la dracunculose (ver de Guin\u00e9e) en 2004, cette victoire sur le trachome constitue un pas de plus vers l\u2019objectif d\u2019un S\u00e9n\u00e9gal lib\u00e9r\u00e9 des maladies tropicales n\u00e9glig\u00e9es. Des progr\u00e8s notables sont \u00e9galement enregistr\u00e9s dans la lutte contre la trypanosomiase humaine africaine (maladie du sommeil) et l\u2019onchocercose (c\u00e9cit\u00e9 des rivi\u00e8res).<\/p>\n<p data-start=\"4345\" data-end=\"4621\">Les autorit\u00e9s sanitaires insistent sur la n\u00e9cessit\u00e9 de p\u00e9renniser les r\u00e9sultats en poursuivant les efforts dans les domaines cl\u00e9s : r\u00e9duction de la pauvret\u00e9, am\u00e9lioration de l\u2019acc\u00e8s \u00e0 l\u2019eau, promotion de l\u2019hygi\u00e8ne et surveillance \u00e9pid\u00e9miologique renforc\u00e9e.<\/p>\n<p data-start=\"4643\" data-end=\"4970\">La reconnaissance officielle par l\u2019OMS de l\u2019\u00e9limination du trachome au S\u00e9n\u00e9gal est une victoire collective et un signal fort pour la sant\u00e9 publique en Afrique. Elle prouve qu\u2019avec de la d\u00e9termination, des ressources et une vision claire, il est possible de venir \u00e0 bout de fl\u00e9aux longtemps consid\u00e9r\u00e9s comme in\u00e9vitables.<\/p>\n<div class='share-to-whatsapp-wrapper'><div class='share-on-whsp'>PARTAGER SUR : <\/div><a data-text='SANT\u00c9 PUBLIQUE -\u00a0 Le S\u00e9n\u00e9gal \u00e9limine officiellement le trachome, selon l\u2019OMS' data-link='https:\/\/www.nettali.com\/2025\/07\/17\/sante-publique-le-senegal-elimine-officiellement-le-trachome-selon-loms\/' class='whatsapp-button whatsapp-share'>WhatsApp<\/a><div class='clear '><\/div><\/div>","protected":false},"excerpt":{"rendered":"<p>NETTALI.COM - C\u2019est une victoire historique pour la sant\u00e9 publique au S\u00e9n\u00e9gal. L\u2019Organisation mondiale de la sant\u00e9 (OMS) a officiellement valid\u00e9 l\u2019\u00e9limination du trachome en tant que probl\u00e8me de sant\u00e9 publique dans le pays. Une annonce salu\u00e9e par la communaut\u00e9 internationale et les acteurs nationaux, t\u00e9moignant de d\u00e9cennies d\u2019engagement multisectoriel. \u00ab Je f\u00e9licite le S\u00e9n\u00e9gal [&hellip;]<\/p>\n","protected":false},"author":4,"featured_media":157763,"comment_status":"open","ping_status":"open","sticky":false,"template":"","format":"standard","meta":{"_et_pb_use_builder":"","_et_pb_old_content":""},"categories":[3],"tags":[],"yoast_head":"<!-- This site is optimized with the Yoast SEO Premium plugin v17.8 (Yoast SEO v17.8) - https:\/\/yoast.com\/wordpress\/plugins\/seo\/ -->\n<title>SANT\u00c9 PUBLIQUE -\u00a0 Le S\u00e9n\u00e9gal \u00e9limine officiellement le trachome, selon l\u2019OMS | Nettali.com<\/title>\n<meta name=\"robots\" content=\"index, follow, max-snippet:-1, max-image-preview:large, max-video-preview:-1\" \/>\n<link rel=\"canonical\" href=\"https:\/\/www.nettali.com\/2025\/07\/17\/sante-publique-le-senegal-elimine-officiellement-le-trachome-selon-loms\/\" \/>\n<meta property=\"og:locale\" content=\"fr_FR\" \/>\n<meta property=\"og:type\" content=\"article\" \/>\n<meta property=\"og:title\" content=\"SANT\u00c9 PUBLIQUE -\u00a0 Le S\u00e9n\u00e9gal \u00e9limine officiellement le trachome, selon l\u2019OMS\" \/>\n<meta property=\"og:description\" content=\"NETTALI.COM - C\u2019est une victoire historique pour la sant\u00e9 publique au S\u00e9n\u00e9gal. L\u2019Organisation mondiale de la sant\u00e9 (OMS) a officiellement valid\u00e9 l\u2019\u00e9limination du trachome en tant que probl\u00e8me de sant\u00e9 publique dans le pays. Une annonce salu\u00e9e par la communaut\u00e9 internationale et les acteurs nationaux, t\u00e9moignant de d\u00e9cennies d\u2019engagement multisectoriel. \u00ab Je f\u00e9licite le S\u00e9n\u00e9gal [&hellip;]\" \/>\n<meta property=\"og:url\" content=\"https:\/\/www.nettali.com\/2025\/07\/17\/sante-publique-le-senegal-elimine-officiellement-le-trachome-selon-loms\/\" \/>\n<meta property=\"og:site_name\" content=\"Nettali.com\" \/>\n<meta property=\"article:publisher\" content=\"https:\/\/www.facebook.com\/nettalicom\" \/>\n<meta property=\"article:published_time\" content=\"2025-07-17T11:59:15+00:00\" \/>\n<meta property=\"article:modified_time\" content=\"2025-07-17T07:03:35+00:00\" \/>\n<meta property=\"og:image\" content=\"https:\/\/www.nettali.com\/wp-content\/uploads\/2025\/07\/trachome.jpg\" \/>\n\t<meta property=\"og:image:width\" content=\"819\" \/>\n\t<meta property=\"og:image:height\" content=\"466\" \/>\n<meta name=\"twitter:card\" content=\"summary_large_image\" \/>\n<meta name=\"twitter:label1\" content=\"\u00c9crit par\" \/>\n\t<meta name=\"twitter:data1\" content=\"Daouda\" \/>\n\t<meta name=\"twitter:label2\" content=\"Dur\u00e9e de lecture estim\u00e9e\" \/>\n\t<meta name=\"twitter:data2\" content=\"4 minutes\" \/>\n<script type=\"application\/ld+json\" class=\"yoast-schema-graph\">{\"@context\":\"https:\/\/schema.org\",\"@graph\":[{\"@type\":\"WebSite\",\"@id\":\"https:\/\/www.nettali.com\/#website\",\"url\":\"https:\/\/www.nettali.com\/\",\"name\":\"Nettali.com\",\"description\":\"Le rendez-vous critique du Net\",\"potentialAction\":[{\"@type\":\"SearchAction\",\"target\":{\"@type\":\"EntryPoint\",\"urlTemplate\":\"https:\/\/www.nettali.com\/?s={search_term_string}\"},\"query-input\":\"required name=search_term_string\"}],\"inLanguage\":\"fr-FR\"},{\"@type\":\"ImageObject\",\"@id\":\"https:\/\/www.nettali.com\/2025\/07\/17\/sante-publique-le-senegal-elimine-officiellement-le-trachome-selon-loms\/#primaryimage\",\"inLanguage\":\"fr-FR\",\"url\":\"https:\/\/www.nettali.com\/wp-content\/uploads\/2025\/07\/trachome.jpg\",\"contentUrl\":\"https:\/\/www.nettali.com\/wp-content\/uploads\/2025\/07\/trachome.jpg\",\"width\":819,\"height\":466},{\"@type\":\"WebPage\",\"@id\":\"https:\/\/www.nettali.com\/2025\/07\/17\/sante-publique-le-senegal-elimine-officiellement-le-trachome-selon-loms\/#webpage\",\"url\":\"https:\/\/www.nettali.com\/2025\/07\/17\/sante-publique-le-senegal-elimine-officiellement-le-trachome-selon-loms\/\",\"name\":\"SANT\\u00c9 PUBLIQUE -\\u00a0 Le S\\u00e9n\\u00e9gal \\u00e9limine officiellement le trachome, selon l\\u2019OMS | Nettali.com\",\"isPartOf\":{\"@id\":\"https:\/\/www.nettali.com\/#website\"},\"primaryImageOfPage\":{\"@id\":\"https:\/\/www.nettali.com\/2025\/07\/17\/sante-publique-le-senegal-elimine-officiellement-le-trachome-selon-loms\/#primaryimage\"},\"datePublished\":\"2025-07-17T11:59:15+00:00\",\"dateModified\":\"2025-07-17T07:03:35+00:00\",\"author\":{\"@id\":\"https:\/\/www.nettali.com\/#\/schema\/person\/3317e0bb3aa1da309fbf7b2780901bf4\"},\"breadcrumb\":{\"@id\":\"https:\/\/www.nettali.com\/2025\/07\/17\/sante-publique-le-senegal-elimine-officiellement-le-trachome-selon-loms\/#breadcrumb\"},\"inLanguage\":\"fr-FR\",\"potentialAction\":[{\"@type\":\"ReadAction\",\"target\":[\"https:\/\/www.nettali.com\/2025\/07\/17\/sante-publique-le-senegal-elimine-officiellement-le-trachome-selon-loms\/\"]}]},{\"@type\":\"BreadcrumbList\",\"@id\":\"https:\/\/www.nettali.com\/2025\/07\/17\/sante-publique-le-senegal-elimine-officiellement-le-trachome-selon-loms\/#breadcrumb\",\"itemListElement\":[{\"@type\":\"ListItem\",\"position\":1,\"name\":\"Accueil\",\"item\":\"https:\/\/www.nettali.com\/\"},{\"@type\":\"ListItem\",\"position\":2,\"name\":\"SANT\\u00c9 PUBLIQUE -\\u00a0 Le S\\u00e9n\\u00e9gal \\u00e9limine officiellement le trachome, selon l\\u2019OMS\"}]},{\"@type\":\"Person\",\"@id\":\"https:\/\/www.nettali.com\/#\/schema\/person\/3317e0bb3aa1da309fbf7b2780901bf4\",\"name\":\"Daouda\",\"image\":{\"@type\":\"ImageObject\",\"@id\":\"https:\/\/www.nettali.com\/#personlogo\",\"inLanguage\":\"fr-FR\",\"url\":\"https:\/\/secure.gravatar.com\/avatar\/8d143b5a49345098ddcfee1c49c2f47c?s=96&d=mm&r=g\",\"contentUrl\":\"https:\/\/secure.gravatar.com\/avatar\/8d143b5a49345098ddcfee1c49c2f47c?s=96&d=mm&r=g\",\"caption\":\"Daouda\"},\"sameAs\":[\"https:\/\/www.nettali.com\"]}]}<\/script>\n<!-- \/ Yoast SEO Premium plugin. -->","yoast_head_json":{"title":"SANT\u00c9 PUBLIQUE -\u00a0 Le S\u00e9n\u00e9gal \u00e9limine officiellement le trachome, selon l\u2019OMS | Nettali.com","robots":{"index":"index","follow":"follow","max-snippet":"max-snippet:-1","max-image-preview":"max-image-preview:large","max-video-preview":"max-video-preview:-1"},"canonical":"https:\/\/www.nettali.com\/2025\/07\/17\/sante-publique-le-senegal-elimine-officiellement-le-trachome-selon-loms\/","og_locale":"fr_FR","og_type":"article","og_title":"SANT\u00c9 PUBLIQUE -\u00a0 Le S\u00e9n\u00e9gal \u00e9limine officiellement le trachome, selon l\u2019OMS","og_description":"NETTALI.COM - C\u2019est une victoire historique pour la sant\u00e9 publique au S\u00e9n\u00e9gal. L\u2019Organisation mondiale de la sant\u00e9 (OMS) a officiellement valid\u00e9 l\u2019\u00e9limination du trachome en tant que probl\u00e8me de sant\u00e9 publique dans le pays. Une annonce salu\u00e9e par la communaut\u00e9 internationale et les acteurs nationaux, t\u00e9moignant de d\u00e9cennies d\u2019engagement multisectoriel. \u00ab Je f\u00e9licite le S\u00e9n\u00e9gal [&hellip;]","og_url":"https:\/\/www.nettali.com\/2025\/07\/17\/sante-publique-le-senegal-elimine-officiellement-le-trachome-selon-loms\/","og_site_name":"Nettali.com","article_publisher":"https:\/\/www.facebook.com\/nettalicom","article_published_time":"2025-07-17T11:59:15+00:00","article_modified_time":"2025-07-17T07:03:35+00:00","og_image":[{"width":819,"height":466,"url":"https:\/\/www.nettali.com\/wp-content\/uploads\/2025\/07\/trachome.jpg","type":"image\/jpeg"}],"twitter_card":"summary_large_image","twitter_misc":{"\u00c9crit par":"Daouda","Dur\u00e9e de lecture estim\u00e9e":"4 minutes"},"schema":{"@context":"https:\/\/schema.org","@graph":[{"@type":"WebSite","@id":"https:\/\/www.nettali.com\/#website","url":"https:\/\/www.nettali.com\/","name":"Nettali.com","description":"Le rendez-vous critique du Net","potentialAction":[{"@type":"SearchAction","target":{"@type":"EntryPoint","urlTemplate":"https:\/\/www.nettali.com\/?s={search_term_string}"},"query-input":"required name=search_term_string"}],"inLanguage":"fr-FR"},{"@type":"ImageObject","@id":"https:\/\/www.nettali.com\/2025\/07\/17\/sante-publique-le-senegal-elimine-officiellement-le-trachome-selon-loms\/#primaryimage","inLanguage":"fr-FR","url":"https:\/\/www.nettali.com\/wp-content\/uploads\/2025\/07\/trachome.jpg","contentUrl":"https:\/\/www.nettali.com\/wp-content\/uploads\/2025\/07\/trachome.jpg","width":819,"height":466},{"@type":"WebPage","@id":"https:\/\/www.nettali.com\/2025\/07\/17\/sante-publique-le-senegal-elimine-officiellement-le-trachome-selon-loms\/#webpage","url":"https:\/\/www.nettali.com\/2025\/07\/17\/sante-publique-le-senegal-elimine-officiellement-le-trachome-selon-loms\/","name":"SANT\u00c9 PUBLIQUE -\u00a0 Le S\u00e9n\u00e9gal \u00e9limine officiellement le trachome, selon l\u2019OMS | Nettali.com","isPartOf":{"@id":"https:\/\/www.nettali.com\/#website"},"primaryImageOfPage":{"@id":"https:\/\/www.nettali.com\/2025\/07\/17\/sante-publique-le-senegal-elimine-officiellement-le-trachome-selon-loms\/#primaryimage"},"datePublished":"2025-07-17T11:59:15+00:00","dateModified":"2025-07-17T07:03:35+00:00","author":{"@id":"https:\/\/www.nettali.com\/#\/schema\/person\/3317e0bb3aa1da309fbf7b2780901bf4"},"breadcrumb":{"@id":"https:\/\/www.nettali.com\/2025\/07\/17\/sante-publique-le-senegal-elimine-officiellement-le-trachome-selon-loms\/#breadcrumb"},"inLanguage":"fr-FR","potentialAction":[{"@type":"ReadAction","target":["https:\/\/www.nettali.com\/2025\/07\/17\/sante-publique-le-senegal-elimine-officiellement-le-trachome-selon-loms\/"]}]},{"@type":"BreadcrumbList","@id":"https:\/\/www.nettali.com\/2025\/07\/17\/sante-publique-le-senegal-elimine-officiellement-le-trachome-selon-loms\/#breadcrumb","itemListElement":[{"@type":"ListItem","position":1,"name":"Accueil","item":"https:\/\/www.nettali.com\/"},{"@type":"ListItem","position":2,"name":"SANT\u00c9 PUBLIQUE -\u00a0 Le S\u00e9n\u00e9gal \u00e9limine officiellement le trachome, selon l\u2019OMS"}]},{"@type":"Person","@id":"https:\/\/www.nettali.com\/#\/schema\/person\/3317e0bb3aa1da309fbf7b2780901bf4","name":"Daouda","image":{"@type":"ImageObject","@id":"https:\/\/www.nettali.com\/#personlogo","inLanguage":"fr-FR","url":"https:\/\/secure.gravatar.com\/avatar\/8d143b5a49345098ddcfee1c49c2f47c?s=96&d=mm&r=g","contentUrl":"https:\/\/secure.gravatar.com\/avatar\/8d143b5a49345098ddcfee1c49c2f47c?s=96&d=mm&r=g","caption":"Daouda"},"sameAs":["https:\/\/www.nettali.com"]}]}},"_links":{"self":[{"href":"https:\/\/www.nettali.com\/rest\/wp\/v2\/posts\/157762"}],"collection":[{"href":"https:\/\/www.nettali.com\/rest\/wp\/v2\/posts"}],"about":[{"href":"https:\/\/www.nettali.com\/rest\/wp\/v2\/types\/post"}],"author":[{"embeddable":true,"href":"https:\/\/www.nettali.com\/rest\/wp\/v2\/users\/4"}],"replies":[{"embeddable":true,"href":"https:\/\/www.nettali.com\/rest\/wp\/v2\/comments?post=157762"}],"version-history":[{"count":1,"href":"https:\/\/www.nettali.com\/rest\/wp\/v2\/posts\/157762\/revisions"}],"predecessor-version":[{"id":157764,"href":"https:\/\/www.nettali.com\/rest\/wp\/v2\/posts\/157762\/revisions\/157764"}],"wp:featuredmedia":[{"embeddable":true,"href":"https:\/\/www.nettali.com\/rest\/wp\/v2\/media\/157763"}],"wp:attachment":[{"href":"https:\/\/www.nettali.com\/rest\/wp\/v2\/media?parent=157762"}],"wp:term":[{"taxonomy":"category","embeddable":true,"href":"https:\/\/www.nettali.com\/rest\/wp\/v2\/categories?post=157762"},{"taxonomy":"post_tag","embeddable":true,"href":"https:\/\/www.nettali.com\/rest\/wp\/v2\/tags?post=157762"}],"curies":[{"name":"wp","href":"https:\/\/api.w.org\/{rel}","templated":true}]}}