{"id":157757,"date":"2025-07-17T13:48:40","date_gmt":"2025-07-17T13:48:40","guid":{"rendered":"https:\/\/www.nettali.com\/?p=157757"},"modified":"2025-07-17T07:46:07","modified_gmt":"2025-07-17T07:46:07","slug":"conseil-des-ministres-le-president-diomaye-faye-plaide-pour-la-culture-du-reboisement","status":"publish","type":"post","link":"https:\/\/www.nettali.com\/2025\/07\/17\/conseil-des-ministres-le-president-diomaye-faye-plaide-pour-la-culture-du-reboisement\/","title":{"rendered":"CONSEIL DES MINISTRES - Le Pr\u00e9sident Diomaye Faye plaide pour la culture du reboisement"},"content":{"rendered":"<p><strong>NETTALI.COM- En Conseil des ministres du 16 juillet 2025, le chef de l\u2019\u00c9tat Bassirou Diomaye Faye a ordonn\u00e9 une intensification du reboisement et une gestion durable des massifs forestiers. Il a \u00e9galement d\u00e9voil\u00e9 le th\u00e8me de la Journ\u00e9e nationale de l\u2019Arbre pr\u00e9vue le 3 ao\u00fbt : \u00ab Reboisement, Souverainet\u00e9 alimentaire et D\u00e9veloppement territorial durable \u00bb.<\/strong><\/p>\n<p>Le Pr\u00e9sident de la R\u00e9publique a fait de la restauration du couvert v\u00e9g\u00e9tal une priorit\u00e9 nationale. Face aux menaces croissantes sur les \u00e9cosyst\u00e8mes, il a appel\u00e9 \u00e0 une mobilisation collective pour pr\u00e9server les ressources foresti\u00e8res et promouvoir une culture durable de l\u2019arbre \u00e0 travers tout le territoire.<\/p>\n<p>Le chef de l\u2019\u00c9tat a rappel\u00e9 <em>\u00ab l\u2019imp\u00e9ratif d\u2019assurer sur l\u2019ensemble du territoire la protection et la pr\u00e9servation de nos massifs forestiers \u00bb<\/em>, soulignant l\u2019importance strat\u00e9gique des for\u00eats dans la lutte contre les d\u00e9r\u00e8glements climatiques, l\u2019\u00e9rosion des sols et l\u2019ins\u00e9curit\u00e9 alimentaire.<\/p>\n<p>Il a demand\u00e9 au ministre de l\u2019Environnement et de la Transition \u00e9cologique de <em>\u00ab poursuivre et intensifier les efforts de reboisement et de gestion durable \u00bb<\/em>, en coordination avec les acteurs institutionnels, les op\u00e9rateurs priv\u00e9s et les communaut\u00e9s locales. L\u2019accent a \u00e9t\u00e9 mis sur l\u2019am\u00e9nagement et le classement des for\u00eats, mais aussi sur la redynamisation des services des Eaux et For\u00eats, des parcs nationaux et de l\u2019Agence s\u00e9n\u00e9galaise de Reforestation et de la Grande Muraille verte.<\/p>\n<p>Dans cette dynamique, le pr\u00e9sident Faye a fix\u00e9 le dimanche 03 ao\u00fbt 2025 pour la c\u00e9l\u00e9bration de la Journ\u00e9e nationale de l\u2019Arbre, qui portera sur le th\u00e8me <em>\u00ab Reboisement, Souverainet\u00e9 alimentaire et D\u00e9veloppement territorial durable \u00bb<\/em>. Deux esp\u00e8ces symboliques ont \u00e9t\u00e9 choisies comme arbres parrains : le Manguier pour sa valeur nourrici\u00e8re, et le Baobab, embl\u00e8me du patrimoine naturel s\u00e9n\u00e9galais.<\/p>\n<p>Le chef de l\u2019\u00c9tat a instruit le Premier ministre et le ministre de l\u2019Environnement de veiller \u00e0 la bonne organisation de cette journ\u00e9e dans toutes les r\u00e9gions, en y associant fortement les collectivit\u00e9s territoriales, les populations \u00e0 la base et surtout les jeunes. Une mani\u00e8re d\u2019ancrer la conscience \u00e9cologique dans les territoires et les g\u00e9n\u00e9rations futures.<\/p>\n<div class='share-to-whatsapp-wrapper'><div class='share-on-whsp'>PARTAGER SUR : <\/div><a data-text='CONSEIL DES MINISTRES - Le Pr\u00e9sident Diomaye Faye plaide pour la culture du reboisement' data-link='https:\/\/www.nettali.com\/2025\/07\/17\/conseil-des-ministres-le-president-diomaye-faye-plaide-pour-la-culture-du-reboisement\/' class='whatsapp-button whatsapp-share'>WhatsApp<\/a><div class='clear '><\/div><\/div>","protected":false},"excerpt":{"rendered":"<p>NETTALI.COM- En Conseil des ministres du 16 juillet 2025, le chef de l\u2019\u00c9tat Bassirou Diomaye Faye a ordonn\u00e9 une intensification du reboisement et une gestion durable des massifs forestiers. Il a \u00e9galement d\u00e9voil\u00e9 le th\u00e8me de la Journ\u00e9e nationale de l\u2019Arbre pr\u00e9vue le 3 ao\u00fbt : \u00ab Reboisement, Souverainet\u00e9 alimentaire et D\u00e9veloppement territorial durable \u00bb. [&hellip;]<\/p>\n","protected":false},"author":4,"featured_media":157758,"comment_status":"open","ping_status":"open","sticky":false,"template":"","format":"standard","meta":{"_et_pb_use_builder":"","_et_pb_old_content":""},"categories":[3],"tags":[],"yoast_head":"<!-- This site is optimized with the Yoast SEO Premium plugin v17.8 (Yoast SEO v17.8) - https:\/\/yoast.com\/wordpress\/plugins\/seo\/ -->\n<title>CONSEIL DES MINISTRES - Le Pr\u00e9sident Diomaye Faye plaide pour la culture du reboisement | Nettali.com<\/title>\n<meta name=\"robots\" content=\"index, follow, max-snippet:-1, max-image-preview:large, max-video-preview:-1\" \/>\n<link rel=\"canonical\" href=\"https:\/\/www.nettali.com\/2025\/07\/17\/conseil-des-ministres-le-president-diomaye-faye-plaide-pour-la-culture-du-reboisement\/\" \/>\n<meta property=\"og:locale\" content=\"fr_FR\" \/>\n<meta property=\"og:type\" content=\"article\" \/>\n<meta property=\"og:title\" content=\"CONSEIL DES MINISTRES - Le Pr\u00e9sident Diomaye Faye plaide pour la culture du reboisement\" \/>\n<meta property=\"og:description\" content=\"NETTALI.COM- En Conseil des ministres du 16 juillet 2025, le chef de l\u2019\u00c9tat Bassirou Diomaye Faye a ordonn\u00e9 une intensification du reboisement et une gestion durable des massifs forestiers. Il a \u00e9galement d\u00e9voil\u00e9 le th\u00e8me de la Journ\u00e9e nationale de l\u2019Arbre pr\u00e9vue le 3 ao\u00fbt : \u00ab Reboisement, Souverainet\u00e9 alimentaire et D\u00e9veloppement territorial durable \u00bb. [&hellip;]\" \/>\n<meta property=\"og:url\" content=\"https:\/\/www.nettali.com\/2025\/07\/17\/conseil-des-ministres-le-president-diomaye-faye-plaide-pour-la-culture-du-reboisement\/\" \/>\n<meta property=\"og:site_name\" content=\"Nettali.com\" \/>\n<meta property=\"article:publisher\" content=\"https:\/\/www.facebook.com\/nettalicom\" \/>\n<meta property=\"article:published_time\" content=\"2025-07-17T13:48:40+00:00\" \/>\n<meta property=\"article:modified_time\" content=\"2025-07-17T07:46:07+00:00\" \/>\n<meta property=\"og:image\" content=\"https:\/\/www.nettali.com\/wp-content\/uploads\/2025\/07\/Diomaye-reboisement.jpeg\" \/>\n\t<meta property=\"og:image:width\" content=\"1024\" \/>\n\t<meta property=\"og:image:height\" content=\"576\" \/>\n<meta name=\"twitter:card\" content=\"summary_large_image\" \/>\n<meta name=\"twitter:label1\" content=\"\u00c9crit par\" \/>\n\t<meta name=\"twitter:data1\" content=\"Daouda\" \/>\n\t<meta name=\"twitter:label2\" content=\"Dur\u00e9e de lecture estim\u00e9e\" \/>\n\t<meta name=\"twitter:data2\" content=\"2 minutes\" \/>\n<script type=\"application\/ld+json\" class=\"yoast-schema-graph\">{\"@context\":\"https:\/\/schema.org\",\"@graph\":[{\"@type\":\"WebSite\",\"@id\":\"https:\/\/www.nettali.com\/#website\",\"url\":\"https:\/\/www.nettali.com\/\",\"name\":\"Nettali.com\",\"description\":\"Le rendez-vous critique du Net\",\"potentialAction\":[{\"@type\":\"SearchAction\",\"target\":{\"@type\":\"EntryPoint\",\"urlTemplate\":\"https:\/\/www.nettali.com\/?s={search_term_string}\"},\"query-input\":\"required name=search_term_string\"}],\"inLanguage\":\"fr-FR\"},{\"@type\":\"ImageObject\",\"@id\":\"https:\/\/www.nettali.com\/2025\/07\/17\/conseil-des-ministres-le-president-diomaye-faye-plaide-pour-la-culture-du-reboisement\/#primaryimage\",\"inLanguage\":\"fr-FR\",\"url\":\"https:\/\/www.nettali.com\/wp-content\/uploads\/2025\/07\/Diomaye-reboisement.jpeg\",\"contentUrl\":\"https:\/\/www.nettali.com\/wp-content\/uploads\/2025\/07\/Diomaye-reboisement.jpeg\",\"width\":1024,\"height\":576},{\"@type\":\"WebPage\",\"@id\":\"https:\/\/www.nettali.com\/2025\/07\/17\/conseil-des-ministres-le-president-diomaye-faye-plaide-pour-la-culture-du-reboisement\/#webpage\",\"url\":\"https:\/\/www.nettali.com\/2025\/07\/17\/conseil-des-ministres-le-president-diomaye-faye-plaide-pour-la-culture-du-reboisement\/\",\"name\":\"CONSEIL DES MINISTRES - Le Pr\\u00e9sident Diomaye Faye plaide pour la culture du reboisement | Nettali.com\",\"isPartOf\":{\"@id\":\"https:\/\/www.nettali.com\/#website\"},\"primaryImageOfPage\":{\"@id\":\"https:\/\/www.nettali.com\/2025\/07\/17\/conseil-des-ministres-le-president-diomaye-faye-plaide-pour-la-culture-du-reboisement\/#primaryimage\"},\"datePublished\":\"2025-07-17T13:48:40+00:00\",\"dateModified\":\"2025-07-17T07:46:07+00:00\",\"author\":{\"@id\":\"https:\/\/www.nettali.com\/#\/schema\/person\/3317e0bb3aa1da309fbf7b2780901bf4\"},\"breadcrumb\":{\"@id\":\"https:\/\/www.nettali.com\/2025\/07\/17\/conseil-des-ministres-le-president-diomaye-faye-plaide-pour-la-culture-du-reboisement\/#breadcrumb\"},\"inLanguage\":\"fr-FR\",\"potentialAction\":[{\"@type\":\"ReadAction\",\"target\":[\"https:\/\/www.nettali.com\/2025\/07\/17\/conseil-des-ministres-le-president-diomaye-faye-plaide-pour-la-culture-du-reboisement\/\"]}]},{\"@type\":\"BreadcrumbList\",\"@id\":\"https:\/\/www.nettali.com\/2025\/07\/17\/conseil-des-ministres-le-president-diomaye-faye-plaide-pour-la-culture-du-reboisement\/#breadcrumb\",\"itemListElement\":[{\"@type\":\"ListItem\",\"position\":1,\"name\":\"Accueil\",\"item\":\"https:\/\/www.nettali.com\/\"},{\"@type\":\"ListItem\",\"position\":2,\"name\":\"CONSEIL DES MINISTRES - Le Pr\\u00e9sident Diomaye Faye plaide pour la culture du reboisement\"}]},{\"@type\":\"Person\",\"@id\":\"https:\/\/www.nettali.com\/#\/schema\/person\/3317e0bb3aa1da309fbf7b2780901bf4\",\"name\":\"Daouda\",\"image\":{\"@type\":\"ImageObject\",\"@id\":\"https:\/\/www.nettali.com\/#personlogo\",\"inLanguage\":\"fr-FR\",\"url\":\"https:\/\/secure.gravatar.com\/avatar\/8d143b5a49345098ddcfee1c49c2f47c?s=96&d=mm&r=g\",\"contentUrl\":\"https:\/\/secure.gravatar.com\/avatar\/8d143b5a49345098ddcfee1c49c2f47c?s=96&d=mm&r=g\",\"caption\":\"Daouda\"},\"sameAs\":[\"https:\/\/www.nettali.com\"]}]}<\/script>\n<!-- \/ Yoast SEO Premium plugin. -->","yoast_head_json":{"title":"CONSEIL DES MINISTRES - Le Pr\u00e9sident Diomaye Faye plaide pour la culture du reboisement | Nettali.com","robots":{"index":"index","follow":"follow","max-snippet":"max-snippet:-1","max-image-preview":"max-image-preview:large","max-video-preview":"max-video-preview:-1"},"canonical":"https:\/\/www.nettali.com\/2025\/07\/17\/conseil-des-ministres-le-president-diomaye-faye-plaide-pour-la-culture-du-reboisement\/","og_locale":"fr_FR","og_type":"article","og_title":"CONSEIL DES MINISTRES - Le Pr\u00e9sident Diomaye Faye plaide pour la culture du reboisement","og_description":"NETTALI.COM- En Conseil des ministres du 16 juillet 2025, le chef de l\u2019\u00c9tat Bassirou Diomaye Faye a ordonn\u00e9 une intensification du reboisement et une gestion durable des massifs forestiers. Il a \u00e9galement d\u00e9voil\u00e9 le th\u00e8me de la Journ\u00e9e nationale de l\u2019Arbre pr\u00e9vue le 3 ao\u00fbt : \u00ab Reboisement, Souverainet\u00e9 alimentaire et D\u00e9veloppement territorial durable \u00bb. [&hellip;]","og_url":"https:\/\/www.nettali.com\/2025\/07\/17\/conseil-des-ministres-le-president-diomaye-faye-plaide-pour-la-culture-du-reboisement\/","og_site_name":"Nettali.com","article_publisher":"https:\/\/www.facebook.com\/nettalicom","article_published_time":"2025-07-17T13:48:40+00:00","article_modified_time":"2025-07-17T07:46:07+00:00","og_image":[{"width":1024,"height":576,"url":"https:\/\/www.nettali.com\/wp-content\/uploads\/2025\/07\/Diomaye-reboisement.jpeg","type":"image\/jpeg"}],"twitter_card":"summary_large_image","twitter_misc":{"\u00c9crit par":"Daouda","Dur\u00e9e de lecture estim\u00e9e":"2 minutes"},"schema":{"@context":"https:\/\/schema.org","@graph":[{"@type":"WebSite","@id":"https:\/\/www.nettali.com\/#website","url":"https:\/\/www.nettali.com\/","name":"Nettali.com","description":"Le rendez-vous critique du Net","potentialAction":[{"@type":"SearchAction","target":{"@type":"EntryPoint","urlTemplate":"https:\/\/www.nettali.com\/?s={search_term_string}"},"query-input":"required name=search_term_string"}],"inLanguage":"fr-FR"},{"@type":"ImageObject","@id":"https:\/\/www.nettali.com\/2025\/07\/17\/conseil-des-ministres-le-president-diomaye-faye-plaide-pour-la-culture-du-reboisement\/#primaryimage","inLanguage":"fr-FR","url":"https:\/\/www.nettali.com\/wp-content\/uploads\/2025\/07\/Diomaye-reboisement.jpeg","contentUrl":"https:\/\/www.nettali.com\/wp-content\/uploads\/2025\/07\/Diomaye-reboisement.jpeg","width":1024,"height":576},{"@type":"WebPage","@id":"https:\/\/www.nettali.com\/2025\/07\/17\/conseil-des-ministres-le-president-diomaye-faye-plaide-pour-la-culture-du-reboisement\/#webpage","url":"https:\/\/www.nettali.com\/2025\/07\/17\/conseil-des-ministres-le-president-diomaye-faye-plaide-pour-la-culture-du-reboisement\/","name":"CONSEIL DES MINISTRES - Le Pr\u00e9sident Diomaye Faye plaide pour la culture du reboisement | Nettali.com","isPartOf":{"@id":"https:\/\/www.nettali.com\/#website"},"primaryImageOfPage":{"@id":"https:\/\/www.nettali.com\/2025\/07\/17\/conseil-des-ministres-le-president-diomaye-faye-plaide-pour-la-culture-du-reboisement\/#primaryimage"},"datePublished":"2025-07-17T13:48:40+00:00","dateModified":"2025-07-17T07:46:07+00:00","author":{"@id":"https:\/\/www.nettali.com\/#\/schema\/person\/3317e0bb3aa1da309fbf7b2780901bf4"},"breadcrumb":{"@id":"https:\/\/www.nettali.com\/2025\/07\/17\/conseil-des-ministres-le-president-diomaye-faye-plaide-pour-la-culture-du-reboisement\/#breadcrumb"},"inLanguage":"fr-FR","potentialAction":[{"@type":"ReadAction","target":["https:\/\/www.nettali.com\/2025\/07\/17\/conseil-des-ministres-le-president-diomaye-faye-plaide-pour-la-culture-du-reboisement\/"]}]},{"@type":"BreadcrumbList","@id":"https:\/\/www.nettali.com\/2025\/07\/17\/conseil-des-ministres-le-president-diomaye-faye-plaide-pour-la-culture-du-reboisement\/#breadcrumb","itemListElement":[{"@type":"ListItem","position":1,"name":"Accueil","item":"https:\/\/www.nettali.com\/"},{"@type":"ListItem","position":2,"name":"CONSEIL DES MINISTRES - Le Pr\u00e9sident Diomaye Faye plaide pour la culture du reboisement"}]},{"@type":"Person","@id":"https:\/\/www.nettali.com\/#\/schema\/person\/3317e0bb3aa1da309fbf7b2780901bf4","name":"Daouda","image":{"@type":"ImageObject","@id":"https:\/\/www.nettali.com\/#personlogo","inLanguage":"fr-FR","url":"https:\/\/secure.gravatar.com\/avatar\/8d143b5a49345098ddcfee1c49c2f47c?s=96&d=mm&r=g","contentUrl":"https:\/\/secure.gravatar.com\/avatar\/8d143b5a49345098ddcfee1c49c2f47c?s=96&d=mm&r=g","caption":"Daouda"},"sameAs":["https:\/\/www.nettali.com"]}]}},"_links":{"self":[{"href":"https:\/\/www.nettali.com\/rest\/wp\/v2\/posts\/157757"}],"collection":[{"href":"https:\/\/www.nettali.com\/rest\/wp\/v2\/posts"}],"about":[{"href":"https:\/\/www.nettali.com\/rest\/wp\/v2\/types\/post"}],"author":[{"embeddable":true,"href":"https:\/\/www.nettali.com\/rest\/wp\/v2\/users\/4"}],"replies":[{"embeddable":true,"href":"https:\/\/www.nettali.com\/rest\/wp\/v2\/comments?post=157757"}],"version-history":[{"count":1,"href":"https:\/\/www.nettali.com\/rest\/wp\/v2\/posts\/157757\/revisions"}],"predecessor-version":[{"id":157759,"href":"https:\/\/www.nettali.com\/rest\/wp\/v2\/posts\/157757\/revisions\/157759"}],"wp:featuredmedia":[{"embeddable":true,"href":"https:\/\/www.nettali.com\/rest\/wp\/v2\/media\/157758"}],"wp:attachment":[{"href":"https:\/\/www.nettali.com\/rest\/wp\/v2\/media?parent=157757"}],"wp:term":[{"taxonomy":"category","embeddable":true,"href":"https:\/\/www.nettali.com\/rest\/wp\/v2\/categories?post=157757"},{"taxonomy":"post_tag","embeddable":true,"href":"https:\/\/www.nettali.com\/rest\/wp\/v2\/tags?post=157757"}],"curies":[{"name":"wp","href":"https:\/\/api.w.org\/{rel}","templated":true}]}}