{"id":157752,"date":"2025-07-17T06:55:46","date_gmt":"2025-07-17T06:55:46","guid":{"rendered":"https:\/\/www.nettali.com\/?p=157752"},"modified":"2025-07-17T06:55:46","modified_gmt":"2025-07-17T06:55:46","slug":"barca-yamal-ignore-les-critiques","status":"publish","type":"post","link":"https:\/\/www.nettali.com\/2025\/07\/17\/barca-yamal-ignore-les-critiques\/","title":{"rendered":"BAR\u00c7A - Yamal ignore les critiques"},"content":{"rendered":"<p><strong>NETTALI.COM - Et\u00e9 agit\u00e9 pour Lamine Yamal. Au terme d'une saison exceptionnelle, l'ailier du FC Barcelone s'est fait remarquer pour ses \u00e9carts extrasportifs durant la tr\u00eave estivale. Mais l'international espagnol a d\u00e9cid\u00e9 d'ignorer les remarques li\u00e9es \u00e0 sa vie priv\u00e9e.<\/strong><\/p>\n<p>\"<em>Les critiques et les compliments, si \u00e7a ne vient pas de ma famille, je n'y pr\u00eate pas attention. Je joue pour le Bar\u00e7a, et quand je suis loin de la Ciutat Esportiva, je profite de la vie, c'est tout<\/em>\", a-t-il balay\u00e9 en conf\u00e9rence de presse ce mercredi, dans le cadre de la formalisation de sa prolongation et de son changement de num\u00e9ro.<\/p>\n<p><strong>Yamal h\u00e9rite bien du num\u00e9ro 10<\/strong><\/p>\n<p>Dans le cadre de la soir\u00e9e consacr\u00e9e \u00e0 l'officialisation formelle de la prolongation de Lamine Yamal jusqu'en 2031, le FC Barcelone a confirm\u00e9 ce mercredi le changement de num\u00e9ro de son prodige. L'ailier, qui portait jusque-l\u00e0 le 19, r\u00e9cup\u00e8re, comme attendu, le num\u00e9ro 10, vacant depuis le d\u00e9part d'Ansu Fati \u00e0 l'AS Monaco.<br \/>\nUne pression suppl\u00e9mentaire pour l'int\u00e9ress\u00e9 ? Pas du tout.<\/p>\n<p>\"<em>Pour tous les jeunes de La Masia, atteindre l'\u00e9quipe premi\u00e8re est un r\u00eave, et je le r\u00e9alise. Mon objectif est toujours de gagner et de continuer \u00e0 progresser, m\u00eame si je suis encore tr\u00e8s jeune. (...) Nous allons passer une excellente ann\u00e9e et nous allons gagner, c'est s\u00fbr. (...) Je ne ressens aucune pression ; je suis dans le meilleur club du monde. Messi a fait son chemin, et maintenant je vais faire le mien, et le num\u00e9ro 10 vient d'Ansu (Fati). Je vais essayer de faire mon chemin<\/em>\", a promis l'international espagnol de 18 ans.<\/p>\n<div class='share-to-whatsapp-wrapper'><div class='share-on-whsp'>PARTAGER SUR : <\/div><a data-text='BAR\u00c7A - Yamal ignore les critiques' data-link='https:\/\/www.nettali.com\/2025\/07\/17\/barca-yamal-ignore-les-critiques\/' class='whatsapp-button whatsapp-share'>WhatsApp<\/a><div class='clear '><\/div><\/div>","protected":false},"excerpt":{"rendered":"<p>NETTALI.COM - Et\u00e9 agit\u00e9 pour Lamine Yamal. Au terme d'une saison exceptionnelle, l'ailier du FC Barcelone s'est fait remarquer pour ses \u00e9carts extrasportifs durant la tr\u00eave estivale. Mais l'international espagnol a d\u00e9cid\u00e9 d'ignorer les remarques li\u00e9es \u00e0 sa vie priv\u00e9e. \"Les critiques et les compliments, si \u00e7a ne vient pas de ma famille, je n'y [&hellip;]<\/p>\n","protected":false},"author":5,"featured_media":157754,"comment_status":"open","ping_status":"open","sticky":false,"template":"","format":"standard","meta":{"_et_pb_use_builder":"","_et_pb_old_content":""},"categories":[6],"tags":[],"yoast_head":"<!-- This site is optimized with the Yoast SEO Premium plugin v17.8 (Yoast SEO v17.8) - https:\/\/yoast.com\/wordpress\/plugins\/seo\/ -->\n<title>BAR\u00c7A - Yamal ignore les critiques | Nettali.com<\/title>\n<meta name=\"robots\" content=\"index, follow, max-snippet:-1, max-image-preview:large, max-video-preview:-1\" \/>\n<link rel=\"canonical\" href=\"https:\/\/www.nettali.com\/2025\/07\/17\/barca-yamal-ignore-les-critiques\/\" \/>\n<meta property=\"og:locale\" content=\"fr_FR\" \/>\n<meta property=\"og:type\" content=\"article\" \/>\n<meta property=\"og:title\" content=\"BAR\u00c7A - Yamal ignore les critiques\" \/>\n<meta property=\"og:description\" content=\"NETTALI.COM - Et\u00e9 agit\u00e9 pour Lamine Yamal. Au terme d&#039;une saison exceptionnelle, l&#039;ailier du FC Barcelone s&#039;est fait remarquer pour ses \u00e9carts extrasportifs durant la tr\u00eave estivale. Mais l&#039;international espagnol a d\u00e9cid\u00e9 d&#039;ignorer les remarques li\u00e9es \u00e0 sa vie priv\u00e9e. &quot;Les critiques et les compliments, si \u00e7a ne vient pas de ma famille, je n&#039;y [&hellip;]\" \/>\n<meta property=\"og:url\" content=\"https:\/\/www.nettali.com\/2025\/07\/17\/barca-yamal-ignore-les-critiques\/\" \/>\n<meta property=\"og:site_name\" content=\"Nettali.com\" \/>\n<meta property=\"article:publisher\" content=\"https:\/\/www.facebook.com\/nettalicom\" \/>\n<meta property=\"article:published_time\" content=\"2025-07-17T06:55:46+00:00\" \/>\n<meta property=\"og:image\" content=\"https:\/\/www.nettali.com\/wp-content\/uploads\/2025\/07\/6877f599a4883.image_.jpg\" \/>\n\t<meta property=\"og:image:width\" content=\"750\" \/>\n\t<meta property=\"og:image:height\" content=\"488\" \/>\n<meta name=\"twitter:card\" content=\"summary_large_image\" \/>\n<meta name=\"twitter:label1\" content=\"\u00c9crit par\" \/>\n\t<meta name=\"twitter:data1\" content=\"Ibrahima\" \/>\n\t<meta name=\"twitter:label2\" content=\"Dur\u00e9e de lecture estim\u00e9e\" \/>\n\t<meta name=\"twitter:data2\" content=\"2 minutes\" \/>\n<script type=\"application\/ld+json\" class=\"yoast-schema-graph\">{\"@context\":\"https:\/\/schema.org\",\"@graph\":[{\"@type\":\"WebSite\",\"@id\":\"https:\/\/www.nettali.com\/#website\",\"url\":\"https:\/\/www.nettali.com\/\",\"name\":\"Nettali.com\",\"description\":\"Le rendez-vous critique du Net\",\"potentialAction\":[{\"@type\":\"SearchAction\",\"target\":{\"@type\":\"EntryPoint\",\"urlTemplate\":\"https:\/\/www.nettali.com\/?s={search_term_string}\"},\"query-input\":\"required name=search_term_string\"}],\"inLanguage\":\"fr-FR\"},{\"@type\":\"ImageObject\",\"@id\":\"https:\/\/www.nettali.com\/2025\/07\/17\/barca-yamal-ignore-les-critiques\/#primaryimage\",\"inLanguage\":\"fr-FR\",\"url\":\"https:\/\/www.nettali.com\/wp-content\/uploads\/2025\/07\/6877f599a4883.image_.jpg\",\"contentUrl\":\"https:\/\/www.nettali.com\/wp-content\/uploads\/2025\/07\/6877f599a4883.image_.jpg\",\"width\":750,\"height\":488},{\"@type\":\"WebPage\",\"@id\":\"https:\/\/www.nettali.com\/2025\/07\/17\/barca-yamal-ignore-les-critiques\/#webpage\",\"url\":\"https:\/\/www.nettali.com\/2025\/07\/17\/barca-yamal-ignore-les-critiques\/\",\"name\":\"BAR\\u00c7A - Yamal ignore les critiques | Nettali.com\",\"isPartOf\":{\"@id\":\"https:\/\/www.nettali.com\/#website\"},\"primaryImageOfPage\":{\"@id\":\"https:\/\/www.nettali.com\/2025\/07\/17\/barca-yamal-ignore-les-critiques\/#primaryimage\"},\"datePublished\":\"2025-07-17T06:55:46+00:00\",\"dateModified\":\"2025-07-17T06:55:46+00:00\",\"author\":{\"@id\":\"https:\/\/www.nettali.com\/#\/schema\/person\/bb147657c2986240405a608162b9bb23\"},\"breadcrumb\":{\"@id\":\"https:\/\/www.nettali.com\/2025\/07\/17\/barca-yamal-ignore-les-critiques\/#breadcrumb\"},\"inLanguage\":\"fr-FR\",\"potentialAction\":[{\"@type\":\"ReadAction\",\"target\":[\"https:\/\/www.nettali.com\/2025\/07\/17\/barca-yamal-ignore-les-critiques\/\"]}]},{\"@type\":\"BreadcrumbList\",\"@id\":\"https:\/\/www.nettali.com\/2025\/07\/17\/barca-yamal-ignore-les-critiques\/#breadcrumb\",\"itemListElement\":[{\"@type\":\"ListItem\",\"position\":1,\"name\":\"Accueil\",\"item\":\"https:\/\/www.nettali.com\/\"},{\"@type\":\"ListItem\",\"position\":2,\"name\":\"BAR\\u00c7A - Yamal ignore les critiques\"}]},{\"@type\":\"Person\",\"@id\":\"https:\/\/www.nettali.com\/#\/schema\/person\/bb147657c2986240405a608162b9bb23\",\"name\":\"Ibrahima\",\"image\":{\"@type\":\"ImageObject\",\"@id\":\"https:\/\/www.nettali.com\/#personlogo\",\"inLanguage\":\"fr-FR\",\"url\":\"https:\/\/secure.gravatar.com\/avatar\/26a8a81f09f0dd7624c9d5c36c9ba3a2?s=96&d=mm&r=g\",\"contentUrl\":\"https:\/\/secure.gravatar.com\/avatar\/26a8a81f09f0dd7624c9d5c36c9ba3a2?s=96&d=mm&r=g\",\"caption\":\"Ibrahima\"},\"sameAs\":[\"https:\/\/www.nettali.com\"]}]}<\/script>\n<!-- \/ Yoast SEO Premium plugin. -->","yoast_head_json":{"title":"BAR\u00c7A - Yamal ignore les critiques | Nettali.com","robots":{"index":"index","follow":"follow","max-snippet":"max-snippet:-1","max-image-preview":"max-image-preview:large","max-video-preview":"max-video-preview:-1"},"canonical":"https:\/\/www.nettali.com\/2025\/07\/17\/barca-yamal-ignore-les-critiques\/","og_locale":"fr_FR","og_type":"article","og_title":"BAR\u00c7A - Yamal ignore les critiques","og_description":"NETTALI.COM - Et\u00e9 agit\u00e9 pour Lamine Yamal. Au terme d'une saison exceptionnelle, l'ailier du FC Barcelone s'est fait remarquer pour ses \u00e9carts extrasportifs durant la tr\u00eave estivale. Mais l'international espagnol a d\u00e9cid\u00e9 d'ignorer les remarques li\u00e9es \u00e0 sa vie priv\u00e9e. \"Les critiques et les compliments, si \u00e7a ne vient pas de ma famille, je n'y [&hellip;]","og_url":"https:\/\/www.nettali.com\/2025\/07\/17\/barca-yamal-ignore-les-critiques\/","og_site_name":"Nettali.com","article_publisher":"https:\/\/www.facebook.com\/nettalicom","article_published_time":"2025-07-17T06:55:46+00:00","og_image":[{"width":750,"height":488,"url":"https:\/\/www.nettali.com\/wp-content\/uploads\/2025\/07\/6877f599a4883.image_.jpg","type":"image\/jpeg"}],"twitter_card":"summary_large_image","twitter_misc":{"\u00c9crit par":"Ibrahima","Dur\u00e9e de lecture estim\u00e9e":"2 minutes"},"schema":{"@context":"https:\/\/schema.org","@graph":[{"@type":"WebSite","@id":"https:\/\/www.nettali.com\/#website","url":"https:\/\/www.nettali.com\/","name":"Nettali.com","description":"Le rendez-vous critique du Net","potentialAction":[{"@type":"SearchAction","target":{"@type":"EntryPoint","urlTemplate":"https:\/\/www.nettali.com\/?s={search_term_string}"},"query-input":"required name=search_term_string"}],"inLanguage":"fr-FR"},{"@type":"ImageObject","@id":"https:\/\/www.nettali.com\/2025\/07\/17\/barca-yamal-ignore-les-critiques\/#primaryimage","inLanguage":"fr-FR","url":"https:\/\/www.nettali.com\/wp-content\/uploads\/2025\/07\/6877f599a4883.image_.jpg","contentUrl":"https:\/\/www.nettali.com\/wp-content\/uploads\/2025\/07\/6877f599a4883.image_.jpg","width":750,"height":488},{"@type":"WebPage","@id":"https:\/\/www.nettali.com\/2025\/07\/17\/barca-yamal-ignore-les-critiques\/#webpage","url":"https:\/\/www.nettali.com\/2025\/07\/17\/barca-yamal-ignore-les-critiques\/","name":"BAR\u00c7A - Yamal ignore les critiques | Nettali.com","isPartOf":{"@id":"https:\/\/www.nettali.com\/#website"},"primaryImageOfPage":{"@id":"https:\/\/www.nettali.com\/2025\/07\/17\/barca-yamal-ignore-les-critiques\/#primaryimage"},"datePublished":"2025-07-17T06:55:46+00:00","dateModified":"2025-07-17T06:55:46+00:00","author":{"@id":"https:\/\/www.nettali.com\/#\/schema\/person\/bb147657c2986240405a608162b9bb23"},"breadcrumb":{"@id":"https:\/\/www.nettali.com\/2025\/07\/17\/barca-yamal-ignore-les-critiques\/#breadcrumb"},"inLanguage":"fr-FR","potentialAction":[{"@type":"ReadAction","target":["https:\/\/www.nettali.com\/2025\/07\/17\/barca-yamal-ignore-les-critiques\/"]}]},{"@type":"BreadcrumbList","@id":"https:\/\/www.nettali.com\/2025\/07\/17\/barca-yamal-ignore-les-critiques\/#breadcrumb","itemListElement":[{"@type":"ListItem","position":1,"name":"Accueil","item":"https:\/\/www.nettali.com\/"},{"@type":"ListItem","position":2,"name":"BAR\u00c7A - Yamal ignore les critiques"}]},{"@type":"Person","@id":"https:\/\/www.nettali.com\/#\/schema\/person\/bb147657c2986240405a608162b9bb23","name":"Ibrahima","image":{"@type":"ImageObject","@id":"https:\/\/www.nettali.com\/#personlogo","inLanguage":"fr-FR","url":"https:\/\/secure.gravatar.com\/avatar\/26a8a81f09f0dd7624c9d5c36c9ba3a2?s=96&d=mm&r=g","contentUrl":"https:\/\/secure.gravatar.com\/avatar\/26a8a81f09f0dd7624c9d5c36c9ba3a2?s=96&d=mm&r=g","caption":"Ibrahima"},"sameAs":["https:\/\/www.nettali.com"]}]}},"_links":{"self":[{"href":"https:\/\/www.nettali.com\/rest\/wp\/v2\/posts\/157752"}],"collection":[{"href":"https:\/\/www.nettali.com\/rest\/wp\/v2\/posts"}],"about":[{"href":"https:\/\/www.nettali.com\/rest\/wp\/v2\/types\/post"}],"author":[{"embeddable":true,"href":"https:\/\/www.nettali.com\/rest\/wp\/v2\/users\/5"}],"replies":[{"embeddable":true,"href":"https:\/\/www.nettali.com\/rest\/wp\/v2\/comments?post=157752"}],"version-history":[{"count":1,"href":"https:\/\/www.nettali.com\/rest\/wp\/v2\/posts\/157752\/revisions"}],"predecessor-version":[{"id":157755,"href":"https:\/\/www.nettali.com\/rest\/wp\/v2\/posts\/157752\/revisions\/157755"}],"wp:featuredmedia":[{"embeddable":true,"href":"https:\/\/www.nettali.com\/rest\/wp\/v2\/media\/157754"}],"wp:attachment":[{"href":"https:\/\/www.nettali.com\/rest\/wp\/v2\/media?parent=157752"}],"wp:term":[{"taxonomy":"category","embeddable":true,"href":"https:\/\/www.nettali.com\/rest\/wp\/v2\/categories?post=157752"},{"taxonomy":"post_tag","embeddable":true,"href":"https:\/\/www.nettali.com\/rest\/wp\/v2\/tags?post=157752"}],"curies":[{"name":"wp","href":"https:\/\/api.w.org\/{rel}","templated":true}]}}