{"id":157750,"date":"2025-07-17T06:44:09","date_gmt":"2025-07-17T06:44:09","guid":{"rendered":"https:\/\/www.nettali.com\/?p=157750"},"modified":"2025-07-19T08:05:41","modified_gmt":"2025-07-19T08:05:41","slug":"crise-au-sommet-de-letat-si-les-tensions-entre-diomaye-et-sonko-persistent","status":"publish","type":"post","link":"https:\/\/www.nettali.com\/2025\/07\/17\/crise-au-sommet-de-letat-si-les-tensions-entre-diomaye-et-sonko-persistent\/","title":{"rendered":"CRISE AU SOMMET DE L'ETAT - \u00ab Si les tensions entre Diomaye et Sonko persistent... \u00bb"},"content":{"rendered":"<p data-start=\"302\" data-end=\"630\"><strong data-start=\"302\" data-end=\"630\">NETTALI.COM - L\u2019\u00e9conomiste Moubarack L\u00f4, ancien conseiller sous le r\u00e9gime de Macky Sall, alerte sur les r\u00e9percussions \u00e9conomiques d\u2019une instabilit\u00e9 politique persistante au sommet de l\u2019\u00c9tat. Dans un entretien avec <em data-start=\"504\" data-end=\"519\">L\u2019Observateur<\/em>, il plaide pour un plan de redressement cr\u00e9dible, une gouvernance performante et un climat politique apais\u00e9.<\/strong><\/p>\n<p data-start=\"699\" data-end=\"938\">La note souveraine du S\u00e9n\u00e9gal a \u00e9t\u00e9 r\u00e9trograd\u00e9e pour la troisi\u00e8me fois en moins d\u2019un an par les agences internationales. Pour Moubarack L\u00f4, ce signal n\u00e9gatif traduit une crise de confiance \u00e0 l\u2019\u00e9gard de la trajectoire \u00e9conomique du pays : <em>\u00ab Il ne faut pas chercher \u00e0 op\u00e9rer des changements brusques. Il faut au contraire faire preuve de constance, rester concentr\u00e9 sur ses objectifs et garder le cap. \u00bb<\/em><\/p>\n<p data-start=\"1170\" data-end=\"1297\">L\u2019\u00e9conomiste est convaincu que le redressement est possible \u00e0 moyen terme, \u00e0 condition que des mesures fortes soient prises : <em>\u00ab Si le gouvernement annonce un plan de redressement et de relance, publie des comptes publics cr\u00e9dibles et valid\u00e9s par le FMI, et obtient un satisfecit officiel, alors la perception des agences de notation peut changer en six \u00e0 douze mois. \u00bb<\/em><\/p>\n<h3 data-start=\"1549\" data-end=\"1582\">\u00a0Gouverner, pas s\u2019affronter<\/h3>\n<p data-start=\"1584\" data-end=\"1710\">Mais l\u2019\u00e9conomie ne pourra se redresser sans stabilit\u00e9 politique. \u00c0 ce titre, Moubarack L\u00f4 adresse une mise en garde claire : <em>\u00ab Si les tensions perceptibles entre le Pr\u00e9sident et le Premier ministre devraient perdurer, cela serait fatal pour l\u2019\u00e9conomie du pays. \u00bb<\/em><\/p>\n<p data-start=\"1852\" data-end=\"2064\">Il appelle les deux hommes forts de l\u2019ex\u00e9cutif \u00e0 laisser de c\u00f4t\u00e9 la \u00ab politique politicienne \u00bb, les attaques contre les chroniqueurs ou les joutes st\u00e9riles avec l\u2019opposition, et \u00e0 se mettre r\u00e9solument au travail.<\/p>\n<p data-start=\"2109\" data-end=\"2183\">Dans une d\u00e9marche de d\u00e9crispation, il recommande des mesures concr\u00e8tes : <em>\u00ab Il faut lib\u00e9rer toutes les personnes d\u00e9tenues pour des d\u00e9lits d\u2019opinion, engager une paix des braves, restaurer un climat de respect mutuel, et accepter la critique comme moteur de performance. \u00bb<\/em><\/p>\n<p data-start=\"2419\" data-end=\"2526\">Enfin, Moubarack L\u00f4 conclut son propos par un appel solennel \u00e0 l\u2019engagement sinc\u00e8re pour le bien commun : <em>\u00ab Le d\u00e9veloppement, c\u2019est faire chaque jour un pas qu\u2019on n\u2019avait jamais fait. Ce n\u2019est pas rester sur place en s\u2019invectivant. [...] Les responsables politiques doivent sortir de leurs int\u00e9r\u00eats imm\u00e9diats pour devenir les moteurs de l\u2019\u00e9mergence du pays. \u00bb<\/em><\/p>\n<div class='share-to-whatsapp-wrapper'><div class='share-on-whsp'>PARTAGER SUR : <\/div><a data-text='CRISE AU SOMMET DE L'ETAT - \u00ab Si les tensions entre Diomaye et Sonko persistent... \u00bb' data-link='https:\/\/www.nettali.com\/2025\/07\/17\/crise-au-sommet-de-letat-si-les-tensions-entre-diomaye-et-sonko-persistent\/' class='whatsapp-button whatsapp-share'>WhatsApp<\/a><div class='clear '><\/div><\/div>","protected":false},"excerpt":{"rendered":"<p>NETTALI.COM - L\u2019\u00e9conomiste Moubarack L\u00f4, ancien conseiller sous le r\u00e9gime de Macky Sall, alerte sur les r\u00e9percussions \u00e9conomiques d\u2019une instabilit\u00e9 politique persistante au sommet de l\u2019\u00c9tat. Dans un entretien avec L\u2019Observateur, il plaide pour un plan de redressement cr\u00e9dible, une gouvernance performante et un climat politique apais\u00e9. La note souveraine du S\u00e9n\u00e9gal a \u00e9t\u00e9 r\u00e9trograd\u00e9e [&hellip;]<\/p>\n","protected":false},"author":4,"featured_media":157310,"comment_status":"open","ping_status":"open","sticky":false,"template":"","format":"standard","meta":{"_et_pb_use_builder":"","_et_pb_old_content":""},"categories":[2],"tags":[],"yoast_head":"<!-- This site is optimized with the Yoast SEO Premium plugin v17.8 (Yoast SEO v17.8) - https:\/\/yoast.com\/wordpress\/plugins\/seo\/ -->\n<title>CRISE AU SOMMET DE L&#039;ETAT - \u00ab Si les tensions entre Diomaye et Sonko persistent... \u00bb | Nettali.com<\/title>\n<meta name=\"robots\" content=\"index, follow, max-snippet:-1, max-image-preview:large, max-video-preview:-1\" \/>\n<link rel=\"canonical\" href=\"https:\/\/www.nettali.com\/2025\/07\/17\/crise-au-sommet-de-letat-si-les-tensions-entre-diomaye-et-sonko-persistent\/\" \/>\n<meta property=\"og:locale\" content=\"fr_FR\" \/>\n<meta property=\"og:type\" content=\"article\" \/>\n<meta property=\"og:title\" content=\"CRISE AU SOMMET DE L&#039;ETAT - \u00ab Si les tensions entre Diomaye et Sonko persistent... \u00bb\" \/>\n<meta property=\"og:description\" content=\"NETTALI.COM - L\u2019\u00e9conomiste Moubarack L\u00f4, ancien conseiller sous le r\u00e9gime de Macky Sall, alerte sur les r\u00e9percussions \u00e9conomiques d\u2019une instabilit\u00e9 politique persistante au sommet de l\u2019\u00c9tat. Dans un entretien avec L\u2019Observateur, il plaide pour un plan de redressement cr\u00e9dible, une gouvernance performante et un climat politique apais\u00e9. La note souveraine du S\u00e9n\u00e9gal a \u00e9t\u00e9 r\u00e9trograd\u00e9e [&hellip;]\" \/>\n<meta property=\"og:url\" content=\"https:\/\/www.nettali.com\/2025\/07\/17\/crise-au-sommet-de-letat-si-les-tensions-entre-diomaye-et-sonko-persistent\/\" \/>\n<meta property=\"og:site_name\" content=\"Nettali.com\" \/>\n<meta property=\"article:publisher\" content=\"https:\/\/www.facebook.com\/nettalicom\" \/>\n<meta property=\"article:published_time\" content=\"2025-07-17T06:44:09+00:00\" \/>\n<meta property=\"article:modified_time\" content=\"2025-07-19T08:05:41+00:00\" \/>\n<meta property=\"og:image\" content=\"https:\/\/www.nettali.com\/wp-content\/uploads\/2025\/07\/AP24083013725353.jpg\" \/>\n\t<meta property=\"og:image:width\" content=\"1200\" \/>\n\t<meta property=\"og:image:height\" content=\"800\" \/>\n<meta name=\"twitter:card\" content=\"summary_large_image\" \/>\n<meta name=\"twitter:label1\" content=\"\u00c9crit par\" \/>\n\t<meta name=\"twitter:data1\" content=\"Daouda\" \/>\n\t<meta name=\"twitter:label2\" content=\"Dur\u00e9e de lecture estim\u00e9e\" \/>\n\t<meta name=\"twitter:data2\" content=\"2 minutes\" \/>\n<script type=\"application\/ld+json\" class=\"yoast-schema-graph\">{\"@context\":\"https:\/\/schema.org\",\"@graph\":[{\"@type\":\"WebSite\",\"@id\":\"https:\/\/www.nettali.com\/#website\",\"url\":\"https:\/\/www.nettali.com\/\",\"name\":\"Nettali.com\",\"description\":\"Le rendez-vous critique du Net\",\"potentialAction\":[{\"@type\":\"SearchAction\",\"target\":{\"@type\":\"EntryPoint\",\"urlTemplate\":\"https:\/\/www.nettali.com\/?s={search_term_string}\"},\"query-input\":\"required name=search_term_string\"}],\"inLanguage\":\"fr-FR\"},{\"@type\":\"ImageObject\",\"@id\":\"https:\/\/www.nettali.com\/2025\/07\/17\/crise-au-sommet-de-letat-si-les-tensions-entre-diomaye-et-sonko-persistent\/#primaryimage\",\"inLanguage\":\"fr-FR\",\"url\":\"https:\/\/www.nettali.com\/wp-content\/uploads\/2025\/07\/AP24083013725353.jpg\",\"contentUrl\":\"https:\/\/www.nettali.com\/wp-content\/uploads\/2025\/07\/AP24083013725353.jpg\",\"width\":1200,\"height\":800},{\"@type\":\"WebPage\",\"@id\":\"https:\/\/www.nettali.com\/2025\/07\/17\/crise-au-sommet-de-letat-si-les-tensions-entre-diomaye-et-sonko-persistent\/#webpage\",\"url\":\"https:\/\/www.nettali.com\/2025\/07\/17\/crise-au-sommet-de-letat-si-les-tensions-entre-diomaye-et-sonko-persistent\/\",\"name\":\"CRISE AU SOMMET DE L'ETAT - \\u00ab Si les tensions entre Diomaye et Sonko persistent... \\u00bb | Nettali.com\",\"isPartOf\":{\"@id\":\"https:\/\/www.nettali.com\/#website\"},\"primaryImageOfPage\":{\"@id\":\"https:\/\/www.nettali.com\/2025\/07\/17\/crise-au-sommet-de-letat-si-les-tensions-entre-diomaye-et-sonko-persistent\/#primaryimage\"},\"datePublished\":\"2025-07-17T06:44:09+00:00\",\"dateModified\":\"2025-07-19T08:05:41+00:00\",\"author\":{\"@id\":\"https:\/\/www.nettali.com\/#\/schema\/person\/3317e0bb3aa1da309fbf7b2780901bf4\"},\"breadcrumb\":{\"@id\":\"https:\/\/www.nettali.com\/2025\/07\/17\/crise-au-sommet-de-letat-si-les-tensions-entre-diomaye-et-sonko-persistent\/#breadcrumb\"},\"inLanguage\":\"fr-FR\",\"potentialAction\":[{\"@type\":\"ReadAction\",\"target\":[\"https:\/\/www.nettali.com\/2025\/07\/17\/crise-au-sommet-de-letat-si-les-tensions-entre-diomaye-et-sonko-persistent\/\"]}]},{\"@type\":\"BreadcrumbList\",\"@id\":\"https:\/\/www.nettali.com\/2025\/07\/17\/crise-au-sommet-de-letat-si-les-tensions-entre-diomaye-et-sonko-persistent\/#breadcrumb\",\"itemListElement\":[{\"@type\":\"ListItem\",\"position\":1,\"name\":\"Accueil\",\"item\":\"https:\/\/www.nettali.com\/\"},{\"@type\":\"ListItem\",\"position\":2,\"name\":\"CRISE AU SOMMET DE L'ETAT - \\u00ab Si les tensions entre Diomaye et Sonko persistent... \\u00bb\"}]},{\"@type\":\"Person\",\"@id\":\"https:\/\/www.nettali.com\/#\/schema\/person\/3317e0bb3aa1da309fbf7b2780901bf4\",\"name\":\"Daouda\",\"image\":{\"@type\":\"ImageObject\",\"@id\":\"https:\/\/www.nettali.com\/#personlogo\",\"inLanguage\":\"fr-FR\",\"url\":\"https:\/\/secure.gravatar.com\/avatar\/8d143b5a49345098ddcfee1c49c2f47c?s=96&d=mm&r=g\",\"contentUrl\":\"https:\/\/secure.gravatar.com\/avatar\/8d143b5a49345098ddcfee1c49c2f47c?s=96&d=mm&r=g\",\"caption\":\"Daouda\"},\"sameAs\":[\"https:\/\/www.nettali.com\"]}]}<\/script>\n<!-- \/ Yoast SEO Premium plugin. -->","yoast_head_json":{"title":"CRISE AU SOMMET DE L'ETAT - \u00ab Si les tensions entre Diomaye et Sonko persistent... \u00bb | Nettali.com","robots":{"index":"index","follow":"follow","max-snippet":"max-snippet:-1","max-image-preview":"max-image-preview:large","max-video-preview":"max-video-preview:-1"},"canonical":"https:\/\/www.nettali.com\/2025\/07\/17\/crise-au-sommet-de-letat-si-les-tensions-entre-diomaye-et-sonko-persistent\/","og_locale":"fr_FR","og_type":"article","og_title":"CRISE AU SOMMET DE L'ETAT - \u00ab Si les tensions entre Diomaye et Sonko persistent... \u00bb","og_description":"NETTALI.COM - L\u2019\u00e9conomiste Moubarack L\u00f4, ancien conseiller sous le r\u00e9gime de Macky Sall, alerte sur les r\u00e9percussions \u00e9conomiques d\u2019une instabilit\u00e9 politique persistante au sommet de l\u2019\u00c9tat. Dans un entretien avec L\u2019Observateur, il plaide pour un plan de redressement cr\u00e9dible, une gouvernance performante et un climat politique apais\u00e9. La note souveraine du S\u00e9n\u00e9gal a \u00e9t\u00e9 r\u00e9trograd\u00e9e [&hellip;]","og_url":"https:\/\/www.nettali.com\/2025\/07\/17\/crise-au-sommet-de-letat-si-les-tensions-entre-diomaye-et-sonko-persistent\/","og_site_name":"Nettali.com","article_publisher":"https:\/\/www.facebook.com\/nettalicom","article_published_time":"2025-07-17T06:44:09+00:00","article_modified_time":"2025-07-19T08:05:41+00:00","og_image":[{"width":1200,"height":800,"url":"https:\/\/www.nettali.com\/wp-content\/uploads\/2025\/07\/AP24083013725353.jpg","type":"image\/jpeg"}],"twitter_card":"summary_large_image","twitter_misc":{"\u00c9crit par":"Daouda","Dur\u00e9e de lecture estim\u00e9e":"2 minutes"},"schema":{"@context":"https:\/\/schema.org","@graph":[{"@type":"WebSite","@id":"https:\/\/www.nettali.com\/#website","url":"https:\/\/www.nettali.com\/","name":"Nettali.com","description":"Le rendez-vous critique du Net","potentialAction":[{"@type":"SearchAction","target":{"@type":"EntryPoint","urlTemplate":"https:\/\/www.nettali.com\/?s={search_term_string}"},"query-input":"required name=search_term_string"}],"inLanguage":"fr-FR"},{"@type":"ImageObject","@id":"https:\/\/www.nettali.com\/2025\/07\/17\/crise-au-sommet-de-letat-si-les-tensions-entre-diomaye-et-sonko-persistent\/#primaryimage","inLanguage":"fr-FR","url":"https:\/\/www.nettali.com\/wp-content\/uploads\/2025\/07\/AP24083013725353.jpg","contentUrl":"https:\/\/www.nettali.com\/wp-content\/uploads\/2025\/07\/AP24083013725353.jpg","width":1200,"height":800},{"@type":"WebPage","@id":"https:\/\/www.nettali.com\/2025\/07\/17\/crise-au-sommet-de-letat-si-les-tensions-entre-diomaye-et-sonko-persistent\/#webpage","url":"https:\/\/www.nettali.com\/2025\/07\/17\/crise-au-sommet-de-letat-si-les-tensions-entre-diomaye-et-sonko-persistent\/","name":"CRISE AU SOMMET DE L'ETAT - \u00ab Si les tensions entre Diomaye et Sonko persistent... \u00bb | Nettali.com","isPartOf":{"@id":"https:\/\/www.nettali.com\/#website"},"primaryImageOfPage":{"@id":"https:\/\/www.nettali.com\/2025\/07\/17\/crise-au-sommet-de-letat-si-les-tensions-entre-diomaye-et-sonko-persistent\/#primaryimage"},"datePublished":"2025-07-17T06:44:09+00:00","dateModified":"2025-07-19T08:05:41+00:00","author":{"@id":"https:\/\/www.nettali.com\/#\/schema\/person\/3317e0bb3aa1da309fbf7b2780901bf4"},"breadcrumb":{"@id":"https:\/\/www.nettali.com\/2025\/07\/17\/crise-au-sommet-de-letat-si-les-tensions-entre-diomaye-et-sonko-persistent\/#breadcrumb"},"inLanguage":"fr-FR","potentialAction":[{"@type":"ReadAction","target":["https:\/\/www.nettali.com\/2025\/07\/17\/crise-au-sommet-de-letat-si-les-tensions-entre-diomaye-et-sonko-persistent\/"]}]},{"@type":"BreadcrumbList","@id":"https:\/\/www.nettali.com\/2025\/07\/17\/crise-au-sommet-de-letat-si-les-tensions-entre-diomaye-et-sonko-persistent\/#breadcrumb","itemListElement":[{"@type":"ListItem","position":1,"name":"Accueil","item":"https:\/\/www.nettali.com\/"},{"@type":"ListItem","position":2,"name":"CRISE AU SOMMET DE L'ETAT - \u00ab Si les tensions entre Diomaye et Sonko persistent... \u00bb"}]},{"@type":"Person","@id":"https:\/\/www.nettali.com\/#\/schema\/person\/3317e0bb3aa1da309fbf7b2780901bf4","name":"Daouda","image":{"@type":"ImageObject","@id":"https:\/\/www.nettali.com\/#personlogo","inLanguage":"fr-FR","url":"https:\/\/secure.gravatar.com\/avatar\/8d143b5a49345098ddcfee1c49c2f47c?s=96&d=mm&r=g","contentUrl":"https:\/\/secure.gravatar.com\/avatar\/8d143b5a49345098ddcfee1c49c2f47c?s=96&d=mm&r=g","caption":"Daouda"},"sameAs":["https:\/\/www.nettali.com"]}]}},"_links":{"self":[{"href":"https:\/\/www.nettali.com\/rest\/wp\/v2\/posts\/157750"}],"collection":[{"href":"https:\/\/www.nettali.com\/rest\/wp\/v2\/posts"}],"about":[{"href":"https:\/\/www.nettali.com\/rest\/wp\/v2\/types\/post"}],"author":[{"embeddable":true,"href":"https:\/\/www.nettali.com\/rest\/wp\/v2\/users\/4"}],"replies":[{"embeddable":true,"href":"https:\/\/www.nettali.com\/rest\/wp\/v2\/comments?post=157750"}],"version-history":[{"count":1,"href":"https:\/\/www.nettali.com\/rest\/wp\/v2\/posts\/157750\/revisions"}],"predecessor-version":[{"id":157751,"href":"https:\/\/www.nettali.com\/rest\/wp\/v2\/posts\/157750\/revisions\/157751"}],"wp:featuredmedia":[{"embeddable":true,"href":"https:\/\/www.nettali.com\/rest\/wp\/v2\/media\/157310"}],"wp:attachment":[{"href":"https:\/\/www.nettali.com\/rest\/wp\/v2\/media?parent=157750"}],"wp:term":[{"taxonomy":"category","embeddable":true,"href":"https:\/\/www.nettali.com\/rest\/wp\/v2\/categories?post=157750"},{"taxonomy":"post_tag","embeddable":true,"href":"https:\/\/www.nettali.com\/rest\/wp\/v2\/tags?post=157750"}],"curies":[{"name":"wp","href":"https:\/\/api.w.org\/{rel}","templated":true}]}}