{"id":157745,"date":"2025-07-17T06:35:24","date_gmt":"2025-07-17T06:35:24","guid":{"rendered":"https:\/\/www.nettali.com\/?p=157745"},"modified":"2025-07-18T17:30:16","modified_gmt":"2025-07-18T17:30:16","slug":"espagne-comment-les-immigres-senegalais-vivent-dans-la-peur-apres-des-violences-xenophobes","status":"publish","type":"post","link":"https:\/\/www.nettali.com\/2025\/07\/17\/espagne-comment-les-immigres-senegalais-vivent-dans-la-peur-apres-des-violences-xenophobes\/","title":{"rendered":"ESPAGNE - Comment les immigr\u00e9s S\u00e9n\u00e9galais vivent dans la peur apr\u00e8s des violences x\u00e9nophobes"},"content":{"rendered":"<p data-start=\"279\" data-end=\"627\"><strong data-start=\"279\" data-end=\"627\">NETTALI.COM - Depuis l\u2019agression d\u2019un retrait\u00e9 espagnol, attribu\u00e9e \u00e0 de jeunes d\u2019origine nord-africaine, la ville de Torre-Pacheco, dans la r\u00e9gion de Murcie, est le th\u00e9\u00e2tre de repr\u00e9sailles ciblant les immigr\u00e9s. Des groupes d\u2019extr\u00eame droite m\u00e8nent des exp\u00e9ditions punitives, plongeant la communaut\u00e9 \u00e9trang\u00e8re \u2013 notamment africaine \u2013 dans un climat de terreur.<\/strong><\/p>\n<p data-start=\"629\" data-end=\"1020\">Les rues autrefois paisibles de cette ville agricole du sud-est espagnol sont d\u00e9sormais le th\u00e9\u00e2tre d'une tension palpable. Depuis plusieurs jours, des agressions, des propos haineux et des intimidations s\u2019encha\u00eenent. Les immigr\u00e9s, qu\u2019ils soient maghr\u00e9bins, subsahariens ou latino-am\u00e9ricains, sont devenus les cibles d\u2019un rejet violent aliment\u00e9 par les r\u00e9seaux sociaux et la col\u00e8re populaire.<\/p>\n<h3 data-start=\"1022\" data-end=\"1081\">\u00ab Ce n\u2019est plus une vie normale, c\u2019est une survie \u00bb<\/h3>\n<p data-start=\"1083\" data-end=\"1244\">Parmi ceux qui en souffrent, Baye Laye Tour\u00e9, ouvrier s\u00e9n\u00e9galais install\u00e9 depuis pr\u00e8s de vingt ans \u00e0 Torre-Pacheco, confie \u00e0 <em data-start=\"1212\" data-end=\"1227\">L'Observateur<\/em> son d\u00e9sarroi : <em>\u00ab Aujourd\u2019hui, simplement mettre un pied dehors est devenu un acte risqu\u00e9. L'ins\u00e9curit\u00e9 n'est plus une simple peur, elle est ancr\u00e9e dans nos esprits. Ce n\u2019est plus une vie normale, c\u2019est une survie. \u00bb<\/em><\/p>\n<p data-start=\"1449\" data-end=\"1512\">Selon lui, la tension a explos\u00e9 depuis vendredi dernier : <em>\u00ab Il y a les insultes dans la rue, les regards remplis de m\u00e9fiance, parfois de haine. Sur les r\u00e9seaux sociaux, certains n\u2019h\u00e9sitent plus \u00e0 appeler \u00e0 la vengeance. [...] Ce climat nous pousse \u00e0 nous faire tout petits, \u00e0 marcher la t\u00eate baiss\u00e9e. \u00bb<\/em><\/p>\n<p data-start=\"1761\" data-end=\"1842\">Le plus inqui\u00e9tant, selon Baye Laye, c\u2019est que la violence semble aveugle : <em>\u00ab La col\u00e8re n\u2019a plus de direction. Elle frappe au hasard. Et nous, Africains en g\u00e9n\u00e9ral, sommes dans le viseur. \u00bb<\/em><\/p>\n<h3 data-start=\"1960\" data-end=\"1988\">Vie sociale suspendue<\/h3>\n<p data-start=\"1990\" data-end=\"2081\">Comme beaucoup d\u2019autres, Baye Laye a d\u00fb adapter sa routine pour \u00e9chapper aux agressions : <em>\u00ab Je ne sors plus de chez moi, sauf pour aller travailler. J\u2019\u00e9vite les endroits anim\u00e9s. Je ne reste plus dehors apr\u00e8s une certaine heure. J\u2019ai mis ma vie sociale entre parenth\u00e8ses. \u00bb<\/em><\/p>\n<p data-start=\"2268\" data-end=\"2496\">Son t\u00e9moignage illustre la profonde d\u00e9tresse de milliers de travailleurs immigr\u00e9s, souvent employ\u00e9s dans le secteur agricole, qui se retrouvent pris au pi\u00e8ge d\u2019un conflit dont ils ne sont ni les acteurs, ni les responsables.<em>\u00ab Nous ne voulons que vivre en paix, nourrir nos familles, travailler dignement, et \u00eatre respect\u00e9s comme des \u00eatres humains. \u00bb<\/em><\/p>\n<div class='share-to-whatsapp-wrapper'><div class='share-on-whsp'>PARTAGER SUR : <\/div><a data-text='ESPAGNE - Comment les immigr\u00e9s S\u00e9n\u00e9galais vivent dans la peur apr\u00e8s des violences x\u00e9nophobes' data-link='https:\/\/www.nettali.com\/2025\/07\/17\/espagne-comment-les-immigres-senegalais-vivent-dans-la-peur-apres-des-violences-xenophobes\/' class='whatsapp-button whatsapp-share'>WhatsApp<\/a><div class='clear '><\/div><\/div>","protected":false},"excerpt":{"rendered":"<p>NETTALI.COM - Depuis l\u2019agression d\u2019un retrait\u00e9 espagnol, attribu\u00e9e \u00e0 de jeunes d\u2019origine nord-africaine, la ville de Torre-Pacheco, dans la r\u00e9gion de Murcie, est le th\u00e9\u00e2tre de repr\u00e9sailles ciblant les immigr\u00e9s. Des groupes d\u2019extr\u00eame droite m\u00e8nent des exp\u00e9ditions punitives, plongeant la communaut\u00e9 \u00e9trang\u00e8re \u2013 notamment africaine \u2013 dans un climat de terreur. Les rues autrefois paisibles [&hellip;]<\/p>\n","protected":false},"author":4,"featured_media":157746,"comment_status":"open","ping_status":"open","sticky":false,"template":"","format":"standard","meta":{"_et_pb_use_builder":"","_et_pb_old_content":""},"categories":[3],"tags":[],"yoast_head":"<!-- This site is optimized with the Yoast SEO Premium plugin v17.8 (Yoast SEO v17.8) - https:\/\/yoast.com\/wordpress\/plugins\/seo\/ -->\n<title>ESPAGNE - Comment les immigr\u00e9s S\u00e9n\u00e9galais vivent dans la peur apr\u00e8s des violences x\u00e9nophobes | Nettali.com<\/title>\n<meta name=\"robots\" content=\"index, follow, max-snippet:-1, max-image-preview:large, max-video-preview:-1\" \/>\n<link rel=\"canonical\" href=\"https:\/\/www.nettali.com\/2025\/07\/17\/espagne-comment-les-immigres-senegalais-vivent-dans-la-peur-apres-des-violences-xenophobes\/\" \/>\n<meta property=\"og:locale\" content=\"fr_FR\" \/>\n<meta property=\"og:type\" content=\"article\" \/>\n<meta property=\"og:title\" content=\"ESPAGNE - Comment les immigr\u00e9s S\u00e9n\u00e9galais vivent dans la peur apr\u00e8s des violences x\u00e9nophobes\" \/>\n<meta property=\"og:description\" content=\"NETTALI.COM - Depuis l\u2019agression d\u2019un retrait\u00e9 espagnol, attribu\u00e9e \u00e0 de jeunes d\u2019origine nord-africaine, la ville de Torre-Pacheco, dans la r\u00e9gion de Murcie, est le th\u00e9\u00e2tre de repr\u00e9sailles ciblant les immigr\u00e9s. Des groupes d\u2019extr\u00eame droite m\u00e8nent des exp\u00e9ditions punitives, plongeant la communaut\u00e9 \u00e9trang\u00e8re \u2013 notamment africaine \u2013 dans un climat de terreur. Les rues autrefois paisibles [&hellip;]\" \/>\n<meta property=\"og:url\" content=\"https:\/\/www.nettali.com\/2025\/07\/17\/espagne-comment-les-immigres-senegalais-vivent-dans-la-peur-apres-des-violences-xenophobes\/\" \/>\n<meta property=\"og:site_name\" content=\"Nettali.com\" \/>\n<meta property=\"article:publisher\" content=\"https:\/\/www.facebook.com\/nettalicom\" \/>\n<meta property=\"article:published_time\" content=\"2025-07-17T06:35:24+00:00\" \/>\n<meta property=\"article:modified_time\" content=\"2025-07-18T17:30:16+00:00\" \/>\n<meta property=\"og:image\" content=\"https:\/\/www.nettali.com\/wp-content\/uploads\/2025\/07\/emigres.jpg\" \/>\n\t<meta property=\"og:image:width\" content=\"612\" \/>\n\t<meta property=\"og:image:height\" content=\"298\" \/>\n<meta name=\"twitter:card\" content=\"summary_large_image\" \/>\n<meta name=\"twitter:label1\" content=\"\u00c9crit par\" \/>\n\t<meta name=\"twitter:data1\" content=\"Daouda\" \/>\n\t<meta name=\"twitter:label2\" content=\"Dur\u00e9e de lecture estim\u00e9e\" \/>\n\t<meta name=\"twitter:data2\" content=\"2 minutes\" \/>\n<script type=\"application\/ld+json\" class=\"yoast-schema-graph\">{\"@context\":\"https:\/\/schema.org\",\"@graph\":[{\"@type\":\"WebSite\",\"@id\":\"https:\/\/www.nettali.com\/#website\",\"url\":\"https:\/\/www.nettali.com\/\",\"name\":\"Nettali.com\",\"description\":\"Le rendez-vous critique du Net\",\"potentialAction\":[{\"@type\":\"SearchAction\",\"target\":{\"@type\":\"EntryPoint\",\"urlTemplate\":\"https:\/\/www.nettali.com\/?s={search_term_string}\"},\"query-input\":\"required name=search_term_string\"}],\"inLanguage\":\"fr-FR\"},{\"@type\":\"ImageObject\",\"@id\":\"https:\/\/www.nettali.com\/2025\/07\/17\/espagne-comment-les-immigres-senegalais-vivent-dans-la-peur-apres-des-violences-xenophobes\/#primaryimage\",\"inLanguage\":\"fr-FR\",\"url\":\"https:\/\/www.nettali.com\/wp-content\/uploads\/2025\/07\/emigres.jpg\",\"contentUrl\":\"https:\/\/www.nettali.com\/wp-content\/uploads\/2025\/07\/emigres.jpg\",\"width\":612,\"height\":298},{\"@type\":\"WebPage\",\"@id\":\"https:\/\/www.nettali.com\/2025\/07\/17\/espagne-comment-les-immigres-senegalais-vivent-dans-la-peur-apres-des-violences-xenophobes\/#webpage\",\"url\":\"https:\/\/www.nettali.com\/2025\/07\/17\/espagne-comment-les-immigres-senegalais-vivent-dans-la-peur-apres-des-violences-xenophobes\/\",\"name\":\"ESPAGNE - Comment les immigr\\u00e9s S\\u00e9n\\u00e9galais vivent dans la peur apr\\u00e8s des violences x\\u00e9nophobes | Nettali.com\",\"isPartOf\":{\"@id\":\"https:\/\/www.nettali.com\/#website\"},\"primaryImageOfPage\":{\"@id\":\"https:\/\/www.nettali.com\/2025\/07\/17\/espagne-comment-les-immigres-senegalais-vivent-dans-la-peur-apres-des-violences-xenophobes\/#primaryimage\"},\"datePublished\":\"2025-07-17T06:35:24+00:00\",\"dateModified\":\"2025-07-18T17:30:16+00:00\",\"author\":{\"@id\":\"https:\/\/www.nettali.com\/#\/schema\/person\/3317e0bb3aa1da309fbf7b2780901bf4\"},\"breadcrumb\":{\"@id\":\"https:\/\/www.nettali.com\/2025\/07\/17\/espagne-comment-les-immigres-senegalais-vivent-dans-la-peur-apres-des-violences-xenophobes\/#breadcrumb\"},\"inLanguage\":\"fr-FR\",\"potentialAction\":[{\"@type\":\"ReadAction\",\"target\":[\"https:\/\/www.nettali.com\/2025\/07\/17\/espagne-comment-les-immigres-senegalais-vivent-dans-la-peur-apres-des-violences-xenophobes\/\"]}]},{\"@type\":\"BreadcrumbList\",\"@id\":\"https:\/\/www.nettali.com\/2025\/07\/17\/espagne-comment-les-immigres-senegalais-vivent-dans-la-peur-apres-des-violences-xenophobes\/#breadcrumb\",\"itemListElement\":[{\"@type\":\"ListItem\",\"position\":1,\"name\":\"Accueil\",\"item\":\"https:\/\/www.nettali.com\/\"},{\"@type\":\"ListItem\",\"position\":2,\"name\":\"ESPAGNE - Comment les immigr\\u00e9s S\\u00e9n\\u00e9galais vivent dans la peur apr\\u00e8s des violences x\\u00e9nophobes\"}]},{\"@type\":\"Person\",\"@id\":\"https:\/\/www.nettali.com\/#\/schema\/person\/3317e0bb3aa1da309fbf7b2780901bf4\",\"name\":\"Daouda\",\"image\":{\"@type\":\"ImageObject\",\"@id\":\"https:\/\/www.nettali.com\/#personlogo\",\"inLanguage\":\"fr-FR\",\"url\":\"https:\/\/secure.gravatar.com\/avatar\/8d143b5a49345098ddcfee1c49c2f47c?s=96&d=mm&r=g\",\"contentUrl\":\"https:\/\/secure.gravatar.com\/avatar\/8d143b5a49345098ddcfee1c49c2f47c?s=96&d=mm&r=g\",\"caption\":\"Daouda\"},\"sameAs\":[\"https:\/\/www.nettali.com\"]}]}<\/script>\n<!-- \/ Yoast SEO Premium plugin. -->","yoast_head_json":{"title":"ESPAGNE - Comment les immigr\u00e9s S\u00e9n\u00e9galais vivent dans la peur apr\u00e8s des violences x\u00e9nophobes | Nettali.com","robots":{"index":"index","follow":"follow","max-snippet":"max-snippet:-1","max-image-preview":"max-image-preview:large","max-video-preview":"max-video-preview:-1"},"canonical":"https:\/\/www.nettali.com\/2025\/07\/17\/espagne-comment-les-immigres-senegalais-vivent-dans-la-peur-apres-des-violences-xenophobes\/","og_locale":"fr_FR","og_type":"article","og_title":"ESPAGNE - Comment les immigr\u00e9s S\u00e9n\u00e9galais vivent dans la peur apr\u00e8s des violences x\u00e9nophobes","og_description":"NETTALI.COM - Depuis l\u2019agression d\u2019un retrait\u00e9 espagnol, attribu\u00e9e \u00e0 de jeunes d\u2019origine nord-africaine, la ville de Torre-Pacheco, dans la r\u00e9gion de Murcie, est le th\u00e9\u00e2tre de repr\u00e9sailles ciblant les immigr\u00e9s. Des groupes d\u2019extr\u00eame droite m\u00e8nent des exp\u00e9ditions punitives, plongeant la communaut\u00e9 \u00e9trang\u00e8re \u2013 notamment africaine \u2013 dans un climat de terreur. Les rues autrefois paisibles [&hellip;]","og_url":"https:\/\/www.nettali.com\/2025\/07\/17\/espagne-comment-les-immigres-senegalais-vivent-dans-la-peur-apres-des-violences-xenophobes\/","og_site_name":"Nettali.com","article_publisher":"https:\/\/www.facebook.com\/nettalicom","article_published_time":"2025-07-17T06:35:24+00:00","article_modified_time":"2025-07-18T17:30:16+00:00","og_image":[{"width":612,"height":298,"url":"https:\/\/www.nettali.com\/wp-content\/uploads\/2025\/07\/emigres.jpg","type":"image\/jpeg"}],"twitter_card":"summary_large_image","twitter_misc":{"\u00c9crit par":"Daouda","Dur\u00e9e de lecture estim\u00e9e":"2 minutes"},"schema":{"@context":"https:\/\/schema.org","@graph":[{"@type":"WebSite","@id":"https:\/\/www.nettali.com\/#website","url":"https:\/\/www.nettali.com\/","name":"Nettali.com","description":"Le rendez-vous critique du Net","potentialAction":[{"@type":"SearchAction","target":{"@type":"EntryPoint","urlTemplate":"https:\/\/www.nettali.com\/?s={search_term_string}"},"query-input":"required name=search_term_string"}],"inLanguage":"fr-FR"},{"@type":"ImageObject","@id":"https:\/\/www.nettali.com\/2025\/07\/17\/espagne-comment-les-immigres-senegalais-vivent-dans-la-peur-apres-des-violences-xenophobes\/#primaryimage","inLanguage":"fr-FR","url":"https:\/\/www.nettali.com\/wp-content\/uploads\/2025\/07\/emigres.jpg","contentUrl":"https:\/\/www.nettali.com\/wp-content\/uploads\/2025\/07\/emigres.jpg","width":612,"height":298},{"@type":"WebPage","@id":"https:\/\/www.nettali.com\/2025\/07\/17\/espagne-comment-les-immigres-senegalais-vivent-dans-la-peur-apres-des-violences-xenophobes\/#webpage","url":"https:\/\/www.nettali.com\/2025\/07\/17\/espagne-comment-les-immigres-senegalais-vivent-dans-la-peur-apres-des-violences-xenophobes\/","name":"ESPAGNE - Comment les immigr\u00e9s S\u00e9n\u00e9galais vivent dans la peur apr\u00e8s des violences x\u00e9nophobes | Nettali.com","isPartOf":{"@id":"https:\/\/www.nettali.com\/#website"},"primaryImageOfPage":{"@id":"https:\/\/www.nettali.com\/2025\/07\/17\/espagne-comment-les-immigres-senegalais-vivent-dans-la-peur-apres-des-violences-xenophobes\/#primaryimage"},"datePublished":"2025-07-17T06:35:24+00:00","dateModified":"2025-07-18T17:30:16+00:00","author":{"@id":"https:\/\/www.nettali.com\/#\/schema\/person\/3317e0bb3aa1da309fbf7b2780901bf4"},"breadcrumb":{"@id":"https:\/\/www.nettali.com\/2025\/07\/17\/espagne-comment-les-immigres-senegalais-vivent-dans-la-peur-apres-des-violences-xenophobes\/#breadcrumb"},"inLanguage":"fr-FR","potentialAction":[{"@type":"ReadAction","target":["https:\/\/www.nettali.com\/2025\/07\/17\/espagne-comment-les-immigres-senegalais-vivent-dans-la-peur-apres-des-violences-xenophobes\/"]}]},{"@type":"BreadcrumbList","@id":"https:\/\/www.nettali.com\/2025\/07\/17\/espagne-comment-les-immigres-senegalais-vivent-dans-la-peur-apres-des-violences-xenophobes\/#breadcrumb","itemListElement":[{"@type":"ListItem","position":1,"name":"Accueil","item":"https:\/\/www.nettali.com\/"},{"@type":"ListItem","position":2,"name":"ESPAGNE - Comment les immigr\u00e9s S\u00e9n\u00e9galais vivent dans la peur apr\u00e8s des violences x\u00e9nophobes"}]},{"@type":"Person","@id":"https:\/\/www.nettali.com\/#\/schema\/person\/3317e0bb3aa1da309fbf7b2780901bf4","name":"Daouda","image":{"@type":"ImageObject","@id":"https:\/\/www.nettali.com\/#personlogo","inLanguage":"fr-FR","url":"https:\/\/secure.gravatar.com\/avatar\/8d143b5a49345098ddcfee1c49c2f47c?s=96&d=mm&r=g","contentUrl":"https:\/\/secure.gravatar.com\/avatar\/8d143b5a49345098ddcfee1c49c2f47c?s=96&d=mm&r=g","caption":"Daouda"},"sameAs":["https:\/\/www.nettali.com"]}]}},"_links":{"self":[{"href":"https:\/\/www.nettali.com\/rest\/wp\/v2\/posts\/157745"}],"collection":[{"href":"https:\/\/www.nettali.com\/rest\/wp\/v2\/posts"}],"about":[{"href":"https:\/\/www.nettali.com\/rest\/wp\/v2\/types\/post"}],"author":[{"embeddable":true,"href":"https:\/\/www.nettali.com\/rest\/wp\/v2\/users\/4"}],"replies":[{"embeddable":true,"href":"https:\/\/www.nettali.com\/rest\/wp\/v2\/comments?post=157745"}],"version-history":[{"count":3,"href":"https:\/\/www.nettali.com\/rest\/wp\/v2\/posts\/157745\/revisions"}],"predecessor-version":[{"id":157749,"href":"https:\/\/www.nettali.com\/rest\/wp\/v2\/posts\/157745\/revisions\/157749"}],"wp:featuredmedia":[{"embeddable":true,"href":"https:\/\/www.nettali.com\/rest\/wp\/v2\/media\/157746"}],"wp:attachment":[{"href":"https:\/\/www.nettali.com\/rest\/wp\/v2\/media?parent=157745"}],"wp:term":[{"taxonomy":"category","embeddable":true,"href":"https:\/\/www.nettali.com\/rest\/wp\/v2\/categories?post=157745"},{"taxonomy":"post_tag","embeddable":true,"href":"https:\/\/www.nettali.com\/rest\/wp\/v2\/tags?post=157745"}],"curies":[{"name":"wp","href":"https:\/\/api.w.org\/{rel}","templated":true}]}}