{"id":157742,"date":"2025-07-17T06:28:43","date_gmt":"2025-07-17T06:28:43","guid":{"rendered":"https:\/\/www.nettali.com\/?p=157742"},"modified":"2025-07-17T06:28:43","modified_gmt":"2025-07-17T06:28:43","slug":"medicaments-illicites-diomaye-faye-sonne-lalerte-et-veut-accelerer-la-lutte","status":"publish","type":"post","link":"https:\/\/www.nettali.com\/2025\/07\/17\/medicaments-illicites-diomaye-faye-sonne-lalerte-et-veut-accelerer-la-lutte\/","title":{"rendered":"MEDICAMENTS ILLICITES - Diomaye Faye sonne l\u2019alerte et veut acc\u00e9l\u00e9rer la lutte"},"content":{"rendered":"<p data-start=\"259\" data-end=\"550\"><strong data-start=\"259\" data-end=\"550\">NETTALI.COM - Le pr\u00e9sident de la R\u00e9publique, Bassirou Diomaye Faye, a appel\u00e9 ce mercredi, en Conseil des ministres, \u00e0 une action urgente contre la vente illicite de m\u00e9dicaments et de produits assimil\u00e9s, qu\u2019il consid\u00e8re comme une menace pour la sant\u00e9 publique et la souverainet\u00e9 pharmaceutique du pays.<\/strong><\/p>\n<p data-start=\"552\" data-end=\"902\">Face \u00e0 un ph\u00e9nom\u00e8ne jug\u00e9 pr\u00e9occupant, le chef de l\u2019\u00c9tat a exig\u00e9 des ministres de l\u2019Int\u00e9rieur et de la Sant\u00e9 qu\u2019ils prennent sans d\u00e9lai les mesures qui s\u2019imposent. Une riposte coordonn\u00e9e, impliquant \u00e9galement l\u2019Ordre des pharmaciens du S\u00e9n\u00e9gal, est attendue pour endiguer le fl\u00e9au du trafic de m\u00e9dicaments contrefaits ou vendus hors circuit l\u00e9gal.<\/p>\n<blockquote data-start=\"904\" data-end=\"1144\">\n<p data-start=\"906\" data-end=\"1144\"><em>\u00ab La ma\u00eetrise strat\u00e9gique des activit\u00e9s commerciales et industrielles li\u00e9es au m\u00e9dicament demeure un \u00e9l\u00e9ment fondamental de la politique de sant\u00e9 publique et de r\u00e9alisation de la souverainet\u00e9 pharmaceutique \u00bb<\/em>, a insist\u00e9 le pr\u00e9sident Faye.<\/p>\n<\/blockquote>\n<p data-start=\"1191\" data-end=\"1453\">Parmi les directives phares donn\u00e9es ce mercredi, figure la r\u00e9alisation d\u2019une cartographie nationale des officines de pharmacie et des d\u00e9p\u00f4ts autoris\u00e9s. Une \u00e9tape cl\u00e9 pour avoir une vue claire de la pr\u00e9sence territoriale du r\u00e9seau l\u00e9gal et des zones \u00e0 risque.<\/p>\n<p data-start=\"1455\" data-end=\"1808\">Le pr\u00e9sident a \u00e9galement enjoint le ministre de la Sant\u00e9 et de l\u2019Action sociale \u00e0 \u00e9tablir, en collaboration avec le ministre de l\u2019Industrie et du Commerce, une liste exhaustive des entreprises op\u00e9rant dans l\u2019industrie pharmaceutique. L\u2019objectif : mieux encadrer le secteur et \u00e9liminer les failles permettant la prolif\u00e9ration des circuits parall\u00e8les.<\/p>\n<h3 data-start=\"1810\" data-end=\"1862\">Vers une souverainet\u00e9 pharmaceutique affirm\u00e9e<\/h3>\n<p data-start=\"1864\" data-end=\"2221\">Au-del\u00e0 de la lutte contre les march\u00e9s illicites, Bassirou Diomaye Faye veut r\u00e9orienter la politique nationale du m\u00e9dicament vers une souverainet\u00e9 pharmaceutique r\u00e9elle. Pour cela, il a appel\u00e9 \u00e0 une \u00e9valuation globale de l\u2019intervention de l\u2019\u00c9tat dans le secteur pharmaceutique, afin d\u2019identifier les leviers d\u2019efficacit\u00e9 et les axes de renforcement.<\/p>\n<p data-start=\"2223\" data-end=\"2505\">Le chef de l\u2019\u00c9tat a \u00e9galement insist\u00e9 sur le suivi des plans de redressement, de relance et de d\u00e9veloppement des industries pharmaceutiques nationales, ainsi que celui de la Pharmacie nationale d\u2019approvisionnement (PNA), pilier de la distribution des m\u00e9dicaments essentiels.<\/p>\n<p data-start=\"2530\" data-end=\"2783\">En inscrivant ce dossier en t\u00eate du Conseil des ministres, le pr\u00e9sident envoie un signal fort sur ses priorit\u00e9s en mati\u00e8re de sant\u00e9 publique, mais aussi sur sa volont\u00e9 de r\u00e9guler un secteur \u00e0 la crois\u00e9e des enjeux \u00e9conomiques, sociaux et sanitaires.<\/p>\n<p data-start=\"2785\" data-end=\"3058\">Le d\u00e9fi est de taille. Selon plusieurs observateurs, le march\u00e9 parall\u00e8le des m\u00e9dicaments repr\u00e9sente au S\u00e9n\u00e9gal un danger silencieux mais r\u00e9el, souvent aliment\u00e9 par la pr\u00e9carit\u00e9, l\u2019absence de couverture sanitaire g\u00e9n\u00e9ralis\u00e9e et la faible r\u00e9gulation du commerce informel.<\/p>\n<div class='share-to-whatsapp-wrapper'><div class='share-on-whsp'>PARTAGER SUR : <\/div><a data-text='MEDICAMENTS ILLICITES - Diomaye Faye sonne l\u2019alerte et veut acc\u00e9l\u00e9rer la lutte' data-link='https:\/\/www.nettali.com\/2025\/07\/17\/medicaments-illicites-diomaye-faye-sonne-lalerte-et-veut-accelerer-la-lutte\/' class='whatsapp-button whatsapp-share'>WhatsApp<\/a><div class='clear '><\/div><\/div>","protected":false},"excerpt":{"rendered":"<p>NETTALI.COM - Le pr\u00e9sident de la R\u00e9publique, Bassirou Diomaye Faye, a appel\u00e9 ce mercredi, en Conseil des ministres, \u00e0 une action urgente contre la vente illicite de m\u00e9dicaments et de produits assimil\u00e9s, qu\u2019il consid\u00e8re comme une menace pour la sant\u00e9 publique et la souverainet\u00e9 pharmaceutique du pays. Face \u00e0 un ph\u00e9nom\u00e8ne jug\u00e9 pr\u00e9occupant, le chef [&hellip;]<\/p>\n","protected":false},"author":4,"featured_media":157743,"comment_status":"open","ping_status":"open","sticky":false,"template":"","format":"standard","meta":{"_et_pb_use_builder":"","_et_pb_old_content":""},"categories":[3],"tags":[],"yoast_head":"<!-- This site is optimized with the Yoast SEO Premium plugin v17.8 (Yoast SEO v17.8) - https:\/\/yoast.com\/wordpress\/plugins\/seo\/ -->\n<title>MEDICAMENTS ILLICITES - Diomaye Faye sonne l\u2019alerte et veut acc\u00e9l\u00e9rer la lutte | Nettali.com<\/title>\n<meta name=\"robots\" content=\"index, follow, max-snippet:-1, max-image-preview:large, max-video-preview:-1\" \/>\n<link rel=\"canonical\" href=\"https:\/\/www.nettali.com\/2025\/07\/17\/medicaments-illicites-diomaye-faye-sonne-lalerte-et-veut-accelerer-la-lutte\/\" \/>\n<meta property=\"og:locale\" content=\"fr_FR\" \/>\n<meta property=\"og:type\" content=\"article\" \/>\n<meta property=\"og:title\" content=\"MEDICAMENTS ILLICITES - Diomaye Faye sonne l\u2019alerte et veut acc\u00e9l\u00e9rer la lutte\" \/>\n<meta property=\"og:description\" content=\"NETTALI.COM - Le pr\u00e9sident de la R\u00e9publique, Bassirou Diomaye Faye, a appel\u00e9 ce mercredi, en Conseil des ministres, \u00e0 une action urgente contre la vente illicite de m\u00e9dicaments et de produits assimil\u00e9s, qu\u2019il consid\u00e8re comme une menace pour la sant\u00e9 publique et la souverainet\u00e9 pharmaceutique du pays. Face \u00e0 un ph\u00e9nom\u00e8ne jug\u00e9 pr\u00e9occupant, le chef [&hellip;]\" \/>\n<meta property=\"og:url\" content=\"https:\/\/www.nettali.com\/2025\/07\/17\/medicaments-illicites-diomaye-faye-sonne-lalerte-et-veut-accelerer-la-lutte\/\" \/>\n<meta property=\"og:site_name\" content=\"Nettali.com\" \/>\n<meta property=\"article:publisher\" content=\"https:\/\/www.facebook.com\/nettalicom\" \/>\n<meta property=\"article:published_time\" content=\"2025-07-17T06:28:43+00:00\" \/>\n<meta property=\"og:image\" content=\"https:\/\/www.nettali.com\/wp-content\/uploads\/2025\/07\/Diomaye.jpg\" \/>\n\t<meta property=\"og:image:width\" content=\"2048\" \/>\n\t<meta property=\"og:image:height\" content=\"1370\" \/>\n<meta name=\"twitter:card\" content=\"summary_large_image\" \/>\n<meta name=\"twitter:label1\" content=\"\u00c9crit par\" \/>\n\t<meta name=\"twitter:data1\" content=\"Daouda\" \/>\n\t<meta name=\"twitter:label2\" content=\"Dur\u00e9e de lecture estim\u00e9e\" \/>\n\t<meta name=\"twitter:data2\" content=\"3 minutes\" \/>\n<script type=\"application\/ld+json\" class=\"yoast-schema-graph\">{\"@context\":\"https:\/\/schema.org\",\"@graph\":[{\"@type\":\"WebSite\",\"@id\":\"https:\/\/www.nettali.com\/#website\",\"url\":\"https:\/\/www.nettali.com\/\",\"name\":\"Nettali.com\",\"description\":\"Le rendez-vous critique du Net\",\"potentialAction\":[{\"@type\":\"SearchAction\",\"target\":{\"@type\":\"EntryPoint\",\"urlTemplate\":\"https:\/\/www.nettali.com\/?s={search_term_string}\"},\"query-input\":\"required name=search_term_string\"}],\"inLanguage\":\"fr-FR\"},{\"@type\":\"ImageObject\",\"@id\":\"https:\/\/www.nettali.com\/2025\/07\/17\/medicaments-illicites-diomaye-faye-sonne-lalerte-et-veut-accelerer-la-lutte\/#primaryimage\",\"inLanguage\":\"fr-FR\",\"url\":\"https:\/\/www.nettali.com\/wp-content\/uploads\/2025\/07\/Diomaye.jpg\",\"contentUrl\":\"https:\/\/www.nettali.com\/wp-content\/uploads\/2025\/07\/Diomaye.jpg\",\"width\":2048,\"height\":1370},{\"@type\":\"WebPage\",\"@id\":\"https:\/\/www.nettali.com\/2025\/07\/17\/medicaments-illicites-diomaye-faye-sonne-lalerte-et-veut-accelerer-la-lutte\/#webpage\",\"url\":\"https:\/\/www.nettali.com\/2025\/07\/17\/medicaments-illicites-diomaye-faye-sonne-lalerte-et-veut-accelerer-la-lutte\/\",\"name\":\"MEDICAMENTS ILLICITES - Diomaye Faye sonne l\\u2019alerte et veut acc\\u00e9l\\u00e9rer la lutte | Nettali.com\",\"isPartOf\":{\"@id\":\"https:\/\/www.nettali.com\/#website\"},\"primaryImageOfPage\":{\"@id\":\"https:\/\/www.nettali.com\/2025\/07\/17\/medicaments-illicites-diomaye-faye-sonne-lalerte-et-veut-accelerer-la-lutte\/#primaryimage\"},\"datePublished\":\"2025-07-17T06:28:43+00:00\",\"dateModified\":\"2025-07-17T06:28:43+00:00\",\"author\":{\"@id\":\"https:\/\/www.nettali.com\/#\/schema\/person\/3317e0bb3aa1da309fbf7b2780901bf4\"},\"breadcrumb\":{\"@id\":\"https:\/\/www.nettali.com\/2025\/07\/17\/medicaments-illicites-diomaye-faye-sonne-lalerte-et-veut-accelerer-la-lutte\/#breadcrumb\"},\"inLanguage\":\"fr-FR\",\"potentialAction\":[{\"@type\":\"ReadAction\",\"target\":[\"https:\/\/www.nettali.com\/2025\/07\/17\/medicaments-illicites-diomaye-faye-sonne-lalerte-et-veut-accelerer-la-lutte\/\"]}]},{\"@type\":\"BreadcrumbList\",\"@id\":\"https:\/\/www.nettali.com\/2025\/07\/17\/medicaments-illicites-diomaye-faye-sonne-lalerte-et-veut-accelerer-la-lutte\/#breadcrumb\",\"itemListElement\":[{\"@type\":\"ListItem\",\"position\":1,\"name\":\"Accueil\",\"item\":\"https:\/\/www.nettali.com\/\"},{\"@type\":\"ListItem\",\"position\":2,\"name\":\"MEDICAMENTS ILLICITES - Diomaye Faye sonne l\\u2019alerte et veut acc\\u00e9l\\u00e9rer la lutte\"}]},{\"@type\":\"Person\",\"@id\":\"https:\/\/www.nettali.com\/#\/schema\/person\/3317e0bb3aa1da309fbf7b2780901bf4\",\"name\":\"Daouda\",\"image\":{\"@type\":\"ImageObject\",\"@id\":\"https:\/\/www.nettali.com\/#personlogo\",\"inLanguage\":\"fr-FR\",\"url\":\"https:\/\/secure.gravatar.com\/avatar\/8d143b5a49345098ddcfee1c49c2f47c?s=96&d=mm&r=g\",\"contentUrl\":\"https:\/\/secure.gravatar.com\/avatar\/8d143b5a49345098ddcfee1c49c2f47c?s=96&d=mm&r=g\",\"caption\":\"Daouda\"},\"sameAs\":[\"https:\/\/www.nettali.com\"]}]}<\/script>\n<!-- \/ Yoast SEO Premium plugin. -->","yoast_head_json":{"title":"MEDICAMENTS ILLICITES - Diomaye Faye sonne l\u2019alerte et veut acc\u00e9l\u00e9rer la lutte | Nettali.com","robots":{"index":"index","follow":"follow","max-snippet":"max-snippet:-1","max-image-preview":"max-image-preview:large","max-video-preview":"max-video-preview:-1"},"canonical":"https:\/\/www.nettali.com\/2025\/07\/17\/medicaments-illicites-diomaye-faye-sonne-lalerte-et-veut-accelerer-la-lutte\/","og_locale":"fr_FR","og_type":"article","og_title":"MEDICAMENTS ILLICITES - Diomaye Faye sonne l\u2019alerte et veut acc\u00e9l\u00e9rer la lutte","og_description":"NETTALI.COM - Le pr\u00e9sident de la R\u00e9publique, Bassirou Diomaye Faye, a appel\u00e9 ce mercredi, en Conseil des ministres, \u00e0 une action urgente contre la vente illicite de m\u00e9dicaments et de produits assimil\u00e9s, qu\u2019il consid\u00e8re comme une menace pour la sant\u00e9 publique et la souverainet\u00e9 pharmaceutique du pays. Face \u00e0 un ph\u00e9nom\u00e8ne jug\u00e9 pr\u00e9occupant, le chef [&hellip;]","og_url":"https:\/\/www.nettali.com\/2025\/07\/17\/medicaments-illicites-diomaye-faye-sonne-lalerte-et-veut-accelerer-la-lutte\/","og_site_name":"Nettali.com","article_publisher":"https:\/\/www.facebook.com\/nettalicom","article_published_time":"2025-07-17T06:28:43+00:00","og_image":[{"width":2048,"height":1370,"url":"https:\/\/www.nettali.com\/wp-content\/uploads\/2025\/07\/Diomaye.jpg","type":"image\/jpeg"}],"twitter_card":"summary_large_image","twitter_misc":{"\u00c9crit par":"Daouda","Dur\u00e9e de lecture estim\u00e9e":"3 minutes"},"schema":{"@context":"https:\/\/schema.org","@graph":[{"@type":"WebSite","@id":"https:\/\/www.nettali.com\/#website","url":"https:\/\/www.nettali.com\/","name":"Nettali.com","description":"Le rendez-vous critique du Net","potentialAction":[{"@type":"SearchAction","target":{"@type":"EntryPoint","urlTemplate":"https:\/\/www.nettali.com\/?s={search_term_string}"},"query-input":"required name=search_term_string"}],"inLanguage":"fr-FR"},{"@type":"ImageObject","@id":"https:\/\/www.nettali.com\/2025\/07\/17\/medicaments-illicites-diomaye-faye-sonne-lalerte-et-veut-accelerer-la-lutte\/#primaryimage","inLanguage":"fr-FR","url":"https:\/\/www.nettali.com\/wp-content\/uploads\/2025\/07\/Diomaye.jpg","contentUrl":"https:\/\/www.nettali.com\/wp-content\/uploads\/2025\/07\/Diomaye.jpg","width":2048,"height":1370},{"@type":"WebPage","@id":"https:\/\/www.nettali.com\/2025\/07\/17\/medicaments-illicites-diomaye-faye-sonne-lalerte-et-veut-accelerer-la-lutte\/#webpage","url":"https:\/\/www.nettali.com\/2025\/07\/17\/medicaments-illicites-diomaye-faye-sonne-lalerte-et-veut-accelerer-la-lutte\/","name":"MEDICAMENTS ILLICITES - Diomaye Faye sonne l\u2019alerte et veut acc\u00e9l\u00e9rer la lutte | Nettali.com","isPartOf":{"@id":"https:\/\/www.nettali.com\/#website"},"primaryImageOfPage":{"@id":"https:\/\/www.nettali.com\/2025\/07\/17\/medicaments-illicites-diomaye-faye-sonne-lalerte-et-veut-accelerer-la-lutte\/#primaryimage"},"datePublished":"2025-07-17T06:28:43+00:00","dateModified":"2025-07-17T06:28:43+00:00","author":{"@id":"https:\/\/www.nettali.com\/#\/schema\/person\/3317e0bb3aa1da309fbf7b2780901bf4"},"breadcrumb":{"@id":"https:\/\/www.nettali.com\/2025\/07\/17\/medicaments-illicites-diomaye-faye-sonne-lalerte-et-veut-accelerer-la-lutte\/#breadcrumb"},"inLanguage":"fr-FR","potentialAction":[{"@type":"ReadAction","target":["https:\/\/www.nettali.com\/2025\/07\/17\/medicaments-illicites-diomaye-faye-sonne-lalerte-et-veut-accelerer-la-lutte\/"]}]},{"@type":"BreadcrumbList","@id":"https:\/\/www.nettali.com\/2025\/07\/17\/medicaments-illicites-diomaye-faye-sonne-lalerte-et-veut-accelerer-la-lutte\/#breadcrumb","itemListElement":[{"@type":"ListItem","position":1,"name":"Accueil","item":"https:\/\/www.nettali.com\/"},{"@type":"ListItem","position":2,"name":"MEDICAMENTS ILLICITES - Diomaye Faye sonne l\u2019alerte et veut acc\u00e9l\u00e9rer la lutte"}]},{"@type":"Person","@id":"https:\/\/www.nettali.com\/#\/schema\/person\/3317e0bb3aa1da309fbf7b2780901bf4","name":"Daouda","image":{"@type":"ImageObject","@id":"https:\/\/www.nettali.com\/#personlogo","inLanguage":"fr-FR","url":"https:\/\/secure.gravatar.com\/avatar\/8d143b5a49345098ddcfee1c49c2f47c?s=96&d=mm&r=g","contentUrl":"https:\/\/secure.gravatar.com\/avatar\/8d143b5a49345098ddcfee1c49c2f47c?s=96&d=mm&r=g","caption":"Daouda"},"sameAs":["https:\/\/www.nettali.com"]}]}},"_links":{"self":[{"href":"https:\/\/www.nettali.com\/rest\/wp\/v2\/posts\/157742"}],"collection":[{"href":"https:\/\/www.nettali.com\/rest\/wp\/v2\/posts"}],"about":[{"href":"https:\/\/www.nettali.com\/rest\/wp\/v2\/types\/post"}],"author":[{"embeddable":true,"href":"https:\/\/www.nettali.com\/rest\/wp\/v2\/users\/4"}],"replies":[{"embeddable":true,"href":"https:\/\/www.nettali.com\/rest\/wp\/v2\/comments?post=157742"}],"version-history":[{"count":1,"href":"https:\/\/www.nettali.com\/rest\/wp\/v2\/posts\/157742\/revisions"}],"predecessor-version":[{"id":157744,"href":"https:\/\/www.nettali.com\/rest\/wp\/v2\/posts\/157742\/revisions\/157744"}],"wp:featuredmedia":[{"embeddable":true,"href":"https:\/\/www.nettali.com\/rest\/wp\/v2\/media\/157743"}],"wp:attachment":[{"href":"https:\/\/www.nettali.com\/rest\/wp\/v2\/media?parent=157742"}],"wp:term":[{"taxonomy":"category","embeddable":true,"href":"https:\/\/www.nettali.com\/rest\/wp\/v2\/categories?post=157742"},{"taxonomy":"post_tag","embeddable":true,"href":"https:\/\/www.nettali.com\/rest\/wp\/v2\/tags?post=157742"}],"curies":[{"name":"wp","href":"https:\/\/api.w.org\/{rel}","templated":true}]}}