{"id":157740,"date":"2025-07-16T23:51:09","date_gmt":"2025-07-16T23:51:09","guid":{"rendered":"https:\/\/www.nettali.com\/?p=157740"},"modified":"2025-07-16T22:46:49","modified_gmt":"2025-07-16T22:46:49","slug":"pastef-a-lepreuve-du-pouvoir-moussa-tine-critique-la-posture-du-premier-ministre","status":"publish","type":"post","link":"https:\/\/www.nettali.com\/2025\/07\/16\/pastef-a-lepreuve-du-pouvoir-moussa-tine-critique-la-posture-du-premier-ministre\/","title":{"rendered":"PASTEF \u00c0 L\u2019\u00c9PREUVE DU POUVOIR- Moussa Tine critique la posture du Premier ministre"},"content":{"rendered":"<p><strong>NETTALI.COM- Dans une tribune au vitriol, Moussa Tine, pr\u00e9sident de l\u2019Alliance D\u00e9mocratique Pencoo, s\u2019interroge sur les d\u00e9rives du Premier ministre \u00e0 l\u2019\u00e9gard de la critique. Sans insulte ni exc\u00e8s de langage, il d\u00e9monte, point par point, les contradictions du r\u00e9gime actuel. Un appel \u00e0 la coh\u00e9rence r\u00e9publicaine et \u00e0 la m\u00e9moire historique.<\/strong><\/p>\n<p>Moussa Tine, leader de Penco connue pour sa mod\u00e9ration verbale, sort de sa r\u00e9serve pour dresser un tableau sans complaisance de l\u2019attitude du Premier ministre. Il le fait sans invective, mais avec des arguments aiguis\u00e9s. \u00c0 ses yeux, les propos et postures de l\u2019homme fort de Pastef r\u00e9v\u00e8lent une d\u00e9rive inqui\u00e9tante du pouvoir.<\/p>\n<p>D\u00e8s l\u2019ouverture de sa tribune, Moussa Tine plante le d\u00e9cor. S\u2019il affirme ne jamais avoir \u00e9t\u00e9 adepte des mots blessants en politique, il reconna\u00eet que certains, comme le Premier ministre, s\u2019en sont fait une sp\u00e9cialit\u00e9. <em>\u00ab Fitna mo gnou indi pouvoir \u00bb<\/em>, cite-t-il de ce dernier, pour souligner que la conqu\u00eate du pouvoir s\u2019est faite \u00e0 coup de provocations.<\/p>\n<p>Mais aujourd\u2019hui, s\u2019insurge Tine, l\u2019homme qui fustigeait la r\u00e9pression devient intol\u00e9rant \u00e0 la critique : <em>\u00ab Le probl\u00e8me du Premier ministre, c\u2019est qu\u2019on dit du mal de lui et qu\u2019on parle en mal de lui pendant que l\u2019autorit\u00e9 laisse aller\u00bb<\/em>. Il redoute qu\u2019\u00e0 travers les appels \u00e0 l\u2019ordre, se cache la tentation de museler l\u2019opinion : <em>\u00ab J\u2019esp\u00e8re profond\u00e9ment qu\u2019il n\u2019y a pas derri\u00e8re cette demande l\u2019id\u00e9e qu\u2019on peut aller en prison par la volont\u00e9 d\u2019un homme. \u00bb.<\/em><\/p>\n<p>La confusion entre la personne et l\u2019institution inqui\u00e8te le leader de Pencoo. Il rappelle qu\u2019un \u00e9lu, m\u00eame au sommet de l\u2019\u00c9tat, n\u2019est pas au-dessus de la critique : <em>\u00ab L\u2019autorit\u00e9 doit raisonnablement subir les critiques de l\u2019opinion et \u00eatre expos\u00e9e aux satires de l\u2019opposition \u00bb<\/em>.<\/p>\n<p>Dans un passage particuli\u00e8rement mordant, Tine d\u00e9nonce l\u2019hypocrisie d\u2019un pouvoir qui ne tol\u00e8re pas les critiques mais ne se prive pas d\u2019en lancer : <em>\u00ab Je ne pense pas que quelqu\u2019un ait encore os\u00e9 traiter un contradicteur de FUMIER dans les confrontations publiques \u00bb<\/em>. Il rappelle que Moustapha Diakhat\u00e9 a \u00e9t\u00e9 emprisonn\u00e9 pour avoir \u00e9t\u00e9 qualifi\u00e9 de \u00ab gougnafier \u00bb,un terme que le Premier ministre lui-m\u00eame a employ\u00e9, au m\u00eame titre que \u00ab r\u00e9sidus \u00bb.<\/p>\n<p>Avec un sens pr\u00e9cis du langage, Tine fait parler les dictionnaires : <em>\u00ab Le Robert d\u00e9finit le r\u00e9sidu comme un reste sans valeur\u2026 gougnafier c\u2019est un bon \u00e0 rien. \u00bb<\/em> Puis il tranche : <em>\u00ab C\u2019est juste un rapport entre celui qui ne sert \u00e0 rien et celui qui ne sait rien faire \u00bb<\/em>. Pour lui, le pouvoir actuel s\u2019indigne de mots qu\u2019il a lui-m\u00eame banalis\u00e9s.<\/p>\n<p>Au-del\u00e0 des mots, Moussa Tine soul\u00e8ve un enjeu institutionnel majeur. Pour lui, le pays traverse une p\u00e9riode semblable \u00e0 celle de 1962, marqu\u00e9e par une dualit\u00e9 de pouvoir explosive : <em>\u00ab Nous avons un pr\u00e9sident\u2026 qui a la pl\u00e9nitude des pouvoirs juridiques\u2026 alors que le Premier ministre\u2026 d\u00e9tient la r\u00e9alit\u00e9 du pouvoir politique. \u00bb<\/em> Si les deux t\u00eates de l\u2019ex\u00e9cutif ne s\u2019entendent pas, pr\u00e9vient-il, <em>\u00ab bonjour la crise \u00bb<\/em>.<\/p>\n<p>Il fustige \u00e9galement les vell\u00e9it\u00e9s d\u2019un \u00c9tat-Parti, \u00e9voqu\u00e9es par le Premier ministre. <em>\u00ab Cette phrase ne sera jamais oubli\u00e9e \u00bb<\/em>, pr\u00e9vient-il, car elle va \u00e0 l\u2019encontre de la culture d\u00e9mocratique s\u00e9n\u00e9galaise. \u00c0 ses yeux, cette option remettrait en cause tous les acquis : <em>\u00ab Je n\u2019ose pas penser ce qui se serait pass\u00e9 au S\u00e9n\u00e9gal si un de nos anciens chefs d\u2019\u00c9tat avait os\u00e9 dire la m\u00eame chose \u00bb.<\/em><\/p>\n<p>Enfin, Moussa Tine entrevoit les calculs politiques derri\u00e8re le silence ambiant : <em>\u00ab Plusieurs acteurs comptent encore sur le Premier ministre pour leur ascension politique\u2026 d'autres \u00e9vitent de subir les affres du syst\u00e8me num\u00e9rique de diabolisation de Pastef \u00bb.<\/em><\/p>\n<p>Moussa Tine termine sur une note strat\u00e9gique. \u00c0 ses yeux, le Premier ministre, qui d\u00e9tient la majorit\u00e9 parlementaire, a les cartes en main pour modifier le Code \u00e9lectoral et se rendre \u00e9ligible en 2029. Mais il reste prudent, pour l\u2019instant, en raison du dossier toujours pendant du maire de Dakar. <em>\u00ab Il ne le fera pas maintenant \u00e0 cause des cons\u00e9quences \u00bb<\/em>, pr\u00e9cise-t-il, tout en rappelant que ce m\u00eame article 29 du Code \u00e9lectoral l\u2019a emp\u00each\u00e9 d\u2019\u00eatre candidat en 2024.<\/p>\n<p>Et de conclure par une citation de Platon : <em>\u00ab Vous savourez les chants du peuple, mais vous ne les avez pas compris \u00bb.<\/em><\/p>\n<div class='share-to-whatsapp-wrapper'><div class='share-on-whsp'>PARTAGER SUR : <\/div><a data-text='PASTEF \u00c0 L\u2019\u00c9PREUVE DU POUVOIR- Moussa Tine critique la posture du Premier ministre' data-link='https:\/\/www.nettali.com\/2025\/07\/16\/pastef-a-lepreuve-du-pouvoir-moussa-tine-critique-la-posture-du-premier-ministre\/' class='whatsapp-button whatsapp-share'>WhatsApp<\/a><div class='clear '><\/div><\/div>","protected":false},"excerpt":{"rendered":"<p>NETTALI.COM- Dans une tribune au vitriol, Moussa Tine, pr\u00e9sident de l\u2019Alliance D\u00e9mocratique Pencoo, s\u2019interroge sur les d\u00e9rives du Premier ministre \u00e0 l\u2019\u00e9gard de la critique. Sans insulte ni exc\u00e8s de langage, il d\u00e9monte, point par point, les contradictions du r\u00e9gime actuel. Un appel \u00e0 la coh\u00e9rence r\u00e9publicaine et \u00e0 la m\u00e9moire historique. Moussa Tine, leader [&hellip;]<\/p>\n","protected":false},"author":4,"featured_media":45664,"comment_status":"open","ping_status":"open","sticky":false,"template":"","format":"standard","meta":{"_et_pb_use_builder":"","_et_pb_old_content":""},"categories":[2],"tags":[],"yoast_head":"<!-- This site is optimized with the Yoast SEO Premium plugin v17.8 (Yoast SEO v17.8) - https:\/\/yoast.com\/wordpress\/plugins\/seo\/ -->\n<title>PASTEF \u00c0 L\u2019\u00c9PREUVE DU POUVOIR- Moussa Tine critique la posture du Premier ministre | Nettali.com<\/title>\n<meta name=\"robots\" content=\"index, follow, max-snippet:-1, max-image-preview:large, max-video-preview:-1\" \/>\n<link rel=\"canonical\" href=\"https:\/\/www.nettali.com\/2025\/07\/16\/pastef-a-lepreuve-du-pouvoir-moussa-tine-critique-la-posture-du-premier-ministre\/\" \/>\n<meta property=\"og:locale\" content=\"fr_FR\" \/>\n<meta property=\"og:type\" content=\"article\" \/>\n<meta property=\"og:title\" content=\"PASTEF \u00c0 L\u2019\u00c9PREUVE DU POUVOIR- Moussa Tine critique la posture du Premier ministre\" \/>\n<meta property=\"og:description\" content=\"NETTALI.COM- Dans une tribune au vitriol, Moussa Tine, pr\u00e9sident de l\u2019Alliance D\u00e9mocratique Pencoo, s\u2019interroge sur les d\u00e9rives du Premier ministre \u00e0 l\u2019\u00e9gard de la critique. Sans insulte ni exc\u00e8s de langage, il d\u00e9monte, point par point, les contradictions du r\u00e9gime actuel. Un appel \u00e0 la coh\u00e9rence r\u00e9publicaine et \u00e0 la m\u00e9moire historique. Moussa Tine, leader [&hellip;]\" \/>\n<meta property=\"og:url\" content=\"https:\/\/www.nettali.com\/2025\/07\/16\/pastef-a-lepreuve-du-pouvoir-moussa-tine-critique-la-posture-du-premier-ministre\/\" \/>\n<meta property=\"og:site_name\" content=\"Nettali.com\" \/>\n<meta property=\"article:publisher\" content=\"https:\/\/www.facebook.com\/nettalicom\" \/>\n<meta property=\"article:published_time\" content=\"2025-07-16T23:51:09+00:00\" \/>\n<meta property=\"article:modified_time\" content=\"2025-07-16T22:46:49+00:00\" \/>\n<meta property=\"og:image\" content=\"https:\/\/www.nettali.com\/wp-content\/uploads\/2020\/09\/moussa-tine.jpg\" \/>\n\t<meta property=\"og:image:width\" content=\"650\" \/>\n\t<meta property=\"og:image:height\" content=\"433\" \/>\n<meta name=\"twitter:card\" content=\"summary_large_image\" \/>\n<meta name=\"twitter:label1\" content=\"\u00c9crit par\" \/>\n\t<meta name=\"twitter:data1\" content=\"Daouda\" \/>\n\t<meta name=\"twitter:label2\" content=\"Dur\u00e9e de lecture estim\u00e9e\" \/>\n\t<meta name=\"twitter:data2\" content=\"4 minutes\" \/>\n<script type=\"application\/ld+json\" class=\"yoast-schema-graph\">{\"@context\":\"https:\/\/schema.org\",\"@graph\":[{\"@type\":\"WebSite\",\"@id\":\"https:\/\/www.nettali.com\/#website\",\"url\":\"https:\/\/www.nettali.com\/\",\"name\":\"Nettali.com\",\"description\":\"Le rendez-vous critique du Net\",\"potentialAction\":[{\"@type\":\"SearchAction\",\"target\":{\"@type\":\"EntryPoint\",\"urlTemplate\":\"https:\/\/www.nettali.com\/?s={search_term_string}\"},\"query-input\":\"required name=search_term_string\"}],\"inLanguage\":\"fr-FR\"},{\"@type\":\"ImageObject\",\"@id\":\"https:\/\/www.nettali.com\/2025\/07\/16\/pastef-a-lepreuve-du-pouvoir-moussa-tine-critique-la-posture-du-premier-ministre\/#primaryimage\",\"inLanguage\":\"fr-FR\",\"url\":\"https:\/\/www.nettali.com\/wp-content\/uploads\/2020\/09\/moussa-tine.jpg\",\"contentUrl\":\"https:\/\/www.nettali.com\/wp-content\/uploads\/2020\/09\/moussa-tine.jpg\",\"width\":650,\"height\":433},{\"@type\":\"WebPage\",\"@id\":\"https:\/\/www.nettali.com\/2025\/07\/16\/pastef-a-lepreuve-du-pouvoir-moussa-tine-critique-la-posture-du-premier-ministre\/#webpage\",\"url\":\"https:\/\/www.nettali.com\/2025\/07\/16\/pastef-a-lepreuve-du-pouvoir-moussa-tine-critique-la-posture-du-premier-ministre\/\",\"name\":\"PASTEF \\u00c0 L\\u2019\\u00c9PREUVE DU POUVOIR- Moussa Tine critique la posture du Premier ministre | Nettali.com\",\"isPartOf\":{\"@id\":\"https:\/\/www.nettali.com\/#website\"},\"primaryImageOfPage\":{\"@id\":\"https:\/\/www.nettali.com\/2025\/07\/16\/pastef-a-lepreuve-du-pouvoir-moussa-tine-critique-la-posture-du-premier-ministre\/#primaryimage\"},\"datePublished\":\"2025-07-16T23:51:09+00:00\",\"dateModified\":\"2025-07-16T22:46:49+00:00\",\"author\":{\"@id\":\"https:\/\/www.nettali.com\/#\/schema\/person\/3317e0bb3aa1da309fbf7b2780901bf4\"},\"breadcrumb\":{\"@id\":\"https:\/\/www.nettali.com\/2025\/07\/16\/pastef-a-lepreuve-du-pouvoir-moussa-tine-critique-la-posture-du-premier-ministre\/#breadcrumb\"},\"inLanguage\":\"fr-FR\",\"potentialAction\":[{\"@type\":\"ReadAction\",\"target\":[\"https:\/\/www.nettali.com\/2025\/07\/16\/pastef-a-lepreuve-du-pouvoir-moussa-tine-critique-la-posture-du-premier-ministre\/\"]}]},{\"@type\":\"BreadcrumbList\",\"@id\":\"https:\/\/www.nettali.com\/2025\/07\/16\/pastef-a-lepreuve-du-pouvoir-moussa-tine-critique-la-posture-du-premier-ministre\/#breadcrumb\",\"itemListElement\":[{\"@type\":\"ListItem\",\"position\":1,\"name\":\"Accueil\",\"item\":\"https:\/\/www.nettali.com\/\"},{\"@type\":\"ListItem\",\"position\":2,\"name\":\"PASTEF \\u00c0 L\\u2019\\u00c9PREUVE DU POUVOIR- Moussa Tine critique la posture du Premier ministre\"}]},{\"@type\":\"Person\",\"@id\":\"https:\/\/www.nettali.com\/#\/schema\/person\/3317e0bb3aa1da309fbf7b2780901bf4\",\"name\":\"Daouda\",\"image\":{\"@type\":\"ImageObject\",\"@id\":\"https:\/\/www.nettali.com\/#personlogo\",\"inLanguage\":\"fr-FR\",\"url\":\"https:\/\/secure.gravatar.com\/avatar\/8d143b5a49345098ddcfee1c49c2f47c?s=96&d=mm&r=g\",\"contentUrl\":\"https:\/\/secure.gravatar.com\/avatar\/8d143b5a49345098ddcfee1c49c2f47c?s=96&d=mm&r=g\",\"caption\":\"Daouda\"},\"sameAs\":[\"https:\/\/www.nettali.com\"]}]}<\/script>\n<!-- \/ Yoast SEO Premium plugin. -->","yoast_head_json":{"title":"PASTEF \u00c0 L\u2019\u00c9PREUVE DU POUVOIR- Moussa Tine critique la posture du Premier ministre | Nettali.com","robots":{"index":"index","follow":"follow","max-snippet":"max-snippet:-1","max-image-preview":"max-image-preview:large","max-video-preview":"max-video-preview:-1"},"canonical":"https:\/\/www.nettali.com\/2025\/07\/16\/pastef-a-lepreuve-du-pouvoir-moussa-tine-critique-la-posture-du-premier-ministre\/","og_locale":"fr_FR","og_type":"article","og_title":"PASTEF \u00c0 L\u2019\u00c9PREUVE DU POUVOIR- Moussa Tine critique la posture du Premier ministre","og_description":"NETTALI.COM- Dans une tribune au vitriol, Moussa Tine, pr\u00e9sident de l\u2019Alliance D\u00e9mocratique Pencoo, s\u2019interroge sur les d\u00e9rives du Premier ministre \u00e0 l\u2019\u00e9gard de la critique. Sans insulte ni exc\u00e8s de langage, il d\u00e9monte, point par point, les contradictions du r\u00e9gime actuel. Un appel \u00e0 la coh\u00e9rence r\u00e9publicaine et \u00e0 la m\u00e9moire historique. Moussa Tine, leader [&hellip;]","og_url":"https:\/\/www.nettali.com\/2025\/07\/16\/pastef-a-lepreuve-du-pouvoir-moussa-tine-critique-la-posture-du-premier-ministre\/","og_site_name":"Nettali.com","article_publisher":"https:\/\/www.facebook.com\/nettalicom","article_published_time":"2025-07-16T23:51:09+00:00","article_modified_time":"2025-07-16T22:46:49+00:00","og_image":[{"width":650,"height":433,"url":"https:\/\/www.nettali.com\/wp-content\/uploads\/2020\/09\/moussa-tine.jpg","type":"image\/jpeg"}],"twitter_card":"summary_large_image","twitter_misc":{"\u00c9crit par":"Daouda","Dur\u00e9e de lecture estim\u00e9e":"4 minutes"},"schema":{"@context":"https:\/\/schema.org","@graph":[{"@type":"WebSite","@id":"https:\/\/www.nettali.com\/#website","url":"https:\/\/www.nettali.com\/","name":"Nettali.com","description":"Le rendez-vous critique du Net","potentialAction":[{"@type":"SearchAction","target":{"@type":"EntryPoint","urlTemplate":"https:\/\/www.nettali.com\/?s={search_term_string}"},"query-input":"required name=search_term_string"}],"inLanguage":"fr-FR"},{"@type":"ImageObject","@id":"https:\/\/www.nettali.com\/2025\/07\/16\/pastef-a-lepreuve-du-pouvoir-moussa-tine-critique-la-posture-du-premier-ministre\/#primaryimage","inLanguage":"fr-FR","url":"https:\/\/www.nettali.com\/wp-content\/uploads\/2020\/09\/moussa-tine.jpg","contentUrl":"https:\/\/www.nettali.com\/wp-content\/uploads\/2020\/09\/moussa-tine.jpg","width":650,"height":433},{"@type":"WebPage","@id":"https:\/\/www.nettali.com\/2025\/07\/16\/pastef-a-lepreuve-du-pouvoir-moussa-tine-critique-la-posture-du-premier-ministre\/#webpage","url":"https:\/\/www.nettali.com\/2025\/07\/16\/pastef-a-lepreuve-du-pouvoir-moussa-tine-critique-la-posture-du-premier-ministre\/","name":"PASTEF \u00c0 L\u2019\u00c9PREUVE DU POUVOIR- Moussa Tine critique la posture du Premier ministre | Nettali.com","isPartOf":{"@id":"https:\/\/www.nettali.com\/#website"},"primaryImageOfPage":{"@id":"https:\/\/www.nettali.com\/2025\/07\/16\/pastef-a-lepreuve-du-pouvoir-moussa-tine-critique-la-posture-du-premier-ministre\/#primaryimage"},"datePublished":"2025-07-16T23:51:09+00:00","dateModified":"2025-07-16T22:46:49+00:00","author":{"@id":"https:\/\/www.nettali.com\/#\/schema\/person\/3317e0bb3aa1da309fbf7b2780901bf4"},"breadcrumb":{"@id":"https:\/\/www.nettali.com\/2025\/07\/16\/pastef-a-lepreuve-du-pouvoir-moussa-tine-critique-la-posture-du-premier-ministre\/#breadcrumb"},"inLanguage":"fr-FR","potentialAction":[{"@type":"ReadAction","target":["https:\/\/www.nettali.com\/2025\/07\/16\/pastef-a-lepreuve-du-pouvoir-moussa-tine-critique-la-posture-du-premier-ministre\/"]}]},{"@type":"BreadcrumbList","@id":"https:\/\/www.nettali.com\/2025\/07\/16\/pastef-a-lepreuve-du-pouvoir-moussa-tine-critique-la-posture-du-premier-ministre\/#breadcrumb","itemListElement":[{"@type":"ListItem","position":1,"name":"Accueil","item":"https:\/\/www.nettali.com\/"},{"@type":"ListItem","position":2,"name":"PASTEF \u00c0 L\u2019\u00c9PREUVE DU POUVOIR- Moussa Tine critique la posture du Premier ministre"}]},{"@type":"Person","@id":"https:\/\/www.nettali.com\/#\/schema\/person\/3317e0bb3aa1da309fbf7b2780901bf4","name":"Daouda","image":{"@type":"ImageObject","@id":"https:\/\/www.nettali.com\/#personlogo","inLanguage":"fr-FR","url":"https:\/\/secure.gravatar.com\/avatar\/8d143b5a49345098ddcfee1c49c2f47c?s=96&d=mm&r=g","contentUrl":"https:\/\/secure.gravatar.com\/avatar\/8d143b5a49345098ddcfee1c49c2f47c?s=96&d=mm&r=g","caption":"Daouda"},"sameAs":["https:\/\/www.nettali.com"]}]}},"_links":{"self":[{"href":"https:\/\/www.nettali.com\/rest\/wp\/v2\/posts\/157740"}],"collection":[{"href":"https:\/\/www.nettali.com\/rest\/wp\/v2\/posts"}],"about":[{"href":"https:\/\/www.nettali.com\/rest\/wp\/v2\/types\/post"}],"author":[{"embeddable":true,"href":"https:\/\/www.nettali.com\/rest\/wp\/v2\/users\/4"}],"replies":[{"embeddable":true,"href":"https:\/\/www.nettali.com\/rest\/wp\/v2\/comments?post=157740"}],"version-history":[{"count":1,"href":"https:\/\/www.nettali.com\/rest\/wp\/v2\/posts\/157740\/revisions"}],"predecessor-version":[{"id":157741,"href":"https:\/\/www.nettali.com\/rest\/wp\/v2\/posts\/157740\/revisions\/157741"}],"wp:featuredmedia":[{"embeddable":true,"href":"https:\/\/www.nettali.com\/rest\/wp\/v2\/media\/45664"}],"wp:attachment":[{"href":"https:\/\/www.nettali.com\/rest\/wp\/v2\/media?parent=157740"}],"wp:term":[{"taxonomy":"category","embeddable":true,"href":"https:\/\/www.nettali.com\/rest\/wp\/v2\/categories?post=157740"},{"taxonomy":"post_tag","embeddable":true,"href":"https:\/\/www.nettali.com\/rest\/wp\/v2\/tags?post=157740"}],"curies":[{"name":"wp","href":"https:\/\/api.w.org\/{rel}","templated":true}]}}