{"id":157738,"date":"2025-07-16T22:39:46","date_gmt":"2025-07-16T22:39:46","guid":{"rendered":"https:\/\/www.nettali.com\/?p=157738"},"modified":"2025-07-16T22:39:46","modified_gmt":"2025-07-16T22:39:46","slug":"crise-dautorite-a-la-tete-de-letat-thierno-alassane-sall-denonce-la-double-face-du-pouvoir-diomaye-sonko","status":"publish","type":"post","link":"https:\/\/www.nettali.com\/2025\/07\/16\/crise-dautorite-a-la-tete-de-letat-thierno-alassane-sall-denonce-la-double-face-du-pouvoir-diomaye-sonko\/","title":{"rendered":"CRISE D\u2019AUTORIT\u00c9 \u00c0 LA T\u00caTE DE L\u2019\u00c9TAT- Thierno Alassane Sall d\u00e9nonce la \"double face\" du pouvoir Diomaye\u2013Sonko"},"content":{"rendered":"<p><strong>NETTALI.COM- Dans une tribune au vitriol, Thierno Alassane Sall accuse le pr\u00e9sident Bassirou Diomaye Faye de se soumettre aux d\u00e9rives de son Premier ministre Ousmane Sonko. Le d\u00e9put\u00e9 d\u00e9nonce un pouvoir qui banalise les attaques contre la justice, les m\u00e9dias et la soci\u00e9t\u00e9 civile, et alerte sur une crise profonde de gouvernance, masqu\u00e9e selon lui par un pacte d\u2019ambition entre deux hommes : \u00ab Diomaye mooy Sonko \u00bb.<\/strong><\/p>\n<p><em>\u00ab Le pr\u00e9sident Faye a parl\u00e9 \u00bb<\/em>, \u00e9crit Thierno Alassane Sall. Mais au lieu d\u2019un recadrage attendu de son Premier ministre, c\u2019est une prise de parole <em>\u00ab qui a choqu\u00e9 presque autant \u00bb<\/em> que les propos d\u2019Ousmane Sonko, selon le d\u00e9put\u00e9. Une posture que l\u2019ancien ministre juge symptomatique d\u2019un pouvoir captif de ses propres contradictions et incapable de faire respecter l\u2019autorit\u00e9 de l\u2019\u00c9tat.<\/p>\n<p>Pour Thierno Alassane Sall, la r\u00e9ponse du chef de l\u2019\u00c9tat aux propos pol\u00e9miques de son Premier ministre a \u00e9t\u00e9 \u00ab un glissement grave \u00bb. Le d\u00e9put\u00e9 estime que le pr\u00e9sident a fait le choix de d\u00e9fendre son \u00ab ami \u00bb au d\u00e9triment des piliers de la R\u00e9publique. <em>\u00ab Il a donn\u00e9 le sentiment que l\u2019essentiel ne r\u00e9sidait ni dans l\u2019outrage fait \u00e0 la magistrature, ni dans les insultes adress\u00e9es \u00e0 la soci\u00e9t\u00e9 civile, ni dans la censure choquante des m\u00e9dias\u2026 mais plut\u00f4t dans la n\u00e9cessit\u00e9 de pr\u00e9server la qualit\u00e9 de ses relations personnelles avec Ousmane Sonko. \u00bb<\/em><\/p>\n<p>Thierno Alassane Sall rappelle que les attaques du Premier ministre ont vis\u00e9 des institutions fondamentales. <em>\u00ab Des magistrats ont \u00e9t\u00e9 gravement mis en cause. Des accusations aussi violentes que gratuites ont \u00e9t\u00e9 prof\u00e9r\u00e9es contre une institution dont l\u2019ind\u00e9pendance est le socle de tout \u00c9tat de droit. \u00bb<\/em> Face \u00e0 cela, <em>\u00ab l\u2019\u00e9motion l\u00e9gitime de beaucoup\u2026 ne m\u00e9ritait ni r\u00e9ponse claire, ni condamnation ferme \u00bb<\/em>.<\/p>\n<p>Le d\u00e9put\u00e9 s\u2019interroge sur la cr\u00e9dibilit\u00e9 des engagements du chef de l\u2019\u00c9tat \u00e0 d\u00e9fendre la justice et la d\u00e9mocratie. <em>\u00ab Que valent d\u00e9sormais ses refrains r\u00e9p\u00e9t\u00e9s sur la n\u00e9cessit\u00e9 de lib\u00e9rer la Justice (otage de qui ?), si lui-m\u00eame n\u2019est pas en mesure de prononcer un mot de compassion envers les magistrats ? \u00bb<\/em><\/p>\n<p>Pour Thierno Alassane Sall, ce silence est d\u2019autant plus pr\u00e9occupant que Sonko n\u2019est pas un acteur politique ext\u00e9rieur : <em>\u00ab Il n\u2019est pas un opposant. Il n\u2019est pas un militant lambda. Il est le Premier ministre d\u2019un gouvernement adoub\u00e9 par le Pr\u00e9sident Bassirou Diomaye Faye. \u00bb<\/em> D\u00e8s lors, refuser de d\u00e9savouer ses propos, c\u2019est accepter une remise en cause de l\u2019autorit\u00e9 pr\u00e9sidentielle. <em>\u00ab Il n\u2019y a pas d\u2019autorit\u00e9 l\u00e0 o\u00f9 l\u2019on h\u00e9site \u00e0 rappeler \u00e0 l\u2019ordre ceux qui franchissent les lignes rouges de la R\u00e9publique. \u00bb<\/em><\/p>\n<p>Au-del\u00e0 du malaise institutionnel, Thierno Alassane Sall met en accusation ce qu\u2019il appelle le <em>\u00ab Protocole du Cap Manuel \u00bb<\/em>, un accord politique secret entre Diomaye et Sonko qui aurait organis\u00e9 leur conqu\u00eate du pouvoir plus sur la base d\u2019ambitions personnelles que de projet commun. <em>\u00ab Ce que nous vivons n\u2019est pas seulement une crise de gouvernance, c\u2019est une lutte de pouvoir entre deux hommes \u00bb<\/em>, \u00e9crit-il, <em>\u00ab un \u00e9pisode de plus du Protocole du Cap Manuel, pass\u00e9 entre les deux non en consid\u00e9ration de l\u2019int\u00e9r\u00eat g\u00e9n\u00e9ral mais de leurs carri\u00e8res politiques propres.\u00bb.<\/em><\/p>\n<p>Selon lui, <em>\u00ab cette guerre n\u2019a rien \u00e0 voir avec des projets divergents pour le S\u00e9n\u00e9gal. Elle est, avant tout, un affrontement des ambitions, une bataille d\u2019ego \u00bb.<\/em><\/p>\n<p>Autre grief soulev\u00e9, celui l\u2019incoh\u00e9rence entre les d\u00e9clarations d\u2019intention du Pr\u00e9sident et la r\u00e9alit\u00e9 des actes judiciaires. <em>\u00ab Il n\u2019est pas apparu paradoxal aux yeux du Pr\u00e9sident qu\u2019au moment o\u00f9 il parle de lib\u00e9rer la Justice, des prisonniers d\u2019opinion continuent \u00e0 affluer dans les ge\u00f4les de la R\u00e9publique comme jamais \u00bb.<\/em><\/p>\n<p>Thierno Alassane Sall pointe une justice \u00ab manifestement truqu\u00e9e \u00bb, o\u00f9 <em>\u00ab le parquet, capable d\u2019une intraitable s\u00e9v\u00e9rit\u00e9 contre des p\u00e9cadilles quand il s\u2019agit d\u2019Abdou Nguer, de Moustapha Diakhat\u00e9 ou encore de Badara Gadiaga, se bouche les oreilles pour ne pas entendre les propos de Ousmane Sonko \u00bb.<\/em><\/p>\n<p>Pour le d\u00e9put\u00e9, seule une action imm\u00e9diate pourra convaincre de la sinc\u00e9rit\u00e9 du pr\u00e9sident.<\/p>\n<p>Thierno Alassane Sall conclut sa tribune sur une alerte grave quant \u00e0 l\u2019avenir du S\u00e9n\u00e9gal. \u00c0 ses yeux, la gestion actuelle du pouvoir par le duo Diomaye\u2013Sonko conduit le pays \u00e0 l\u2019instabilit\u00e9. <em>\u00ab Le S\u00e9n\u00e9gal est au bord de la rupture. Est-ce cette rupture dont parlaient Diomaye et Sonko ? \u00bb<\/em><\/p>\n<p>Et de pr\u00e9venir : <em>\u00ab \u00c0 trop laisser pourrir cette dr\u00f4le de guerre, le Pr\u00e9sident portera une lourde responsabilit\u00e9 dans la chute \u00e0 laquelle le S\u00e9n\u00e9gal semble promis\u00bb.<\/em><\/p>\n<div class='share-to-whatsapp-wrapper'><div class='share-on-whsp'>PARTAGER SUR : <\/div><a data-text='CRISE D\u2019AUTORIT\u00c9 \u00c0 LA T\u00caTE DE L\u2019\u00c9TAT- Thierno Alassane Sall d\u00e9nonce la \"double face\" du pouvoir Diomaye\u2013Sonko' data-link='https:\/\/www.nettali.com\/2025\/07\/16\/crise-dautorite-a-la-tete-de-letat-thierno-alassane-sall-denonce-la-double-face-du-pouvoir-diomaye-sonko\/' class='whatsapp-button whatsapp-share'>WhatsApp<\/a><div class='clear '><\/div><\/div>","protected":false},"excerpt":{"rendered":"<p>NETTALI.COM- Dans une tribune au vitriol, Thierno Alassane Sall accuse le pr\u00e9sident Bassirou Diomaye Faye de se soumettre aux d\u00e9rives de son Premier ministre Ousmane Sonko. Le d\u00e9put\u00e9 d\u00e9nonce un pouvoir qui banalise les attaques contre la justice, les m\u00e9dias et la soci\u00e9t\u00e9 civile, et alerte sur une crise profonde de gouvernance, masqu\u00e9e selon lui [&hellip;]<\/p>\n","protected":false},"author":4,"featured_media":155705,"comment_status":"open","ping_status":"open","sticky":false,"template":"","format":"standard","meta":{"_et_pb_use_builder":"","_et_pb_old_content":""},"categories":[2],"tags":[],"yoast_head":"<!-- This site is optimized with the Yoast SEO Premium plugin v17.8 (Yoast SEO v17.8) - https:\/\/yoast.com\/wordpress\/plugins\/seo\/ -->\n<title>CRISE D\u2019AUTORIT\u00c9 \u00c0 LA T\u00caTE DE L\u2019\u00c9TAT- Thierno Alassane Sall d\u00e9nonce la &quot;double face&quot; du pouvoir Diomaye\u2013Sonko | Nettali.com<\/title>\n<meta name=\"robots\" content=\"index, follow, max-snippet:-1, max-image-preview:large, max-video-preview:-1\" \/>\n<link rel=\"canonical\" href=\"https:\/\/www.nettali.com\/2025\/07\/16\/crise-dautorite-a-la-tete-de-letat-thierno-alassane-sall-denonce-la-double-face-du-pouvoir-diomaye-sonko\/\" \/>\n<meta property=\"og:locale\" content=\"fr_FR\" \/>\n<meta property=\"og:type\" content=\"article\" \/>\n<meta property=\"og:title\" content=\"CRISE D\u2019AUTORIT\u00c9 \u00c0 LA T\u00caTE DE L\u2019\u00c9TAT- Thierno Alassane Sall d\u00e9nonce la &quot;double face&quot; du pouvoir Diomaye\u2013Sonko\" \/>\n<meta property=\"og:description\" content=\"NETTALI.COM- Dans une tribune au vitriol, Thierno Alassane Sall accuse le pr\u00e9sident Bassirou Diomaye Faye de se soumettre aux d\u00e9rives de son Premier ministre Ousmane Sonko. Le d\u00e9put\u00e9 d\u00e9nonce un pouvoir qui banalise les attaques contre la justice, les m\u00e9dias et la soci\u00e9t\u00e9 civile, et alerte sur une crise profonde de gouvernance, masqu\u00e9e selon lui [&hellip;]\" \/>\n<meta property=\"og:url\" content=\"https:\/\/www.nettali.com\/2025\/07\/16\/crise-dautorite-a-la-tete-de-letat-thierno-alassane-sall-denonce-la-double-face-du-pouvoir-diomaye-sonko\/\" \/>\n<meta property=\"og:site_name\" content=\"Nettali.com\" \/>\n<meta property=\"article:publisher\" content=\"https:\/\/www.facebook.com\/nettalicom\" \/>\n<meta property=\"article:published_time\" content=\"2025-07-16T22:39:46+00:00\" \/>\n<meta property=\"og:image\" content=\"https:\/\/www.nettali.com\/wp-content\/uploads\/2025\/06\/Thierno-Alassane-Sall.jpg\" \/>\n\t<meta property=\"og:image:width\" content=\"1066\" \/>\n\t<meta property=\"og:image:height\" content=\"693\" \/>\n<meta name=\"twitter:card\" content=\"summary_large_image\" \/>\n<meta name=\"twitter:label1\" content=\"\u00c9crit par\" \/>\n\t<meta name=\"twitter:data1\" content=\"Daouda\" \/>\n\t<meta name=\"twitter:label2\" content=\"Dur\u00e9e de lecture estim\u00e9e\" \/>\n\t<meta name=\"twitter:data2\" content=\"4 minutes\" \/>\n<script type=\"application\/ld+json\" class=\"yoast-schema-graph\">{\"@context\":\"https:\/\/schema.org\",\"@graph\":[{\"@type\":\"WebSite\",\"@id\":\"https:\/\/www.nettali.com\/#website\",\"url\":\"https:\/\/www.nettali.com\/\",\"name\":\"Nettali.com\",\"description\":\"Le rendez-vous critique du Net\",\"potentialAction\":[{\"@type\":\"SearchAction\",\"target\":{\"@type\":\"EntryPoint\",\"urlTemplate\":\"https:\/\/www.nettali.com\/?s={search_term_string}\"},\"query-input\":\"required name=search_term_string\"}],\"inLanguage\":\"fr-FR\"},{\"@type\":\"ImageObject\",\"@id\":\"https:\/\/www.nettali.com\/2025\/07\/16\/crise-dautorite-a-la-tete-de-letat-thierno-alassane-sall-denonce-la-double-face-du-pouvoir-diomaye-sonko\/#primaryimage\",\"inLanguage\":\"fr-FR\",\"url\":\"https:\/\/www.nettali.com\/wp-content\/uploads\/2025\/06\/Thierno-Alassane-Sall.jpg\",\"contentUrl\":\"https:\/\/www.nettali.com\/wp-content\/uploads\/2025\/06\/Thierno-Alassane-Sall.jpg\",\"width\":1066,\"height\":693},{\"@type\":\"WebPage\",\"@id\":\"https:\/\/www.nettali.com\/2025\/07\/16\/crise-dautorite-a-la-tete-de-letat-thierno-alassane-sall-denonce-la-double-face-du-pouvoir-diomaye-sonko\/#webpage\",\"url\":\"https:\/\/www.nettali.com\/2025\/07\/16\/crise-dautorite-a-la-tete-de-letat-thierno-alassane-sall-denonce-la-double-face-du-pouvoir-diomaye-sonko\/\",\"name\":\"CRISE D\\u2019AUTORIT\\u00c9 \\u00c0 LA T\\u00caTE DE L\\u2019\\u00c9TAT- Thierno Alassane Sall d\\u00e9nonce la \\\"double face\\\" du pouvoir Diomaye\\u2013Sonko | Nettali.com\",\"isPartOf\":{\"@id\":\"https:\/\/www.nettali.com\/#website\"},\"primaryImageOfPage\":{\"@id\":\"https:\/\/www.nettali.com\/2025\/07\/16\/crise-dautorite-a-la-tete-de-letat-thierno-alassane-sall-denonce-la-double-face-du-pouvoir-diomaye-sonko\/#primaryimage\"},\"datePublished\":\"2025-07-16T22:39:46+00:00\",\"dateModified\":\"2025-07-16T22:39:46+00:00\",\"author\":{\"@id\":\"https:\/\/www.nettali.com\/#\/schema\/person\/3317e0bb3aa1da309fbf7b2780901bf4\"},\"breadcrumb\":{\"@id\":\"https:\/\/www.nettali.com\/2025\/07\/16\/crise-dautorite-a-la-tete-de-letat-thierno-alassane-sall-denonce-la-double-face-du-pouvoir-diomaye-sonko\/#breadcrumb\"},\"inLanguage\":\"fr-FR\",\"potentialAction\":[{\"@type\":\"ReadAction\",\"target\":[\"https:\/\/www.nettali.com\/2025\/07\/16\/crise-dautorite-a-la-tete-de-letat-thierno-alassane-sall-denonce-la-double-face-du-pouvoir-diomaye-sonko\/\"]}]},{\"@type\":\"BreadcrumbList\",\"@id\":\"https:\/\/www.nettali.com\/2025\/07\/16\/crise-dautorite-a-la-tete-de-letat-thierno-alassane-sall-denonce-la-double-face-du-pouvoir-diomaye-sonko\/#breadcrumb\",\"itemListElement\":[{\"@type\":\"ListItem\",\"position\":1,\"name\":\"Accueil\",\"item\":\"https:\/\/www.nettali.com\/\"},{\"@type\":\"ListItem\",\"position\":2,\"name\":\"CRISE D\\u2019AUTORIT\\u00c9 \\u00c0 LA T\\u00caTE DE L\\u2019\\u00c9TAT- Thierno Alassane Sall d\\u00e9nonce la \\\"double face\\\" du pouvoir Diomaye\\u2013Sonko\"}]},{\"@type\":\"Person\",\"@id\":\"https:\/\/www.nettali.com\/#\/schema\/person\/3317e0bb3aa1da309fbf7b2780901bf4\",\"name\":\"Daouda\",\"image\":{\"@type\":\"ImageObject\",\"@id\":\"https:\/\/www.nettali.com\/#personlogo\",\"inLanguage\":\"fr-FR\",\"url\":\"https:\/\/secure.gravatar.com\/avatar\/8d143b5a49345098ddcfee1c49c2f47c?s=96&d=mm&r=g\",\"contentUrl\":\"https:\/\/secure.gravatar.com\/avatar\/8d143b5a49345098ddcfee1c49c2f47c?s=96&d=mm&r=g\",\"caption\":\"Daouda\"},\"sameAs\":[\"https:\/\/www.nettali.com\"]}]}<\/script>\n<!-- \/ Yoast SEO Premium plugin. -->","yoast_head_json":{"title":"CRISE D\u2019AUTORIT\u00c9 \u00c0 LA T\u00caTE DE L\u2019\u00c9TAT- Thierno Alassane Sall d\u00e9nonce la \"double face\" du pouvoir Diomaye\u2013Sonko | Nettali.com","robots":{"index":"index","follow":"follow","max-snippet":"max-snippet:-1","max-image-preview":"max-image-preview:large","max-video-preview":"max-video-preview:-1"},"canonical":"https:\/\/www.nettali.com\/2025\/07\/16\/crise-dautorite-a-la-tete-de-letat-thierno-alassane-sall-denonce-la-double-face-du-pouvoir-diomaye-sonko\/","og_locale":"fr_FR","og_type":"article","og_title":"CRISE D\u2019AUTORIT\u00c9 \u00c0 LA T\u00caTE DE L\u2019\u00c9TAT- Thierno Alassane Sall d\u00e9nonce la \"double face\" du pouvoir Diomaye\u2013Sonko","og_description":"NETTALI.COM- Dans une tribune au vitriol, Thierno Alassane Sall accuse le pr\u00e9sident Bassirou Diomaye Faye de se soumettre aux d\u00e9rives de son Premier ministre Ousmane Sonko. Le d\u00e9put\u00e9 d\u00e9nonce un pouvoir qui banalise les attaques contre la justice, les m\u00e9dias et la soci\u00e9t\u00e9 civile, et alerte sur une crise profonde de gouvernance, masqu\u00e9e selon lui [&hellip;]","og_url":"https:\/\/www.nettali.com\/2025\/07\/16\/crise-dautorite-a-la-tete-de-letat-thierno-alassane-sall-denonce-la-double-face-du-pouvoir-diomaye-sonko\/","og_site_name":"Nettali.com","article_publisher":"https:\/\/www.facebook.com\/nettalicom","article_published_time":"2025-07-16T22:39:46+00:00","og_image":[{"width":1066,"height":693,"url":"https:\/\/www.nettali.com\/wp-content\/uploads\/2025\/06\/Thierno-Alassane-Sall.jpg","type":"image\/jpeg"}],"twitter_card":"summary_large_image","twitter_misc":{"\u00c9crit par":"Daouda","Dur\u00e9e de lecture estim\u00e9e":"4 minutes"},"schema":{"@context":"https:\/\/schema.org","@graph":[{"@type":"WebSite","@id":"https:\/\/www.nettali.com\/#website","url":"https:\/\/www.nettali.com\/","name":"Nettali.com","description":"Le rendez-vous critique du Net","potentialAction":[{"@type":"SearchAction","target":{"@type":"EntryPoint","urlTemplate":"https:\/\/www.nettali.com\/?s={search_term_string}"},"query-input":"required name=search_term_string"}],"inLanguage":"fr-FR"},{"@type":"ImageObject","@id":"https:\/\/www.nettali.com\/2025\/07\/16\/crise-dautorite-a-la-tete-de-letat-thierno-alassane-sall-denonce-la-double-face-du-pouvoir-diomaye-sonko\/#primaryimage","inLanguage":"fr-FR","url":"https:\/\/www.nettali.com\/wp-content\/uploads\/2025\/06\/Thierno-Alassane-Sall.jpg","contentUrl":"https:\/\/www.nettali.com\/wp-content\/uploads\/2025\/06\/Thierno-Alassane-Sall.jpg","width":1066,"height":693},{"@type":"WebPage","@id":"https:\/\/www.nettali.com\/2025\/07\/16\/crise-dautorite-a-la-tete-de-letat-thierno-alassane-sall-denonce-la-double-face-du-pouvoir-diomaye-sonko\/#webpage","url":"https:\/\/www.nettali.com\/2025\/07\/16\/crise-dautorite-a-la-tete-de-letat-thierno-alassane-sall-denonce-la-double-face-du-pouvoir-diomaye-sonko\/","name":"CRISE D\u2019AUTORIT\u00c9 \u00c0 LA T\u00caTE DE L\u2019\u00c9TAT- Thierno Alassane Sall d\u00e9nonce la \"double face\" du pouvoir Diomaye\u2013Sonko | Nettali.com","isPartOf":{"@id":"https:\/\/www.nettali.com\/#website"},"primaryImageOfPage":{"@id":"https:\/\/www.nettali.com\/2025\/07\/16\/crise-dautorite-a-la-tete-de-letat-thierno-alassane-sall-denonce-la-double-face-du-pouvoir-diomaye-sonko\/#primaryimage"},"datePublished":"2025-07-16T22:39:46+00:00","dateModified":"2025-07-16T22:39:46+00:00","author":{"@id":"https:\/\/www.nettali.com\/#\/schema\/person\/3317e0bb3aa1da309fbf7b2780901bf4"},"breadcrumb":{"@id":"https:\/\/www.nettali.com\/2025\/07\/16\/crise-dautorite-a-la-tete-de-letat-thierno-alassane-sall-denonce-la-double-face-du-pouvoir-diomaye-sonko\/#breadcrumb"},"inLanguage":"fr-FR","potentialAction":[{"@type":"ReadAction","target":["https:\/\/www.nettali.com\/2025\/07\/16\/crise-dautorite-a-la-tete-de-letat-thierno-alassane-sall-denonce-la-double-face-du-pouvoir-diomaye-sonko\/"]}]},{"@type":"BreadcrumbList","@id":"https:\/\/www.nettali.com\/2025\/07\/16\/crise-dautorite-a-la-tete-de-letat-thierno-alassane-sall-denonce-la-double-face-du-pouvoir-diomaye-sonko\/#breadcrumb","itemListElement":[{"@type":"ListItem","position":1,"name":"Accueil","item":"https:\/\/www.nettali.com\/"},{"@type":"ListItem","position":2,"name":"CRISE D\u2019AUTORIT\u00c9 \u00c0 LA T\u00caTE DE L\u2019\u00c9TAT- Thierno Alassane Sall d\u00e9nonce la \"double face\" du pouvoir Diomaye\u2013Sonko"}]},{"@type":"Person","@id":"https:\/\/www.nettali.com\/#\/schema\/person\/3317e0bb3aa1da309fbf7b2780901bf4","name":"Daouda","image":{"@type":"ImageObject","@id":"https:\/\/www.nettali.com\/#personlogo","inLanguage":"fr-FR","url":"https:\/\/secure.gravatar.com\/avatar\/8d143b5a49345098ddcfee1c49c2f47c?s=96&d=mm&r=g","contentUrl":"https:\/\/secure.gravatar.com\/avatar\/8d143b5a49345098ddcfee1c49c2f47c?s=96&d=mm&r=g","caption":"Daouda"},"sameAs":["https:\/\/www.nettali.com"]}]}},"_links":{"self":[{"href":"https:\/\/www.nettali.com\/rest\/wp\/v2\/posts\/157738"}],"collection":[{"href":"https:\/\/www.nettali.com\/rest\/wp\/v2\/posts"}],"about":[{"href":"https:\/\/www.nettali.com\/rest\/wp\/v2\/types\/post"}],"author":[{"embeddable":true,"href":"https:\/\/www.nettali.com\/rest\/wp\/v2\/users\/4"}],"replies":[{"embeddable":true,"href":"https:\/\/www.nettali.com\/rest\/wp\/v2\/comments?post=157738"}],"version-history":[{"count":1,"href":"https:\/\/www.nettali.com\/rest\/wp\/v2\/posts\/157738\/revisions"}],"predecessor-version":[{"id":157739,"href":"https:\/\/www.nettali.com\/rest\/wp\/v2\/posts\/157738\/revisions\/157739"}],"wp:featuredmedia":[{"embeddable":true,"href":"https:\/\/www.nettali.com\/rest\/wp\/v2\/media\/155705"}],"wp:attachment":[{"href":"https:\/\/www.nettali.com\/rest\/wp\/v2\/media?parent=157738"}],"wp:term":[{"taxonomy":"category","embeddable":true,"href":"https:\/\/www.nettali.com\/rest\/wp\/v2\/categories?post=157738"},{"taxonomy":"post_tag","embeddable":true,"href":"https:\/\/www.nettali.com\/rest\/wp\/v2\/tags?post=157738"}],"curies":[{"name":"wp","href":"https:\/\/api.w.org\/{rel}","templated":true}]}}