{"id":157727,"date":"2025-07-16T21:20:20","date_gmt":"2025-07-16T21:20:20","guid":{"rendered":"https:\/\/www.nettali.com\/?p=157727"},"modified":"2025-07-16T22:33:22","modified_gmt":"2025-07-16T22:33:22","slug":"haute-cour-de-justice-des-avocats-internationaux-entrent-en-scene-pour-denoncer-des-violations-des-droits-fondamentaux","status":"publish","type":"post","link":"https:\/\/www.nettali.com\/2025\/07\/16\/haute-cour-de-justice-des-avocats-internationaux-entrent-en-scene-pour-denoncer-des-violations-des-droits-fondamentaux\/","title":{"rendered":"HAUTE COUR DE JUSTICE - Des avocats internationaux entrent en sc\u00e8ne pour d\u00e9noncer des violations des droits fondamentaux"},"content":{"rendered":"<p data-start=\"345\" data-end=\"648\"><strong data-start=\"345\" data-end=\"648\">NETTALI.COM - La bataille judiciaire autour de plusieurs figures de l\u2019opposition s\u00e9n\u00e9galaise prend une tournure internationale. Ce mercredi 16 juillet, le collectif d\u2019avocats de la d\u00e9fense, renforc\u00e9 par le cabinet fran\u00e7ais Vey &amp; Associ\u00e9s, a d\u00e9voil\u00e9 une strat\u00e9gie offensive lors d\u2019une conf\u00e9rence de presse \u00e0 Dakar.<\/strong><\/p>\n<p data-start=\"650\" data-end=\"921\">Dans une salle d\u2019h\u00f4tel de la capitale, la d\u00e9fense s\u00e9n\u00e9galaise, repr\u00e9sent\u00e9e notamment par Me Oumar Youm et Me Amadou Sall, a officialis\u00e9 la collaboration avec le cabinet Vey &amp; Associ\u00e9s, dirig\u00e9 par Me Antoine Vey, avocat inscrit aux barreaux de Paris et Gen\u00e8ve.<\/p>\n<h3 data-start=\"923\" data-end=\"977\">Quinze proc\u00e9dures et des recours internationaux<\/h3>\n<p data-start=\"979\" data-end=\"1039\">Me Antoine Vey a pr\u00e9cis\u00e9 les contours de leur engagement : <em>\u00ab Nous sommes des avocats francophones mais internationaux, venus pr\u00eater main-forte \u00e0 nos confr\u00e8res s\u00e9n\u00e9galais dans le suivi d\u2019une quinzaine de proc\u00e9dures qui concernent d\u2019anciens ministres, responsables politiques, journalistes\u2026 pour des d\u00e9lits qui paraissent constituer des entraves \u00e0 la libert\u00e9 d\u2019informer. \u00bb<\/em><\/p>\n<p data-start=\"1355\" data-end=\"1801\">Plusieurs recours ont d\u2019ores et d\u00e9j\u00e0 \u00e9t\u00e9 d\u00e9pos\u00e9s devant les Nations unies et la Cour de justice de la CEDEAO. Parmi eux, une plainte contre la Haute Cour de justice du S\u00e9n\u00e9gal, qualifi\u00e9e par Me Vey de <em>\u00ab juridiction largement contr\u00f4l\u00e9e par une majorit\u00e9 politique \u00bb<\/em>. Un second recours, adress\u00e9 au Groupe de travail de l\u2019ONU sur la d\u00e9tention arbitraire, vise les conditions de d\u00e9tention jug\u00e9es pr\u00e9occupantes de certains mis en cause.<\/p>\n<h3 data-start=\"1803\" data-end=\"1851\">Une justice per\u00e7ue comme instrumentalis\u00e9e<\/h3>\n<p data-start=\"1853\" data-end=\"1962\">Pour les avocats, le c\u0153ur du probl\u00e8me r\u00e9side dans la politisation croissante de la justice s\u00e9n\u00e9galaise.<\/p>\n<p data-start=\"1965\" data-end=\"2214\"><em>\u00ab Quand une succession de hauts responsables politiques sont mis en cause par une juridiction elle-m\u00eame politis\u00e9e, on peut craindre une instrumentalisation \u00e0 des fins de purge ou de restriction des libert\u00e9s civiles et politiques \u00bb<\/em>, a d\u00e9clar\u00e9 Me Vey.<\/p>\n<p data-start=\"2216\" data-end=\"2525\">La d\u00e9fense d\u00e9nonce l\u2019absence d\u2019acc\u00e8s complet aux dossiers, le non-respect du contradictoire et le maintien en d\u00e9tention de pr\u00e9venus malgr\u00e9 des rapports m\u00e9dicaux concluant \u00e0 leur inaptitude. \u00ab Quand une expertise dit qu\u2019une personne ne peut \u00eatre maintenue en d\u00e9tention, elle devrait \u00eatre lib\u00e9r\u00e9e. \u00bb<\/p>\n<h3 data-start=\"2527\" data-end=\"2585\">Une offensive pour alerter l\u2019opinion internationale<\/h3>\n<p data-start=\"2587\" data-end=\"2783\">Le collectif entend s\u2019appuyer sur les m\u00e9canismes d\u2019alerte des <strong data-start=\"2649\" data-end=\"2666\">Nations unies<\/strong>, dont les rapports annuels peuvent avoir des cons\u00e9quences sur l\u2019image et la coop\u00e9ration internationale du S\u00e9n\u00e9gal.<\/p>\n<p data-start=\"2786\" data-end=\"2960\"><em>\u00ab Ce que nous d\u00e9non\u00e7ons, c\u2019est un climat r\u00e9gressif en mati\u00e8re de libert\u00e9s, qui touche au-del\u00e0 des hommes politiques, les journalistes et la soci\u00e9t\u00e9 civile \u00bb<\/em>, a ajout\u00e9 Me Vey.<\/p>\n<p data-start=\"2962\" data-end=\"3162\">L\u2019avocat estime que certains dossiers <em>\u00ab en voie de cl\u00f4ture \u00bb<\/em> sont construits sur des bases <em>\u00ab tr\u00e8s peu \u00e9tay\u00e9es \u00bb<\/em>, et que les mis en cause <em>\u00ab n\u2019ont toujours pas pu faire valoir pleinement leurs droits \u00bb.<\/em><\/p>\n<h3 data-start=\"3164\" data-end=\"3212\">Les propos de Sonko utilis\u00e9s comme preuve<\/h3>\n<p data-start=\"3214\" data-end=\"3555\">Alors que le Premier ministre Ousmane Sonko multiplie les attaques publiques contre la magistrature, Me Antoine Vey affirme que ces d\u00e9clarations <em>\u00ab s\u2019inscrivent dans le faisceau d\u2019\u00e9l\u00e9ments transmis aux institutions internationales \u00bb<\/em>. Elles viennent, selon lui, renforcer la th\u00e8se d\u2019une justice fragilis\u00e9e par les interf\u00e9rences politiques.<\/p>\n<p data-start=\"3608\" data-end=\"3647\">En conclusion, le collectif insiste : <em>\u00ab Aucun des mis en cause n\u2019a encore \u00e9t\u00e9 condamn\u00e9. Ce sont des personnes qui ont besoin de pouvoir travailler avec leurs avocats et se d\u00e9fendre librement. \u00bb<\/em><\/p>\n<p data-start=\"3807\" data-end=\"4054\">L\u2019objectif affich\u00e9 est double : garantir un proc\u00e8s \u00e9quitable et d\u00e9noncer toute d\u00e9rive attentatoire aux libert\u00e9s fondamentales. Les avocats internationaux n\u2019excluent pas de poursuivre leur plaidoyer devant d\u2019autres juridictions internationales.<\/p>\n<div class='share-to-whatsapp-wrapper'><div class='share-on-whsp'>PARTAGER SUR : <\/div><a data-text='HAUTE COUR DE JUSTICE - Des avocats internationaux entrent en sc\u00e8ne pour d\u00e9noncer des violations des droits fondamentaux' data-link='https:\/\/www.nettali.com\/2025\/07\/16\/haute-cour-de-justice-des-avocats-internationaux-entrent-en-scene-pour-denoncer-des-violations-des-droits-fondamentaux\/' class='whatsapp-button whatsapp-share'>WhatsApp<\/a><div class='clear '><\/div><\/div>","protected":false},"excerpt":{"rendered":"<p>NETTALI.COM - La bataille judiciaire autour de plusieurs figures de l\u2019opposition s\u00e9n\u00e9galaise prend une tournure internationale. Ce mercredi 16 juillet, le collectif d\u2019avocats de la d\u00e9fense, renforc\u00e9 par le cabinet fran\u00e7ais Vey &amp; Associ\u00e9s, a d\u00e9voil\u00e9 une strat\u00e9gie offensive lors d\u2019une conf\u00e9rence de presse \u00e0 Dakar. Dans une salle d\u2019h\u00f4tel de la capitale, la d\u00e9fense [&hellip;]<\/p>\n","protected":false},"author":4,"featured_media":157728,"comment_status":"open","ping_status":"open","sticky":false,"template":"","format":"standard","meta":{"_et_pb_use_builder":"","_et_pb_old_content":""},"categories":[2],"tags":[],"yoast_head":"<!-- This site is optimized with the Yoast SEO Premium plugin v17.8 (Yoast SEO v17.8) - https:\/\/yoast.com\/wordpress\/plugins\/seo\/ -->\n<title>HAUTE COUR DE JUSTICE - Des avocats internationaux entrent en sc\u00e8ne pour d\u00e9noncer des violations des droits fondamentaux | Nettali.com<\/title>\n<meta name=\"robots\" content=\"index, follow, max-snippet:-1, max-image-preview:large, max-video-preview:-1\" \/>\n<link rel=\"canonical\" href=\"https:\/\/www.nettali.com\/2025\/07\/16\/haute-cour-de-justice-des-avocats-internationaux-entrent-en-scene-pour-denoncer-des-violations-des-droits-fondamentaux\/\" \/>\n<meta property=\"og:locale\" content=\"fr_FR\" \/>\n<meta property=\"og:type\" content=\"article\" \/>\n<meta property=\"og:title\" content=\"HAUTE COUR DE JUSTICE - Des avocats internationaux entrent en sc\u00e8ne pour d\u00e9noncer des violations des droits fondamentaux\" \/>\n<meta property=\"og:description\" content=\"NETTALI.COM - La bataille judiciaire autour de plusieurs figures de l\u2019opposition s\u00e9n\u00e9galaise prend une tournure internationale. Ce mercredi 16 juillet, le collectif d\u2019avocats de la d\u00e9fense, renforc\u00e9 par le cabinet fran\u00e7ais Vey &amp; Associ\u00e9s, a d\u00e9voil\u00e9 une strat\u00e9gie offensive lors d\u2019une conf\u00e9rence de presse \u00e0 Dakar. Dans une salle d\u2019h\u00f4tel de la capitale, la d\u00e9fense [&hellip;]\" \/>\n<meta property=\"og:url\" content=\"https:\/\/www.nettali.com\/2025\/07\/16\/haute-cour-de-justice-des-avocats-internationaux-entrent-en-scene-pour-denoncer-des-violations-des-droits-fondamentaux\/\" \/>\n<meta property=\"og:site_name\" content=\"Nettali.com\" \/>\n<meta property=\"article:publisher\" content=\"https:\/\/www.facebook.com\/nettalicom\" \/>\n<meta property=\"article:published_time\" content=\"2025-07-16T21:20:20+00:00\" \/>\n<meta property=\"article:modified_time\" content=\"2025-07-16T22:33:22+00:00\" \/>\n<meta property=\"og:image\" content=\"https:\/\/www.nettali.com\/wp-content\/uploads\/2025\/07\/1200-L-affaire-jgou-auradou-une-immense-victoire-pour-me-antoine-vey-avocat-des-joueurs.jpg\" \/>\n\t<meta property=\"og:image:width\" content=\"1200\" \/>\n\t<meta property=\"og:image:height\" content=\"640\" \/>\n<meta name=\"twitter:card\" content=\"summary_large_image\" \/>\n<meta name=\"twitter:label1\" content=\"\u00c9crit par\" \/>\n\t<meta name=\"twitter:data1\" content=\"Daouda\" \/>\n\t<meta name=\"twitter:label2\" content=\"Dur\u00e9e de lecture estim\u00e9e\" \/>\n\t<meta name=\"twitter:data2\" content=\"3 minutes\" \/>\n<script type=\"application\/ld+json\" class=\"yoast-schema-graph\">{\"@context\":\"https:\/\/schema.org\",\"@graph\":[{\"@type\":\"WebSite\",\"@id\":\"https:\/\/www.nettali.com\/#website\",\"url\":\"https:\/\/www.nettali.com\/\",\"name\":\"Nettali.com\",\"description\":\"Le rendez-vous critique du Net\",\"potentialAction\":[{\"@type\":\"SearchAction\",\"target\":{\"@type\":\"EntryPoint\",\"urlTemplate\":\"https:\/\/www.nettali.com\/?s={search_term_string}\"},\"query-input\":\"required name=search_term_string\"}],\"inLanguage\":\"fr-FR\"},{\"@type\":\"ImageObject\",\"@id\":\"https:\/\/www.nettali.com\/2025\/07\/16\/haute-cour-de-justice-des-avocats-internationaux-entrent-en-scene-pour-denoncer-des-violations-des-droits-fondamentaux\/#primaryimage\",\"inLanguage\":\"fr-FR\",\"url\":\"https:\/\/www.nettali.com\/wp-content\/uploads\/2025\/07\/1200-L-affaire-jgou-auradou-une-immense-victoire-pour-me-antoine-vey-avocat-des-joueurs.jpg\",\"contentUrl\":\"https:\/\/www.nettali.com\/wp-content\/uploads\/2025\/07\/1200-L-affaire-jgou-auradou-une-immense-victoire-pour-me-antoine-vey-avocat-des-joueurs.jpg\",\"width\":1200,\"height\":640},{\"@type\":\"WebPage\",\"@id\":\"https:\/\/www.nettali.com\/2025\/07\/16\/haute-cour-de-justice-des-avocats-internationaux-entrent-en-scene-pour-denoncer-des-violations-des-droits-fondamentaux\/#webpage\",\"url\":\"https:\/\/www.nettali.com\/2025\/07\/16\/haute-cour-de-justice-des-avocats-internationaux-entrent-en-scene-pour-denoncer-des-violations-des-droits-fondamentaux\/\",\"name\":\"HAUTE COUR DE JUSTICE - Des avocats internationaux entrent en sc\\u00e8ne pour d\\u00e9noncer des violations des droits fondamentaux | Nettali.com\",\"isPartOf\":{\"@id\":\"https:\/\/www.nettali.com\/#website\"},\"primaryImageOfPage\":{\"@id\":\"https:\/\/www.nettali.com\/2025\/07\/16\/haute-cour-de-justice-des-avocats-internationaux-entrent-en-scene-pour-denoncer-des-violations-des-droits-fondamentaux\/#primaryimage\"},\"datePublished\":\"2025-07-16T21:20:20+00:00\",\"dateModified\":\"2025-07-16T22:33:22+00:00\",\"author\":{\"@id\":\"https:\/\/www.nettali.com\/#\/schema\/person\/3317e0bb3aa1da309fbf7b2780901bf4\"},\"breadcrumb\":{\"@id\":\"https:\/\/www.nettali.com\/2025\/07\/16\/haute-cour-de-justice-des-avocats-internationaux-entrent-en-scene-pour-denoncer-des-violations-des-droits-fondamentaux\/#breadcrumb\"},\"inLanguage\":\"fr-FR\",\"potentialAction\":[{\"@type\":\"ReadAction\",\"target\":[\"https:\/\/www.nettali.com\/2025\/07\/16\/haute-cour-de-justice-des-avocats-internationaux-entrent-en-scene-pour-denoncer-des-violations-des-droits-fondamentaux\/\"]}]},{\"@type\":\"BreadcrumbList\",\"@id\":\"https:\/\/www.nettali.com\/2025\/07\/16\/haute-cour-de-justice-des-avocats-internationaux-entrent-en-scene-pour-denoncer-des-violations-des-droits-fondamentaux\/#breadcrumb\",\"itemListElement\":[{\"@type\":\"ListItem\",\"position\":1,\"name\":\"Accueil\",\"item\":\"https:\/\/www.nettali.com\/\"},{\"@type\":\"ListItem\",\"position\":2,\"name\":\"HAUTE COUR DE JUSTICE - Des avocats internationaux entrent en sc\\u00e8ne pour d\\u00e9noncer des violations des droits fondamentaux\"}]},{\"@type\":\"Person\",\"@id\":\"https:\/\/www.nettali.com\/#\/schema\/person\/3317e0bb3aa1da309fbf7b2780901bf4\",\"name\":\"Daouda\",\"image\":{\"@type\":\"ImageObject\",\"@id\":\"https:\/\/www.nettali.com\/#personlogo\",\"inLanguage\":\"fr-FR\",\"url\":\"https:\/\/secure.gravatar.com\/avatar\/8d143b5a49345098ddcfee1c49c2f47c?s=96&d=mm&r=g\",\"contentUrl\":\"https:\/\/secure.gravatar.com\/avatar\/8d143b5a49345098ddcfee1c49c2f47c?s=96&d=mm&r=g\",\"caption\":\"Daouda\"},\"sameAs\":[\"https:\/\/www.nettali.com\"]}]}<\/script>\n<!-- \/ Yoast SEO Premium plugin. -->","yoast_head_json":{"title":"HAUTE COUR DE JUSTICE - Des avocats internationaux entrent en sc\u00e8ne pour d\u00e9noncer des violations des droits fondamentaux | Nettali.com","robots":{"index":"index","follow":"follow","max-snippet":"max-snippet:-1","max-image-preview":"max-image-preview:large","max-video-preview":"max-video-preview:-1"},"canonical":"https:\/\/www.nettali.com\/2025\/07\/16\/haute-cour-de-justice-des-avocats-internationaux-entrent-en-scene-pour-denoncer-des-violations-des-droits-fondamentaux\/","og_locale":"fr_FR","og_type":"article","og_title":"HAUTE COUR DE JUSTICE - Des avocats internationaux entrent en sc\u00e8ne pour d\u00e9noncer des violations des droits fondamentaux","og_description":"NETTALI.COM - La bataille judiciaire autour de plusieurs figures de l\u2019opposition s\u00e9n\u00e9galaise prend une tournure internationale. Ce mercredi 16 juillet, le collectif d\u2019avocats de la d\u00e9fense, renforc\u00e9 par le cabinet fran\u00e7ais Vey &amp; Associ\u00e9s, a d\u00e9voil\u00e9 une strat\u00e9gie offensive lors d\u2019une conf\u00e9rence de presse \u00e0 Dakar. Dans une salle d\u2019h\u00f4tel de la capitale, la d\u00e9fense [&hellip;]","og_url":"https:\/\/www.nettali.com\/2025\/07\/16\/haute-cour-de-justice-des-avocats-internationaux-entrent-en-scene-pour-denoncer-des-violations-des-droits-fondamentaux\/","og_site_name":"Nettali.com","article_publisher":"https:\/\/www.facebook.com\/nettalicom","article_published_time":"2025-07-16T21:20:20+00:00","article_modified_time":"2025-07-16T22:33:22+00:00","og_image":[{"width":1200,"height":640,"url":"https:\/\/www.nettali.com\/wp-content\/uploads\/2025\/07\/1200-L-affaire-jgou-auradou-une-immense-victoire-pour-me-antoine-vey-avocat-des-joueurs.jpg","type":"image\/jpeg"}],"twitter_card":"summary_large_image","twitter_misc":{"\u00c9crit par":"Daouda","Dur\u00e9e de lecture estim\u00e9e":"3 minutes"},"schema":{"@context":"https:\/\/schema.org","@graph":[{"@type":"WebSite","@id":"https:\/\/www.nettali.com\/#website","url":"https:\/\/www.nettali.com\/","name":"Nettali.com","description":"Le rendez-vous critique du Net","potentialAction":[{"@type":"SearchAction","target":{"@type":"EntryPoint","urlTemplate":"https:\/\/www.nettali.com\/?s={search_term_string}"},"query-input":"required name=search_term_string"}],"inLanguage":"fr-FR"},{"@type":"ImageObject","@id":"https:\/\/www.nettali.com\/2025\/07\/16\/haute-cour-de-justice-des-avocats-internationaux-entrent-en-scene-pour-denoncer-des-violations-des-droits-fondamentaux\/#primaryimage","inLanguage":"fr-FR","url":"https:\/\/www.nettali.com\/wp-content\/uploads\/2025\/07\/1200-L-affaire-jgou-auradou-une-immense-victoire-pour-me-antoine-vey-avocat-des-joueurs.jpg","contentUrl":"https:\/\/www.nettali.com\/wp-content\/uploads\/2025\/07\/1200-L-affaire-jgou-auradou-une-immense-victoire-pour-me-antoine-vey-avocat-des-joueurs.jpg","width":1200,"height":640},{"@type":"WebPage","@id":"https:\/\/www.nettali.com\/2025\/07\/16\/haute-cour-de-justice-des-avocats-internationaux-entrent-en-scene-pour-denoncer-des-violations-des-droits-fondamentaux\/#webpage","url":"https:\/\/www.nettali.com\/2025\/07\/16\/haute-cour-de-justice-des-avocats-internationaux-entrent-en-scene-pour-denoncer-des-violations-des-droits-fondamentaux\/","name":"HAUTE COUR DE JUSTICE - Des avocats internationaux entrent en sc\u00e8ne pour d\u00e9noncer des violations des droits fondamentaux | Nettali.com","isPartOf":{"@id":"https:\/\/www.nettali.com\/#website"},"primaryImageOfPage":{"@id":"https:\/\/www.nettali.com\/2025\/07\/16\/haute-cour-de-justice-des-avocats-internationaux-entrent-en-scene-pour-denoncer-des-violations-des-droits-fondamentaux\/#primaryimage"},"datePublished":"2025-07-16T21:20:20+00:00","dateModified":"2025-07-16T22:33:22+00:00","author":{"@id":"https:\/\/www.nettali.com\/#\/schema\/person\/3317e0bb3aa1da309fbf7b2780901bf4"},"breadcrumb":{"@id":"https:\/\/www.nettali.com\/2025\/07\/16\/haute-cour-de-justice-des-avocats-internationaux-entrent-en-scene-pour-denoncer-des-violations-des-droits-fondamentaux\/#breadcrumb"},"inLanguage":"fr-FR","potentialAction":[{"@type":"ReadAction","target":["https:\/\/www.nettali.com\/2025\/07\/16\/haute-cour-de-justice-des-avocats-internationaux-entrent-en-scene-pour-denoncer-des-violations-des-droits-fondamentaux\/"]}]},{"@type":"BreadcrumbList","@id":"https:\/\/www.nettali.com\/2025\/07\/16\/haute-cour-de-justice-des-avocats-internationaux-entrent-en-scene-pour-denoncer-des-violations-des-droits-fondamentaux\/#breadcrumb","itemListElement":[{"@type":"ListItem","position":1,"name":"Accueil","item":"https:\/\/www.nettali.com\/"},{"@type":"ListItem","position":2,"name":"HAUTE COUR DE JUSTICE - Des avocats internationaux entrent en sc\u00e8ne pour d\u00e9noncer des violations des droits fondamentaux"}]},{"@type":"Person","@id":"https:\/\/www.nettali.com\/#\/schema\/person\/3317e0bb3aa1da309fbf7b2780901bf4","name":"Daouda","image":{"@type":"ImageObject","@id":"https:\/\/www.nettali.com\/#personlogo","inLanguage":"fr-FR","url":"https:\/\/secure.gravatar.com\/avatar\/8d143b5a49345098ddcfee1c49c2f47c?s=96&d=mm&r=g","contentUrl":"https:\/\/secure.gravatar.com\/avatar\/8d143b5a49345098ddcfee1c49c2f47c?s=96&d=mm&r=g","caption":"Daouda"},"sameAs":["https:\/\/www.nettali.com"]}]}},"_links":{"self":[{"href":"https:\/\/www.nettali.com\/rest\/wp\/v2\/posts\/157727"}],"collection":[{"href":"https:\/\/www.nettali.com\/rest\/wp\/v2\/posts"}],"about":[{"href":"https:\/\/www.nettali.com\/rest\/wp\/v2\/types\/post"}],"author":[{"embeddable":true,"href":"https:\/\/www.nettali.com\/rest\/wp\/v2\/users\/4"}],"replies":[{"embeddable":true,"href":"https:\/\/www.nettali.com\/rest\/wp\/v2\/comments?post=157727"}],"version-history":[{"count":1,"href":"https:\/\/www.nettali.com\/rest\/wp\/v2\/posts\/157727\/revisions"}],"predecessor-version":[{"id":157729,"href":"https:\/\/www.nettali.com\/rest\/wp\/v2\/posts\/157727\/revisions\/157729"}],"wp:featuredmedia":[{"embeddable":true,"href":"https:\/\/www.nettali.com\/rest\/wp\/v2\/media\/157728"}],"wp:attachment":[{"href":"https:\/\/www.nettali.com\/rest\/wp\/v2\/media?parent=157727"}],"wp:term":[{"taxonomy":"category","embeddable":true,"href":"https:\/\/www.nettali.com\/rest\/wp\/v2\/categories?post=157727"},{"taxonomy":"post_tag","embeddable":true,"href":"https:\/\/www.nettali.com\/rest\/wp\/v2\/tags?post=157727"}],"curies":[{"name":"wp","href":"https:\/\/api.w.org\/{rel}","templated":true}]}}