{"id":157723,"date":"2025-07-16T19:03:43","date_gmt":"2025-07-16T19:03:43","guid":{"rendered":"https:\/\/www.nettali.com\/?p=157723"},"modified":"2025-07-16T19:03:43","modified_gmt":"2025-07-16T19:03:43","slug":"barthelemy-dias-tacle-sonko-et-interpelle-diomaye-le-senegal-a-un-double-probleme","status":"publish","type":"post","link":"https:\/\/www.nettali.com\/2025\/07\/16\/barthelemy-dias-tacle-sonko-et-interpelle-diomaye-le-senegal-a-un-double-probleme\/","title":{"rendered":"BARTH\u00c9L\u00c9MY DIAS TACLE SONKO ET INTERPELLE DIOMAYE - \"Le S\u00e9n\u00e9gal a un double probl\u00e8me\""},"content":{"rendered":"<p data-start=\"392\" data-end=\"757\"><strong>NETTALI.COM - En d\u00e9placement en France, l\u2019ancien maire de Dakar, Barth\u00e9l\u00e9my Dias, a profit\u00e9 de son passage sur TV5 Monde pour d\u00e9cocher de vives critiques contre le Premier ministre Ousmane Sonko et interpeller le pr\u00e9sident de la R\u00e9publique, Bassirou Diomaye Faye. Invit\u00e9 du <em data-start=\"660\" data-end=\"677\">Journal Afrique<\/em> mardi soir, le leader du mouvement \u00ab S\u00e9n\u00e9gal Binu Bok \u00bb n\u2019a pas m\u00e2ch\u00e9 ses mots.<\/strong><\/p>\n<p data-start=\"831\" data-end=\"1017\">R\u00e9agissant \u00e0 la r\u00e9cente sortie controvers\u00e9e d\u2019Ousmane Sonko, Barth\u00e9l\u00e9my Dias d\u00e9plore l\u2019attitude du chef du gouvernement, qu\u2019il accuse d\u2019attiser une tension inutile au sommet de l\u2019\u00c9tat. \u00ab Le S\u00e9n\u00e9gal a un double probl\u00e8me. Le premier, c\u2019est ce Premier ministre qui confond pomme de terre \u00e0 Angleterre \u00bb, a-t-il ironis\u00e9.<\/p>\n<p data-start=\"1153\" data-end=\"1203\">L\u2019ancien d\u00e9put\u00e9 invite Sonko \u00e0 plus de retenue : <em>\u00ab Il doit rester \u00e0 sa place, faire preuve de tenue et de respect envers les S\u00e9n\u00e9galais qui ne l\u2019ont pas \u00e9lu. \u00bb<\/em><\/p>\n<p data-start=\"1370\" data-end=\"1542\">Barth\u00e9l\u00e9my Dias estime par ailleurs que si les accusations de Sonko venaient \u00e0 se v\u00e9rifier, le second probl\u00e8me serait alors \u00ab un d\u00e9ficit d\u2019autorit\u00e9 \u00e0 la t\u00eate de l\u2019\u00c9tat \u00bb. <em>\u00ab Le pr\u00e9sident Bassirou Diomaye Faye doit pleinement assumer la charge que les S\u00e9n\u00e9galais lui ont confi\u00e9e \u00e0 54 % au premier tour. Il doit exercer le pouvoir ex\u00e9cutif dans toute sa pl\u00e9nitude \u00bb<\/em>, a-t-il martel\u00e9.<\/p>\n<p data-start=\"1793\" data-end=\"1929\">Interpell\u00e9 sur ses rapports avec Sonko, notamment apr\u00e8s sa d\u00e9ch\u00e9ance de son poste de maire de Dakar, Barth\u00e9l\u00e9my Dias est cat\u00e9gorique :<em>\u00ab Je ne compte pas si\u00e9ger \u00e0 l\u2019Assembl\u00e9e nationale. Mais si Ousmane Sonko s\u2019y r\u00e9fugie en cas de limogeage, je reviendrai pour l\u2019en faire sortir. \u00bb<\/em><\/p>\n<p data-start=\"2079\" data-end=\"2108\">Une menace \u00e0 peine voil\u00e9e : \u00ab Nous allons reconstruire un 23 juin bis. Le S\u00e9n\u00e9gal est une R\u00e9publique, les lois doivent y \u00eatre respect\u00e9es. \u00bb<\/p>\n<p data-start=\"2290\" data-end=\"2378\">Sur sa r\u00e9vocation du poste de maire de Dakar, Barth\u00e9l\u00e9my Dias reste amer et pr\u00e9vient : \u00ab Ceux qui ont braqu\u00e9 la mairie de Dakar, quel que soit leur rang ou leur fonction, le regretteront. Le d\u00e9tournement du vote des Dakarois est un acte d\u2019une extr\u00eame gravit\u00e9. \u00bb<\/p>\n<p data-start=\"2557\" data-end=\"2594\">Avant de conclure, avec solennit\u00e9 : \u00ab \u00c7a, c\u2019est moi qui vous le promets. \u00bb<\/p>\n<div class='share-to-whatsapp-wrapper'><div class='share-on-whsp'>PARTAGER SUR : <\/div><a data-text='BARTH\u00c9L\u00c9MY DIAS TACLE SONKO ET INTERPELLE DIOMAYE - \"Le S\u00e9n\u00e9gal a un double probl\u00e8me\"' data-link='https:\/\/www.nettali.com\/2025\/07\/16\/barthelemy-dias-tacle-sonko-et-interpelle-diomaye-le-senegal-a-un-double-probleme\/' class='whatsapp-button whatsapp-share'>WhatsApp<\/a><div class='clear '><\/div><\/div>","protected":false},"excerpt":{"rendered":"<p>NETTALI.COM - En d\u00e9placement en France, l\u2019ancien maire de Dakar, Barth\u00e9l\u00e9my Dias, a profit\u00e9 de son passage sur TV5 Monde pour d\u00e9cocher de vives critiques contre le Premier ministre Ousmane Sonko et interpeller le pr\u00e9sident de la R\u00e9publique, Bassirou Diomaye Faye. Invit\u00e9 du Journal Afrique mardi soir, le leader du mouvement \u00ab S\u00e9n\u00e9gal Binu Bok [&hellip;]<\/p>\n","protected":false},"author":4,"featured_media":145153,"comment_status":"open","ping_status":"open","sticky":false,"template":"","format":"standard","meta":{"_et_pb_use_builder":"","_et_pb_old_content":""},"categories":[2],"tags":[],"yoast_head":"<!-- This site is optimized with the Yoast SEO Premium plugin v17.8 (Yoast SEO v17.8) - https:\/\/yoast.com\/wordpress\/plugins\/seo\/ -->\n<title>BARTH\u00c9L\u00c9MY DIAS TACLE SONKO ET INTERPELLE DIOMAYE - &quot;Le S\u00e9n\u00e9gal a un double probl\u00e8me&quot; | Nettali.com<\/title>\n<meta name=\"robots\" content=\"index, follow, max-snippet:-1, max-image-preview:large, max-video-preview:-1\" \/>\n<link rel=\"canonical\" href=\"https:\/\/www.nettali.com\/2025\/07\/16\/barthelemy-dias-tacle-sonko-et-interpelle-diomaye-le-senegal-a-un-double-probleme\/\" \/>\n<meta property=\"og:locale\" content=\"fr_FR\" \/>\n<meta property=\"og:type\" content=\"article\" \/>\n<meta property=\"og:title\" content=\"BARTH\u00c9L\u00c9MY DIAS TACLE SONKO ET INTERPELLE DIOMAYE - &quot;Le S\u00e9n\u00e9gal a un double probl\u00e8me&quot;\" \/>\n<meta property=\"og:description\" content=\"NETTALI.COM - En d\u00e9placement en France, l\u2019ancien maire de Dakar, Barth\u00e9l\u00e9my Dias, a profit\u00e9 de son passage sur TV5 Monde pour d\u00e9cocher de vives critiques contre le Premier ministre Ousmane Sonko et interpeller le pr\u00e9sident de la R\u00e9publique, Bassirou Diomaye Faye. Invit\u00e9 du Journal Afrique mardi soir, le leader du mouvement \u00ab S\u00e9n\u00e9gal Binu Bok [&hellip;]\" \/>\n<meta property=\"og:url\" content=\"https:\/\/www.nettali.com\/2025\/07\/16\/barthelemy-dias-tacle-sonko-et-interpelle-diomaye-le-senegal-a-un-double-probleme\/\" \/>\n<meta property=\"og:site_name\" content=\"Nettali.com\" \/>\n<meta property=\"article:publisher\" content=\"https:\/\/www.facebook.com\/nettalicom\" \/>\n<meta property=\"article:published_time\" content=\"2025-07-16T19:03:43+00:00\" \/>\n<meta property=\"og:image\" content=\"https:\/\/www.nettali.com\/wp-content\/uploads\/2024\/12\/Le-maire-de-Dakar-Barthelemy-Dias-solde-ses-comptes-avec-le-nouveau-regime-750x430-1.jpg\" \/>\n\t<meta property=\"og:image:width\" content=\"750\" \/>\n\t<meta property=\"og:image:height\" content=\"430\" \/>\n<meta name=\"twitter:card\" content=\"summary_large_image\" \/>\n<meta name=\"twitter:label1\" content=\"\u00c9crit par\" \/>\n\t<meta name=\"twitter:data1\" content=\"Daouda\" \/>\n\t<meta name=\"twitter:label2\" content=\"Dur\u00e9e de lecture estim\u00e9e\" \/>\n\t<meta name=\"twitter:data2\" content=\"2 minutes\" \/>\n<script type=\"application\/ld+json\" class=\"yoast-schema-graph\">{\"@context\":\"https:\/\/schema.org\",\"@graph\":[{\"@type\":\"WebSite\",\"@id\":\"https:\/\/www.nettali.com\/#website\",\"url\":\"https:\/\/www.nettali.com\/\",\"name\":\"Nettali.com\",\"description\":\"Le rendez-vous critique du Net\",\"potentialAction\":[{\"@type\":\"SearchAction\",\"target\":{\"@type\":\"EntryPoint\",\"urlTemplate\":\"https:\/\/www.nettali.com\/?s={search_term_string}\"},\"query-input\":\"required name=search_term_string\"}],\"inLanguage\":\"fr-FR\"},{\"@type\":\"ImageObject\",\"@id\":\"https:\/\/www.nettali.com\/2025\/07\/16\/barthelemy-dias-tacle-sonko-et-interpelle-diomaye-le-senegal-a-un-double-probleme\/#primaryimage\",\"inLanguage\":\"fr-FR\",\"url\":\"https:\/\/www.nettali.com\/wp-content\/uploads\/2024\/12\/Le-maire-de-Dakar-Barthelemy-Dias-solde-ses-comptes-avec-le-nouveau-regime-750x430-1.jpg\",\"contentUrl\":\"https:\/\/www.nettali.com\/wp-content\/uploads\/2024\/12\/Le-maire-de-Dakar-Barthelemy-Dias-solde-ses-comptes-avec-le-nouveau-regime-750x430-1.jpg\",\"width\":750,\"height\":430},{\"@type\":\"WebPage\",\"@id\":\"https:\/\/www.nettali.com\/2025\/07\/16\/barthelemy-dias-tacle-sonko-et-interpelle-diomaye-le-senegal-a-un-double-probleme\/#webpage\",\"url\":\"https:\/\/www.nettali.com\/2025\/07\/16\/barthelemy-dias-tacle-sonko-et-interpelle-diomaye-le-senegal-a-un-double-probleme\/\",\"name\":\"BARTH\\u00c9L\\u00c9MY DIAS TACLE SONKO ET INTERPELLE DIOMAYE - \\\"Le S\\u00e9n\\u00e9gal a un double probl\\u00e8me\\\" | Nettali.com\",\"isPartOf\":{\"@id\":\"https:\/\/www.nettali.com\/#website\"},\"primaryImageOfPage\":{\"@id\":\"https:\/\/www.nettali.com\/2025\/07\/16\/barthelemy-dias-tacle-sonko-et-interpelle-diomaye-le-senegal-a-un-double-probleme\/#primaryimage\"},\"datePublished\":\"2025-07-16T19:03:43+00:00\",\"dateModified\":\"2025-07-16T19:03:43+00:00\",\"author\":{\"@id\":\"https:\/\/www.nettali.com\/#\/schema\/person\/3317e0bb3aa1da309fbf7b2780901bf4\"},\"breadcrumb\":{\"@id\":\"https:\/\/www.nettali.com\/2025\/07\/16\/barthelemy-dias-tacle-sonko-et-interpelle-diomaye-le-senegal-a-un-double-probleme\/#breadcrumb\"},\"inLanguage\":\"fr-FR\",\"potentialAction\":[{\"@type\":\"ReadAction\",\"target\":[\"https:\/\/www.nettali.com\/2025\/07\/16\/barthelemy-dias-tacle-sonko-et-interpelle-diomaye-le-senegal-a-un-double-probleme\/\"]}]},{\"@type\":\"BreadcrumbList\",\"@id\":\"https:\/\/www.nettali.com\/2025\/07\/16\/barthelemy-dias-tacle-sonko-et-interpelle-diomaye-le-senegal-a-un-double-probleme\/#breadcrumb\",\"itemListElement\":[{\"@type\":\"ListItem\",\"position\":1,\"name\":\"Accueil\",\"item\":\"https:\/\/www.nettali.com\/\"},{\"@type\":\"ListItem\",\"position\":2,\"name\":\"BARTH\\u00c9L\\u00c9MY DIAS TACLE SONKO ET INTERPELLE DIOMAYE - \\\"Le S\\u00e9n\\u00e9gal a un double probl\\u00e8me\\\"\"}]},{\"@type\":\"Person\",\"@id\":\"https:\/\/www.nettali.com\/#\/schema\/person\/3317e0bb3aa1da309fbf7b2780901bf4\",\"name\":\"Daouda\",\"image\":{\"@type\":\"ImageObject\",\"@id\":\"https:\/\/www.nettali.com\/#personlogo\",\"inLanguage\":\"fr-FR\",\"url\":\"https:\/\/secure.gravatar.com\/avatar\/8d143b5a49345098ddcfee1c49c2f47c?s=96&d=mm&r=g\",\"contentUrl\":\"https:\/\/secure.gravatar.com\/avatar\/8d143b5a49345098ddcfee1c49c2f47c?s=96&d=mm&r=g\",\"caption\":\"Daouda\"},\"sameAs\":[\"https:\/\/www.nettali.com\"]}]}<\/script>\n<!-- \/ Yoast SEO Premium plugin. -->","yoast_head_json":{"title":"BARTH\u00c9L\u00c9MY DIAS TACLE SONKO ET INTERPELLE DIOMAYE - \"Le S\u00e9n\u00e9gal a un double probl\u00e8me\" | Nettali.com","robots":{"index":"index","follow":"follow","max-snippet":"max-snippet:-1","max-image-preview":"max-image-preview:large","max-video-preview":"max-video-preview:-1"},"canonical":"https:\/\/www.nettali.com\/2025\/07\/16\/barthelemy-dias-tacle-sonko-et-interpelle-diomaye-le-senegal-a-un-double-probleme\/","og_locale":"fr_FR","og_type":"article","og_title":"BARTH\u00c9L\u00c9MY DIAS TACLE SONKO ET INTERPELLE DIOMAYE - \"Le S\u00e9n\u00e9gal a un double probl\u00e8me\"","og_description":"NETTALI.COM - En d\u00e9placement en France, l\u2019ancien maire de Dakar, Barth\u00e9l\u00e9my Dias, a profit\u00e9 de son passage sur TV5 Monde pour d\u00e9cocher de vives critiques contre le Premier ministre Ousmane Sonko et interpeller le pr\u00e9sident de la R\u00e9publique, Bassirou Diomaye Faye. Invit\u00e9 du Journal Afrique mardi soir, le leader du mouvement \u00ab S\u00e9n\u00e9gal Binu Bok [&hellip;]","og_url":"https:\/\/www.nettali.com\/2025\/07\/16\/barthelemy-dias-tacle-sonko-et-interpelle-diomaye-le-senegal-a-un-double-probleme\/","og_site_name":"Nettali.com","article_publisher":"https:\/\/www.facebook.com\/nettalicom","article_published_time":"2025-07-16T19:03:43+00:00","og_image":[{"width":750,"height":430,"url":"https:\/\/www.nettali.com\/wp-content\/uploads\/2024\/12\/Le-maire-de-Dakar-Barthelemy-Dias-solde-ses-comptes-avec-le-nouveau-regime-750x430-1.jpg","type":"image\/jpeg"}],"twitter_card":"summary_large_image","twitter_misc":{"\u00c9crit par":"Daouda","Dur\u00e9e de lecture estim\u00e9e":"2 minutes"},"schema":{"@context":"https:\/\/schema.org","@graph":[{"@type":"WebSite","@id":"https:\/\/www.nettali.com\/#website","url":"https:\/\/www.nettali.com\/","name":"Nettali.com","description":"Le rendez-vous critique du Net","potentialAction":[{"@type":"SearchAction","target":{"@type":"EntryPoint","urlTemplate":"https:\/\/www.nettali.com\/?s={search_term_string}"},"query-input":"required name=search_term_string"}],"inLanguage":"fr-FR"},{"@type":"ImageObject","@id":"https:\/\/www.nettali.com\/2025\/07\/16\/barthelemy-dias-tacle-sonko-et-interpelle-diomaye-le-senegal-a-un-double-probleme\/#primaryimage","inLanguage":"fr-FR","url":"https:\/\/www.nettali.com\/wp-content\/uploads\/2024\/12\/Le-maire-de-Dakar-Barthelemy-Dias-solde-ses-comptes-avec-le-nouveau-regime-750x430-1.jpg","contentUrl":"https:\/\/www.nettali.com\/wp-content\/uploads\/2024\/12\/Le-maire-de-Dakar-Barthelemy-Dias-solde-ses-comptes-avec-le-nouveau-regime-750x430-1.jpg","width":750,"height":430},{"@type":"WebPage","@id":"https:\/\/www.nettali.com\/2025\/07\/16\/barthelemy-dias-tacle-sonko-et-interpelle-diomaye-le-senegal-a-un-double-probleme\/#webpage","url":"https:\/\/www.nettali.com\/2025\/07\/16\/barthelemy-dias-tacle-sonko-et-interpelle-diomaye-le-senegal-a-un-double-probleme\/","name":"BARTH\u00c9L\u00c9MY DIAS TACLE SONKO ET INTERPELLE DIOMAYE - \"Le S\u00e9n\u00e9gal a un double probl\u00e8me\" | Nettali.com","isPartOf":{"@id":"https:\/\/www.nettali.com\/#website"},"primaryImageOfPage":{"@id":"https:\/\/www.nettali.com\/2025\/07\/16\/barthelemy-dias-tacle-sonko-et-interpelle-diomaye-le-senegal-a-un-double-probleme\/#primaryimage"},"datePublished":"2025-07-16T19:03:43+00:00","dateModified":"2025-07-16T19:03:43+00:00","author":{"@id":"https:\/\/www.nettali.com\/#\/schema\/person\/3317e0bb3aa1da309fbf7b2780901bf4"},"breadcrumb":{"@id":"https:\/\/www.nettali.com\/2025\/07\/16\/barthelemy-dias-tacle-sonko-et-interpelle-diomaye-le-senegal-a-un-double-probleme\/#breadcrumb"},"inLanguage":"fr-FR","potentialAction":[{"@type":"ReadAction","target":["https:\/\/www.nettali.com\/2025\/07\/16\/barthelemy-dias-tacle-sonko-et-interpelle-diomaye-le-senegal-a-un-double-probleme\/"]}]},{"@type":"BreadcrumbList","@id":"https:\/\/www.nettali.com\/2025\/07\/16\/barthelemy-dias-tacle-sonko-et-interpelle-diomaye-le-senegal-a-un-double-probleme\/#breadcrumb","itemListElement":[{"@type":"ListItem","position":1,"name":"Accueil","item":"https:\/\/www.nettali.com\/"},{"@type":"ListItem","position":2,"name":"BARTH\u00c9L\u00c9MY DIAS TACLE SONKO ET INTERPELLE DIOMAYE - \"Le S\u00e9n\u00e9gal a un double probl\u00e8me\""}]},{"@type":"Person","@id":"https:\/\/www.nettali.com\/#\/schema\/person\/3317e0bb3aa1da309fbf7b2780901bf4","name":"Daouda","image":{"@type":"ImageObject","@id":"https:\/\/www.nettali.com\/#personlogo","inLanguage":"fr-FR","url":"https:\/\/secure.gravatar.com\/avatar\/8d143b5a49345098ddcfee1c49c2f47c?s=96&d=mm&r=g","contentUrl":"https:\/\/secure.gravatar.com\/avatar\/8d143b5a49345098ddcfee1c49c2f47c?s=96&d=mm&r=g","caption":"Daouda"},"sameAs":["https:\/\/www.nettali.com"]}]}},"_links":{"self":[{"href":"https:\/\/www.nettali.com\/rest\/wp\/v2\/posts\/157723"}],"collection":[{"href":"https:\/\/www.nettali.com\/rest\/wp\/v2\/posts"}],"about":[{"href":"https:\/\/www.nettali.com\/rest\/wp\/v2\/types\/post"}],"author":[{"embeddable":true,"href":"https:\/\/www.nettali.com\/rest\/wp\/v2\/users\/4"}],"replies":[{"embeddable":true,"href":"https:\/\/www.nettali.com\/rest\/wp\/v2\/comments?post=157723"}],"version-history":[{"count":1,"href":"https:\/\/www.nettali.com\/rest\/wp\/v2\/posts\/157723\/revisions"}],"predecessor-version":[{"id":157724,"href":"https:\/\/www.nettali.com\/rest\/wp\/v2\/posts\/157723\/revisions\/157724"}],"wp:featuredmedia":[{"embeddable":true,"href":"https:\/\/www.nettali.com\/rest\/wp\/v2\/media\/145153"}],"wp:attachment":[{"href":"https:\/\/www.nettali.com\/rest\/wp\/v2\/media?parent=157723"}],"wp:term":[{"taxonomy":"category","embeddable":true,"href":"https:\/\/www.nettali.com\/rest\/wp\/v2\/categories?post=157723"},{"taxonomy":"post_tag","embeddable":true,"href":"https:\/\/www.nettali.com\/rest\/wp\/v2\/tags?post=157723"}],"curies":[{"name":"wp","href":"https:\/\/api.w.org\/{rel}","templated":true}]}}