{"id":157717,"date":"2025-07-16T16:06:51","date_gmt":"2025-07-16T16:06:51","guid":{"rendered":"https:\/\/www.nettali.com\/?p=157717"},"modified":"2025-07-16T18:07:18","modified_gmt":"2025-07-16T18:07:18","slug":"violences-contre-des-senegalais-en-mauritanie-ladha-interpelle-les-autorites-et-appelle-a-une-mobilisation-regionale","status":"publish","type":"post","link":"https:\/\/www.nettali.com\/2025\/07\/16\/violences-contre-des-senegalais-en-mauritanie-ladha-interpelle-les-autorites-et-appelle-a-une-mobilisation-regionale\/","title":{"rendered":"VIOLENCES CONTRE DES S\u00c9N\u00c9GALAIS EN MAURITANIE- L\u2019ADHA interpelle les autorit\u00e9s et appelle \u00e0 une mobilisation r\u00e9gionale"},"content":{"rendered":"<p><strong>NETTALI.COM- L\u2019Action pour les droits humains et l\u2019amiti\u00e9 (ADHA) a lanc\u00e9 un appel pressant, ce mardi 16 juillet 2025, \u00e0 la suite d\u2019actes de violence signal\u00e9s contre des ressortissants s\u00e9n\u00e9galais en Mauritanie. Dans un communiqu\u00e9 officiel, l\u2019organisation se dit \"<em>profond\u00e9ment inqui\u00e8te<\/em>\" apr\u00e8s les exactions dont auraient \u00e9t\u00e9 victimes des S\u00e9n\u00e9galais dans certaines localit\u00e9s du pays voisin, sur une p\u00e9riode de 48 heures.<\/strong><\/p>\n<p>Selon l\u2019ADHA, les personnes concern\u00e9es auraient \u00e9t\u00e9 expos\u00e9es \u00e0 des \"<em>rafales et actes hostiles<\/em>\", sans que le communiqu\u00e9 ne pr\u00e9cise la nature exacte de ces violences ni les zones touch\u00e9es. L'organisation estime toutefois que, si les faits sont av\u00e9r\u00e9s, il s\u2019agirait de \"<em>graves violations des droits humains<\/em>\" et d\u2019un signal d\u2019alarme sur la s\u00e9curit\u00e9 des migrants s\u00e9n\u00e9galais \u00e0 l\u2019\u00e9tranger.<\/p>\n<p>\"<em>Ces \u00e9v\u00e9nements rappellent la n\u00e9cessit\u00e9 d\u2019assurer la s\u00e9curit\u00e9 de tous les migrants<\/em>\", d\u00e9clare l\u2019ADHA dans son texte, d\u00e9non\u00e7ant des agissements contraires \u00e0 plusieurs textes internationaux, notamment l\u2019article 3 de la D\u00e9claration Universelle des Droits de l\u2019Homme, la Convention sur la protection des travailleurs migrants, la Charte africaine des droits de l\u2019homme et l\u2019Accord bilat\u00e9ral de libre circulation entre le S\u00e9n\u00e9gal et la Mauritanie.<\/p>\n<p><strong>Une triple interpellation des autorit\u00e9s<\/strong><\/p>\n<p>Face \u00e0 cette situation, l\u2019ADHA formule plusieurs recommandations fortes. L\u2019organisation demande \"<em>aux autorit\u00e9s mauritaniennes d\u2019ouvrir une enqu\u00eate transparente pour identifier les auteurs<\/em>\". Elle exhorte \u00e9galement l\u2019\u00c9tat s\u00e9n\u00e9galais \u00e0 \"<em>renforcer sa pr\u00e9sence diplomatique et consulaire pour mieux prot\u00e9ger ses citoyens<\/em>\" dans le pays frontalier.<\/p>\n<p>Sur le plan r\u00e9gional, l\u2019organisation plaide pour une implication imm\u00e9diate des instances communautaires : \"<em>La CEDEAO et l\u2019Union africaine doivent assurer un suivi rigoureux de la situation et favoriser la pr\u00e9vention de toute escalade<\/em>\", peut-on lire dans le communiqu\u00e9.<\/p>\n<p>L'ADHA tend aussi la main aux organisations de d\u00e9fense des droits humains en Mauritanie, les encourageant \u00e0 \"<em>documenter rigoureusement les faits<\/em>\" et \u00e0 coop\u00e9rer avec le R\u00e9seau africain des d\u00e9fenseurs des droits humains, dont elle est membre. Cette collaboration, selon l\u2019ONG, est essentielle pour garantir \"<em>la v\u00e9rit\u00e9, la justice et la non-r\u00e9p\u00e9tition<\/em>\".<\/p>\n<p>Dans sa d\u00e9claration finale, le pr\u00e9sident de l\u2019ADHA, M. Adama Mbengue, affirme que son organisation \"<em>reste mobilis\u00e9e, aux c\u00f4t\u00e9s de la soci\u00e9t\u00e9 civile nationale et internationale, pour garantir le respect de la dignit\u00e9 humaine, la justice et la coh\u00e9sion entre les peuples<\/em>\".<\/p>\n<div class='share-to-whatsapp-wrapper'><div class='share-on-whsp'>PARTAGER SUR : <\/div><a data-text='VIOLENCES CONTRE DES S\u00c9N\u00c9GALAIS EN MAURITANIE- L\u2019ADHA interpelle les autorit\u00e9s et appelle \u00e0 une mobilisation r\u00e9gionale' data-link='https:\/\/www.nettali.com\/2025\/07\/16\/violences-contre-des-senegalais-en-mauritanie-ladha-interpelle-les-autorites-et-appelle-a-une-mobilisation-regionale\/' class='whatsapp-button whatsapp-share'>WhatsApp<\/a><div class='clear '><\/div><\/div>","protected":false},"excerpt":{"rendered":"<p>NETTALI.COM- L\u2019Action pour les droits humains et l\u2019amiti\u00e9 (ADHA) a lanc\u00e9 un appel pressant, ce mardi 16 juillet 2025, \u00e0 la suite d\u2019actes de violence signal\u00e9s contre des ressortissants s\u00e9n\u00e9galais en Mauritanie. Dans un communiqu\u00e9 officiel, l\u2019organisation se dit \"profond\u00e9ment inqui\u00e8te\" apr\u00e8s les exactions dont auraient \u00e9t\u00e9 victimes des S\u00e9n\u00e9galais dans certaines localit\u00e9s du pays [&hellip;]<\/p>\n","protected":false},"author":5,"featured_media":157718,"comment_status":"open","ping_status":"open","sticky":false,"template":"","format":"standard","meta":{"_et_pb_use_builder":"","_et_pb_old_content":""},"categories":[3],"tags":[],"yoast_head":"<!-- This site is optimized with the Yoast SEO Premium plugin v17.8 (Yoast SEO v17.8) - https:\/\/yoast.com\/wordpress\/plugins\/seo\/ -->\n<title>VIOLENCES CONTRE DES S\u00c9N\u00c9GALAIS EN MAURITANIE- L\u2019ADHA interpelle les autorit\u00e9s et appelle \u00e0 une mobilisation r\u00e9gionale | Nettali.com<\/title>\n<meta name=\"robots\" content=\"index, follow, max-snippet:-1, max-image-preview:large, max-video-preview:-1\" \/>\n<link rel=\"canonical\" href=\"https:\/\/www.nettali.com\/2025\/07\/16\/violences-contre-des-senegalais-en-mauritanie-ladha-interpelle-les-autorites-et-appelle-a-une-mobilisation-regionale\/\" \/>\n<meta property=\"og:locale\" content=\"fr_FR\" \/>\n<meta property=\"og:type\" content=\"article\" \/>\n<meta property=\"og:title\" content=\"VIOLENCES CONTRE DES S\u00c9N\u00c9GALAIS EN MAURITANIE- L\u2019ADHA interpelle les autorit\u00e9s et appelle \u00e0 une mobilisation r\u00e9gionale\" \/>\n<meta property=\"og:description\" content=\"NETTALI.COM- L\u2019Action pour les droits humains et l\u2019amiti\u00e9 (ADHA) a lanc\u00e9 un appel pressant, ce mardi 16 juillet 2025, \u00e0 la suite d\u2019actes de violence signal\u00e9s contre des ressortissants s\u00e9n\u00e9galais en Mauritanie. Dans un communiqu\u00e9 officiel, l\u2019organisation se dit &quot;profond\u00e9ment inqui\u00e8te&quot; apr\u00e8s les exactions dont auraient \u00e9t\u00e9 victimes des S\u00e9n\u00e9galais dans certaines localit\u00e9s du pays [&hellip;]\" \/>\n<meta property=\"og:url\" content=\"https:\/\/www.nettali.com\/2025\/07\/16\/violences-contre-des-senegalais-en-mauritanie-ladha-interpelle-les-autorites-et-appelle-a-une-mobilisation-regionale\/\" \/>\n<meta property=\"og:site_name\" content=\"Nettali.com\" \/>\n<meta property=\"article:publisher\" content=\"https:\/\/www.facebook.com\/nettalicom\" \/>\n<meta property=\"article:published_time\" content=\"2025-07-16T16:06:51+00:00\" \/>\n<meta property=\"article:modified_time\" content=\"2025-07-16T18:07:18+00:00\" \/>\n<meta property=\"og:image\" content=\"https:\/\/www.nettali.com\/wp-content\/uploads\/2025\/07\/66744229-47359678.jpg\" \/>\n\t<meta property=\"og:image:width\" content=\"698\" \/>\n\t<meta property=\"og:image:height\" content=\"436\" \/>\n<meta name=\"twitter:card\" content=\"summary_large_image\" \/>\n<meta name=\"twitter:label1\" content=\"\u00c9crit par\" \/>\n\t<meta name=\"twitter:data1\" content=\"Ibrahima\" \/>\n\t<meta name=\"twitter:label2\" content=\"Dur\u00e9e de lecture estim\u00e9e\" \/>\n\t<meta name=\"twitter:data2\" content=\"2 minutes\" \/>\n<script type=\"application\/ld+json\" class=\"yoast-schema-graph\">{\"@context\":\"https:\/\/schema.org\",\"@graph\":[{\"@type\":\"WebSite\",\"@id\":\"https:\/\/www.nettali.com\/#website\",\"url\":\"https:\/\/www.nettali.com\/\",\"name\":\"Nettali.com\",\"description\":\"Le rendez-vous critique du Net\",\"potentialAction\":[{\"@type\":\"SearchAction\",\"target\":{\"@type\":\"EntryPoint\",\"urlTemplate\":\"https:\/\/www.nettali.com\/?s={search_term_string}\"},\"query-input\":\"required name=search_term_string\"}],\"inLanguage\":\"fr-FR\"},{\"@type\":\"ImageObject\",\"@id\":\"https:\/\/www.nettali.com\/2025\/07\/16\/violences-contre-des-senegalais-en-mauritanie-ladha-interpelle-les-autorites-et-appelle-a-une-mobilisation-regionale\/#primaryimage\",\"inLanguage\":\"fr-FR\",\"url\":\"https:\/\/www.nettali.com\/wp-content\/uploads\/2025\/07\/66744229-47359678.jpg\",\"contentUrl\":\"https:\/\/www.nettali.com\/wp-content\/uploads\/2025\/07\/66744229-47359678.jpg\",\"width\":698,\"height\":436},{\"@type\":\"WebPage\",\"@id\":\"https:\/\/www.nettali.com\/2025\/07\/16\/violences-contre-des-senegalais-en-mauritanie-ladha-interpelle-les-autorites-et-appelle-a-une-mobilisation-regionale\/#webpage\",\"url\":\"https:\/\/www.nettali.com\/2025\/07\/16\/violences-contre-des-senegalais-en-mauritanie-ladha-interpelle-les-autorites-et-appelle-a-une-mobilisation-regionale\/\",\"name\":\"VIOLENCES CONTRE DES S\\u00c9N\\u00c9GALAIS EN MAURITANIE- L\\u2019ADHA interpelle les autorit\\u00e9s et appelle \\u00e0 une mobilisation r\\u00e9gionale | Nettali.com\",\"isPartOf\":{\"@id\":\"https:\/\/www.nettali.com\/#website\"},\"primaryImageOfPage\":{\"@id\":\"https:\/\/www.nettali.com\/2025\/07\/16\/violences-contre-des-senegalais-en-mauritanie-ladha-interpelle-les-autorites-et-appelle-a-une-mobilisation-regionale\/#primaryimage\"},\"datePublished\":\"2025-07-16T16:06:51+00:00\",\"dateModified\":\"2025-07-16T18:07:18+00:00\",\"author\":{\"@id\":\"https:\/\/www.nettali.com\/#\/schema\/person\/bb147657c2986240405a608162b9bb23\"},\"breadcrumb\":{\"@id\":\"https:\/\/www.nettali.com\/2025\/07\/16\/violences-contre-des-senegalais-en-mauritanie-ladha-interpelle-les-autorites-et-appelle-a-une-mobilisation-regionale\/#breadcrumb\"},\"inLanguage\":\"fr-FR\",\"potentialAction\":[{\"@type\":\"ReadAction\",\"target\":[\"https:\/\/www.nettali.com\/2025\/07\/16\/violences-contre-des-senegalais-en-mauritanie-ladha-interpelle-les-autorites-et-appelle-a-une-mobilisation-regionale\/\"]}]},{\"@type\":\"BreadcrumbList\",\"@id\":\"https:\/\/www.nettali.com\/2025\/07\/16\/violences-contre-des-senegalais-en-mauritanie-ladha-interpelle-les-autorites-et-appelle-a-une-mobilisation-regionale\/#breadcrumb\",\"itemListElement\":[{\"@type\":\"ListItem\",\"position\":1,\"name\":\"Accueil\",\"item\":\"https:\/\/www.nettali.com\/\"},{\"@type\":\"ListItem\",\"position\":2,\"name\":\"VIOLENCES CONTRE DES S\\u00c9N\\u00c9GALAIS EN MAURITANIE- L\\u2019ADHA interpelle les autorit\\u00e9s et appelle \\u00e0 une mobilisation r\\u00e9gionale\"}]},{\"@type\":\"Person\",\"@id\":\"https:\/\/www.nettali.com\/#\/schema\/person\/bb147657c2986240405a608162b9bb23\",\"name\":\"Ibrahima\",\"image\":{\"@type\":\"ImageObject\",\"@id\":\"https:\/\/www.nettali.com\/#personlogo\",\"inLanguage\":\"fr-FR\",\"url\":\"https:\/\/secure.gravatar.com\/avatar\/26a8a81f09f0dd7624c9d5c36c9ba3a2?s=96&d=mm&r=g\",\"contentUrl\":\"https:\/\/secure.gravatar.com\/avatar\/26a8a81f09f0dd7624c9d5c36c9ba3a2?s=96&d=mm&r=g\",\"caption\":\"Ibrahima\"},\"sameAs\":[\"https:\/\/www.nettali.com\"]}]}<\/script>\n<!-- \/ Yoast SEO Premium plugin. -->","yoast_head_json":{"title":"VIOLENCES CONTRE DES S\u00c9N\u00c9GALAIS EN MAURITANIE- L\u2019ADHA interpelle les autorit\u00e9s et appelle \u00e0 une mobilisation r\u00e9gionale | Nettali.com","robots":{"index":"index","follow":"follow","max-snippet":"max-snippet:-1","max-image-preview":"max-image-preview:large","max-video-preview":"max-video-preview:-1"},"canonical":"https:\/\/www.nettali.com\/2025\/07\/16\/violences-contre-des-senegalais-en-mauritanie-ladha-interpelle-les-autorites-et-appelle-a-une-mobilisation-regionale\/","og_locale":"fr_FR","og_type":"article","og_title":"VIOLENCES CONTRE DES S\u00c9N\u00c9GALAIS EN MAURITANIE- L\u2019ADHA interpelle les autorit\u00e9s et appelle \u00e0 une mobilisation r\u00e9gionale","og_description":"NETTALI.COM- L\u2019Action pour les droits humains et l\u2019amiti\u00e9 (ADHA) a lanc\u00e9 un appel pressant, ce mardi 16 juillet 2025, \u00e0 la suite d\u2019actes de violence signal\u00e9s contre des ressortissants s\u00e9n\u00e9galais en Mauritanie. Dans un communiqu\u00e9 officiel, l\u2019organisation se dit \"profond\u00e9ment inqui\u00e8te\" apr\u00e8s les exactions dont auraient \u00e9t\u00e9 victimes des S\u00e9n\u00e9galais dans certaines localit\u00e9s du pays [&hellip;]","og_url":"https:\/\/www.nettali.com\/2025\/07\/16\/violences-contre-des-senegalais-en-mauritanie-ladha-interpelle-les-autorites-et-appelle-a-une-mobilisation-regionale\/","og_site_name":"Nettali.com","article_publisher":"https:\/\/www.facebook.com\/nettalicom","article_published_time":"2025-07-16T16:06:51+00:00","article_modified_time":"2025-07-16T18:07:18+00:00","og_image":[{"width":698,"height":436,"url":"https:\/\/www.nettali.com\/wp-content\/uploads\/2025\/07\/66744229-47359678.jpg","type":"image\/jpeg"}],"twitter_card":"summary_large_image","twitter_misc":{"\u00c9crit par":"Ibrahima","Dur\u00e9e de lecture estim\u00e9e":"2 minutes"},"schema":{"@context":"https:\/\/schema.org","@graph":[{"@type":"WebSite","@id":"https:\/\/www.nettali.com\/#website","url":"https:\/\/www.nettali.com\/","name":"Nettali.com","description":"Le rendez-vous critique du Net","potentialAction":[{"@type":"SearchAction","target":{"@type":"EntryPoint","urlTemplate":"https:\/\/www.nettali.com\/?s={search_term_string}"},"query-input":"required name=search_term_string"}],"inLanguage":"fr-FR"},{"@type":"ImageObject","@id":"https:\/\/www.nettali.com\/2025\/07\/16\/violences-contre-des-senegalais-en-mauritanie-ladha-interpelle-les-autorites-et-appelle-a-une-mobilisation-regionale\/#primaryimage","inLanguage":"fr-FR","url":"https:\/\/www.nettali.com\/wp-content\/uploads\/2025\/07\/66744229-47359678.jpg","contentUrl":"https:\/\/www.nettali.com\/wp-content\/uploads\/2025\/07\/66744229-47359678.jpg","width":698,"height":436},{"@type":"WebPage","@id":"https:\/\/www.nettali.com\/2025\/07\/16\/violences-contre-des-senegalais-en-mauritanie-ladha-interpelle-les-autorites-et-appelle-a-une-mobilisation-regionale\/#webpage","url":"https:\/\/www.nettali.com\/2025\/07\/16\/violences-contre-des-senegalais-en-mauritanie-ladha-interpelle-les-autorites-et-appelle-a-une-mobilisation-regionale\/","name":"VIOLENCES CONTRE DES S\u00c9N\u00c9GALAIS EN MAURITANIE- L\u2019ADHA interpelle les autorit\u00e9s et appelle \u00e0 une mobilisation r\u00e9gionale | Nettali.com","isPartOf":{"@id":"https:\/\/www.nettali.com\/#website"},"primaryImageOfPage":{"@id":"https:\/\/www.nettali.com\/2025\/07\/16\/violences-contre-des-senegalais-en-mauritanie-ladha-interpelle-les-autorites-et-appelle-a-une-mobilisation-regionale\/#primaryimage"},"datePublished":"2025-07-16T16:06:51+00:00","dateModified":"2025-07-16T18:07:18+00:00","author":{"@id":"https:\/\/www.nettali.com\/#\/schema\/person\/bb147657c2986240405a608162b9bb23"},"breadcrumb":{"@id":"https:\/\/www.nettali.com\/2025\/07\/16\/violences-contre-des-senegalais-en-mauritanie-ladha-interpelle-les-autorites-et-appelle-a-une-mobilisation-regionale\/#breadcrumb"},"inLanguage":"fr-FR","potentialAction":[{"@type":"ReadAction","target":["https:\/\/www.nettali.com\/2025\/07\/16\/violences-contre-des-senegalais-en-mauritanie-ladha-interpelle-les-autorites-et-appelle-a-une-mobilisation-regionale\/"]}]},{"@type":"BreadcrumbList","@id":"https:\/\/www.nettali.com\/2025\/07\/16\/violences-contre-des-senegalais-en-mauritanie-ladha-interpelle-les-autorites-et-appelle-a-une-mobilisation-regionale\/#breadcrumb","itemListElement":[{"@type":"ListItem","position":1,"name":"Accueil","item":"https:\/\/www.nettali.com\/"},{"@type":"ListItem","position":2,"name":"VIOLENCES CONTRE DES S\u00c9N\u00c9GALAIS EN MAURITANIE- L\u2019ADHA interpelle les autorit\u00e9s et appelle \u00e0 une mobilisation r\u00e9gionale"}]},{"@type":"Person","@id":"https:\/\/www.nettali.com\/#\/schema\/person\/bb147657c2986240405a608162b9bb23","name":"Ibrahima","image":{"@type":"ImageObject","@id":"https:\/\/www.nettali.com\/#personlogo","inLanguage":"fr-FR","url":"https:\/\/secure.gravatar.com\/avatar\/26a8a81f09f0dd7624c9d5c36c9ba3a2?s=96&d=mm&r=g","contentUrl":"https:\/\/secure.gravatar.com\/avatar\/26a8a81f09f0dd7624c9d5c36c9ba3a2?s=96&d=mm&r=g","caption":"Ibrahima"},"sameAs":["https:\/\/www.nettali.com"]}]}},"_links":{"self":[{"href":"https:\/\/www.nettali.com\/rest\/wp\/v2\/posts\/157717"}],"collection":[{"href":"https:\/\/www.nettali.com\/rest\/wp\/v2\/posts"}],"about":[{"href":"https:\/\/www.nettali.com\/rest\/wp\/v2\/types\/post"}],"author":[{"embeddable":true,"href":"https:\/\/www.nettali.com\/rest\/wp\/v2\/users\/5"}],"replies":[{"embeddable":true,"href":"https:\/\/www.nettali.com\/rest\/wp\/v2\/comments?post=157717"}],"version-history":[{"count":1,"href":"https:\/\/www.nettali.com\/rest\/wp\/v2\/posts\/157717\/revisions"}],"predecessor-version":[{"id":157719,"href":"https:\/\/www.nettali.com\/rest\/wp\/v2\/posts\/157717\/revisions\/157719"}],"wp:featuredmedia":[{"embeddable":true,"href":"https:\/\/www.nettali.com\/rest\/wp\/v2\/media\/157718"}],"wp:attachment":[{"href":"https:\/\/www.nettali.com\/rest\/wp\/v2\/media?parent=157717"}],"wp:term":[{"taxonomy":"category","embeddable":true,"href":"https:\/\/www.nettali.com\/rest\/wp\/v2\/categories?post=157717"},{"taxonomy":"post_tag","embeddable":true,"href":"https:\/\/www.nettali.com\/rest\/wp\/v2\/tags?post=157717"}],"curies":[{"name":"wp","href":"https:\/\/api.w.org\/{rel}","templated":true}]}}