{"id":157710,"date":"2025-07-16T14:06:13","date_gmt":"2025-07-16T14:06:13","guid":{"rendered":"https:\/\/www.nettali.com\/?p=157710"},"modified":"2025-07-16T18:06:33","modified_gmt":"2025-07-16T18:06:33","slug":"can-minifoot-le-senegal-reve-dun-sacre-final","status":"publish","type":"post","link":"https:\/\/www.nettali.com\/2025\/07\/16\/can-minifoot-le-senegal-reve-dun-sacre-final\/","title":{"rendered":"CAN MINIFOOT - Le S\u00e9n\u00e9gal r\u00eave d\u2019un sacre final"},"content":{"rendered":"<p><strong>NETTALI.COM - L\u2019\u00e9quipe nationale masculine de mini-football du S\u00e9n\u00e9gal a fait preuve de \u201c<em>bravoure<\/em>\u201d et de solides qualit\u00e9s collectives, lors de son entr\u00e9e en lice r\u00e9ussie \u00e0 la Coupe d\u2019Afrique des nations (CAN) 2025 de la discipline (1-0 devant la RDC), estime son manager Issa Ndiaye. Selon lui, ses joueurs sont d\u00e9termin\u00e9s \u00e0 ramener le troph\u00e9e au pays.<\/strong><\/p>\n<p>La comp\u00e9tition africaine a d\u00e9marr\u00e9 ce lundi \u00e0 Derna (Libye) et va se poursuivre jusqu\u2019au 25 juillet.<\/p>\n<p>\"<em>Nous avons su montrer de la bravoure et une belle solidarit\u00e9 lors de notre premi\u00e8re sortie victorieuse contre la RD Congo (1-0). C\u2019est un bon d\u00e9but pour aborder le reste de la comp\u00e9tition avec confiance<\/em>\", a-t-il d\u00e9clar\u00e9.<\/p>\n<p>\u200eLe mini-football, variante du football d\u2019association \u00e0 effectif r\u00e9duit, se joue \u00e0 cinq contre cinq, parfois \u00e0 six contre six, sept contre sept, huit contre huit ou neuf contre neuf.<\/p>\n<p>Mais le format le plus officiel est le cinq contre cinq. Les matchs se jouent sur un gazon synth\u00e9tique de 50 m\u00e8tres de longueur et de 30 m\u00e8tres de largeur.<\/p>\n<p>Le futsal, un football voisin du mini-football, est pratiqu\u00e9 sur un terrain dur en salle.<br \/>\n\"<em>Le mini-football est une discipline en pleine expansion. Cette variante du football classique se distingue par des r\u00e8gles sp\u00e9cifiques et un rythme de jeu plus rapide. C\u2019est un jeu passionnant qui enseigne le travail en \u00e9quipe et la r\u00e9activit\u00e9<\/em>\", a soulign\u00e9 Issa Ndiaye.<\/p>\n<p>Selon lui, l\u2019\u00e9quipe devra encore \"<em>travailler sa rotation dans les phases de jeu<\/em>\" et sa gestion du rythme pour esp\u00e9rer aller plus loin dans ce championnat.<\/p>\n<p>\"<em>Notre ambition est de rentrer au pays avec le troph\u00e9e. Pour cela, il faudra battre tout le monde, et ce ne sera pas facile<\/em>\", a-t-il ajout\u00e9.<\/p>\n<p>Les Lions du S\u00e9n\u00e9gal affronteront, mercredi, lors de leur prochaine sortie, le pays h\u00f4te, la Libye, \u00e0 20h GMT au Derna International Stadium.<\/p>\n<p>\"<em>Ce ne sera pas un match facile, mais nous ferons de notre mieux pour nous imposer<\/em>\", a-t-il soutenu, appelant \u00e0 l\u2019unit\u00e9 et au soutien autour du groupe.<\/p>\n<p>Seize pays prennent part \u00e0 cette quatri\u00e8me \u00e9dition de la CAN de mini-football. Ils sont r\u00e9partis entre quatre poules, celle du S\u00e9n\u00e9gal comprenant aussi la Libye, le Tchad et la R\u00e9publique d\u00e9mocratique du Congo.<\/p>\n<p>La poule B comprend le B\u00e9nin, le Ghana, le Maroc et la Tunisie. L\u2019Afrique du Sud, la C\u00f4te d\u2019Ivoire, l\u2019Ouganda et la Tanzanie ont h\u00e9rit\u00e9 de la poule C. Le Burkina Faso, la Guin\u00e9e, la Mauritanie et le Nigeria sont r\u00e9unis dans la poule D.<\/p>\n<p>L\u2019Association pour la promotion du mini-football au S\u00e9n\u00e9gal (APMFS), cr\u00e9\u00e9e r\u00e9cemment, est dirig\u00e9e par Mouhammad Karamoko Bald\u00e9. \u200e<\/p>\n<p>Une partie de mini-football se joue en deux p\u00e9riodes de vingt-cinq minutes chacune. Ce sport est ouvert aux joueurs professionnels et aux amateurs.<\/p>\n<p>\u200eLa CAN de mini-foot est organis\u00e9e par la Conf\u00e9d\u00e9ration africaine de mini-football.<\/p>\n<p>Cr\u00e9\u00e9e en 2016, cette organisation est membre de la F\u00e9d\u00e9ration mondiale de mini-foot, qui est enti\u00e8rement ind\u00e9pendante de la FIFA.<\/p>\n<p>\u200eLa derni\u00e8re \u00e9dition de la CAN de mini-football a eu lieu en 2024 en Afrique du Sud. Les Bafana-Bafana ont remport\u00e9 le troph\u00e9e \u00e0 domicile.<\/p>\n<p>La premi\u00e8re \u00e9dition, organis\u00e9e en 2018 en Libye, a \u00e9t\u00e9 remport\u00e9e par la C\u00f4te d\u2019Ivoire. Les Ivoiriens avaient battu les S\u00e9n\u00e9galais en finale.<\/p>\n<p>L\u2019\u00c9gypte est le vainqueur de la deuxi\u00e8me \u00e9dition, qui a eu lieu en 2021 au Nig\u00e9ria.<\/p>\n<p><strong>L'effectif du S\u00e9n\u00e9gal :<\/strong><\/p>\n<p>Ousseynou Badiane<\/p>\n<p>Baba Lamine Thiam<\/p>\n<p>Moustapha Ndiaye<\/p>\n<p>Seydina Alioune Diop<\/p>\n<p>Mor L\u00f4<\/p>\n<p>Mamadou Wone<\/p>\n<p>Abdoulaye Bald\u00e9<\/p>\n<p>Ibrahima Sow<\/p>\n<p><strong>Coach Manager<\/strong> : Issa Ndiaye<\/p>\n<p>Avec APS<\/p>\n<div class='share-to-whatsapp-wrapper'><div class='share-on-whsp'>PARTAGER SUR : <\/div><a data-text='CAN MINIFOOT - Le S\u00e9n\u00e9gal r\u00eave d\u2019un sacre final' data-link='https:\/\/www.nettali.com\/2025\/07\/16\/can-minifoot-le-senegal-reve-dun-sacre-final\/' class='whatsapp-button whatsapp-share'>WhatsApp<\/a><div class='clear '><\/div><\/div>","protected":false},"excerpt":{"rendered":"<p>NETTALI.COM - L\u2019\u00e9quipe nationale masculine de mini-football du S\u00e9n\u00e9gal a fait preuve de \u201cbravoure\u201d et de solides qualit\u00e9s collectives, lors de son entr\u00e9e en lice r\u00e9ussie \u00e0 la Coupe d\u2019Afrique des nations (CAN) 2025 de la discipline (1-0 devant la RDC), estime son manager Issa Ndiaye. Selon lui, ses joueurs sont d\u00e9termin\u00e9s \u00e0 ramener le [&hellip;]<\/p>\n","protected":false},"author":5,"featured_media":157713,"comment_status":"open","ping_status":"open","sticky":false,"template":"","format":"standard","meta":{"_et_pb_use_builder":"","_et_pb_old_content":""},"categories":[6],"tags":[],"yoast_head":"<!-- This site is optimized with the Yoast SEO Premium plugin v17.8 (Yoast SEO v17.8) - https:\/\/yoast.com\/wordpress\/plugins\/seo\/ -->\n<title>CAN MINIFOOT - Le S\u00e9n\u00e9gal r\u00eave d\u2019un sacre final | Nettali.com<\/title>\n<meta name=\"robots\" content=\"index, follow, max-snippet:-1, max-image-preview:large, max-video-preview:-1\" \/>\n<link rel=\"canonical\" href=\"https:\/\/www.nettali.com\/2025\/07\/16\/can-minifoot-le-senegal-reve-dun-sacre-final\/\" \/>\n<meta property=\"og:locale\" content=\"fr_FR\" \/>\n<meta property=\"og:type\" content=\"article\" \/>\n<meta property=\"og:title\" content=\"CAN MINIFOOT - Le S\u00e9n\u00e9gal r\u00eave d\u2019un sacre final\" \/>\n<meta property=\"og:description\" content=\"NETTALI.COM - L\u2019\u00e9quipe nationale masculine de mini-football du S\u00e9n\u00e9gal a fait preuve de \u201cbravoure\u201d et de solides qualit\u00e9s collectives, lors de son entr\u00e9e en lice r\u00e9ussie \u00e0 la Coupe d\u2019Afrique des nations (CAN) 2025 de la discipline (1-0 devant la RDC), estime son manager Issa Ndiaye. Selon lui, ses joueurs sont d\u00e9termin\u00e9s \u00e0 ramener le [&hellip;]\" \/>\n<meta property=\"og:url\" content=\"https:\/\/www.nettali.com\/2025\/07\/16\/can-minifoot-le-senegal-reve-dun-sacre-final\/\" \/>\n<meta property=\"og:site_name\" content=\"Nettali.com\" \/>\n<meta property=\"article:publisher\" content=\"https:\/\/www.facebook.com\/nettalicom\" \/>\n<meta property=\"article:published_time\" content=\"2025-07-16T14:06:13+00:00\" \/>\n<meta property=\"article:modified_time\" content=\"2025-07-16T18:06:33+00:00\" \/>\n<meta property=\"og:image\" content=\"https:\/\/www.nettali.com\/wp-content\/uploads\/2025\/07\/Screenshot_20250716_123307_Instagram-1.jpg\" \/>\n\t<meta property=\"og:image:width\" content=\"1080\" \/>\n\t<meta property=\"og:image:height\" content=\"694\" \/>\n<meta name=\"twitter:card\" content=\"summary_large_image\" \/>\n<meta name=\"twitter:label1\" content=\"\u00c9crit par\" \/>\n\t<meta name=\"twitter:data1\" content=\"Ibrahima\" \/>\n\t<meta name=\"twitter:label2\" content=\"Dur\u00e9e de lecture estim\u00e9e\" \/>\n\t<meta name=\"twitter:data2\" content=\"3 minutes\" \/>\n<script type=\"application\/ld+json\" class=\"yoast-schema-graph\">{\"@context\":\"https:\/\/schema.org\",\"@graph\":[{\"@type\":\"WebSite\",\"@id\":\"https:\/\/www.nettali.com\/#website\",\"url\":\"https:\/\/www.nettali.com\/\",\"name\":\"Nettali.com\",\"description\":\"Le rendez-vous critique du Net\",\"potentialAction\":[{\"@type\":\"SearchAction\",\"target\":{\"@type\":\"EntryPoint\",\"urlTemplate\":\"https:\/\/www.nettali.com\/?s={search_term_string}\"},\"query-input\":\"required name=search_term_string\"}],\"inLanguage\":\"fr-FR\"},{\"@type\":\"ImageObject\",\"@id\":\"https:\/\/www.nettali.com\/2025\/07\/16\/can-minifoot-le-senegal-reve-dun-sacre-final\/#primaryimage\",\"inLanguage\":\"fr-FR\",\"url\":\"https:\/\/www.nettali.com\/wp-content\/uploads\/2025\/07\/Screenshot_20250716_123307_Instagram-1.jpg\",\"contentUrl\":\"https:\/\/www.nettali.com\/wp-content\/uploads\/2025\/07\/Screenshot_20250716_123307_Instagram-1.jpg\",\"width\":1080,\"height\":694},{\"@type\":\"WebPage\",\"@id\":\"https:\/\/www.nettali.com\/2025\/07\/16\/can-minifoot-le-senegal-reve-dun-sacre-final\/#webpage\",\"url\":\"https:\/\/www.nettali.com\/2025\/07\/16\/can-minifoot-le-senegal-reve-dun-sacre-final\/\",\"name\":\"CAN MINIFOOT - Le S\\u00e9n\\u00e9gal r\\u00eave d\\u2019un sacre final | Nettali.com\",\"isPartOf\":{\"@id\":\"https:\/\/www.nettali.com\/#website\"},\"primaryImageOfPage\":{\"@id\":\"https:\/\/www.nettali.com\/2025\/07\/16\/can-minifoot-le-senegal-reve-dun-sacre-final\/#primaryimage\"},\"datePublished\":\"2025-07-16T14:06:13+00:00\",\"dateModified\":\"2025-07-16T18:06:33+00:00\",\"author\":{\"@id\":\"https:\/\/www.nettali.com\/#\/schema\/person\/bb147657c2986240405a608162b9bb23\"},\"breadcrumb\":{\"@id\":\"https:\/\/www.nettali.com\/2025\/07\/16\/can-minifoot-le-senegal-reve-dun-sacre-final\/#breadcrumb\"},\"inLanguage\":\"fr-FR\",\"potentialAction\":[{\"@type\":\"ReadAction\",\"target\":[\"https:\/\/www.nettali.com\/2025\/07\/16\/can-minifoot-le-senegal-reve-dun-sacre-final\/\"]}]},{\"@type\":\"BreadcrumbList\",\"@id\":\"https:\/\/www.nettali.com\/2025\/07\/16\/can-minifoot-le-senegal-reve-dun-sacre-final\/#breadcrumb\",\"itemListElement\":[{\"@type\":\"ListItem\",\"position\":1,\"name\":\"Accueil\",\"item\":\"https:\/\/www.nettali.com\/\"},{\"@type\":\"ListItem\",\"position\":2,\"name\":\"CAN MINIFOOT - Le S\\u00e9n\\u00e9gal r\\u00eave d\\u2019un sacre final\"}]},{\"@type\":\"Person\",\"@id\":\"https:\/\/www.nettali.com\/#\/schema\/person\/bb147657c2986240405a608162b9bb23\",\"name\":\"Ibrahima\",\"image\":{\"@type\":\"ImageObject\",\"@id\":\"https:\/\/www.nettali.com\/#personlogo\",\"inLanguage\":\"fr-FR\",\"url\":\"https:\/\/secure.gravatar.com\/avatar\/26a8a81f09f0dd7624c9d5c36c9ba3a2?s=96&d=mm&r=g\",\"contentUrl\":\"https:\/\/secure.gravatar.com\/avatar\/26a8a81f09f0dd7624c9d5c36c9ba3a2?s=96&d=mm&r=g\",\"caption\":\"Ibrahima\"},\"sameAs\":[\"https:\/\/www.nettali.com\"]}]}<\/script>\n<!-- \/ Yoast SEO Premium plugin. -->","yoast_head_json":{"title":"CAN MINIFOOT - Le S\u00e9n\u00e9gal r\u00eave d\u2019un sacre final | Nettali.com","robots":{"index":"index","follow":"follow","max-snippet":"max-snippet:-1","max-image-preview":"max-image-preview:large","max-video-preview":"max-video-preview:-1"},"canonical":"https:\/\/www.nettali.com\/2025\/07\/16\/can-minifoot-le-senegal-reve-dun-sacre-final\/","og_locale":"fr_FR","og_type":"article","og_title":"CAN MINIFOOT - Le S\u00e9n\u00e9gal r\u00eave d\u2019un sacre final","og_description":"NETTALI.COM - L\u2019\u00e9quipe nationale masculine de mini-football du S\u00e9n\u00e9gal a fait preuve de \u201cbravoure\u201d et de solides qualit\u00e9s collectives, lors de son entr\u00e9e en lice r\u00e9ussie \u00e0 la Coupe d\u2019Afrique des nations (CAN) 2025 de la discipline (1-0 devant la RDC), estime son manager Issa Ndiaye. Selon lui, ses joueurs sont d\u00e9termin\u00e9s \u00e0 ramener le [&hellip;]","og_url":"https:\/\/www.nettali.com\/2025\/07\/16\/can-minifoot-le-senegal-reve-dun-sacre-final\/","og_site_name":"Nettali.com","article_publisher":"https:\/\/www.facebook.com\/nettalicom","article_published_time":"2025-07-16T14:06:13+00:00","article_modified_time":"2025-07-16T18:06:33+00:00","og_image":[{"width":1080,"height":694,"url":"https:\/\/www.nettali.com\/wp-content\/uploads\/2025\/07\/Screenshot_20250716_123307_Instagram-1.jpg","type":"image\/jpeg"}],"twitter_card":"summary_large_image","twitter_misc":{"\u00c9crit par":"Ibrahima","Dur\u00e9e de lecture estim\u00e9e":"3 minutes"},"schema":{"@context":"https:\/\/schema.org","@graph":[{"@type":"WebSite","@id":"https:\/\/www.nettali.com\/#website","url":"https:\/\/www.nettali.com\/","name":"Nettali.com","description":"Le rendez-vous critique du Net","potentialAction":[{"@type":"SearchAction","target":{"@type":"EntryPoint","urlTemplate":"https:\/\/www.nettali.com\/?s={search_term_string}"},"query-input":"required name=search_term_string"}],"inLanguage":"fr-FR"},{"@type":"ImageObject","@id":"https:\/\/www.nettali.com\/2025\/07\/16\/can-minifoot-le-senegal-reve-dun-sacre-final\/#primaryimage","inLanguage":"fr-FR","url":"https:\/\/www.nettali.com\/wp-content\/uploads\/2025\/07\/Screenshot_20250716_123307_Instagram-1.jpg","contentUrl":"https:\/\/www.nettali.com\/wp-content\/uploads\/2025\/07\/Screenshot_20250716_123307_Instagram-1.jpg","width":1080,"height":694},{"@type":"WebPage","@id":"https:\/\/www.nettali.com\/2025\/07\/16\/can-minifoot-le-senegal-reve-dun-sacre-final\/#webpage","url":"https:\/\/www.nettali.com\/2025\/07\/16\/can-minifoot-le-senegal-reve-dun-sacre-final\/","name":"CAN MINIFOOT - Le S\u00e9n\u00e9gal r\u00eave d\u2019un sacre final | Nettali.com","isPartOf":{"@id":"https:\/\/www.nettali.com\/#website"},"primaryImageOfPage":{"@id":"https:\/\/www.nettali.com\/2025\/07\/16\/can-minifoot-le-senegal-reve-dun-sacre-final\/#primaryimage"},"datePublished":"2025-07-16T14:06:13+00:00","dateModified":"2025-07-16T18:06:33+00:00","author":{"@id":"https:\/\/www.nettali.com\/#\/schema\/person\/bb147657c2986240405a608162b9bb23"},"breadcrumb":{"@id":"https:\/\/www.nettali.com\/2025\/07\/16\/can-minifoot-le-senegal-reve-dun-sacre-final\/#breadcrumb"},"inLanguage":"fr-FR","potentialAction":[{"@type":"ReadAction","target":["https:\/\/www.nettali.com\/2025\/07\/16\/can-minifoot-le-senegal-reve-dun-sacre-final\/"]}]},{"@type":"BreadcrumbList","@id":"https:\/\/www.nettali.com\/2025\/07\/16\/can-minifoot-le-senegal-reve-dun-sacre-final\/#breadcrumb","itemListElement":[{"@type":"ListItem","position":1,"name":"Accueil","item":"https:\/\/www.nettali.com\/"},{"@type":"ListItem","position":2,"name":"CAN MINIFOOT - Le S\u00e9n\u00e9gal r\u00eave d\u2019un sacre final"}]},{"@type":"Person","@id":"https:\/\/www.nettali.com\/#\/schema\/person\/bb147657c2986240405a608162b9bb23","name":"Ibrahima","image":{"@type":"ImageObject","@id":"https:\/\/www.nettali.com\/#personlogo","inLanguage":"fr-FR","url":"https:\/\/secure.gravatar.com\/avatar\/26a8a81f09f0dd7624c9d5c36c9ba3a2?s=96&d=mm&r=g","contentUrl":"https:\/\/secure.gravatar.com\/avatar\/26a8a81f09f0dd7624c9d5c36c9ba3a2?s=96&d=mm&r=g","caption":"Ibrahima"},"sameAs":["https:\/\/www.nettali.com"]}]}},"_links":{"self":[{"href":"https:\/\/www.nettali.com\/rest\/wp\/v2\/posts\/157710"}],"collection":[{"href":"https:\/\/www.nettali.com\/rest\/wp\/v2\/posts"}],"about":[{"href":"https:\/\/www.nettali.com\/rest\/wp\/v2\/types\/post"}],"author":[{"embeddable":true,"href":"https:\/\/www.nettali.com\/rest\/wp\/v2\/users\/5"}],"replies":[{"embeddable":true,"href":"https:\/\/www.nettali.com\/rest\/wp\/v2\/comments?post=157710"}],"version-history":[{"count":3,"href":"https:\/\/www.nettali.com\/rest\/wp\/v2\/posts\/157710\/revisions"}],"predecessor-version":[{"id":157716,"href":"https:\/\/www.nettali.com\/rest\/wp\/v2\/posts\/157710\/revisions\/157716"}],"wp:featuredmedia":[{"embeddable":true,"href":"https:\/\/www.nettali.com\/rest\/wp\/v2\/media\/157713"}],"wp:attachment":[{"href":"https:\/\/www.nettali.com\/rest\/wp\/v2\/media?parent=157710"}],"wp:term":[{"taxonomy":"category","embeddable":true,"href":"https:\/\/www.nettali.com\/rest\/wp\/v2\/categories?post=157710"},{"taxonomy":"post_tag","embeddable":true,"href":"https:\/\/www.nettali.com\/rest\/wp\/v2\/tags?post=157710"}],"curies":[{"name":"wp","href":"https:\/\/api.w.org\/{rel}","templated":true}]}}