{"id":157708,"date":"2025-07-16T11:06:24","date_gmt":"2025-07-16T11:06:24","guid":{"rendered":"https:\/\/www.nettali.com\/?p=157708"},"modified":"2025-07-16T11:06:24","modified_gmt":"2025-07-16T11:06:24","slug":"greve-des-greffiers-les-deliberes-de-moustapha-diakhate-bachir-fofana-et-cie-reportes-tensions-au-tribunal","status":"publish","type":"post","link":"https:\/\/www.nettali.com\/2025\/07\/16\/greve-des-greffiers-les-deliberes-de-moustapha-diakhate-bachir-fofana-et-cie-reportes-tensions-au-tribunal\/","title":{"rendered":"GREVE DES GREFFIERS - Les d\u00e9lib\u00e9r\u00e9s de Moustapha Diakhat\u00e9, Bachir Fofana et Cie report\u00e9s, tensions au tribunal"},"content":{"rendered":"<p data-start=\"223\" data-end=\"561\"><strong>NETTALI.COM - La gr\u00e8ve des greffiers continue de paralyser l\u2019appareil judiciaire. Ce lundi, au tribunal des flagrants d\u00e9lits, l\u2019absence de greffiers a entra\u00een\u00e9 la prorogation syst\u00e9matique des d\u00e9lib\u00e9r\u00e9s, suscitant la col\u00e8re de la d\u00e9fense, notamment dans les affaires impliquant l\u2019ancien d\u00e9put\u00e9 Moustapha Diakhat\u00e9 et le journaliste Bachir Fofana.<\/strong><\/p>\n<p data-start=\"563\" data-end=\"904\">Les avocats des pr\u00e9venus, Me El Hadji Diouf et Me Aboubacry Barro, ont vivement protest\u00e9 contre ce report qu\u2019ils jugent injustifi\u00e9. \u00ab\u202fNous demandons respectueusement que les d\u00e9lib\u00e9r\u00e9s soient rendus\u202f\u00bb, a insist\u00e9 Me Diouf. Une requ\u00eate aussit\u00f4t \u00e9cart\u00e9e par le pr\u00e9sident du tribunal\u202f: \u00ab\u202fJe ne peux pas rendre un verdict sans greffier.\u202f\u00bb<\/p>\n<p data-start=\"906\" data-end=\"1169\">Me Diouf a r\u00e9pliqu\u00e9 en soulignant une incoh\u00e9rence\u202f: \u00ab\u202fSi on peut juger sans greffier, on doit pouvoir rendre le verdict.\u202f\u00bb Le juge, invoquant la proc\u00e9dure, a alors sugg\u00e9r\u00e9 \u00e0 la d\u00e9fense de formuler une demande de mise en libert\u00e9 provisoire, comme le permet la loi.<\/p>\n<h3 data-start=\"1171\" data-end=\"1226\"><strong data-start=\"1178\" data-end=\"1226\">Une demande de mise en libert\u00e9\u2026 puis retir\u00e9e<\/strong><\/h3>\n<p data-start=\"1228\" data-end=\"1590\">Me Diouf a saisi l\u2019opportunit\u00e9 pour introduire une demande de mise en libert\u00e9 provisoire au b\u00e9n\u00e9fice de Moustapha Diakhat\u00e9, arguant que ce dernier pr\u00e9sente toutes les garanties de repr\u00e9sentation. Mais cette requ\u00eate a \u00e9t\u00e9 contest\u00e9e par le minist\u00e8re public, estimant que les \u00e9l\u00e9ments de preuve concernant la r\u00e9gularit\u00e9 du domicile n\u2019\u00e9taient pas suffisants.<\/p>\n<p data-start=\"1592\" data-end=\"1886\">S\u2019en est suivie une joute verbale entre l\u2019avocat et le procureur. \u00ab\u202fMa\u00eetre, laissez le parquet terminer ses r\u00e9quisitions\u202f\u00bb, a lanc\u00e9 ce dernier. Me Diouf, visiblement agac\u00e9, a fini par annoncer le retrait de sa requ\u00eate, d\u00e9clarant : \u00ab\u202fNous avons eu un signal fort. Nous retirons la demande.\u202f\u00bb<\/p>\n<p data-start=\"1888\" data-end=\"2068\">Le procureur a pris acte : \u00ab\u202fPuisque la demande est retir\u00e9e, ma r\u00e9quisition n\u2019a plus d\u2019objet.\u202f\u00bb Le d\u00e9lib\u00e9r\u00e9 dans le dossier Moustapha Diakhat\u00e9 a \u00e9t\u00e9 renvoy\u00e9 au 23 juillet 2025.<\/p>\n<p data-start=\"2117\" data-end=\"2328\">Dans l\u2019affaire du journaliste Bachir Fofana, ses avocats ont choisi de ne pas demander de mise en libert\u00e9 provisoire. Le tribunal a \u00e9galement fix\u00e9 son d\u00e9lib\u00e9r\u00e9 \u00e0 la m\u00eame date, le 23 juillet prochain.<\/p>\n<p data-start=\"2117\" data-end=\"2328\">Ces reports illustrent une nouvelle fois les cons\u00e9quences directes du mouvement de gr\u00e8ve des greffiers, qui paralysent l\u2019issue de nombreuses proc\u00e9dures judiciaires. En toile de fond, c\u2019est la question du fonctionnement minimum des tribunaux qui se pose, dans un contexte o\u00f9 l\u2019ind\u00e9pendance de la justice et le respect des droits des justiciables sont plus que jamais au centre du d\u00e9bat.<\/p>\n<div class='share-to-whatsapp-wrapper'><div class='share-on-whsp'>PARTAGER SUR : <\/div><a data-text='GREVE DES GREFFIERS - Les d\u00e9lib\u00e9r\u00e9s de Moustapha Diakhat\u00e9, Bachir Fofana et Cie report\u00e9s, tensions au tribunal' data-link='https:\/\/www.nettali.com\/2025\/07\/16\/greve-des-greffiers-les-deliberes-de-moustapha-diakhate-bachir-fofana-et-cie-reportes-tensions-au-tribunal\/' class='whatsapp-button whatsapp-share'>WhatsApp<\/a><div class='clear '><\/div><\/div>","protected":false},"excerpt":{"rendered":"<p>NETTALI.COM - La gr\u00e8ve des greffiers continue de paralyser l\u2019appareil judiciaire. Ce lundi, au tribunal des flagrants d\u00e9lits, l\u2019absence de greffiers a entra\u00een\u00e9 la prorogation syst\u00e9matique des d\u00e9lib\u00e9r\u00e9s, suscitant la col\u00e8re de la d\u00e9fense, notamment dans les affaires impliquant l\u2019ancien d\u00e9put\u00e9 Moustapha Diakhat\u00e9 et le journaliste Bachir Fofana. Les avocats des pr\u00e9venus, Me El Hadji [&hellip;]<\/p>\n","protected":false},"author":4,"featured_media":142213,"comment_status":"open","ping_status":"open","sticky":false,"template":"","format":"standard","meta":{"_et_pb_use_builder":"","_et_pb_old_content":""},"categories":[3],"tags":[],"yoast_head":"<!-- This site is optimized with the Yoast SEO Premium plugin v17.8 (Yoast SEO v17.8) - https:\/\/yoast.com\/wordpress\/plugins\/seo\/ -->\n<title>GREVE DES GREFFIERS - Les d\u00e9lib\u00e9r\u00e9s de Moustapha Diakhat\u00e9, Bachir Fofana et Cie report\u00e9s, tensions au tribunal | Nettali.com<\/title>\n<meta name=\"robots\" content=\"index, follow, max-snippet:-1, max-image-preview:large, max-video-preview:-1\" \/>\n<link rel=\"canonical\" href=\"https:\/\/www.nettali.com\/2025\/07\/16\/greve-des-greffiers-les-deliberes-de-moustapha-diakhate-bachir-fofana-et-cie-reportes-tensions-au-tribunal\/\" \/>\n<meta property=\"og:locale\" content=\"fr_FR\" \/>\n<meta property=\"og:type\" content=\"article\" \/>\n<meta property=\"og:title\" content=\"GREVE DES GREFFIERS - Les d\u00e9lib\u00e9r\u00e9s de Moustapha Diakhat\u00e9, Bachir Fofana et Cie report\u00e9s, tensions au tribunal\" \/>\n<meta property=\"og:description\" content=\"NETTALI.COM - La gr\u00e8ve des greffiers continue de paralyser l\u2019appareil judiciaire. Ce lundi, au tribunal des flagrants d\u00e9lits, l\u2019absence de greffiers a entra\u00een\u00e9 la prorogation syst\u00e9matique des d\u00e9lib\u00e9r\u00e9s, suscitant la col\u00e8re de la d\u00e9fense, notamment dans les affaires impliquant l\u2019ancien d\u00e9put\u00e9 Moustapha Diakhat\u00e9 et le journaliste Bachir Fofana. Les avocats des pr\u00e9venus, Me El Hadji [&hellip;]\" \/>\n<meta property=\"og:url\" content=\"https:\/\/www.nettali.com\/2025\/07\/16\/greve-des-greffiers-les-deliberes-de-moustapha-diakhate-bachir-fofana-et-cie-reportes-tensions-au-tribunal\/\" \/>\n<meta property=\"og:site_name\" content=\"Nettali.com\" \/>\n<meta property=\"article:publisher\" content=\"https:\/\/www.facebook.com\/nettalicom\" \/>\n<meta property=\"article:published_time\" content=\"2025-07-16T11:06:24+00:00\" \/>\n<meta property=\"og:image\" content=\"https:\/\/www.nettali.com\/wp-content\/uploads\/2024\/10\/Tribunal-de-Dakar-Senega.jpg\" \/>\n\t<meta property=\"og:image:width\" content=\"700\" \/>\n\t<meta property=\"og:image:height\" content=\"467\" \/>\n<meta name=\"twitter:card\" content=\"summary_large_image\" \/>\n<meta name=\"twitter:label1\" content=\"\u00c9crit par\" \/>\n\t<meta name=\"twitter:data1\" content=\"Daouda\" \/>\n\t<meta name=\"twitter:label2\" content=\"Dur\u00e9e de lecture estim\u00e9e\" \/>\n\t<meta name=\"twitter:data2\" content=\"2 minutes\" \/>\n<script type=\"application\/ld+json\" class=\"yoast-schema-graph\">{\"@context\":\"https:\/\/schema.org\",\"@graph\":[{\"@type\":\"WebSite\",\"@id\":\"https:\/\/www.nettali.com\/#website\",\"url\":\"https:\/\/www.nettali.com\/\",\"name\":\"Nettali.com\",\"description\":\"Le rendez-vous critique du Net\",\"potentialAction\":[{\"@type\":\"SearchAction\",\"target\":{\"@type\":\"EntryPoint\",\"urlTemplate\":\"https:\/\/www.nettali.com\/?s={search_term_string}\"},\"query-input\":\"required name=search_term_string\"}],\"inLanguage\":\"fr-FR\"},{\"@type\":\"ImageObject\",\"@id\":\"https:\/\/www.nettali.com\/2025\/07\/16\/greve-des-greffiers-les-deliberes-de-moustapha-diakhate-bachir-fofana-et-cie-reportes-tensions-au-tribunal\/#primaryimage\",\"inLanguage\":\"fr-FR\",\"url\":\"https:\/\/www.nettali.com\/wp-content\/uploads\/2024\/10\/Tribunal-de-Dakar-Senega.jpg\",\"contentUrl\":\"https:\/\/www.nettali.com\/wp-content\/uploads\/2024\/10\/Tribunal-de-Dakar-Senega.jpg\",\"width\":700,\"height\":467},{\"@type\":\"WebPage\",\"@id\":\"https:\/\/www.nettali.com\/2025\/07\/16\/greve-des-greffiers-les-deliberes-de-moustapha-diakhate-bachir-fofana-et-cie-reportes-tensions-au-tribunal\/#webpage\",\"url\":\"https:\/\/www.nettali.com\/2025\/07\/16\/greve-des-greffiers-les-deliberes-de-moustapha-diakhate-bachir-fofana-et-cie-reportes-tensions-au-tribunal\/\",\"name\":\"GREVE DES GREFFIERS - Les d\\u00e9lib\\u00e9r\\u00e9s de Moustapha Diakhat\\u00e9, Bachir Fofana et Cie report\\u00e9s, tensions au tribunal | Nettali.com\",\"isPartOf\":{\"@id\":\"https:\/\/www.nettali.com\/#website\"},\"primaryImageOfPage\":{\"@id\":\"https:\/\/www.nettali.com\/2025\/07\/16\/greve-des-greffiers-les-deliberes-de-moustapha-diakhate-bachir-fofana-et-cie-reportes-tensions-au-tribunal\/#primaryimage\"},\"datePublished\":\"2025-07-16T11:06:24+00:00\",\"dateModified\":\"2025-07-16T11:06:24+00:00\",\"author\":{\"@id\":\"https:\/\/www.nettali.com\/#\/schema\/person\/3317e0bb3aa1da309fbf7b2780901bf4\"},\"breadcrumb\":{\"@id\":\"https:\/\/www.nettali.com\/2025\/07\/16\/greve-des-greffiers-les-deliberes-de-moustapha-diakhate-bachir-fofana-et-cie-reportes-tensions-au-tribunal\/#breadcrumb\"},\"inLanguage\":\"fr-FR\",\"potentialAction\":[{\"@type\":\"ReadAction\",\"target\":[\"https:\/\/www.nettali.com\/2025\/07\/16\/greve-des-greffiers-les-deliberes-de-moustapha-diakhate-bachir-fofana-et-cie-reportes-tensions-au-tribunal\/\"]}]},{\"@type\":\"BreadcrumbList\",\"@id\":\"https:\/\/www.nettali.com\/2025\/07\/16\/greve-des-greffiers-les-deliberes-de-moustapha-diakhate-bachir-fofana-et-cie-reportes-tensions-au-tribunal\/#breadcrumb\",\"itemListElement\":[{\"@type\":\"ListItem\",\"position\":1,\"name\":\"Accueil\",\"item\":\"https:\/\/www.nettali.com\/\"},{\"@type\":\"ListItem\",\"position\":2,\"name\":\"GREVE DES GREFFIERS - Les d\\u00e9lib\\u00e9r\\u00e9s de Moustapha Diakhat\\u00e9, Bachir Fofana et Cie report\\u00e9s, tensions au tribunal\"}]},{\"@type\":\"Person\",\"@id\":\"https:\/\/www.nettali.com\/#\/schema\/person\/3317e0bb3aa1da309fbf7b2780901bf4\",\"name\":\"Daouda\",\"image\":{\"@type\":\"ImageObject\",\"@id\":\"https:\/\/www.nettali.com\/#personlogo\",\"inLanguage\":\"fr-FR\",\"url\":\"https:\/\/secure.gravatar.com\/avatar\/8d143b5a49345098ddcfee1c49c2f47c?s=96&d=mm&r=g\",\"contentUrl\":\"https:\/\/secure.gravatar.com\/avatar\/8d143b5a49345098ddcfee1c49c2f47c?s=96&d=mm&r=g\",\"caption\":\"Daouda\"},\"sameAs\":[\"https:\/\/www.nettali.com\"]}]}<\/script>\n<!-- \/ Yoast SEO Premium plugin. -->","yoast_head_json":{"title":"GREVE DES GREFFIERS - Les d\u00e9lib\u00e9r\u00e9s de Moustapha Diakhat\u00e9, Bachir Fofana et Cie report\u00e9s, tensions au tribunal | Nettali.com","robots":{"index":"index","follow":"follow","max-snippet":"max-snippet:-1","max-image-preview":"max-image-preview:large","max-video-preview":"max-video-preview:-1"},"canonical":"https:\/\/www.nettali.com\/2025\/07\/16\/greve-des-greffiers-les-deliberes-de-moustapha-diakhate-bachir-fofana-et-cie-reportes-tensions-au-tribunal\/","og_locale":"fr_FR","og_type":"article","og_title":"GREVE DES GREFFIERS - Les d\u00e9lib\u00e9r\u00e9s de Moustapha Diakhat\u00e9, Bachir Fofana et Cie report\u00e9s, tensions au tribunal","og_description":"NETTALI.COM - La gr\u00e8ve des greffiers continue de paralyser l\u2019appareil judiciaire. Ce lundi, au tribunal des flagrants d\u00e9lits, l\u2019absence de greffiers a entra\u00een\u00e9 la prorogation syst\u00e9matique des d\u00e9lib\u00e9r\u00e9s, suscitant la col\u00e8re de la d\u00e9fense, notamment dans les affaires impliquant l\u2019ancien d\u00e9put\u00e9 Moustapha Diakhat\u00e9 et le journaliste Bachir Fofana. Les avocats des pr\u00e9venus, Me El Hadji [&hellip;]","og_url":"https:\/\/www.nettali.com\/2025\/07\/16\/greve-des-greffiers-les-deliberes-de-moustapha-diakhate-bachir-fofana-et-cie-reportes-tensions-au-tribunal\/","og_site_name":"Nettali.com","article_publisher":"https:\/\/www.facebook.com\/nettalicom","article_published_time":"2025-07-16T11:06:24+00:00","og_image":[{"width":700,"height":467,"url":"https:\/\/www.nettali.com\/wp-content\/uploads\/2024\/10\/Tribunal-de-Dakar-Senega.jpg","type":"image\/jpeg"}],"twitter_card":"summary_large_image","twitter_misc":{"\u00c9crit par":"Daouda","Dur\u00e9e de lecture estim\u00e9e":"2 minutes"},"schema":{"@context":"https:\/\/schema.org","@graph":[{"@type":"WebSite","@id":"https:\/\/www.nettali.com\/#website","url":"https:\/\/www.nettali.com\/","name":"Nettali.com","description":"Le rendez-vous critique du Net","potentialAction":[{"@type":"SearchAction","target":{"@type":"EntryPoint","urlTemplate":"https:\/\/www.nettali.com\/?s={search_term_string}"},"query-input":"required name=search_term_string"}],"inLanguage":"fr-FR"},{"@type":"ImageObject","@id":"https:\/\/www.nettali.com\/2025\/07\/16\/greve-des-greffiers-les-deliberes-de-moustapha-diakhate-bachir-fofana-et-cie-reportes-tensions-au-tribunal\/#primaryimage","inLanguage":"fr-FR","url":"https:\/\/www.nettali.com\/wp-content\/uploads\/2024\/10\/Tribunal-de-Dakar-Senega.jpg","contentUrl":"https:\/\/www.nettali.com\/wp-content\/uploads\/2024\/10\/Tribunal-de-Dakar-Senega.jpg","width":700,"height":467},{"@type":"WebPage","@id":"https:\/\/www.nettali.com\/2025\/07\/16\/greve-des-greffiers-les-deliberes-de-moustapha-diakhate-bachir-fofana-et-cie-reportes-tensions-au-tribunal\/#webpage","url":"https:\/\/www.nettali.com\/2025\/07\/16\/greve-des-greffiers-les-deliberes-de-moustapha-diakhate-bachir-fofana-et-cie-reportes-tensions-au-tribunal\/","name":"GREVE DES GREFFIERS - Les d\u00e9lib\u00e9r\u00e9s de Moustapha Diakhat\u00e9, Bachir Fofana et Cie report\u00e9s, tensions au tribunal | Nettali.com","isPartOf":{"@id":"https:\/\/www.nettali.com\/#website"},"primaryImageOfPage":{"@id":"https:\/\/www.nettali.com\/2025\/07\/16\/greve-des-greffiers-les-deliberes-de-moustapha-diakhate-bachir-fofana-et-cie-reportes-tensions-au-tribunal\/#primaryimage"},"datePublished":"2025-07-16T11:06:24+00:00","dateModified":"2025-07-16T11:06:24+00:00","author":{"@id":"https:\/\/www.nettali.com\/#\/schema\/person\/3317e0bb3aa1da309fbf7b2780901bf4"},"breadcrumb":{"@id":"https:\/\/www.nettali.com\/2025\/07\/16\/greve-des-greffiers-les-deliberes-de-moustapha-diakhate-bachir-fofana-et-cie-reportes-tensions-au-tribunal\/#breadcrumb"},"inLanguage":"fr-FR","potentialAction":[{"@type":"ReadAction","target":["https:\/\/www.nettali.com\/2025\/07\/16\/greve-des-greffiers-les-deliberes-de-moustapha-diakhate-bachir-fofana-et-cie-reportes-tensions-au-tribunal\/"]}]},{"@type":"BreadcrumbList","@id":"https:\/\/www.nettali.com\/2025\/07\/16\/greve-des-greffiers-les-deliberes-de-moustapha-diakhate-bachir-fofana-et-cie-reportes-tensions-au-tribunal\/#breadcrumb","itemListElement":[{"@type":"ListItem","position":1,"name":"Accueil","item":"https:\/\/www.nettali.com\/"},{"@type":"ListItem","position":2,"name":"GREVE DES GREFFIERS - Les d\u00e9lib\u00e9r\u00e9s de Moustapha Diakhat\u00e9, Bachir Fofana et Cie report\u00e9s, tensions au tribunal"}]},{"@type":"Person","@id":"https:\/\/www.nettali.com\/#\/schema\/person\/3317e0bb3aa1da309fbf7b2780901bf4","name":"Daouda","image":{"@type":"ImageObject","@id":"https:\/\/www.nettali.com\/#personlogo","inLanguage":"fr-FR","url":"https:\/\/secure.gravatar.com\/avatar\/8d143b5a49345098ddcfee1c49c2f47c?s=96&d=mm&r=g","contentUrl":"https:\/\/secure.gravatar.com\/avatar\/8d143b5a49345098ddcfee1c49c2f47c?s=96&d=mm&r=g","caption":"Daouda"},"sameAs":["https:\/\/www.nettali.com"]}]}},"_links":{"self":[{"href":"https:\/\/www.nettali.com\/rest\/wp\/v2\/posts\/157708"}],"collection":[{"href":"https:\/\/www.nettali.com\/rest\/wp\/v2\/posts"}],"about":[{"href":"https:\/\/www.nettali.com\/rest\/wp\/v2\/types\/post"}],"author":[{"embeddable":true,"href":"https:\/\/www.nettali.com\/rest\/wp\/v2\/users\/4"}],"replies":[{"embeddable":true,"href":"https:\/\/www.nettali.com\/rest\/wp\/v2\/comments?post=157708"}],"version-history":[{"count":1,"href":"https:\/\/www.nettali.com\/rest\/wp\/v2\/posts\/157708\/revisions"}],"predecessor-version":[{"id":157709,"href":"https:\/\/www.nettali.com\/rest\/wp\/v2\/posts\/157708\/revisions\/157709"}],"wp:featuredmedia":[{"embeddable":true,"href":"https:\/\/www.nettali.com\/rest\/wp\/v2\/media\/142213"}],"wp:attachment":[{"href":"https:\/\/www.nettali.com\/rest\/wp\/v2\/media?parent=157708"}],"wp:term":[{"taxonomy":"category","embeddable":true,"href":"https:\/\/www.nettali.com\/rest\/wp\/v2\/categories?post=157708"},{"taxonomy":"post_tag","embeddable":true,"href":"https:\/\/www.nettali.com\/rest\/wp\/v2\/tags?post=157708"}],"curies":[{"name":"wp","href":"https:\/\/api.w.org\/{rel}","templated":true}]}}