{"id":157705,"date":"2025-07-16T11:41:58","date_gmt":"2025-07-16T11:41:58","guid":{"rendered":"https:\/\/www.nettali.com\/?p=157705"},"modified":"2025-07-16T10:42:12","modified_gmt":"2025-07-16T10:42:12","slug":"kolda-un-vigile-des-douanes-emporte-par-les-eaux-de-pluies","status":"publish","type":"post","link":"https:\/\/www.nettali.com\/2025\/07\/16\/kolda-un-vigile-des-douanes-emporte-par-les-eaux-de-pluies\/","title":{"rendered":"KOLDA - Un vigile des douanes emport\u00e9 par les eaux de pluies"},"content":{"rendered":"<p><strong>NETTALI.COM - La ville de Kolda est en deuil apr\u00e8s le tragique d\u00e9c\u00e8s de Moussa Diop, vigile en service \u00e0 la douane r\u00e9gionale. \u00c2g\u00e9 de 48 ans et mari\u00e9, il a perdu la vie lundi 14 juillet dans la nuit, \u00e0 la suite des fortes pr\u00e9cipitations qui se sont abattues sur la commune.<\/strong><\/p>\n<p>Le drame s\u2019est produit aux environs de 22h, alors que Moussa Diop rentrait du quartier Fasse Diah\u00e9 en direction de son domicile. Circulant \u00e0 moto sous une pluie torrentielle, il a \u00e9t\u00e9 surpris par les eaux et a chut\u00e9 dans un canal situ\u00e9 \u00e0 proximit\u00e9 de l\u2019h\u00f4pital r\u00e9gional de Kolda. Emport\u00e9 par les eaux pluviales, son corps sans vie a \u00e9t\u00e9 retrouv\u00e9 le lendemain, mardi apr\u00e8s-midi, sur un bras du fleuve au quartier Sar\u00e9 Moussa.<\/p>\n<p>Selon des t\u00e9moins et les premi\u00e8res constatations, sa moto est rest\u00e9e coinc\u00e9e dans le canal, ce qui a facilit\u00e9 l\u2019identification rapide de la victime. Les sapeurs-pompiers et les services de s\u00e9curit\u00e9 se sont rendus sur place pour rep\u00eacher le corps, qui a \u00e9t\u00e9 ensuite d\u00e9pos\u00e9 \u00e0 la morgue de l\u2019h\u00f4pital r\u00e9gional.<\/p>\n<p>En attendant les r\u00e9sultats de l\u2019enqu\u00eate ouverte par les autorit\u00e9s comp\u00e9tentes, la famille de la victime et ses coll\u00e8gues des douanes sont sous le choc. Moussa Diop laisse derri\u00e8re lui une veuve et des enfants inconsolables.<\/p>\n<div class='share-to-whatsapp-wrapper'><div class='share-on-whsp'>PARTAGER SUR : <\/div><a data-text='KOLDA - Un vigile des douanes emport\u00e9 par les eaux de pluies' data-link='https:\/\/www.nettali.com\/2025\/07\/16\/kolda-un-vigile-des-douanes-emporte-par-les-eaux-de-pluies\/' class='whatsapp-button whatsapp-share'>WhatsApp<\/a><div class='clear '><\/div><\/div>","protected":false},"excerpt":{"rendered":"<p>NETTALI.COM - La ville de Kolda est en deuil apr\u00e8s le tragique d\u00e9c\u00e8s de Moussa Diop, vigile en service \u00e0 la douane r\u00e9gionale. \u00c2g\u00e9 de 48 ans et mari\u00e9, il a perdu la vie lundi 14 juillet dans la nuit, \u00e0 la suite des fortes pr\u00e9cipitations qui se sont abattues sur la commune. Le drame [&hellip;]<\/p>\n","protected":false},"author":5,"featured_media":157706,"comment_status":"open","ping_status":"open","sticky":false,"template":"","format":"standard","meta":{"_et_pb_use_builder":"","_et_pb_old_content":""},"categories":[3],"tags":[],"yoast_head":"<!-- This site is optimized with the Yoast SEO Premium plugin v17.8 (Yoast SEO v17.8) - https:\/\/yoast.com\/wordpress\/plugins\/seo\/ -->\n<title>KOLDA - Un vigile des douanes emport\u00e9 par les eaux de pluies | Nettali.com<\/title>\n<meta name=\"robots\" content=\"index, follow, max-snippet:-1, max-image-preview:large, max-video-preview:-1\" \/>\n<link rel=\"canonical\" href=\"https:\/\/www.nettali.com\/2025\/07\/16\/kolda-un-vigile-des-douanes-emporte-par-les-eaux-de-pluies\/\" \/>\n<meta property=\"og:locale\" content=\"fr_FR\" \/>\n<meta property=\"og:type\" content=\"article\" \/>\n<meta property=\"og:title\" content=\"KOLDA - Un vigile des douanes emport\u00e9 par les eaux de pluies\" \/>\n<meta property=\"og:description\" content=\"NETTALI.COM - La ville de Kolda est en deuil apr\u00e8s le tragique d\u00e9c\u00e8s de Moussa Diop, vigile en service \u00e0 la douane r\u00e9gionale. \u00c2g\u00e9 de 48 ans et mari\u00e9, il a perdu la vie lundi 14 juillet dans la nuit, \u00e0 la suite des fortes pr\u00e9cipitations qui se sont abattues sur la commune. Le drame [&hellip;]\" \/>\n<meta property=\"og:url\" content=\"https:\/\/www.nettali.com\/2025\/07\/16\/kolda-un-vigile-des-douanes-emporte-par-les-eaux-de-pluies\/\" \/>\n<meta property=\"og:site_name\" content=\"Nettali.com\" \/>\n<meta property=\"article:publisher\" content=\"https:\/\/www.facebook.com\/nettalicom\" \/>\n<meta property=\"article:published_time\" content=\"2025-07-16T11:41:58+00:00\" \/>\n<meta property=\"article:modified_time\" content=\"2025-07-16T10:42:12+00:00\" \/>\n<meta property=\"og:image\" content=\"https:\/\/www.nettali.com\/wp-content\/uploads\/2025\/07\/pluie_bangui.jpeg\" \/>\n\t<meta property=\"og:image:width\" content=\"960\" \/>\n\t<meta property=\"og:image:height\" content=\"540\" \/>\n<meta name=\"twitter:card\" content=\"summary_large_image\" \/>\n<meta name=\"twitter:label1\" content=\"\u00c9crit par\" \/>\n\t<meta name=\"twitter:data1\" content=\"Ibrahima\" \/>\n\t<meta name=\"twitter:label2\" content=\"Dur\u00e9e de lecture estim\u00e9e\" \/>\n\t<meta name=\"twitter:data2\" content=\"2 minutes\" \/>\n<script type=\"application\/ld+json\" class=\"yoast-schema-graph\">{\"@context\":\"https:\/\/schema.org\",\"@graph\":[{\"@type\":\"WebSite\",\"@id\":\"https:\/\/www.nettali.com\/#website\",\"url\":\"https:\/\/www.nettali.com\/\",\"name\":\"Nettali.com\",\"description\":\"Le rendez-vous critique du Net\",\"potentialAction\":[{\"@type\":\"SearchAction\",\"target\":{\"@type\":\"EntryPoint\",\"urlTemplate\":\"https:\/\/www.nettali.com\/?s={search_term_string}\"},\"query-input\":\"required name=search_term_string\"}],\"inLanguage\":\"fr-FR\"},{\"@type\":\"ImageObject\",\"@id\":\"https:\/\/www.nettali.com\/2025\/07\/16\/kolda-un-vigile-des-douanes-emporte-par-les-eaux-de-pluies\/#primaryimage\",\"inLanguage\":\"fr-FR\",\"url\":\"https:\/\/www.nettali.com\/wp-content\/uploads\/2025\/07\/pluie_bangui.jpeg\",\"contentUrl\":\"https:\/\/www.nettali.com\/wp-content\/uploads\/2025\/07\/pluie_bangui.jpeg\",\"width\":960,\"height\":540},{\"@type\":\"WebPage\",\"@id\":\"https:\/\/www.nettali.com\/2025\/07\/16\/kolda-un-vigile-des-douanes-emporte-par-les-eaux-de-pluies\/#webpage\",\"url\":\"https:\/\/www.nettali.com\/2025\/07\/16\/kolda-un-vigile-des-douanes-emporte-par-les-eaux-de-pluies\/\",\"name\":\"KOLDA - Un vigile des douanes emport\\u00e9 par les eaux de pluies | Nettali.com\",\"isPartOf\":{\"@id\":\"https:\/\/www.nettali.com\/#website\"},\"primaryImageOfPage\":{\"@id\":\"https:\/\/www.nettali.com\/2025\/07\/16\/kolda-un-vigile-des-douanes-emporte-par-les-eaux-de-pluies\/#primaryimage\"},\"datePublished\":\"2025-07-16T11:41:58+00:00\",\"dateModified\":\"2025-07-16T10:42:12+00:00\",\"author\":{\"@id\":\"https:\/\/www.nettali.com\/#\/schema\/person\/bb147657c2986240405a608162b9bb23\"},\"breadcrumb\":{\"@id\":\"https:\/\/www.nettali.com\/2025\/07\/16\/kolda-un-vigile-des-douanes-emporte-par-les-eaux-de-pluies\/#breadcrumb\"},\"inLanguage\":\"fr-FR\",\"potentialAction\":[{\"@type\":\"ReadAction\",\"target\":[\"https:\/\/www.nettali.com\/2025\/07\/16\/kolda-un-vigile-des-douanes-emporte-par-les-eaux-de-pluies\/\"]}]},{\"@type\":\"BreadcrumbList\",\"@id\":\"https:\/\/www.nettali.com\/2025\/07\/16\/kolda-un-vigile-des-douanes-emporte-par-les-eaux-de-pluies\/#breadcrumb\",\"itemListElement\":[{\"@type\":\"ListItem\",\"position\":1,\"name\":\"Accueil\",\"item\":\"https:\/\/www.nettali.com\/\"},{\"@type\":\"ListItem\",\"position\":2,\"name\":\"KOLDA - Un vigile des douanes emport\\u00e9 par les eaux de pluies\"}]},{\"@type\":\"Person\",\"@id\":\"https:\/\/www.nettali.com\/#\/schema\/person\/bb147657c2986240405a608162b9bb23\",\"name\":\"Ibrahima\",\"image\":{\"@type\":\"ImageObject\",\"@id\":\"https:\/\/www.nettali.com\/#personlogo\",\"inLanguage\":\"fr-FR\",\"url\":\"https:\/\/secure.gravatar.com\/avatar\/26a8a81f09f0dd7624c9d5c36c9ba3a2?s=96&d=mm&r=g\",\"contentUrl\":\"https:\/\/secure.gravatar.com\/avatar\/26a8a81f09f0dd7624c9d5c36c9ba3a2?s=96&d=mm&r=g\",\"caption\":\"Ibrahima\"},\"sameAs\":[\"https:\/\/www.nettali.com\"]}]}<\/script>\n<!-- \/ Yoast SEO Premium plugin. -->","yoast_head_json":{"title":"KOLDA - Un vigile des douanes emport\u00e9 par les eaux de pluies | Nettali.com","robots":{"index":"index","follow":"follow","max-snippet":"max-snippet:-1","max-image-preview":"max-image-preview:large","max-video-preview":"max-video-preview:-1"},"canonical":"https:\/\/www.nettali.com\/2025\/07\/16\/kolda-un-vigile-des-douanes-emporte-par-les-eaux-de-pluies\/","og_locale":"fr_FR","og_type":"article","og_title":"KOLDA - Un vigile des douanes emport\u00e9 par les eaux de pluies","og_description":"NETTALI.COM - La ville de Kolda est en deuil apr\u00e8s le tragique d\u00e9c\u00e8s de Moussa Diop, vigile en service \u00e0 la douane r\u00e9gionale. \u00c2g\u00e9 de 48 ans et mari\u00e9, il a perdu la vie lundi 14 juillet dans la nuit, \u00e0 la suite des fortes pr\u00e9cipitations qui se sont abattues sur la commune. Le drame [&hellip;]","og_url":"https:\/\/www.nettali.com\/2025\/07\/16\/kolda-un-vigile-des-douanes-emporte-par-les-eaux-de-pluies\/","og_site_name":"Nettali.com","article_publisher":"https:\/\/www.facebook.com\/nettalicom","article_published_time":"2025-07-16T11:41:58+00:00","article_modified_time":"2025-07-16T10:42:12+00:00","og_image":[{"width":960,"height":540,"url":"https:\/\/www.nettali.com\/wp-content\/uploads\/2025\/07\/pluie_bangui.jpeg","type":"image\/jpeg"}],"twitter_card":"summary_large_image","twitter_misc":{"\u00c9crit par":"Ibrahima","Dur\u00e9e de lecture estim\u00e9e":"2 minutes"},"schema":{"@context":"https:\/\/schema.org","@graph":[{"@type":"WebSite","@id":"https:\/\/www.nettali.com\/#website","url":"https:\/\/www.nettali.com\/","name":"Nettali.com","description":"Le rendez-vous critique du Net","potentialAction":[{"@type":"SearchAction","target":{"@type":"EntryPoint","urlTemplate":"https:\/\/www.nettali.com\/?s={search_term_string}"},"query-input":"required name=search_term_string"}],"inLanguage":"fr-FR"},{"@type":"ImageObject","@id":"https:\/\/www.nettali.com\/2025\/07\/16\/kolda-un-vigile-des-douanes-emporte-par-les-eaux-de-pluies\/#primaryimage","inLanguage":"fr-FR","url":"https:\/\/www.nettali.com\/wp-content\/uploads\/2025\/07\/pluie_bangui.jpeg","contentUrl":"https:\/\/www.nettali.com\/wp-content\/uploads\/2025\/07\/pluie_bangui.jpeg","width":960,"height":540},{"@type":"WebPage","@id":"https:\/\/www.nettali.com\/2025\/07\/16\/kolda-un-vigile-des-douanes-emporte-par-les-eaux-de-pluies\/#webpage","url":"https:\/\/www.nettali.com\/2025\/07\/16\/kolda-un-vigile-des-douanes-emporte-par-les-eaux-de-pluies\/","name":"KOLDA - Un vigile des douanes emport\u00e9 par les eaux de pluies | Nettali.com","isPartOf":{"@id":"https:\/\/www.nettali.com\/#website"},"primaryImageOfPage":{"@id":"https:\/\/www.nettali.com\/2025\/07\/16\/kolda-un-vigile-des-douanes-emporte-par-les-eaux-de-pluies\/#primaryimage"},"datePublished":"2025-07-16T11:41:58+00:00","dateModified":"2025-07-16T10:42:12+00:00","author":{"@id":"https:\/\/www.nettali.com\/#\/schema\/person\/bb147657c2986240405a608162b9bb23"},"breadcrumb":{"@id":"https:\/\/www.nettali.com\/2025\/07\/16\/kolda-un-vigile-des-douanes-emporte-par-les-eaux-de-pluies\/#breadcrumb"},"inLanguage":"fr-FR","potentialAction":[{"@type":"ReadAction","target":["https:\/\/www.nettali.com\/2025\/07\/16\/kolda-un-vigile-des-douanes-emporte-par-les-eaux-de-pluies\/"]}]},{"@type":"BreadcrumbList","@id":"https:\/\/www.nettali.com\/2025\/07\/16\/kolda-un-vigile-des-douanes-emporte-par-les-eaux-de-pluies\/#breadcrumb","itemListElement":[{"@type":"ListItem","position":1,"name":"Accueil","item":"https:\/\/www.nettali.com\/"},{"@type":"ListItem","position":2,"name":"KOLDA - Un vigile des douanes emport\u00e9 par les eaux de pluies"}]},{"@type":"Person","@id":"https:\/\/www.nettali.com\/#\/schema\/person\/bb147657c2986240405a608162b9bb23","name":"Ibrahima","image":{"@type":"ImageObject","@id":"https:\/\/www.nettali.com\/#personlogo","inLanguage":"fr-FR","url":"https:\/\/secure.gravatar.com\/avatar\/26a8a81f09f0dd7624c9d5c36c9ba3a2?s=96&d=mm&r=g","contentUrl":"https:\/\/secure.gravatar.com\/avatar\/26a8a81f09f0dd7624c9d5c36c9ba3a2?s=96&d=mm&r=g","caption":"Ibrahima"},"sameAs":["https:\/\/www.nettali.com"]}]}},"_links":{"self":[{"href":"https:\/\/www.nettali.com\/rest\/wp\/v2\/posts\/157705"}],"collection":[{"href":"https:\/\/www.nettali.com\/rest\/wp\/v2\/posts"}],"about":[{"href":"https:\/\/www.nettali.com\/rest\/wp\/v2\/types\/post"}],"author":[{"embeddable":true,"href":"https:\/\/www.nettali.com\/rest\/wp\/v2\/users\/5"}],"replies":[{"embeddable":true,"href":"https:\/\/www.nettali.com\/rest\/wp\/v2\/comments?post=157705"}],"version-history":[{"count":1,"href":"https:\/\/www.nettali.com\/rest\/wp\/v2\/posts\/157705\/revisions"}],"predecessor-version":[{"id":157707,"href":"https:\/\/www.nettali.com\/rest\/wp\/v2\/posts\/157705\/revisions\/157707"}],"wp:featuredmedia":[{"embeddable":true,"href":"https:\/\/www.nettali.com\/rest\/wp\/v2\/media\/157706"}],"wp:attachment":[{"href":"https:\/\/www.nettali.com\/rest\/wp\/v2\/media?parent=157705"}],"wp:term":[{"taxonomy":"category","embeddable":true,"href":"https:\/\/www.nettali.com\/rest\/wp\/v2\/categories?post=157705"},{"taxonomy":"post_tag","embeddable":true,"href":"https:\/\/www.nettali.com\/rest\/wp\/v2\/tags?post=157705"}],"curies":[{"name":"wp","href":"https:\/\/api.w.org\/{rel}","templated":true}]}}