{"id":157702,"date":"2025-07-16T09:46:01","date_gmt":"2025-07-16T09:46:01","guid":{"rendered":"https:\/\/www.nettali.com\/?p=157702"},"modified":"2025-07-16T08:49:32","modified_gmt":"2025-07-16T08:49:32","slug":"bassirou-diomaye-faye-a-cotonou-vers-un-nouveau-souffle-dans-les-relations-senegalo-beninoises","status":"publish","type":"post","link":"https:\/\/www.nettali.com\/2025\/07\/16\/bassirou-diomaye-faye-a-cotonou-vers-un-nouveau-souffle-dans-les-relations-senegalo-beninoises\/","title":{"rendered":"BASSIROU DIOMAYE FAYE A COTONOU - Vers un nouveau souffle dans les relations s\u00e9n\u00e9galo-b\u00e9ninoises"},"content":{"rendered":"<p data-start=\"251\" data-end=\"637\"><strong>NETTALI.COM - Le pr\u00e9sident de la R\u00e9publique du S\u00e9n\u00e9gal, Bassirou Diomaye Faye, a entam\u00e9 ce mardi une visite officielle de 48 heures \u00e0 Cotonou, \u00e0 l\u2019invitation de son homologue b\u00e9ninois, Patrice Talon. Accueilli avec les honneurs au Palais pr\u00e9sidentiel, le chef de l\u2019\u00c9tat s\u00e9n\u00e9galais a \u00e9t\u00e9 salu\u00e9 par une c\u00e9r\u00e9monie protocolaire marquant la chaleur des liens diplomatiques entre les deux pays.<\/strong><\/p>\n<p data-start=\"639\" data-end=\"854\">Apr\u00e8s un t\u00eate-\u00e0-t\u00eate \u00e0 huis clos, les deux dirigeants se sont adress\u00e9s conjointement \u00e0 la presse, affichant leur volont\u00e9 commune de renforcer les relations bilat\u00e9rales, tant sur le plan \u00e9conomique que politique.<\/p>\n<p data-start=\"895\" data-end=\"1254\"><em>\u00ab\u202fNous voulons donner un nouvel \u00e9lan \u00e0 notre coop\u00e9ration \u00e9conomique et commerciale\u202f\u00bb<\/em>, a affirm\u00e9 le pr\u00e9sident Diomaye Faye, annon\u00e7ant la prochaine convocation d\u2019une Commission mixte de haut niveau. Cette instance aura pour mission de proposer des projets concrets en mati\u00e8re d\u2019investissement, de commerce, mais aussi de mobilit\u00e9 entre les deux peuples.<\/p>\n<p data-start=\"1256\" data-end=\"1563\"><em>\u00ab\u202fNous partageons une histoire et une culture communes. Il est de notre devoir de transformer cette fraternit\u00e9 en leviers de d\u00e9veloppement partag\u00e9s \u00bb<\/em>, a ajout\u00e9 le chef de l\u2019\u00c9tat s\u00e9n\u00e9galais, plaidant pour une concertation renforc\u00e9e entre les minist\u00e8res sectoriels et les milieux d\u2019affaires des deux pays.<\/p>\n<h3 data-start=\"1565\" data-end=\"1617\">\u00a0CEDEAO, UEMOA : pour une int\u00e9gration repens\u00e9e<\/h3>\n<p data-start=\"1619\" data-end=\"2032\">Au-del\u00e0 des enjeux bilat\u00e9raux, les deux chefs d\u2019\u00c9tat ont abord\u00e9 l\u2019avenir des organisations r\u00e9gionales, en particulier la CEDEAO et l\u2019UEMOA, dont ils appellent \u00e0 une r\u00e9forme structurelle. Patrice Talon et Bassirou Diomaye Faye se sont dits favorables \u00e0 un rapprochement entre les institutions communautaires et les r\u00e9alit\u00e9s des populations, \u00e0 travers une gouvernance plus efficace et plus r\u00e9active.<\/p>\n<p data-start=\"2068\" data-end=\"2364\">Le pr\u00e9sident b\u00e9ninois s\u2019est f\u00e9licit\u00e9 de cette visite, qu\u2019il qualifie de \u00ab\u202ftournant d\u00e9cisif\u202f\u00bb dans les relations entre Cotonou et Dakar. <em>\u00ab\u202fRenforcer notre coop\u00e9ration, c\u2019est construire la prosp\u00e9rit\u00e9 de nos citoyens. Nous sommes d\u00e9termin\u00e9s \u00e0 en faire une r\u00e9ussite durable \u00bb,<\/em> a-t-il d\u00e9clar\u00e9.<\/p>\n<p data-start=\"2366\" data-end=\"2565\">La visite du pr\u00e9sident Faye se poursuivra mercredi avec la signature de plusieurs accords sectoriels et une rencontre avec des acteurs \u00e9conomiques b\u00e9ninois. Il regagnera Dakar dans la soir\u00e9e.<\/p>\n<div class='share-to-whatsapp-wrapper'><div class='share-on-whsp'>PARTAGER SUR : <\/div><a data-text='BASSIROU DIOMAYE FAYE A COTONOU - Vers un nouveau souffle dans les relations s\u00e9n\u00e9galo-b\u00e9ninoises' data-link='https:\/\/www.nettali.com\/2025\/07\/16\/bassirou-diomaye-faye-a-cotonou-vers-un-nouveau-souffle-dans-les-relations-senegalo-beninoises\/' class='whatsapp-button whatsapp-share'>WhatsApp<\/a><div class='clear '><\/div><\/div>","protected":false},"excerpt":{"rendered":"<p>NETTALI.COM - Le pr\u00e9sident de la R\u00e9publique du S\u00e9n\u00e9gal, Bassirou Diomaye Faye, a entam\u00e9 ce mardi une visite officielle de 48 heures \u00e0 Cotonou, \u00e0 l\u2019invitation de son homologue b\u00e9ninois, Patrice Talon. Accueilli avec les honneurs au Palais pr\u00e9sidentiel, le chef de l\u2019\u00c9tat s\u00e9n\u00e9galais a \u00e9t\u00e9 salu\u00e9 par une c\u00e9r\u00e9monie protocolaire marquant la chaleur des [&hellip;]<\/p>\n","protected":false},"author":4,"featured_media":157703,"comment_status":"open","ping_status":"open","sticky":false,"template":"","format":"standard","meta":{"_et_pb_use_builder":"","_et_pb_old_content":""},"categories":[2],"tags":[],"yoast_head":"<!-- This site is optimized with the Yoast SEO Premium plugin v17.8 (Yoast SEO v17.8) - https:\/\/yoast.com\/wordpress\/plugins\/seo\/ -->\n<title>BASSIROU DIOMAYE FAYE A COTONOU - Vers un nouveau souffle dans les relations s\u00e9n\u00e9galo-b\u00e9ninoises | Nettali.com<\/title>\n<meta name=\"robots\" content=\"index, follow, max-snippet:-1, max-image-preview:large, max-video-preview:-1\" \/>\n<link rel=\"canonical\" href=\"https:\/\/www.nettali.com\/2025\/07\/16\/bassirou-diomaye-faye-a-cotonou-vers-un-nouveau-souffle-dans-les-relations-senegalo-beninoises\/\" \/>\n<meta property=\"og:locale\" content=\"fr_FR\" \/>\n<meta property=\"og:type\" content=\"article\" \/>\n<meta property=\"og:title\" content=\"BASSIROU DIOMAYE FAYE A COTONOU - Vers un nouveau souffle dans les relations s\u00e9n\u00e9galo-b\u00e9ninoises\" \/>\n<meta property=\"og:description\" content=\"NETTALI.COM - Le pr\u00e9sident de la R\u00e9publique du S\u00e9n\u00e9gal, Bassirou Diomaye Faye, a entam\u00e9 ce mardi une visite officielle de 48 heures \u00e0 Cotonou, \u00e0 l\u2019invitation de son homologue b\u00e9ninois, Patrice Talon. Accueilli avec les honneurs au Palais pr\u00e9sidentiel, le chef de l\u2019\u00c9tat s\u00e9n\u00e9galais a \u00e9t\u00e9 salu\u00e9 par une c\u00e9r\u00e9monie protocolaire marquant la chaleur des [&hellip;]\" \/>\n<meta property=\"og:url\" content=\"https:\/\/www.nettali.com\/2025\/07\/16\/bassirou-diomaye-faye-a-cotonou-vers-un-nouveau-souffle-dans-les-relations-senegalo-beninoises\/\" \/>\n<meta property=\"og:site_name\" content=\"Nettali.com\" \/>\n<meta property=\"article:publisher\" content=\"https:\/\/www.facebook.com\/nettalicom\" \/>\n<meta property=\"article:published_time\" content=\"2025-07-16T09:46:01+00:00\" \/>\n<meta property=\"article:modified_time\" content=\"2025-07-16T08:49:32+00:00\" \/>\n<meta property=\"og:image\" content=\"https:\/\/www.nettali.com\/wp-content\/uploads\/2025\/07\/Capture-de\u0301cran-2025-07-16-a\u0300-08.48.09.png\" \/>\n\t<meta property=\"og:image:width\" content=\"863\" \/>\n\t<meta property=\"og:image:height\" content=\"466\" \/>\n<meta name=\"twitter:card\" content=\"summary_large_image\" \/>\n<meta name=\"twitter:label1\" content=\"\u00c9crit par\" \/>\n\t<meta name=\"twitter:data1\" content=\"Daouda\" \/>\n\t<meta name=\"twitter:label2\" content=\"Dur\u00e9e de lecture estim\u00e9e\" \/>\n\t<meta name=\"twitter:data2\" content=\"2 minutes\" \/>\n<script type=\"application\/ld+json\" class=\"yoast-schema-graph\">{\"@context\":\"https:\/\/schema.org\",\"@graph\":[{\"@type\":\"WebSite\",\"@id\":\"https:\/\/www.nettali.com\/#website\",\"url\":\"https:\/\/www.nettali.com\/\",\"name\":\"Nettali.com\",\"description\":\"Le rendez-vous critique du Net\",\"potentialAction\":[{\"@type\":\"SearchAction\",\"target\":{\"@type\":\"EntryPoint\",\"urlTemplate\":\"https:\/\/www.nettali.com\/?s={search_term_string}\"},\"query-input\":\"required name=search_term_string\"}],\"inLanguage\":\"fr-FR\"},{\"@type\":\"ImageObject\",\"@id\":\"https:\/\/www.nettali.com\/2025\/07\/16\/bassirou-diomaye-faye-a-cotonou-vers-un-nouveau-souffle-dans-les-relations-senegalo-beninoises\/#primaryimage\",\"inLanguage\":\"fr-FR\",\"url\":\"https:\/\/www.nettali.com\/wp-content\/uploads\/2025\/07\/Capture-de\\u0301cran-2025-07-16-a\\u0300-08.48.09.png\",\"contentUrl\":\"https:\/\/www.nettali.com\/wp-content\/uploads\/2025\/07\/Capture-de\\u0301cran-2025-07-16-a\\u0300-08.48.09.png\",\"width\":863,\"height\":466},{\"@type\":\"WebPage\",\"@id\":\"https:\/\/www.nettali.com\/2025\/07\/16\/bassirou-diomaye-faye-a-cotonou-vers-un-nouveau-souffle-dans-les-relations-senegalo-beninoises\/#webpage\",\"url\":\"https:\/\/www.nettali.com\/2025\/07\/16\/bassirou-diomaye-faye-a-cotonou-vers-un-nouveau-souffle-dans-les-relations-senegalo-beninoises\/\",\"name\":\"BASSIROU DIOMAYE FAYE A COTONOU - Vers un nouveau souffle dans les relations s\\u00e9n\\u00e9galo-b\\u00e9ninoises | Nettali.com\",\"isPartOf\":{\"@id\":\"https:\/\/www.nettali.com\/#website\"},\"primaryImageOfPage\":{\"@id\":\"https:\/\/www.nettali.com\/2025\/07\/16\/bassirou-diomaye-faye-a-cotonou-vers-un-nouveau-souffle-dans-les-relations-senegalo-beninoises\/#primaryimage\"},\"datePublished\":\"2025-07-16T09:46:01+00:00\",\"dateModified\":\"2025-07-16T08:49:32+00:00\",\"author\":{\"@id\":\"https:\/\/www.nettali.com\/#\/schema\/person\/3317e0bb3aa1da309fbf7b2780901bf4\"},\"breadcrumb\":{\"@id\":\"https:\/\/www.nettali.com\/2025\/07\/16\/bassirou-diomaye-faye-a-cotonou-vers-un-nouveau-souffle-dans-les-relations-senegalo-beninoises\/#breadcrumb\"},\"inLanguage\":\"fr-FR\",\"potentialAction\":[{\"@type\":\"ReadAction\",\"target\":[\"https:\/\/www.nettali.com\/2025\/07\/16\/bassirou-diomaye-faye-a-cotonou-vers-un-nouveau-souffle-dans-les-relations-senegalo-beninoises\/\"]}]},{\"@type\":\"BreadcrumbList\",\"@id\":\"https:\/\/www.nettali.com\/2025\/07\/16\/bassirou-diomaye-faye-a-cotonou-vers-un-nouveau-souffle-dans-les-relations-senegalo-beninoises\/#breadcrumb\",\"itemListElement\":[{\"@type\":\"ListItem\",\"position\":1,\"name\":\"Accueil\",\"item\":\"https:\/\/www.nettali.com\/\"},{\"@type\":\"ListItem\",\"position\":2,\"name\":\"BASSIROU DIOMAYE FAYE A COTONOU - Vers un nouveau souffle dans les relations s\\u00e9n\\u00e9galo-b\\u00e9ninoises\"}]},{\"@type\":\"Person\",\"@id\":\"https:\/\/www.nettali.com\/#\/schema\/person\/3317e0bb3aa1da309fbf7b2780901bf4\",\"name\":\"Daouda\",\"image\":{\"@type\":\"ImageObject\",\"@id\":\"https:\/\/www.nettali.com\/#personlogo\",\"inLanguage\":\"fr-FR\",\"url\":\"https:\/\/secure.gravatar.com\/avatar\/8d143b5a49345098ddcfee1c49c2f47c?s=96&d=mm&r=g\",\"contentUrl\":\"https:\/\/secure.gravatar.com\/avatar\/8d143b5a49345098ddcfee1c49c2f47c?s=96&d=mm&r=g\",\"caption\":\"Daouda\"},\"sameAs\":[\"https:\/\/www.nettali.com\"]}]}<\/script>\n<!-- \/ Yoast SEO Premium plugin. -->","yoast_head_json":{"title":"BASSIROU DIOMAYE FAYE A COTONOU - Vers un nouveau souffle dans les relations s\u00e9n\u00e9galo-b\u00e9ninoises | Nettali.com","robots":{"index":"index","follow":"follow","max-snippet":"max-snippet:-1","max-image-preview":"max-image-preview:large","max-video-preview":"max-video-preview:-1"},"canonical":"https:\/\/www.nettali.com\/2025\/07\/16\/bassirou-diomaye-faye-a-cotonou-vers-un-nouveau-souffle-dans-les-relations-senegalo-beninoises\/","og_locale":"fr_FR","og_type":"article","og_title":"BASSIROU DIOMAYE FAYE A COTONOU - Vers un nouveau souffle dans les relations s\u00e9n\u00e9galo-b\u00e9ninoises","og_description":"NETTALI.COM - Le pr\u00e9sident de la R\u00e9publique du S\u00e9n\u00e9gal, Bassirou Diomaye Faye, a entam\u00e9 ce mardi une visite officielle de 48 heures \u00e0 Cotonou, \u00e0 l\u2019invitation de son homologue b\u00e9ninois, Patrice Talon. Accueilli avec les honneurs au Palais pr\u00e9sidentiel, le chef de l\u2019\u00c9tat s\u00e9n\u00e9galais a \u00e9t\u00e9 salu\u00e9 par une c\u00e9r\u00e9monie protocolaire marquant la chaleur des [&hellip;]","og_url":"https:\/\/www.nettali.com\/2025\/07\/16\/bassirou-diomaye-faye-a-cotonou-vers-un-nouveau-souffle-dans-les-relations-senegalo-beninoises\/","og_site_name":"Nettali.com","article_publisher":"https:\/\/www.facebook.com\/nettalicom","article_published_time":"2025-07-16T09:46:01+00:00","article_modified_time":"2025-07-16T08:49:32+00:00","og_image":[{"width":863,"height":466,"url":"https:\/\/www.nettali.com\/wp-content\/uploads\/2025\/07\/Capture-de\u0301cran-2025-07-16-a\u0300-08.48.09.png","type":"image\/png"}],"twitter_card":"summary_large_image","twitter_misc":{"\u00c9crit par":"Daouda","Dur\u00e9e de lecture estim\u00e9e":"2 minutes"},"schema":{"@context":"https:\/\/schema.org","@graph":[{"@type":"WebSite","@id":"https:\/\/www.nettali.com\/#website","url":"https:\/\/www.nettali.com\/","name":"Nettali.com","description":"Le rendez-vous critique du Net","potentialAction":[{"@type":"SearchAction","target":{"@type":"EntryPoint","urlTemplate":"https:\/\/www.nettali.com\/?s={search_term_string}"},"query-input":"required name=search_term_string"}],"inLanguage":"fr-FR"},{"@type":"ImageObject","@id":"https:\/\/www.nettali.com\/2025\/07\/16\/bassirou-diomaye-faye-a-cotonou-vers-un-nouveau-souffle-dans-les-relations-senegalo-beninoises\/#primaryimage","inLanguage":"fr-FR","url":"https:\/\/www.nettali.com\/wp-content\/uploads\/2025\/07\/Capture-de\u0301cran-2025-07-16-a\u0300-08.48.09.png","contentUrl":"https:\/\/www.nettali.com\/wp-content\/uploads\/2025\/07\/Capture-de\u0301cran-2025-07-16-a\u0300-08.48.09.png","width":863,"height":466},{"@type":"WebPage","@id":"https:\/\/www.nettali.com\/2025\/07\/16\/bassirou-diomaye-faye-a-cotonou-vers-un-nouveau-souffle-dans-les-relations-senegalo-beninoises\/#webpage","url":"https:\/\/www.nettali.com\/2025\/07\/16\/bassirou-diomaye-faye-a-cotonou-vers-un-nouveau-souffle-dans-les-relations-senegalo-beninoises\/","name":"BASSIROU DIOMAYE FAYE A COTONOU - Vers un nouveau souffle dans les relations s\u00e9n\u00e9galo-b\u00e9ninoises | Nettali.com","isPartOf":{"@id":"https:\/\/www.nettali.com\/#website"},"primaryImageOfPage":{"@id":"https:\/\/www.nettali.com\/2025\/07\/16\/bassirou-diomaye-faye-a-cotonou-vers-un-nouveau-souffle-dans-les-relations-senegalo-beninoises\/#primaryimage"},"datePublished":"2025-07-16T09:46:01+00:00","dateModified":"2025-07-16T08:49:32+00:00","author":{"@id":"https:\/\/www.nettali.com\/#\/schema\/person\/3317e0bb3aa1da309fbf7b2780901bf4"},"breadcrumb":{"@id":"https:\/\/www.nettali.com\/2025\/07\/16\/bassirou-diomaye-faye-a-cotonou-vers-un-nouveau-souffle-dans-les-relations-senegalo-beninoises\/#breadcrumb"},"inLanguage":"fr-FR","potentialAction":[{"@type":"ReadAction","target":["https:\/\/www.nettali.com\/2025\/07\/16\/bassirou-diomaye-faye-a-cotonou-vers-un-nouveau-souffle-dans-les-relations-senegalo-beninoises\/"]}]},{"@type":"BreadcrumbList","@id":"https:\/\/www.nettali.com\/2025\/07\/16\/bassirou-diomaye-faye-a-cotonou-vers-un-nouveau-souffle-dans-les-relations-senegalo-beninoises\/#breadcrumb","itemListElement":[{"@type":"ListItem","position":1,"name":"Accueil","item":"https:\/\/www.nettali.com\/"},{"@type":"ListItem","position":2,"name":"BASSIROU DIOMAYE FAYE A COTONOU - Vers un nouveau souffle dans les relations s\u00e9n\u00e9galo-b\u00e9ninoises"}]},{"@type":"Person","@id":"https:\/\/www.nettali.com\/#\/schema\/person\/3317e0bb3aa1da309fbf7b2780901bf4","name":"Daouda","image":{"@type":"ImageObject","@id":"https:\/\/www.nettali.com\/#personlogo","inLanguage":"fr-FR","url":"https:\/\/secure.gravatar.com\/avatar\/8d143b5a49345098ddcfee1c49c2f47c?s=96&d=mm&r=g","contentUrl":"https:\/\/secure.gravatar.com\/avatar\/8d143b5a49345098ddcfee1c49c2f47c?s=96&d=mm&r=g","caption":"Daouda"},"sameAs":["https:\/\/www.nettali.com"]}]}},"_links":{"self":[{"href":"https:\/\/www.nettali.com\/rest\/wp\/v2\/posts\/157702"}],"collection":[{"href":"https:\/\/www.nettali.com\/rest\/wp\/v2\/posts"}],"about":[{"href":"https:\/\/www.nettali.com\/rest\/wp\/v2\/types\/post"}],"author":[{"embeddable":true,"href":"https:\/\/www.nettali.com\/rest\/wp\/v2\/users\/4"}],"replies":[{"embeddable":true,"href":"https:\/\/www.nettali.com\/rest\/wp\/v2\/comments?post=157702"}],"version-history":[{"count":1,"href":"https:\/\/www.nettali.com\/rest\/wp\/v2\/posts\/157702\/revisions"}],"predecessor-version":[{"id":157704,"href":"https:\/\/www.nettali.com\/rest\/wp\/v2\/posts\/157702\/revisions\/157704"}],"wp:featuredmedia":[{"embeddable":true,"href":"https:\/\/www.nettali.com\/rest\/wp\/v2\/media\/157703"}],"wp:attachment":[{"href":"https:\/\/www.nettali.com\/rest\/wp\/v2\/media?parent=157702"}],"wp:term":[{"taxonomy":"category","embeddable":true,"href":"https:\/\/www.nettali.com\/rest\/wp\/v2\/categories?post=157702"},{"taxonomy":"post_tag","embeddable":true,"href":"https:\/\/www.nettali.com\/rest\/wp\/v2\/tags?post=157702"}],"curies":[{"name":"wp","href":"https:\/\/api.w.org\/{rel}","templated":true}]}}