{"id":157699,"date":"2025-07-16T01:34:36","date_gmt":"2025-07-16T01:34:36","guid":{"rendered":"https:\/\/www.nettali.com\/?p=157699"},"modified":"2025-07-16T01:37:31","modified_gmt":"2025-07-16T01:37:31","slug":"fete-de-lindependance-de-la-france-la-ceremonie-celebree-sous-le-signe-du-dialogue-et-de-la-fidelite-a-dakar","status":"publish","type":"post","link":"https:\/\/www.nettali.com\/2025\/07\/16\/fete-de-lindependance-de-la-france-la-ceremonie-celebree-sous-le-signe-du-dialogue-et-de-la-fidelite-a-dakar\/","title":{"rendered":"F\u00caTE DE L\u2019IND\u00c9PENDANCE DE LA FRANCE - La c\u00e9r\u00e9monie c\u00e9l\u00e9br\u00e9e sous le signe du dialogue et de la fid\u00e9lit\u00e9 \u00e0 Dakar"},"content":{"rendered":"<p><strong>NETTALI.COM - Dans les jardins de la R\u00e9sidence de France \u00e0 Dakar, la c\u00e9l\u00e9bration du 14 Juillet, f\u00eate nationale marquant l\u2019ind\u00e9pendance de la R\u00e9publique fran\u00e7aise, s\u2019est tenue dans la sobri\u00e9t\u00e9, avec une volont\u00e9 affirm\u00e9e de se tourner vers l\u2019avenir. Au fil des discours prononc\u00e9s par l\u2019ambassadrice Christine Fages et le directeur de cabinet du Pr\u00e9sident du S\u00e9n\u00e9gal, Mary Teuw Niane, une vision renouvel\u00e9e du partenariat entre la France et le S\u00e9n\u00e9gal s\u2019est dessin\u00e9e : fid\u00e8le \u00e0 l\u2019histoire partag\u00e9e, mais r\u00e9solument r\u00e9invent\u00e9e.<\/strong><\/p>\n<p>Ce 14 juillet 2025, l\u2019ambiance est calme, presque intime, dans les jardins de la R\u00e9sidence de l\u2019ambassadeur de France \u00e0 Dakar. Peu apr\u00e8s 18 heures, les invit\u00e9s arrivent : diplomates, ministres, responsables d\u2019ONG, artistes, anciens boursiers, entrepreneurs franco-s\u00e9n\u00e9galais. Tous r\u00e9unis sous les arbres d\u00e9cor\u00e9s aux couleurs tricolores, pour une r\u00e9ception \u00e0 la fois sobre et porteuse de sens.<\/p>\n<p>Au coeur de cette soir\u00e9e, une id\u00e9e simple : un lien ancien entre la France et le S\u00e9n\u00e9gal, qui continue de se red\u00e9finir dans un monde en pleine mutation. L\u2019ambassadrice Christine Fages a ouvert son allocution sur un ton direct et franc : \u201c<em>\u00eatre l\u00e0. Pr\u00e9sents, lucides et fid\u00e8les.<\/em>\u201d. Elle a \u00e9voqu\u00e9 une relation marqu\u00e9e par des rencontres, des luttes, des partages, mais aussi par des aspirations profondes et des transformations \u00e0 l\u2019\u00e9chelle de la sous-r\u00e9gion. Son discours, prononc\u00e9 en fran\u00e7ais puis bri\u00e8vement en wolof, a m\u00eal\u00e9 gravit\u00e9 et ouverture. Elle a reconnu que beaucoup s\u2019interrogent sur la pr\u00e9sence de la France en Afrique : \u201c<em>C\u2019est l\u00e9gitime<\/em>\u201d, a-t-elle affirm\u00e9. \u201c<em>Mais la France est l\u00e0, pas pour imposer ni dominer, mais pour \u00e9couter et construire ensemble.<\/em>\u201d<\/p>\n<p>Elle a insist\u00e9 sur les actions concr\u00e8tes : \u00e9coles, centres de sant\u00e9, jeunes entreprises soutenues, lyc\u00e9es r\u00e9nov\u00e9s, coop\u00e9rations militaires dans un esprit de responsabilit\u00e9 partag\u00e9e. Le mot-cl\u00e9 : \u201cEnsemble\u201d.<\/p>\n<p>En r\u00e9ponse, Mary Teuw Niane, directeur de cabinet du pr\u00e9sident s\u00e9n\u00e9galais et ancien ministre de l\u2019Enseignement sup\u00e9rieur, a salu\u00e9 la constance de ce partenariat. Sans d\u00e9tour, il a rappel\u00e9 que le S\u00e9n\u00e9gal est souverain et libre de diversifier ses alliances, mais que la France fait partie de son histoire. Il a \u00e9voqu\u00e9 la jeunesse, l\u2019\u00e9ducation, les g\u00e9n\u00e9rations pass\u00e9es par les lyc\u00e9es fran\u00e7ais ou les universit\u00e9s en France. Il a rendu hommage \u00e0 une m\u00e9moire partag\u00e9e, parfois complexe mais toujours f\u00e9conde, et a appel\u00e9 \u00e0 \u201cb\u00e2tir des ponts, pas des murs\u201d.<\/p>\n<p>D\u2019ailleurs, l\u2019ambassadrice l\u2019a rappel\u00e9 avec justesse : \u201c<em>Le 14 Juillet, ce n\u2019est pas seulement la prise de la Bastille. C\u2019est une promesse. Celle de la libert\u00e9, de l\u2019\u00e9galit\u00e9, de la fraternit\u00e9. Des valeurs qu\u2019il faut faire vivre, ici et maintenant<\/em>\u201d.<\/p>\n<p>En toile de fond, une r\u00e9alit\u00e9 \u00e9vidente : les relations entre la France et plusieurs pays d\u2019Afrique de l\u2019Ouest se transforment. Retraits militaires, \u00e9mergence de nouveaux acteurs, affirmations de souverainet\u00e9\u2026 Le contexte est sensible. Mais le S\u00e9n\u00e9gal reste un partenaire stable, avec qui le dialogue se poursuit.<\/p>\n<p>Christine Fages a salu\u00e9 la transition politique pacifique \u00e0 Dakar, f\u00e9licit\u00e9 le Pr\u00e9sident Bassirou Diomaye Faye et r\u00e9affirm\u00e9 l\u2019engagement fran\u00e7ais \u00e0 accompagner les choix souverains du S\u00e9n\u00e9gal dans des secteurs cl\u00e9s : \u00e9ducation, sant\u00e9, culture, s\u00e9curit\u00e9. Sa derni\u00e8re phrase, prononc\u00e9e lentement, r\u00e9sonnait encore alors que les invit\u00e9s se dispersaient : \u201c<em>Continuons \u00e0 dialoguer, les yeux dans les yeux. Avec exigence, franchise et bienveillance<\/em>\u201d<\/p>\n<p>&nbsp;<\/p>\n<p>&nbsp;<\/p>\n<p>&nbsp;<\/p>\n<p>&nbsp;<\/p>\n<p>&nbsp;<\/p>\n<p>&nbsp;<\/p>\n<p>&nbsp;<\/p>\n<p>&nbsp;<\/p>\n<p>&nbsp;<\/p>\n<p>&nbsp;<\/p>\n<p>&nbsp;<\/p>\n<p>&nbsp;<\/p>\n<p>&nbsp;<\/p>\n<p>&nbsp;<\/p>\n<p>direction g\u00e9n\u00e9rale reste en suspens. Selon des informations recoup\u00e9es, l\u2019\u00c9tat du S\u00e9n\u00e9gal \u2014 actionnaire strat\u00e9gique \u2014 a exig\u00e9, avant toute d\u00e9cision, une r\u00e9\u00e9valuation du mode de gouvernance de Sonatel, consid\u00e9r\u00e9e comme l\u2019un des fleurons de l\u2019\u00e9conomie nationale. Jusqu\u2019ici, ce pr\u00e9alable n\u2019a pas encore \u00e9t\u00e9 r\u00e9alis\u00e9. Cons\u00e9quence : toute information laissant croire que la d\u00e9cision de remplacement de S\u00e9kou Dram\u00e9 serait ent\u00e9rin\u00e9e est, selon plusieurs sources, \u201cinfond\u00e9e et pr\u00e9matur\u00e9e\u201d. La fronde syndicale et l\u2019ombre d\u2019Orange Dans une lettre ouverte adress\u00e9e au chef de l\u2019\u00c9tat, l\u2019Intersyndicale des travailleurs de Sonatel, par la voix de son secr\u00e9taire g\u00e9n\u00e9ral Mouhamadou Lamine Badji, d\u00e9nonce la volont\u00e9 suppos\u00e9e du partenaire technique Orange de d\u00e9signer un successeur \u00e0 S\u00e9kou Dram\u00e9. Le nom \u00e9voqu\u00e9 ? Celui de Brelotte B\u00e2, actuel directeur g\u00e9n\u00e9ral adjoint d\u2019Orange Afrique et Moyen-Orient. Bien que S\u00e9n\u00e9galais, ce choix est per\u00e7u par les travailleurs comme une tentative de mainmise d\u2019Orange sur Sonatel, au d\u00e9triment des int\u00e9r\u00eats s\u00e9n\u00e9galais. \u201cLe profil propos\u00e9 est format\u00e9 pour d\u00e9fendre les int\u00e9r\u00eats d\u2019Orange France et non ceux du S\u00e9n\u00e9gal\u201d, accuse l\u2019Intersyndicale. Au-del\u00e0 des questions de gouvernance, ce dossier illustre la tension grandissante entre souverainet\u00e9 \u00e9conomique et logiques de multinationales. Car Sonatel reste un pilier strat\u00e9gique : leader incontest\u00e9 des t\u00e9l\u00e9coms au S\u00e9n\u00e9gal et acteur r\u00e9gional incontournable. D\u2019ailleurs, le syndicat avertit : \u201cAccepter ce projet de changement sans d\u00e9bat \u00e9quitable, c\u2019est offrir sur un plateau l\u2019avenir de Sonatel \u00e0 Orange, et signer un renoncement grave \u00e0 d\u00e9fendre les int\u00e9r\u00eats nationaux\u201d. Autre motif d\u2019indignation : l\u2019id\u00e9e que le prochain Conseil d\u2019administration pr\u00e9vu le 24 juillet puisse se tenir \u00e0 Paris. Un choix jug\u00e9 \u201cinacceptable\u201d par les syndicats qui plaident pour une r\u00e9union dans l\u2019une des capitales africaines o\u00f9 Sonatel est implant\u00e9e. \u201cAu nom de la dignit\u00e9 des Africains. Le n\u00e9ocolonialisme, on en a assez !\u201d, tonne Lamine Badji. Des performances en hausse, dans un contexte tendu Il faut rappeler que sous la direction de S\u00e9kou Dram\u00e9, Sonatel a r\u00e9alis\u00e9 des performances remarquables, en d\u00e9pit des crises successives, notamment la pand\u00e9mie de Covid-19 et la concurrence exacerb\u00e9e de nouveaux entrants comme Wave. Ces r\u00e9sultats sont brandis comme argument par ses soutiens pour temp\u00e9rer les vell\u00e9it\u00e9s de changement. Dans ce climat \u00e9lectrique, tous les regards se tournent d\u00e9sormais vers le pr\u00e9sident Bassirou Diomaye Faye. Le chef de l\u2019\u00c9tat est appel\u00e9 \u00e0 garantir la pr\u00e9servation des int\u00e9r\u00eats s\u00e9n\u00e9galais dans une entreprise aussi strat\u00e9gique que Sonatel. CHANGEMENT \u00c0 LA T\u00caTE DE SONATEL Entre rumeurs, tensions et guerre d\u2019int\u00e9r\u00eats Alors qu\u2019une campagne persistante annonce le d\u00e9part imminent de S\u00e9kou Dram\u00e9, directeur g\u00e9n\u00e9ral de Sonatel, les autorit\u00e9s s\u00e9n\u00e9galaises n\u2019ont, \u00e0 ce jour, act\u00e9 aucune d\u00e9cision officielle. C\u2019est ce qu\u2019indiquent des sources proches du dossier, qui d\u00e9noncent une tentative de manipulation de l\u2019opinion. F\u00caTE DE L\u2019IND\u00c9PENDANCE DE LA FRANCE La c\u00e9r\u00e9monie c\u00e9l\u00e9br\u00e9e sous le signe du dialogue et de la fid\u00e9lit\u00e9 \u00e0 Dakar Dans les jardins de la R\u00e9sidence de France \u00e0 Dakar, la c\u00e9l\u00e9bration du 14 Juillet, f\u00eate nationale marquant l\u2019ind\u00e9pendance de la R\u00e9publique fran\u00e7aise, s\u2019est tenue dans la sobri\u00e9t\u00e9, avec une volont\u00e9 affirm\u00e9e de se tourner vers l\u2019avenir. Au fil des discours prononc\u00e9s par l\u2019ambassadrice Christine Fages et le directeur de cabinet du Pr\u00e9sident du S\u00e9n\u00e9gal, Mary Teuw Niane, une vision renouvel\u00e9e du partenariat entre la France et le S\u00e9n\u00e9gal s\u2019est dessin\u00e9e : fid\u00e8le \u00e0 l\u2019histoire partag\u00e9e, mais r\u00e9solument r\u00e9invent\u00e9e.<\/p>\n<p>&nbsp;<\/p>\n<p>&nbsp;<\/p>\n<p>Ce 14 juillet 2025, l\u2019ambiance est calme, presque intime, dans les jardins de la R\u00e9sidence de l\u2019ambassadeur de France \u00e0 Dakar. Peu apr\u00e8s 18 heures, les invit\u00e9s arrivent : diplomates, ministres, responsables d\u2019ONG, artistes, anciens boursiers, entrepreneurs franco-s\u00e9n\u00e9galais. Tous r\u00e9unis sous les arbres d\u00e9cor\u00e9s aux couleurs tricolores, pour une r\u00e9ception \u00e0 la fois sobre et porteuse de sens.<\/p>\n<p>Au coeur de cette soir\u00e9e, une id\u00e9e simple : un lien ancien entre la France et le S\u00e9n\u00e9gal, qui continue de se red\u00e9finir dans un monde en pleine mutation.<\/p>\n<p>L\u2019ambassadrice Christine Fages a ouvert son allocution sur un ton direct et franc : \u201c<em>\u00eatre l\u00e0. Pr\u00e9sents, lucides et fid\u00e8les.<\/em>\u201d. Elle a \u00e9voqu\u00e9 une relation marqu\u00e9e par des rencontres, des luttes, des partages, mais aussi par des aspirations profondes et des transformations \u00e0 l\u2019\u00e9chelle de la sous-r\u00e9gion. Son discours, prononc\u00e9 en fran\u00e7ais puis bri\u00e8vement en wolof, a m\u00eal\u00e9 gravit\u00e9 et ouverture. Elle a reconnu que beaucoup s\u2019interrogent sur la pr\u00e9sence de la France en Afrique : \u201c<em>C\u2019est l\u00e9gitime<\/em>\u201d, a-t-elle affirm\u00e9. \u201c<em>Mais la France est l\u00e0, pas pour imposer ni dominer, mais pour \u00e9couter et construire ensemble.<\/em>\u201d<\/p>\n<p>Elle a insist\u00e9 sur les actions concr\u00e8tes : \u00e9coles, centres de sant\u00e9, jeunes entreprises soutenues, lyc\u00e9es r\u00e9nov\u00e9s, coop\u00e9rations militaires dans un esprit de responsabilit\u00e9 partag\u00e9e. Le mot-cl\u00e9 : \u201cEnsemble\u201d. En r\u00e9ponse, Mary Teuw Niane, directeur de cabinet du pr\u00e9sident s\u00e9n\u00e9galais et ancien ministre de l\u2019Enseignement sup\u00e9rieur, a salu\u00e9 la constance de ce partenariat. Sans d\u00e9tour, il a rappel\u00e9 que le S\u00e9n\u00e9gal est souverain et libre de diversifier ses alliances, mais que la France fait partie de son histoire. Il a \u00e9voqu\u00e9 la jeunesse, l\u2019\u00e9ducation, les g\u00e9n\u00e9rations pass\u00e9es par les lyc\u00e9es fran\u00e7ais ou les universit\u00e9s en France. Il a rendu hommage \u00e0 une m\u00e9moire partag\u00e9e, parfois complexe mais toujours f\u00e9conde, et a appel\u00e9 \u00e0 \u201cb\u00e2tir des ponts, pas des murs\u201d. D\u2019ailleurs, l\u2019ambassadrice l\u2019a rappel\u00e9 avec justesse : \u201cLe 14 Juillet, ce n\u2019est pas seulement la prise de la Bastille. C\u2019est une promesse. Celle de la libert\u00e9, de l\u2019\u00e9galit\u00e9, de la fraternit\u00e9. Des valeurs qu\u2019il faut faire vivre, ici et maintenant\u201d. En toile de fond, une r\u00e9alit\u00e9 \u00e9vidente : les relations entre la France et plusieurs pays d\u2019Afrique de l\u2019Ouest se transforment. Retraits militaires, \u00e9mergence de nouveaux acteurs, affirmations de souverainet\u00e9\u2026 Le contexte est sensible. Mais le S\u00e9n\u00e9gal reste un partenaire stable, avec qui le dialogue se poursuit. Christine Fages a salu\u00e9 la transition politique pacifique \u00e0 Dakar, f\u00e9licit\u00e9 le Pr\u00e9sident Bassirou Diomaye Faye, et r\u00e9affirm\u00e9 l\u2019engagement fran\u00e7ais \u00e0 accompagner les choix souverains du S\u00e9n\u00e9gal dans des secteurs cl\u00e9s : \u00e9ducation, sant\u00e9, culture, s\u00e9curit\u00e9. Sa derni\u00e8re phrase, prononc\u00e9e lentement, r\u00e9sonnait encore alors que les invit\u00e9s se dispersaient : \u201cContinuons \u00e0 dialoguer, les yeux dans les yeux. Avec exigence, franchise et bienveillance\u201d.<\/p>\n<div class='share-to-whatsapp-wrapper'><div class='share-on-whsp'>PARTAGER SUR : <\/div><a data-text='F\u00caTE DE L\u2019IND\u00c9PENDANCE DE LA FRANCE - La c\u00e9r\u00e9monie c\u00e9l\u00e9br\u00e9e sous le signe du dialogue et de la fid\u00e9lit\u00e9 \u00e0 Dakar' data-link='https:\/\/www.nettali.com\/2025\/07\/16\/fete-de-lindependance-de-la-france-la-ceremonie-celebree-sous-le-signe-du-dialogue-et-de-la-fidelite-a-dakar\/' class='whatsapp-button whatsapp-share'>WhatsApp<\/a><div class='clear '><\/div><\/div>","protected":false},"excerpt":{"rendered":"<p>NETTALI.COM - Dans les jardins de la R\u00e9sidence de France \u00e0 Dakar, la c\u00e9l\u00e9bration du 14 Juillet, f\u00eate nationale marquant l\u2019ind\u00e9pendance de la R\u00e9publique fran\u00e7aise, s\u2019est tenue dans la sobri\u00e9t\u00e9, avec une volont\u00e9 affirm\u00e9e de se tourner vers l\u2019avenir. Au fil des discours prononc\u00e9s par l\u2019ambassadrice Christine Fages et le directeur de cabinet du Pr\u00e9sident [&hellip;]<\/p>\n","protected":false},"author":2,"featured_media":157700,"comment_status":"open","ping_status":"open","sticky":false,"template":"","format":"standard","meta":{"_et_pb_use_builder":"","_et_pb_old_content":""},"categories":[34945],"tags":[],"yoast_head":"<!-- This site is optimized with the Yoast SEO Premium plugin v17.8 (Yoast SEO v17.8) - https:\/\/yoast.com\/wordpress\/plugins\/seo\/ -->\n<title>F\u00caTE DE L\u2019IND\u00c9PENDANCE DE LA FRANCE - La c\u00e9r\u00e9monie c\u00e9l\u00e9br\u00e9e sous le signe du dialogue et de la fid\u00e9lit\u00e9 \u00e0 Dakar | Nettali.com<\/title>\n<meta name=\"robots\" content=\"index, follow, max-snippet:-1, max-image-preview:large, max-video-preview:-1\" \/>\n<link rel=\"canonical\" href=\"https:\/\/www.nettali.com\/2025\/07\/16\/fete-de-lindependance-de-la-france-la-ceremonie-celebree-sous-le-signe-du-dialogue-et-de-la-fidelite-a-dakar\/\" \/>\n<meta property=\"og:locale\" content=\"fr_FR\" \/>\n<meta property=\"og:type\" content=\"article\" \/>\n<meta property=\"og:title\" content=\"F\u00caTE DE L\u2019IND\u00c9PENDANCE DE LA FRANCE - La c\u00e9r\u00e9monie c\u00e9l\u00e9br\u00e9e sous le signe du dialogue et de la fid\u00e9lit\u00e9 \u00e0 Dakar\" \/>\n<meta property=\"og:description\" content=\"NETTALI.COM - Dans les jardins de la R\u00e9sidence de France \u00e0 Dakar, la c\u00e9l\u00e9bration du 14 Juillet, f\u00eate nationale marquant l\u2019ind\u00e9pendance de la R\u00e9publique fran\u00e7aise, s\u2019est tenue dans la sobri\u00e9t\u00e9, avec une volont\u00e9 affirm\u00e9e de se tourner vers l\u2019avenir. Au fil des discours prononc\u00e9s par l\u2019ambassadrice Christine Fages et le directeur de cabinet du Pr\u00e9sident [&hellip;]\" \/>\n<meta property=\"og:url\" content=\"https:\/\/www.nettali.com\/2025\/07\/16\/fete-de-lindependance-de-la-france-la-ceremonie-celebree-sous-le-signe-du-dialogue-et-de-la-fidelite-a-dakar\/\" \/>\n<meta property=\"og:site_name\" content=\"Nettali.com\" \/>\n<meta property=\"article:publisher\" content=\"https:\/\/www.facebook.com\/nettalicom\" \/>\n<meta property=\"article:published_time\" content=\"2025-07-16T01:34:36+00:00\" \/>\n<meta property=\"article:modified_time\" content=\"2025-07-16T01:37:31+00:00\" \/>\n<meta property=\"og:image\" content=\"https:\/\/www.nettali.com\/wp-content\/uploads\/2025\/07\/ambassadrice_7346.jpeg\" \/>\n\t<meta property=\"og:image:width\" content=\"1080\" \/>\n\t<meta property=\"og:image:height\" content=\"603\" \/>\n<meta name=\"twitter:card\" content=\"summary_large_image\" \/>\n<meta name=\"twitter:label1\" content=\"\u00c9crit par\" \/>\n\t<meta name=\"twitter:data1\" content=\"CK\" \/>\n\t<meta name=\"twitter:label2\" content=\"Dur\u00e9e de lecture estim\u00e9e\" \/>\n\t<meta name=\"twitter:data2\" content=\"8 minutes\" \/>\n<script type=\"application\/ld+json\" class=\"yoast-schema-graph\">{\"@context\":\"https:\/\/schema.org\",\"@graph\":[{\"@type\":\"WebSite\",\"@id\":\"https:\/\/www.nettali.com\/#website\",\"url\":\"https:\/\/www.nettali.com\/\",\"name\":\"Nettali.com\",\"description\":\"Le rendez-vous critique du Net\",\"potentialAction\":[{\"@type\":\"SearchAction\",\"target\":{\"@type\":\"EntryPoint\",\"urlTemplate\":\"https:\/\/www.nettali.com\/?s={search_term_string}\"},\"query-input\":\"required name=search_term_string\"}],\"inLanguage\":\"fr-FR\"},{\"@type\":\"ImageObject\",\"@id\":\"https:\/\/www.nettali.com\/2025\/07\/16\/fete-de-lindependance-de-la-france-la-ceremonie-celebree-sous-le-signe-du-dialogue-et-de-la-fidelite-a-dakar\/#primaryimage\",\"inLanguage\":\"fr-FR\",\"url\":\"https:\/\/www.nettali.com\/wp-content\/uploads\/2025\/07\/ambassadrice_7346.jpeg\",\"contentUrl\":\"https:\/\/www.nettali.com\/wp-content\/uploads\/2025\/07\/ambassadrice_7346.jpeg\",\"width\":1080,\"height\":603},{\"@type\":\"WebPage\",\"@id\":\"https:\/\/www.nettali.com\/2025\/07\/16\/fete-de-lindependance-de-la-france-la-ceremonie-celebree-sous-le-signe-du-dialogue-et-de-la-fidelite-a-dakar\/#webpage\",\"url\":\"https:\/\/www.nettali.com\/2025\/07\/16\/fete-de-lindependance-de-la-france-la-ceremonie-celebree-sous-le-signe-du-dialogue-et-de-la-fidelite-a-dakar\/\",\"name\":\"F\\u00caTE DE L\\u2019IND\\u00c9PENDANCE DE LA FRANCE - La c\\u00e9r\\u00e9monie c\\u00e9l\\u00e9br\\u00e9e sous le signe du dialogue et de la fid\\u00e9lit\\u00e9 \\u00e0 Dakar | Nettali.com\",\"isPartOf\":{\"@id\":\"https:\/\/www.nettali.com\/#website\"},\"primaryImageOfPage\":{\"@id\":\"https:\/\/www.nettali.com\/2025\/07\/16\/fete-de-lindependance-de-la-france-la-ceremonie-celebree-sous-le-signe-du-dialogue-et-de-la-fidelite-a-dakar\/#primaryimage\"},\"datePublished\":\"2025-07-16T01:34:36+00:00\",\"dateModified\":\"2025-07-16T01:37:31+00:00\",\"author\":{\"@id\":\"https:\/\/www.nettali.com\/#\/schema\/person\/d8ac7b7e27ddad43f1c0d2ef090d7f71\"},\"breadcrumb\":{\"@id\":\"https:\/\/www.nettali.com\/2025\/07\/16\/fete-de-lindependance-de-la-france-la-ceremonie-celebree-sous-le-signe-du-dialogue-et-de-la-fidelite-a-dakar\/#breadcrumb\"},\"inLanguage\":\"fr-FR\",\"potentialAction\":[{\"@type\":\"ReadAction\",\"target\":[\"https:\/\/www.nettali.com\/2025\/07\/16\/fete-de-lindependance-de-la-france-la-ceremonie-celebree-sous-le-signe-du-dialogue-et-de-la-fidelite-a-dakar\/\"]}]},{\"@type\":\"BreadcrumbList\",\"@id\":\"https:\/\/www.nettali.com\/2025\/07\/16\/fete-de-lindependance-de-la-france-la-ceremonie-celebree-sous-le-signe-du-dialogue-et-de-la-fidelite-a-dakar\/#breadcrumb\",\"itemListElement\":[{\"@type\":\"ListItem\",\"position\":1,\"name\":\"Accueil\",\"item\":\"https:\/\/www.nettali.com\/\"},{\"@type\":\"ListItem\",\"position\":2,\"name\":\"F\\u00caTE DE L\\u2019IND\\u00c9PENDANCE DE LA FRANCE - La c\\u00e9r\\u00e9monie c\\u00e9l\\u00e9br\\u00e9e sous le signe du dialogue et de la fid\\u00e9lit\\u00e9 \\u00e0 Dakar\"}]},{\"@type\":\"Person\",\"@id\":\"https:\/\/www.nettali.com\/#\/schema\/person\/d8ac7b7e27ddad43f1c0d2ef090d7f71\",\"name\":\"CK\",\"image\":{\"@type\":\"ImageObject\",\"@id\":\"https:\/\/www.nettali.com\/#personlogo\",\"inLanguage\":\"fr-FR\",\"url\":\"https:\/\/secure.gravatar.com\/avatar\/1d8d5118b9327d94da7cd4ce7f17fec2?s=96&d=mm&r=g\",\"contentUrl\":\"https:\/\/secure.gravatar.com\/avatar\/1d8d5118b9327d94da7cd4ce7f17fec2?s=96&d=mm&r=g\",\"caption\":\"CK\"},\"sameAs\":[\"https:\/\/www.nettali.com\"]}]}<\/script>\n<!-- \/ Yoast SEO Premium plugin. -->","yoast_head_json":{"title":"F\u00caTE DE L\u2019IND\u00c9PENDANCE DE LA FRANCE - La c\u00e9r\u00e9monie c\u00e9l\u00e9br\u00e9e sous le signe du dialogue et de la fid\u00e9lit\u00e9 \u00e0 Dakar | Nettali.com","robots":{"index":"index","follow":"follow","max-snippet":"max-snippet:-1","max-image-preview":"max-image-preview:large","max-video-preview":"max-video-preview:-1"},"canonical":"https:\/\/www.nettali.com\/2025\/07\/16\/fete-de-lindependance-de-la-france-la-ceremonie-celebree-sous-le-signe-du-dialogue-et-de-la-fidelite-a-dakar\/","og_locale":"fr_FR","og_type":"article","og_title":"F\u00caTE DE L\u2019IND\u00c9PENDANCE DE LA FRANCE - La c\u00e9r\u00e9monie c\u00e9l\u00e9br\u00e9e sous le signe du dialogue et de la fid\u00e9lit\u00e9 \u00e0 Dakar","og_description":"NETTALI.COM - Dans les jardins de la R\u00e9sidence de France \u00e0 Dakar, la c\u00e9l\u00e9bration du 14 Juillet, f\u00eate nationale marquant l\u2019ind\u00e9pendance de la R\u00e9publique fran\u00e7aise, s\u2019est tenue dans la sobri\u00e9t\u00e9, avec une volont\u00e9 affirm\u00e9e de se tourner vers l\u2019avenir. Au fil des discours prononc\u00e9s par l\u2019ambassadrice Christine Fages et le directeur de cabinet du Pr\u00e9sident [&hellip;]","og_url":"https:\/\/www.nettali.com\/2025\/07\/16\/fete-de-lindependance-de-la-france-la-ceremonie-celebree-sous-le-signe-du-dialogue-et-de-la-fidelite-a-dakar\/","og_site_name":"Nettali.com","article_publisher":"https:\/\/www.facebook.com\/nettalicom","article_published_time":"2025-07-16T01:34:36+00:00","article_modified_time":"2025-07-16T01:37:31+00:00","og_image":[{"width":1080,"height":603,"url":"https:\/\/www.nettali.com\/wp-content\/uploads\/2025\/07\/ambassadrice_7346.jpeg","type":"image\/jpeg"}],"twitter_card":"summary_large_image","twitter_misc":{"\u00c9crit par":"CK","Dur\u00e9e de lecture estim\u00e9e":"8 minutes"},"schema":{"@context":"https:\/\/schema.org","@graph":[{"@type":"WebSite","@id":"https:\/\/www.nettali.com\/#website","url":"https:\/\/www.nettali.com\/","name":"Nettali.com","description":"Le rendez-vous critique du Net","potentialAction":[{"@type":"SearchAction","target":{"@type":"EntryPoint","urlTemplate":"https:\/\/www.nettali.com\/?s={search_term_string}"},"query-input":"required name=search_term_string"}],"inLanguage":"fr-FR"},{"@type":"ImageObject","@id":"https:\/\/www.nettali.com\/2025\/07\/16\/fete-de-lindependance-de-la-france-la-ceremonie-celebree-sous-le-signe-du-dialogue-et-de-la-fidelite-a-dakar\/#primaryimage","inLanguage":"fr-FR","url":"https:\/\/www.nettali.com\/wp-content\/uploads\/2025\/07\/ambassadrice_7346.jpeg","contentUrl":"https:\/\/www.nettali.com\/wp-content\/uploads\/2025\/07\/ambassadrice_7346.jpeg","width":1080,"height":603},{"@type":"WebPage","@id":"https:\/\/www.nettali.com\/2025\/07\/16\/fete-de-lindependance-de-la-france-la-ceremonie-celebree-sous-le-signe-du-dialogue-et-de-la-fidelite-a-dakar\/#webpage","url":"https:\/\/www.nettali.com\/2025\/07\/16\/fete-de-lindependance-de-la-france-la-ceremonie-celebree-sous-le-signe-du-dialogue-et-de-la-fidelite-a-dakar\/","name":"F\u00caTE DE L\u2019IND\u00c9PENDANCE DE LA FRANCE - La c\u00e9r\u00e9monie c\u00e9l\u00e9br\u00e9e sous le signe du dialogue et de la fid\u00e9lit\u00e9 \u00e0 Dakar | Nettali.com","isPartOf":{"@id":"https:\/\/www.nettali.com\/#website"},"primaryImageOfPage":{"@id":"https:\/\/www.nettali.com\/2025\/07\/16\/fete-de-lindependance-de-la-france-la-ceremonie-celebree-sous-le-signe-du-dialogue-et-de-la-fidelite-a-dakar\/#primaryimage"},"datePublished":"2025-07-16T01:34:36+00:00","dateModified":"2025-07-16T01:37:31+00:00","author":{"@id":"https:\/\/www.nettali.com\/#\/schema\/person\/d8ac7b7e27ddad43f1c0d2ef090d7f71"},"breadcrumb":{"@id":"https:\/\/www.nettali.com\/2025\/07\/16\/fete-de-lindependance-de-la-france-la-ceremonie-celebree-sous-le-signe-du-dialogue-et-de-la-fidelite-a-dakar\/#breadcrumb"},"inLanguage":"fr-FR","potentialAction":[{"@type":"ReadAction","target":["https:\/\/www.nettali.com\/2025\/07\/16\/fete-de-lindependance-de-la-france-la-ceremonie-celebree-sous-le-signe-du-dialogue-et-de-la-fidelite-a-dakar\/"]}]},{"@type":"BreadcrumbList","@id":"https:\/\/www.nettali.com\/2025\/07\/16\/fete-de-lindependance-de-la-france-la-ceremonie-celebree-sous-le-signe-du-dialogue-et-de-la-fidelite-a-dakar\/#breadcrumb","itemListElement":[{"@type":"ListItem","position":1,"name":"Accueil","item":"https:\/\/www.nettali.com\/"},{"@type":"ListItem","position":2,"name":"F\u00caTE DE L\u2019IND\u00c9PENDANCE DE LA FRANCE - La c\u00e9r\u00e9monie c\u00e9l\u00e9br\u00e9e sous le signe du dialogue et de la fid\u00e9lit\u00e9 \u00e0 Dakar"}]},{"@type":"Person","@id":"https:\/\/www.nettali.com\/#\/schema\/person\/d8ac7b7e27ddad43f1c0d2ef090d7f71","name":"CK","image":{"@type":"ImageObject","@id":"https:\/\/www.nettali.com\/#personlogo","inLanguage":"fr-FR","url":"https:\/\/secure.gravatar.com\/avatar\/1d8d5118b9327d94da7cd4ce7f17fec2?s=96&d=mm&r=g","contentUrl":"https:\/\/secure.gravatar.com\/avatar\/1d8d5118b9327d94da7cd4ce7f17fec2?s=96&d=mm&r=g","caption":"CK"},"sameAs":["https:\/\/www.nettali.com"]}]}},"_links":{"self":[{"href":"https:\/\/www.nettali.com\/rest\/wp\/v2\/posts\/157699"}],"collection":[{"href":"https:\/\/www.nettali.com\/rest\/wp\/v2\/posts"}],"about":[{"href":"https:\/\/www.nettali.com\/rest\/wp\/v2\/types\/post"}],"author":[{"embeddable":true,"href":"https:\/\/www.nettali.com\/rest\/wp\/v2\/users\/2"}],"replies":[{"embeddable":true,"href":"https:\/\/www.nettali.com\/rest\/wp\/v2\/comments?post=157699"}],"version-history":[{"count":1,"href":"https:\/\/www.nettali.com\/rest\/wp\/v2\/posts\/157699\/revisions"}],"predecessor-version":[{"id":157701,"href":"https:\/\/www.nettali.com\/rest\/wp\/v2\/posts\/157699\/revisions\/157701"}],"wp:featuredmedia":[{"embeddable":true,"href":"https:\/\/www.nettali.com\/rest\/wp\/v2\/media\/157700"}],"wp:attachment":[{"href":"https:\/\/www.nettali.com\/rest\/wp\/v2\/media?parent=157699"}],"wp:term":[{"taxonomy":"category","embeddable":true,"href":"https:\/\/www.nettali.com\/rest\/wp\/v2\/categories?post=157699"},{"taxonomy":"post_tag","embeddable":true,"href":"https:\/\/www.nettali.com\/rest\/wp\/v2\/tags?post=157699"}],"curies":[{"name":"wp","href":"https:\/\/api.w.org\/{rel}","templated":true}]}}