{"id":157692,"date":"2025-07-16T07:30:06","date_gmt":"2025-07-16T07:30:06","guid":{"rendered":"https:\/\/www.nettali.com\/?p=157692"},"modified":"2025-07-19T08:06:17","modified_gmt":"2025-07-19T08:06:17","slug":"changement-a-la-tete-de-sonatel-entre-rumeurs-tensions-et-guerre-dinterets","status":"publish","type":"post","link":"https:\/\/www.nettali.com\/2025\/07\/16\/changement-a-la-tete-de-sonatel-entre-rumeurs-tensions-et-guerre-dinterets\/","title":{"rendered":"CHANGEMENT \u00c0 LA T\u00caTE DE SONATEL - Entre rumeurs, tensions et guerre d\u2019int\u00e9r\u00eats"},"content":{"rendered":"<p><strong>NETTALI.COM - Alors qu\u2019une campagne persistante annonce le d\u00e9part imminent de S\u00e9kou Dram\u00e9, directeur g\u00e9n\u00e9ral de Sonatel, les autorit\u00e9s s\u00e9n\u00e9galaises n\u2019ont, \u00e0 ce jour, act\u00e9 aucune d\u00e9cision officielle. C\u2019est ce qu\u2019indiquent des sources proches du dossier, qui d\u00e9noncent une tentative de manipulation de l\u2019opinion.<\/strong><\/p>\n<p>Depuis la session d\u2019avril dernier du Conseil d\u2019administration de Sonatel, la question d\u2019un \u00e9ventuel changement \u00e0 la direction g\u00e9n\u00e9rale reste en suspens. Selon des informations recoup\u00e9es, l\u2019\u00c9tat du S\u00e9n\u00e9gal \u2014 actionnaire strat\u00e9gique \u2014 a exig\u00e9, avant toute d\u00e9cision, une r\u00e9\u00e9valuation du mode de gouvernance de Sonatel, consid\u00e9r\u00e9e comme l\u2019un des fleurons de l\u2019\u00e9conomie nationale. Jusqu\u2019ici, ce pr\u00e9alable n\u2019a pas encore \u00e9t\u00e9 r\u00e9alis\u00e9. Cons\u00e9quence : toute information laissant croire que la d\u00e9cision de remplacement de S\u00e9kou Dram\u00e9 serait ent\u00e9rin\u00e9e est, selon plusieurs sources, \u201c<em>infond\u00e9e et pr\u00e9matur\u00e9e<\/em>\u201d.<\/p>\n<p><strong>La fronde syndicale et l\u2019ombre d\u2019Orange <\/strong><\/p>\n<p>Dans une lettre ouverte adress\u00e9e au chef de l\u2019\u00c9tat, l\u2019Intersyndicale des travailleurs de Sonatel, par la voix de son secr\u00e9taire g\u00e9n\u00e9ral Mouhamadou Lamine Badji, d\u00e9nonce la volont\u00e9 suppos\u00e9e du partenaire technique Orange de d\u00e9signer un successeur \u00e0 S\u00e9kou Dram\u00e9. Le nom \u00e9voqu\u00e9 ? Celui de Brelotte B\u00e2, actuel directeur g\u00e9n\u00e9ral adjoint d\u2019Orange Afrique et Moyen-Orient.<\/p>\n<p>Bien que S\u00e9n\u00e9galais, ce choix est per\u00e7u par les travailleurs comme une tentative de mainmise d\u2019Orange sur Sonatel, au d\u00e9triment des int\u00e9r\u00eats s\u00e9n\u00e9galais. \u201c<em>Le profil propos\u00e9 est format\u00e9 pour d\u00e9fendre les int\u00e9r\u00eats d\u2019Orange France et non ceux du S\u00e9n\u00e9gal<\/em>\u201d, accuse l\u2019Intersyndicale.<\/p>\n<p>Au-del\u00e0 des questions de gouvernance, ce dossier illustre la tension grandissante entre souverainet\u00e9 \u00e9conomique et logiques de multinationales. Car Sonatel reste un pilier strat\u00e9gique : leader incontest\u00e9 des t\u00e9l\u00e9coms au S\u00e9n\u00e9gal et acteur r\u00e9gional incontournable.<\/p>\n<p>D\u2019ailleurs, le syndicat avertit : \u201c<em>Accepter ce projet de changement sans d\u00e9bat \u00e9quitable, c\u2019est offrir sur un plateau, l\u2019avenir de Sonatel \u00e0 Orange, et signer un renoncement grave \u00e0 d\u00e9fendre les int\u00e9r\u00eats nationaux<\/em>\u201d.<\/p>\n<p>Autre motif d\u2019indignation : l\u2019id\u00e9e que le prochain Conseil d\u2019administration pr\u00e9vu le 24 juillet puisse se tenir \u00e0 Paris. Un choix jug\u00e9 \u201cinacceptable\u201d par les syndicats qui plaident pour une r\u00e9union dans l\u2019une des capitales africaines o\u00f9 Sonatel est implant\u00e9e. \u201c<em>Au nom de la dignit\u00e9 des Africains. Le n\u00e9ocolonialisme, on en a assez !<\/em>\u201d, tonne Lamine Badji.<\/p>\n<p><strong>Des performances en hausse, dans un contexte tendu <\/strong><\/p>\n<p>Il faut rappeler que sous la direction de S\u00e9kou Dram\u00e9, Sonatel a r\u00e9alis\u00e9 des performances remarquables, en d\u00e9pit des crises successives, notamment la pand\u00e9mie de Covid-19 et la concurrence exacerb\u00e9e de nouveaux entrants comme Wave.<\/p>\n<p>Ces r\u00e9sultats sont brandis comme argument par ses soutiens pour temp\u00e9rer les vell\u00e9it\u00e9s de changement. Dans ce climat \u00e9lectrique, tous les regards se tournent d\u00e9sormais vers le pr\u00e9sident Bassirou Diomaye Faye. Le chef de l\u2019\u00c9tat est appel\u00e9 \u00e0 garantir la pr\u00e9servation des int\u00e9r\u00eats s\u00e9n\u00e9galais dans une entreprise aussi strat\u00e9gique que Sonatel.<\/p>\n<p>EnQu\u00eate<\/p>\n<div class='share-to-whatsapp-wrapper'><div class='share-on-whsp'>PARTAGER SUR : <\/div><a data-text='CHANGEMENT \u00c0 LA T\u00caTE DE SONATEL - Entre rumeurs, tensions et guerre d\u2019int\u00e9r\u00eats' data-link='https:\/\/www.nettali.com\/2025\/07\/16\/changement-a-la-tete-de-sonatel-entre-rumeurs-tensions-et-guerre-dinterets\/' class='whatsapp-button whatsapp-share'>WhatsApp<\/a><div class='clear '><\/div><\/div>","protected":false},"excerpt":{"rendered":"<p>NETTALI.COM - Alors qu\u2019une campagne persistante annonce le d\u00e9part imminent de S\u00e9kou Dram\u00e9, directeur g\u00e9n\u00e9ral de Sonatel, les autorit\u00e9s s\u00e9n\u00e9galaises n\u2019ont, \u00e0 ce jour, act\u00e9 aucune d\u00e9cision officielle. C\u2019est ce qu\u2019indiquent des sources proches du dossier, qui d\u00e9noncent une tentative de manipulation de l\u2019opinion. Depuis la session d\u2019avril dernier du Conseil d\u2019administration de Sonatel, la [&hellip;]<\/p>\n","protected":false},"author":2,"featured_media":157693,"comment_status":"open","ping_status":"open","sticky":false,"template":"","format":"standard","meta":{"_et_pb_use_builder":"","_et_pb_old_content":""},"categories":[4],"tags":[],"yoast_head":"<!-- This site is optimized with the Yoast SEO Premium plugin v17.8 (Yoast SEO v17.8) - https:\/\/yoast.com\/wordpress\/plugins\/seo\/ -->\n<title>CHANGEMENT \u00c0 LA T\u00caTE DE SONATEL - Entre rumeurs, tensions et guerre d\u2019int\u00e9r\u00eats | Nettali.com<\/title>\n<meta name=\"robots\" content=\"index, follow, max-snippet:-1, max-image-preview:large, max-video-preview:-1\" \/>\n<link rel=\"canonical\" href=\"https:\/\/www.nettali.com\/2025\/07\/16\/changement-a-la-tete-de-sonatel-entre-rumeurs-tensions-et-guerre-dinterets\/\" \/>\n<meta property=\"og:locale\" content=\"fr_FR\" \/>\n<meta property=\"og:type\" content=\"article\" \/>\n<meta property=\"og:title\" content=\"CHANGEMENT \u00c0 LA T\u00caTE DE SONATEL - Entre rumeurs, tensions et guerre d\u2019int\u00e9r\u00eats\" \/>\n<meta property=\"og:description\" content=\"NETTALI.COM - Alors qu\u2019une campagne persistante annonce le d\u00e9part imminent de S\u00e9kou Dram\u00e9, directeur g\u00e9n\u00e9ral de Sonatel, les autorit\u00e9s s\u00e9n\u00e9galaises n\u2019ont, \u00e0 ce jour, act\u00e9 aucune d\u00e9cision officielle. C\u2019est ce qu\u2019indiquent des sources proches du dossier, qui d\u00e9noncent une tentative de manipulation de l\u2019opinion. Depuis la session d\u2019avril dernier du Conseil d\u2019administration de Sonatel, la [&hellip;]\" \/>\n<meta property=\"og:url\" content=\"https:\/\/www.nettali.com\/2025\/07\/16\/changement-a-la-tete-de-sonatel-entre-rumeurs-tensions-et-guerre-dinterets\/\" \/>\n<meta property=\"og:site_name\" content=\"Nettali.com\" \/>\n<meta property=\"article:publisher\" content=\"https:\/\/www.facebook.com\/nettalicom\" \/>\n<meta property=\"article:published_time\" content=\"2025-07-16T07:30:06+00:00\" \/>\n<meta property=\"article:modified_time\" content=\"2025-07-19T08:06:17+00:00\" \/>\n<meta property=\"og:image\" content=\"https:\/\/www.nettali.com\/wp-content\/uploads\/2025\/07\/sonatel.png\" \/>\n\t<meta property=\"og:image:width\" content=\"600\" \/>\n\t<meta property=\"og:image:height\" content=\"337\" \/>\n<meta name=\"twitter:card\" content=\"summary_large_image\" \/>\n<meta name=\"twitter:label1\" content=\"\u00c9crit par\" \/>\n\t<meta name=\"twitter:data1\" content=\"CK\" \/>\n\t<meta name=\"twitter:label2\" content=\"Dur\u00e9e de lecture estim\u00e9e\" \/>\n\t<meta name=\"twitter:data2\" content=\"3 minutes\" \/>\n<script type=\"application\/ld+json\" class=\"yoast-schema-graph\">{\"@context\":\"https:\/\/schema.org\",\"@graph\":[{\"@type\":\"WebSite\",\"@id\":\"https:\/\/www.nettali.com\/#website\",\"url\":\"https:\/\/www.nettali.com\/\",\"name\":\"Nettali.com\",\"description\":\"Le rendez-vous critique du Net\",\"potentialAction\":[{\"@type\":\"SearchAction\",\"target\":{\"@type\":\"EntryPoint\",\"urlTemplate\":\"https:\/\/www.nettali.com\/?s={search_term_string}\"},\"query-input\":\"required name=search_term_string\"}],\"inLanguage\":\"fr-FR\"},{\"@type\":\"ImageObject\",\"@id\":\"https:\/\/www.nettali.com\/2025\/07\/16\/changement-a-la-tete-de-sonatel-entre-rumeurs-tensions-et-guerre-dinterets\/#primaryimage\",\"inLanguage\":\"fr-FR\",\"url\":\"https:\/\/www.nettali.com\/wp-content\/uploads\/2025\/07\/sonatel.png\",\"contentUrl\":\"https:\/\/www.nettali.com\/wp-content\/uploads\/2025\/07\/sonatel.png\",\"width\":600,\"height\":337},{\"@type\":\"WebPage\",\"@id\":\"https:\/\/www.nettali.com\/2025\/07\/16\/changement-a-la-tete-de-sonatel-entre-rumeurs-tensions-et-guerre-dinterets\/#webpage\",\"url\":\"https:\/\/www.nettali.com\/2025\/07\/16\/changement-a-la-tete-de-sonatel-entre-rumeurs-tensions-et-guerre-dinterets\/\",\"name\":\"CHANGEMENT \\u00c0 LA T\\u00caTE DE SONATEL - Entre rumeurs, tensions et guerre d\\u2019int\\u00e9r\\u00eats | Nettali.com\",\"isPartOf\":{\"@id\":\"https:\/\/www.nettali.com\/#website\"},\"primaryImageOfPage\":{\"@id\":\"https:\/\/www.nettali.com\/2025\/07\/16\/changement-a-la-tete-de-sonatel-entre-rumeurs-tensions-et-guerre-dinterets\/#primaryimage\"},\"datePublished\":\"2025-07-16T07:30:06+00:00\",\"dateModified\":\"2025-07-19T08:06:17+00:00\",\"author\":{\"@id\":\"https:\/\/www.nettali.com\/#\/schema\/person\/d8ac7b7e27ddad43f1c0d2ef090d7f71\"},\"breadcrumb\":{\"@id\":\"https:\/\/www.nettali.com\/2025\/07\/16\/changement-a-la-tete-de-sonatel-entre-rumeurs-tensions-et-guerre-dinterets\/#breadcrumb\"},\"inLanguage\":\"fr-FR\",\"potentialAction\":[{\"@type\":\"ReadAction\",\"target\":[\"https:\/\/www.nettali.com\/2025\/07\/16\/changement-a-la-tete-de-sonatel-entre-rumeurs-tensions-et-guerre-dinterets\/\"]}]},{\"@type\":\"BreadcrumbList\",\"@id\":\"https:\/\/www.nettali.com\/2025\/07\/16\/changement-a-la-tete-de-sonatel-entre-rumeurs-tensions-et-guerre-dinterets\/#breadcrumb\",\"itemListElement\":[{\"@type\":\"ListItem\",\"position\":1,\"name\":\"Accueil\",\"item\":\"https:\/\/www.nettali.com\/\"},{\"@type\":\"ListItem\",\"position\":2,\"name\":\"CHANGEMENT \\u00c0 LA T\\u00caTE DE SONATEL - Entre rumeurs, tensions et guerre d\\u2019int\\u00e9r\\u00eats\"}]},{\"@type\":\"Person\",\"@id\":\"https:\/\/www.nettali.com\/#\/schema\/person\/d8ac7b7e27ddad43f1c0d2ef090d7f71\",\"name\":\"CK\",\"image\":{\"@type\":\"ImageObject\",\"@id\":\"https:\/\/www.nettali.com\/#personlogo\",\"inLanguage\":\"fr-FR\",\"url\":\"https:\/\/secure.gravatar.com\/avatar\/1d8d5118b9327d94da7cd4ce7f17fec2?s=96&d=mm&r=g\",\"contentUrl\":\"https:\/\/secure.gravatar.com\/avatar\/1d8d5118b9327d94da7cd4ce7f17fec2?s=96&d=mm&r=g\",\"caption\":\"CK\"},\"sameAs\":[\"https:\/\/www.nettali.com\"]}]}<\/script>\n<!-- \/ Yoast SEO Premium plugin. -->","yoast_head_json":{"title":"CHANGEMENT \u00c0 LA T\u00caTE DE SONATEL - Entre rumeurs, tensions et guerre d\u2019int\u00e9r\u00eats | Nettali.com","robots":{"index":"index","follow":"follow","max-snippet":"max-snippet:-1","max-image-preview":"max-image-preview:large","max-video-preview":"max-video-preview:-1"},"canonical":"https:\/\/www.nettali.com\/2025\/07\/16\/changement-a-la-tete-de-sonatel-entre-rumeurs-tensions-et-guerre-dinterets\/","og_locale":"fr_FR","og_type":"article","og_title":"CHANGEMENT \u00c0 LA T\u00caTE DE SONATEL - Entre rumeurs, tensions et guerre d\u2019int\u00e9r\u00eats","og_description":"NETTALI.COM - Alors qu\u2019une campagne persistante annonce le d\u00e9part imminent de S\u00e9kou Dram\u00e9, directeur g\u00e9n\u00e9ral de Sonatel, les autorit\u00e9s s\u00e9n\u00e9galaises n\u2019ont, \u00e0 ce jour, act\u00e9 aucune d\u00e9cision officielle. C\u2019est ce qu\u2019indiquent des sources proches du dossier, qui d\u00e9noncent une tentative de manipulation de l\u2019opinion. Depuis la session d\u2019avril dernier du Conseil d\u2019administration de Sonatel, la [&hellip;]","og_url":"https:\/\/www.nettali.com\/2025\/07\/16\/changement-a-la-tete-de-sonatel-entre-rumeurs-tensions-et-guerre-dinterets\/","og_site_name":"Nettali.com","article_publisher":"https:\/\/www.facebook.com\/nettalicom","article_published_time":"2025-07-16T07:30:06+00:00","article_modified_time":"2025-07-19T08:06:17+00:00","og_image":[{"width":600,"height":337,"url":"https:\/\/www.nettali.com\/wp-content\/uploads\/2025\/07\/sonatel.png","type":"image\/png"}],"twitter_card":"summary_large_image","twitter_misc":{"\u00c9crit par":"CK","Dur\u00e9e de lecture estim\u00e9e":"3 minutes"},"schema":{"@context":"https:\/\/schema.org","@graph":[{"@type":"WebSite","@id":"https:\/\/www.nettali.com\/#website","url":"https:\/\/www.nettali.com\/","name":"Nettali.com","description":"Le rendez-vous critique du Net","potentialAction":[{"@type":"SearchAction","target":{"@type":"EntryPoint","urlTemplate":"https:\/\/www.nettali.com\/?s={search_term_string}"},"query-input":"required name=search_term_string"}],"inLanguage":"fr-FR"},{"@type":"ImageObject","@id":"https:\/\/www.nettali.com\/2025\/07\/16\/changement-a-la-tete-de-sonatel-entre-rumeurs-tensions-et-guerre-dinterets\/#primaryimage","inLanguage":"fr-FR","url":"https:\/\/www.nettali.com\/wp-content\/uploads\/2025\/07\/sonatel.png","contentUrl":"https:\/\/www.nettali.com\/wp-content\/uploads\/2025\/07\/sonatel.png","width":600,"height":337},{"@type":"WebPage","@id":"https:\/\/www.nettali.com\/2025\/07\/16\/changement-a-la-tete-de-sonatel-entre-rumeurs-tensions-et-guerre-dinterets\/#webpage","url":"https:\/\/www.nettali.com\/2025\/07\/16\/changement-a-la-tete-de-sonatel-entre-rumeurs-tensions-et-guerre-dinterets\/","name":"CHANGEMENT \u00c0 LA T\u00caTE DE SONATEL - Entre rumeurs, tensions et guerre d\u2019int\u00e9r\u00eats | Nettali.com","isPartOf":{"@id":"https:\/\/www.nettali.com\/#website"},"primaryImageOfPage":{"@id":"https:\/\/www.nettali.com\/2025\/07\/16\/changement-a-la-tete-de-sonatel-entre-rumeurs-tensions-et-guerre-dinterets\/#primaryimage"},"datePublished":"2025-07-16T07:30:06+00:00","dateModified":"2025-07-19T08:06:17+00:00","author":{"@id":"https:\/\/www.nettali.com\/#\/schema\/person\/d8ac7b7e27ddad43f1c0d2ef090d7f71"},"breadcrumb":{"@id":"https:\/\/www.nettali.com\/2025\/07\/16\/changement-a-la-tete-de-sonatel-entre-rumeurs-tensions-et-guerre-dinterets\/#breadcrumb"},"inLanguage":"fr-FR","potentialAction":[{"@type":"ReadAction","target":["https:\/\/www.nettali.com\/2025\/07\/16\/changement-a-la-tete-de-sonatel-entre-rumeurs-tensions-et-guerre-dinterets\/"]}]},{"@type":"BreadcrumbList","@id":"https:\/\/www.nettali.com\/2025\/07\/16\/changement-a-la-tete-de-sonatel-entre-rumeurs-tensions-et-guerre-dinterets\/#breadcrumb","itemListElement":[{"@type":"ListItem","position":1,"name":"Accueil","item":"https:\/\/www.nettali.com\/"},{"@type":"ListItem","position":2,"name":"CHANGEMENT \u00c0 LA T\u00caTE DE SONATEL - Entre rumeurs, tensions et guerre d\u2019int\u00e9r\u00eats"}]},{"@type":"Person","@id":"https:\/\/www.nettali.com\/#\/schema\/person\/d8ac7b7e27ddad43f1c0d2ef090d7f71","name":"CK","image":{"@type":"ImageObject","@id":"https:\/\/www.nettali.com\/#personlogo","inLanguage":"fr-FR","url":"https:\/\/secure.gravatar.com\/avatar\/1d8d5118b9327d94da7cd4ce7f17fec2?s=96&d=mm&r=g","contentUrl":"https:\/\/secure.gravatar.com\/avatar\/1d8d5118b9327d94da7cd4ce7f17fec2?s=96&d=mm&r=g","caption":"CK"},"sameAs":["https:\/\/www.nettali.com"]}]}},"_links":{"self":[{"href":"https:\/\/www.nettali.com\/rest\/wp\/v2\/posts\/157692"}],"collection":[{"href":"https:\/\/www.nettali.com\/rest\/wp\/v2\/posts"}],"about":[{"href":"https:\/\/www.nettali.com\/rest\/wp\/v2\/types\/post"}],"author":[{"embeddable":true,"href":"https:\/\/www.nettali.com\/rest\/wp\/v2\/users\/2"}],"replies":[{"embeddable":true,"href":"https:\/\/www.nettali.com\/rest\/wp\/v2\/comments?post=157692"}],"version-history":[{"count":2,"href":"https:\/\/www.nettali.com\/rest\/wp\/v2\/posts\/157692\/revisions"}],"predecessor-version":[{"id":157695,"href":"https:\/\/www.nettali.com\/rest\/wp\/v2\/posts\/157692\/revisions\/157695"}],"wp:featuredmedia":[{"embeddable":true,"href":"https:\/\/www.nettali.com\/rest\/wp\/v2\/media\/157693"}],"wp:attachment":[{"href":"https:\/\/www.nettali.com\/rest\/wp\/v2\/media?parent=157692"}],"wp:term":[{"taxonomy":"category","embeddable":true,"href":"https:\/\/www.nettali.com\/rest\/wp\/v2\/categories?post=157692"},{"taxonomy":"post_tag","embeddable":true,"href":"https:\/\/www.nettali.com\/rest\/wp\/v2\/tags?post=157692"}],"curies":[{"name":"wp","href":"https:\/\/api.w.org\/{rel}","templated":true}]}}