{"id":157685,"date":"2025-07-16T00:41:29","date_gmt":"2025-07-16T00:41:29","guid":{"rendered":"https:\/\/www.nettali.com\/?p=157685"},"modified":"2025-07-17T06:45:26","modified_gmt":"2025-07-17T06:45:26","slug":"baisse-de-la-note-du-senegal-par-sp-le-gouvernement-reste-confiant","status":"publish","type":"post","link":"https:\/\/www.nettali.com\/2025\/07\/16\/baisse-de-la-note-du-senegal-par-sp-le-gouvernement-reste-confiant\/","title":{"rendered":"BAISSE DE LA NOTE DU S\u00c9N\u00c9GAL PAR S&#038;P - Le gouvernement reste confiant"},"content":{"rendered":"<p><strong>NETTALI.COM -<\/strong> Dans un communiqu\u00e9, le minist\u00e8re des Finances et du Budget a r\u00e9agi, le mardi 15 juillet, \u00e0 la r\u00e9cente d\u00e9cision de l\u2019agence S&amp;P de revoir \u00e0 la baisse la note du S\u00e9n\u00e9gal, pass\u00e9e de \u201cB\u201d \u00e0 \u201cB-\u201d, avec une perspective d\u00e9sormais n\u00e9gative.<\/p>\n<p>Le minist\u00e8re informe que l\u2019Etat prend acte de cette d\u00e9cision tout en r\u00e9affirmant son engagement en faveur de la transparence budg\u00e9taire. Dans la m\u00eame veine, il affirme que la capacit\u00e9 de l\u2019\u00c9tat \u00e0 faire face \u00e0 ses obligations financi\u00e8res \u201c<em>n\u2019est nullement remise en cause<\/em>\u201d.<\/p>\n<p>Les autorit\u00e9s pr\u00e9cisent que la publication des donn\u00e9es provisoires sur le stock de la dette publique pour les ann\u00e9es 2023 et 2024 s\u2019inscrit dans une dynamique de transparence renforc\u00e9e, conform\u00e9ment aux orientations des plus hautes autorit\u00e9s. Ces donn\u00e9es sont issues d\u2019un exercice de fiabilisation men\u00e9 avec l\u2019appui d\u2019un cabinet international ind\u00e9pendant, couvrant l\u2019ensemble du portefeuille de la dette de l\u2019administration centrale.<\/p>\n<p>S\u2019agissant de l\u2019augmentation du ratio dette\/PIB, les autorit\u00e9s expliquent qu\u2019elle ne tient pas encore compte des r\u00e9sultats attendus du rebasage du produit int\u00e9rieur brut (PIB). Ce recalcul de la taille de l\u2019\u00e9conomie nationale, en cours de finalisation, devrait \u00eatre publi\u00e9 dans les mois \u00e0 venir. Il vise \u00e0 aligner les indicateurs macro\u00e9conomiques sur le niveau r\u00e9el de d\u00e9veloppement du pays.<\/p>\n<p>Le communiqu\u00e9 souligne que les discussions avec le Fonds mon\u00e9taire international (FMI) se poursuivent dans un climat proactif et constructif, notamment concernant le dossier du \u201cmisreporting\u201d. \u00c0 cet effet, les autorit\u00e9s s\u00e9n\u00e9galaises ont transmis tous les livrables issus de l\u2019exercice de r\u00e9conciliation et de fiabilisation de la dette, r\u00e9alis\u00e9 par le cabinet international mandat\u00e9.<\/p>\n<p>Le gouvernement indique que le plan de financement pour l\u2019ann\u00e9e 2025 est en cours d\u2019ex\u00e9cution conform\u00e9ment aux objectifs. D\u2019importantes ressources ont d\u00e9j\u00e0 \u00e9t\u00e9 lev\u00e9es, aussi bien aupr\u00e8s des partenaires ext\u00e9rieurs, que sur le march\u00e9 domestique, notamment \u00e0 travers des \u00e9missions de titres publics ayant suscit\u00e9 l\u2019int\u00e9r\u00eat des investisseurs \u00e9trangers et r\u00e9gionaux, ainsi que deux Appels publics \u00e0 l\u2019\u00e9pargne, men\u00e9s avec succ\u00e8s.<\/p>\n<p>Le S\u00e9n\u00e9gal annonce, dans la m\u00eame optique, qu\u2019il pr\u00e9pare activement sa strat\u00e9gie de financement pour 2026, dans une logique de planification budg\u00e9taire prospective.<\/p>\n<p>En conclusion, le gouvernement r\u00e9affirme sa mobilisation pour la mise en oeuvre des r\u00e9formes n\u00e9cessaires, dans un esprit de responsabilit\u00e9, de rigueur et de transparence, sous la supervision des plus hautes autorit\u00e9s. Il se dit disponible \u00e0 poursuivre le dialogue avec l\u2019ensemble des parties prenantes, et s\u2019engage \u00e0 communiquer de mani\u00e8re transparente sur l\u2019\u00e9volution de la situation \u00e9conomique et financi\u00e8re du pays.<\/p>\n<div class='share-to-whatsapp-wrapper'><div class='share-on-whsp'>PARTAGER SUR : <\/div><a data-text='BAISSE DE LA NOTE DU S\u00c9N\u00c9GAL PAR S&P - Le gouvernement reste confiant' data-link='https:\/\/www.nettali.com\/2025\/07\/16\/baisse-de-la-note-du-senegal-par-sp-le-gouvernement-reste-confiant\/' class='whatsapp-button whatsapp-share'>WhatsApp<\/a><div class='clear '><\/div><\/div>","protected":false},"excerpt":{"rendered":"<p>NETTALI.COM - Dans un communiqu\u00e9, le minist\u00e8re des Finances et du Budget a r\u00e9agi, le mardi 15 juillet, \u00e0 la r\u00e9cente d\u00e9cision de l\u2019agence S&amp;P de revoir \u00e0 la baisse la note du S\u00e9n\u00e9gal, pass\u00e9e de \u201cB\u201d \u00e0 \u201cB-\u201d, avec une perspective d\u00e9sormais n\u00e9gative. Le minist\u00e8re informe que l\u2019Etat prend acte de cette d\u00e9cision tout [&hellip;]<\/p>\n","protected":false},"author":2,"featured_media":157686,"comment_status":"open","ping_status":"open","sticky":false,"template":"","format":"standard","meta":{"_et_pb_use_builder":"","_et_pb_old_content":""},"categories":[4],"tags":[],"yoast_head":"<!-- This site is optimized with the Yoast SEO Premium plugin v17.8 (Yoast SEO v17.8) - https:\/\/yoast.com\/wordpress\/plugins\/seo\/ -->\n<title>BAISSE DE LA NOTE DU S\u00c9N\u00c9GAL PAR S&amp;P - Le gouvernement reste confiant | Nettali.com<\/title>\n<meta name=\"robots\" content=\"index, follow, max-snippet:-1, max-image-preview:large, max-video-preview:-1\" \/>\n<link rel=\"canonical\" href=\"https:\/\/www.nettali.com\/2025\/07\/16\/baisse-de-la-note-du-senegal-par-sp-le-gouvernement-reste-confiant\/\" \/>\n<meta property=\"og:locale\" content=\"fr_FR\" \/>\n<meta property=\"og:type\" content=\"article\" \/>\n<meta property=\"og:title\" content=\"BAISSE DE LA NOTE DU S\u00c9N\u00c9GAL PAR S&amp;P - Le gouvernement reste confiant\" \/>\n<meta property=\"og:description\" content=\"NETTALI.COM - Dans un communiqu\u00e9, le minist\u00e8re des Finances et du Budget a r\u00e9agi, le mardi 15 juillet, \u00e0 la r\u00e9cente d\u00e9cision de l\u2019agence S&amp;P de revoir \u00e0 la baisse la note du S\u00e9n\u00e9gal, pass\u00e9e de \u201cB\u201d \u00e0 \u201cB-\u201d, avec une perspective d\u00e9sormais n\u00e9gative. Le minist\u00e8re informe que l\u2019Etat prend acte de cette d\u00e9cision tout [&hellip;]\" \/>\n<meta property=\"og:url\" content=\"https:\/\/www.nettali.com\/2025\/07\/16\/baisse-de-la-note-du-senegal-par-sp-le-gouvernement-reste-confiant\/\" \/>\n<meta property=\"og:site_name\" content=\"Nettali.com\" \/>\n<meta property=\"article:publisher\" content=\"https:\/\/www.facebook.com\/nettalicom\" \/>\n<meta property=\"article:published_time\" content=\"2025-07-16T00:41:29+00:00\" \/>\n<meta property=\"article:modified_time\" content=\"2025-07-17T06:45:26+00:00\" \/>\n<meta property=\"og:image\" content=\"https:\/\/www.nettali.com\/wp-content\/uploads\/2025\/07\/Sans-titre-1.jpg\" \/>\n\t<meta property=\"og:image:width\" content=\"908\" \/>\n\t<meta property=\"og:image:height\" content=\"620\" \/>\n<meta name=\"twitter:card\" content=\"summary_large_image\" \/>\n<meta name=\"twitter:label1\" content=\"\u00c9crit par\" \/>\n\t<meta name=\"twitter:data1\" content=\"CK\" \/>\n\t<meta name=\"twitter:label2\" content=\"Dur\u00e9e de lecture estim\u00e9e\" \/>\n\t<meta name=\"twitter:data2\" content=\"2 minutes\" \/>\n<script type=\"application\/ld+json\" class=\"yoast-schema-graph\">{\"@context\":\"https:\/\/schema.org\",\"@graph\":[{\"@type\":\"WebSite\",\"@id\":\"https:\/\/www.nettali.com\/#website\",\"url\":\"https:\/\/www.nettali.com\/\",\"name\":\"Nettali.com\",\"description\":\"Le rendez-vous critique du Net\",\"potentialAction\":[{\"@type\":\"SearchAction\",\"target\":{\"@type\":\"EntryPoint\",\"urlTemplate\":\"https:\/\/www.nettali.com\/?s={search_term_string}\"},\"query-input\":\"required name=search_term_string\"}],\"inLanguage\":\"fr-FR\"},{\"@type\":\"ImageObject\",\"@id\":\"https:\/\/www.nettali.com\/2025\/07\/16\/baisse-de-la-note-du-senegal-par-sp-le-gouvernement-reste-confiant\/#primaryimage\",\"inLanguage\":\"fr-FR\",\"url\":\"https:\/\/www.nettali.com\/wp-content\/uploads\/2025\/07\/Sans-titre-1.jpg\",\"contentUrl\":\"https:\/\/www.nettali.com\/wp-content\/uploads\/2025\/07\/Sans-titre-1.jpg\",\"width\":908,\"height\":620},{\"@type\":\"WebPage\",\"@id\":\"https:\/\/www.nettali.com\/2025\/07\/16\/baisse-de-la-note-du-senegal-par-sp-le-gouvernement-reste-confiant\/#webpage\",\"url\":\"https:\/\/www.nettali.com\/2025\/07\/16\/baisse-de-la-note-du-senegal-par-sp-le-gouvernement-reste-confiant\/\",\"name\":\"BAISSE DE LA NOTE DU S\\u00c9N\\u00c9GAL PAR S&P - Le gouvernement reste confiant | Nettali.com\",\"isPartOf\":{\"@id\":\"https:\/\/www.nettali.com\/#website\"},\"primaryImageOfPage\":{\"@id\":\"https:\/\/www.nettali.com\/2025\/07\/16\/baisse-de-la-note-du-senegal-par-sp-le-gouvernement-reste-confiant\/#primaryimage\"},\"datePublished\":\"2025-07-16T00:41:29+00:00\",\"dateModified\":\"2025-07-17T06:45:26+00:00\",\"author\":{\"@id\":\"https:\/\/www.nettali.com\/#\/schema\/person\/d8ac7b7e27ddad43f1c0d2ef090d7f71\"},\"breadcrumb\":{\"@id\":\"https:\/\/www.nettali.com\/2025\/07\/16\/baisse-de-la-note-du-senegal-par-sp-le-gouvernement-reste-confiant\/#breadcrumb\"},\"inLanguage\":\"fr-FR\",\"potentialAction\":[{\"@type\":\"ReadAction\",\"target\":[\"https:\/\/www.nettali.com\/2025\/07\/16\/baisse-de-la-note-du-senegal-par-sp-le-gouvernement-reste-confiant\/\"]}]},{\"@type\":\"BreadcrumbList\",\"@id\":\"https:\/\/www.nettali.com\/2025\/07\/16\/baisse-de-la-note-du-senegal-par-sp-le-gouvernement-reste-confiant\/#breadcrumb\",\"itemListElement\":[{\"@type\":\"ListItem\",\"position\":1,\"name\":\"Accueil\",\"item\":\"https:\/\/www.nettali.com\/\"},{\"@type\":\"ListItem\",\"position\":2,\"name\":\"BAISSE DE LA NOTE DU S\\u00c9N\\u00c9GAL PAR S&#038;P - Le gouvernement reste confiant\"}]},{\"@type\":\"Person\",\"@id\":\"https:\/\/www.nettali.com\/#\/schema\/person\/d8ac7b7e27ddad43f1c0d2ef090d7f71\",\"name\":\"CK\",\"image\":{\"@type\":\"ImageObject\",\"@id\":\"https:\/\/www.nettali.com\/#personlogo\",\"inLanguage\":\"fr-FR\",\"url\":\"https:\/\/secure.gravatar.com\/avatar\/1d8d5118b9327d94da7cd4ce7f17fec2?s=96&d=mm&r=g\",\"contentUrl\":\"https:\/\/secure.gravatar.com\/avatar\/1d8d5118b9327d94da7cd4ce7f17fec2?s=96&d=mm&r=g\",\"caption\":\"CK\"},\"sameAs\":[\"https:\/\/www.nettali.com\"]}]}<\/script>\n<!-- \/ Yoast SEO Premium plugin. -->","yoast_head_json":{"title":"BAISSE DE LA NOTE DU S\u00c9N\u00c9GAL PAR S&P - Le gouvernement reste confiant | Nettali.com","robots":{"index":"index","follow":"follow","max-snippet":"max-snippet:-1","max-image-preview":"max-image-preview:large","max-video-preview":"max-video-preview:-1"},"canonical":"https:\/\/www.nettali.com\/2025\/07\/16\/baisse-de-la-note-du-senegal-par-sp-le-gouvernement-reste-confiant\/","og_locale":"fr_FR","og_type":"article","og_title":"BAISSE DE LA NOTE DU S\u00c9N\u00c9GAL PAR S&P - Le gouvernement reste confiant","og_description":"NETTALI.COM - Dans un communiqu\u00e9, le minist\u00e8re des Finances et du Budget a r\u00e9agi, le mardi 15 juillet, \u00e0 la r\u00e9cente d\u00e9cision de l\u2019agence S&amp;P de revoir \u00e0 la baisse la note du S\u00e9n\u00e9gal, pass\u00e9e de \u201cB\u201d \u00e0 \u201cB-\u201d, avec une perspective d\u00e9sormais n\u00e9gative. Le minist\u00e8re informe que l\u2019Etat prend acte de cette d\u00e9cision tout [&hellip;]","og_url":"https:\/\/www.nettali.com\/2025\/07\/16\/baisse-de-la-note-du-senegal-par-sp-le-gouvernement-reste-confiant\/","og_site_name":"Nettali.com","article_publisher":"https:\/\/www.facebook.com\/nettalicom","article_published_time":"2025-07-16T00:41:29+00:00","article_modified_time":"2025-07-17T06:45:26+00:00","og_image":[{"width":908,"height":620,"url":"https:\/\/www.nettali.com\/wp-content\/uploads\/2025\/07\/Sans-titre-1.jpg","type":"image\/jpeg"}],"twitter_card":"summary_large_image","twitter_misc":{"\u00c9crit par":"CK","Dur\u00e9e de lecture estim\u00e9e":"2 minutes"},"schema":{"@context":"https:\/\/schema.org","@graph":[{"@type":"WebSite","@id":"https:\/\/www.nettali.com\/#website","url":"https:\/\/www.nettali.com\/","name":"Nettali.com","description":"Le rendez-vous critique du Net","potentialAction":[{"@type":"SearchAction","target":{"@type":"EntryPoint","urlTemplate":"https:\/\/www.nettali.com\/?s={search_term_string}"},"query-input":"required name=search_term_string"}],"inLanguage":"fr-FR"},{"@type":"ImageObject","@id":"https:\/\/www.nettali.com\/2025\/07\/16\/baisse-de-la-note-du-senegal-par-sp-le-gouvernement-reste-confiant\/#primaryimage","inLanguage":"fr-FR","url":"https:\/\/www.nettali.com\/wp-content\/uploads\/2025\/07\/Sans-titre-1.jpg","contentUrl":"https:\/\/www.nettali.com\/wp-content\/uploads\/2025\/07\/Sans-titre-1.jpg","width":908,"height":620},{"@type":"WebPage","@id":"https:\/\/www.nettali.com\/2025\/07\/16\/baisse-de-la-note-du-senegal-par-sp-le-gouvernement-reste-confiant\/#webpage","url":"https:\/\/www.nettali.com\/2025\/07\/16\/baisse-de-la-note-du-senegal-par-sp-le-gouvernement-reste-confiant\/","name":"BAISSE DE LA NOTE DU S\u00c9N\u00c9GAL PAR S&P - Le gouvernement reste confiant | Nettali.com","isPartOf":{"@id":"https:\/\/www.nettali.com\/#website"},"primaryImageOfPage":{"@id":"https:\/\/www.nettali.com\/2025\/07\/16\/baisse-de-la-note-du-senegal-par-sp-le-gouvernement-reste-confiant\/#primaryimage"},"datePublished":"2025-07-16T00:41:29+00:00","dateModified":"2025-07-17T06:45:26+00:00","author":{"@id":"https:\/\/www.nettali.com\/#\/schema\/person\/d8ac7b7e27ddad43f1c0d2ef090d7f71"},"breadcrumb":{"@id":"https:\/\/www.nettali.com\/2025\/07\/16\/baisse-de-la-note-du-senegal-par-sp-le-gouvernement-reste-confiant\/#breadcrumb"},"inLanguage":"fr-FR","potentialAction":[{"@type":"ReadAction","target":["https:\/\/www.nettali.com\/2025\/07\/16\/baisse-de-la-note-du-senegal-par-sp-le-gouvernement-reste-confiant\/"]}]},{"@type":"BreadcrumbList","@id":"https:\/\/www.nettali.com\/2025\/07\/16\/baisse-de-la-note-du-senegal-par-sp-le-gouvernement-reste-confiant\/#breadcrumb","itemListElement":[{"@type":"ListItem","position":1,"name":"Accueil","item":"https:\/\/www.nettali.com\/"},{"@type":"ListItem","position":2,"name":"BAISSE DE LA NOTE DU S\u00c9N\u00c9GAL PAR S&#038;P - Le gouvernement reste confiant"}]},{"@type":"Person","@id":"https:\/\/www.nettali.com\/#\/schema\/person\/d8ac7b7e27ddad43f1c0d2ef090d7f71","name":"CK","image":{"@type":"ImageObject","@id":"https:\/\/www.nettali.com\/#personlogo","inLanguage":"fr-FR","url":"https:\/\/secure.gravatar.com\/avatar\/1d8d5118b9327d94da7cd4ce7f17fec2?s=96&d=mm&r=g","contentUrl":"https:\/\/secure.gravatar.com\/avatar\/1d8d5118b9327d94da7cd4ce7f17fec2?s=96&d=mm&r=g","caption":"CK"},"sameAs":["https:\/\/www.nettali.com"]}]}},"_links":{"self":[{"href":"https:\/\/www.nettali.com\/rest\/wp\/v2\/posts\/157685"}],"collection":[{"href":"https:\/\/www.nettali.com\/rest\/wp\/v2\/posts"}],"about":[{"href":"https:\/\/www.nettali.com\/rest\/wp\/v2\/types\/post"}],"author":[{"embeddable":true,"href":"https:\/\/www.nettali.com\/rest\/wp\/v2\/users\/2"}],"replies":[{"embeddable":true,"href":"https:\/\/www.nettali.com\/rest\/wp\/v2\/comments?post=157685"}],"version-history":[{"count":1,"href":"https:\/\/www.nettali.com\/rest\/wp\/v2\/posts\/157685\/revisions"}],"predecessor-version":[{"id":157687,"href":"https:\/\/www.nettali.com\/rest\/wp\/v2\/posts\/157685\/revisions\/157687"}],"wp:featuredmedia":[{"embeddable":true,"href":"https:\/\/www.nettali.com\/rest\/wp\/v2\/media\/157686"}],"wp:attachment":[{"href":"https:\/\/www.nettali.com\/rest\/wp\/v2\/media?parent=157685"}],"wp:term":[{"taxonomy":"category","embeddable":true,"href":"https:\/\/www.nettali.com\/rest\/wp\/v2\/categories?post=157685"},{"taxonomy":"post_tag","embeddable":true,"href":"https:\/\/www.nettali.com\/rest\/wp\/v2\/tags?post=157685"}],"curies":[{"name":"wp","href":"https:\/\/api.w.org\/{rel}","templated":true}]}}