{"id":157678,"date":"2025-07-15T21:59:07","date_gmt":"2025-07-15T21:59:07","guid":{"rendered":"https:\/\/www.nettali.com\/?p=157678"},"modified":"2025-07-15T21:59:07","modified_gmt":"2025-07-15T21:59:07","slug":"tambacounda-de-fortes-pluies-provoquent-dimportants-degats-materiels","status":"publish","type":"post","link":"https:\/\/www.nettali.com\/2025\/07\/15\/tambacounda-de-fortes-pluies-provoquent-dimportants-degats-materiels\/","title":{"rendered":"TAMBACOUNDA - De fortes pluies provoquent d\u2019importants d\u00e9g\u00e2ts mat\u00e9riels"},"content":{"rendered":"<p><strong>NETTALI.COM - La r\u00e9gion de Tambacounda a \u00e9t\u00e9 lourdement frapp\u00e9e par des pluies torrentielles ce lundi 14 juillet. Avec 111 mm d\u2019eau tomb\u00e9s en quelques heures, les inondations ont caus\u00e9 d\u2019importants d\u00e9g\u00e2ts. Les autorit\u00e9s parlent d\u2019un ph\u00e9nom\u00e8ne exceptionnel et annoncent la mobilisation des services de l\u2019\u00c9tat.<\/strong><\/p>\n<p>La r\u00e9gion orientale du S\u00e9n\u00e9gal a connu, ce lundi, l\u2019un de ses \u00e9pisodes pluvieux les plus marquants de ces derni\u00e8res d\u00e9cennies. \u00c0 Tambacounda, 111 millim\u00e8tres de pluie se sont abattus en un laps de temps tr\u00e8s court, provoquant des inondations, des sinistres et de lourds d\u00e9g\u00e2ts mat\u00e9riels dans plusieurs quartiers.<\/p>\n<p><strong>Des mesures d\u2019urgence enclench\u00e9es<\/strong><\/p>\n<p>Le directeur de la Pr\u00e9vention et de la Gestion des Inondations, Madick\u00e9 Ciss\u00e9, a qualifi\u00e9 l\u2019\u00e9pisode de \u00ab pluie exceptionnelle \u00bb, soulignant son caract\u00e8re historique :<em>\u00ab Tamba a connu une pluie exceptionnelle, et les archives que les services de la m\u00e9t\u00e9o nous ont partag\u00e9es font \u00e9tat d'une occurrence de pluie qui ne s'est pas produite depuis 1941. \u00bb<\/em><br \/>\nIl pr\u00e9cise que les d\u00e9g\u00e2ts sont en cours de recensement par les services comp\u00e9tents et que la r\u00e9action de l\u2019\u00c9tat est d\u00e9j\u00e0 enclench\u00e9e.<br \/>\n<em>\u00ab \u00c0 une pluie exceptionnelle, il y a une situation exceptionnelle qui a \u00e9t\u00e9 marqu\u00e9e pratiquement par des d\u00e9g\u00e2ts importants. Mais fort est de noter que depuis hier soir, le niveau du fleuve a pratiquement repris son cours normal. \u00bb<\/em><br \/>\nSelon lui, tous les services \u00e9tatiques, y compris la brigade nationale des sapeurs-pompiers sont <em>\u00ab \u00e0 pied d\u2019\u0153uvre sous la coordination du gouverneur \u00bb<\/em>. Il insiste sur le fait que le dispositif de pr\u00e9vention est d\u00e9j\u00e0 op\u00e9rationnel, m\u00eame si tous les moyens ne sont pas encore enti\u00e8rement d\u00e9ploy\u00e9s : <em>\u00ab L'\u00c9tat n'attend pas qu'il y ait une situation exceptionnelle pour faire ce qu'il a \u00e0 faire. [...] Depuis hier, les services de l'\u00c9tat sont mobilis\u00e9s \u00bb.<\/em><\/p>\n<p>Tambacounda entre ainsi en pleine saison des pluies avec une alerte pr\u00e9coce sur les vuln\u00e9rabilit\u00e9s urbaines et la n\u00e9cessit\u00e9 d'une riposte coordonn\u00e9e face aux risques climatiques croissants.<\/p>\n<div class='share-to-whatsapp-wrapper'><div class='share-on-whsp'>PARTAGER SUR : <\/div><a data-text='TAMBACOUNDA - De fortes pluies provoquent d\u2019importants d\u00e9g\u00e2ts mat\u00e9riels' data-link='https:\/\/www.nettali.com\/2025\/07\/15\/tambacounda-de-fortes-pluies-provoquent-dimportants-degats-materiels\/' class='whatsapp-button whatsapp-share'>WhatsApp<\/a><div class='clear '><\/div><\/div>","protected":false},"excerpt":{"rendered":"<p>NETTALI.COM - La r\u00e9gion de Tambacounda a \u00e9t\u00e9 lourdement frapp\u00e9e par des pluies torrentielles ce lundi 14 juillet. Avec 111 mm d\u2019eau tomb\u00e9s en quelques heures, les inondations ont caus\u00e9 d\u2019importants d\u00e9g\u00e2ts. Les autorit\u00e9s parlent d\u2019un ph\u00e9nom\u00e8ne exceptionnel et annoncent la mobilisation des services de l\u2019\u00c9tat. La r\u00e9gion orientale du S\u00e9n\u00e9gal a connu, ce lundi, [&hellip;]<\/p>\n","protected":false},"author":4,"featured_media":16208,"comment_status":"open","ping_status":"open","sticky":false,"template":"","format":"standard","meta":{"_et_pb_use_builder":"","_et_pb_old_content":""},"categories":[3],"tags":[],"yoast_head":"<!-- This site is optimized with the Yoast SEO Premium plugin v17.8 (Yoast SEO v17.8) - https:\/\/yoast.com\/wordpress\/plugins\/seo\/ -->\n<title>TAMBACOUNDA - De fortes pluies provoquent d\u2019importants d\u00e9g\u00e2ts mat\u00e9riels | Nettali.com<\/title>\n<meta name=\"robots\" content=\"index, follow, max-snippet:-1, max-image-preview:large, max-video-preview:-1\" \/>\n<link rel=\"canonical\" href=\"https:\/\/www.nettali.com\/2025\/07\/15\/tambacounda-de-fortes-pluies-provoquent-dimportants-degats-materiels\/\" \/>\n<meta property=\"og:locale\" content=\"fr_FR\" \/>\n<meta property=\"og:type\" content=\"article\" \/>\n<meta property=\"og:title\" content=\"TAMBACOUNDA - De fortes pluies provoquent d\u2019importants d\u00e9g\u00e2ts mat\u00e9riels\" \/>\n<meta property=\"og:description\" content=\"NETTALI.COM - La r\u00e9gion de Tambacounda a \u00e9t\u00e9 lourdement frapp\u00e9e par des pluies torrentielles ce lundi 14 juillet. Avec 111 mm d\u2019eau tomb\u00e9s en quelques heures, les inondations ont caus\u00e9 d\u2019importants d\u00e9g\u00e2ts. Les autorit\u00e9s parlent d\u2019un ph\u00e9nom\u00e8ne exceptionnel et annoncent la mobilisation des services de l\u2019\u00c9tat. La r\u00e9gion orientale du S\u00e9n\u00e9gal a connu, ce lundi, [&hellip;]\" \/>\n<meta property=\"og:url\" content=\"https:\/\/www.nettali.com\/2025\/07\/15\/tambacounda-de-fortes-pluies-provoquent-dimportants-degats-materiels\/\" \/>\n<meta property=\"og:site_name\" content=\"Nettali.com\" \/>\n<meta property=\"article:publisher\" content=\"https:\/\/www.facebook.com\/nettalicom\" \/>\n<meta property=\"article:published_time\" content=\"2025-07-15T21:59:07+00:00\" \/>\n<meta property=\"og:image\" content=\"https:\/\/www.nettali.com\/wp-content\/uploads\/2019\/08\/D\u00e9j\u00e0-deux-morts-\u00e0-Dakar-\u00e0-cause-des-fortes-pluies.jpg\" \/>\n\t<meta property=\"og:image:width\" content=\"800\" \/>\n\t<meta property=\"og:image:height\" content=\"500\" \/>\n<meta name=\"twitter:card\" content=\"summary_large_image\" \/>\n<meta name=\"twitter:label1\" content=\"\u00c9crit par\" \/>\n\t<meta name=\"twitter:data1\" content=\"Daouda\" \/>\n\t<meta name=\"twitter:label2\" content=\"Dur\u00e9e de lecture estim\u00e9e\" \/>\n\t<meta name=\"twitter:data2\" content=\"2 minutes\" \/>\n<script type=\"application\/ld+json\" class=\"yoast-schema-graph\">{\"@context\":\"https:\/\/schema.org\",\"@graph\":[{\"@type\":\"WebSite\",\"@id\":\"https:\/\/www.nettali.com\/#website\",\"url\":\"https:\/\/www.nettali.com\/\",\"name\":\"Nettali.com\",\"description\":\"Le rendez-vous critique du Net\",\"potentialAction\":[{\"@type\":\"SearchAction\",\"target\":{\"@type\":\"EntryPoint\",\"urlTemplate\":\"https:\/\/www.nettali.com\/?s={search_term_string}\"},\"query-input\":\"required name=search_term_string\"}],\"inLanguage\":\"fr-FR\"},{\"@type\":\"ImageObject\",\"@id\":\"https:\/\/www.nettali.com\/2025\/07\/15\/tambacounda-de-fortes-pluies-provoquent-dimportants-degats-materiels\/#primaryimage\",\"inLanguage\":\"fr-FR\",\"url\":\"https:\/\/www.nettali.com\/wp-content\/uploads\/2019\/08\/D\\u00e9j\\u00e0-deux-morts-\\u00e0-Dakar-\\u00e0-cause-des-fortes-pluies.jpg\",\"contentUrl\":\"https:\/\/www.nettali.com\/wp-content\/uploads\/2019\/08\/D\\u00e9j\\u00e0-deux-morts-\\u00e0-Dakar-\\u00e0-cause-des-fortes-pluies.jpg\",\"width\":800,\"height\":500},{\"@type\":\"WebPage\",\"@id\":\"https:\/\/www.nettali.com\/2025\/07\/15\/tambacounda-de-fortes-pluies-provoquent-dimportants-degats-materiels\/#webpage\",\"url\":\"https:\/\/www.nettali.com\/2025\/07\/15\/tambacounda-de-fortes-pluies-provoquent-dimportants-degats-materiels\/\",\"name\":\"TAMBACOUNDA - De fortes pluies provoquent d\\u2019importants d\\u00e9g\\u00e2ts mat\\u00e9riels | Nettali.com\",\"isPartOf\":{\"@id\":\"https:\/\/www.nettali.com\/#website\"},\"primaryImageOfPage\":{\"@id\":\"https:\/\/www.nettali.com\/2025\/07\/15\/tambacounda-de-fortes-pluies-provoquent-dimportants-degats-materiels\/#primaryimage\"},\"datePublished\":\"2025-07-15T21:59:07+00:00\",\"dateModified\":\"2025-07-15T21:59:07+00:00\",\"author\":{\"@id\":\"https:\/\/www.nettali.com\/#\/schema\/person\/3317e0bb3aa1da309fbf7b2780901bf4\"},\"breadcrumb\":{\"@id\":\"https:\/\/www.nettali.com\/2025\/07\/15\/tambacounda-de-fortes-pluies-provoquent-dimportants-degats-materiels\/#breadcrumb\"},\"inLanguage\":\"fr-FR\",\"potentialAction\":[{\"@type\":\"ReadAction\",\"target\":[\"https:\/\/www.nettali.com\/2025\/07\/15\/tambacounda-de-fortes-pluies-provoquent-dimportants-degats-materiels\/\"]}]},{\"@type\":\"BreadcrumbList\",\"@id\":\"https:\/\/www.nettali.com\/2025\/07\/15\/tambacounda-de-fortes-pluies-provoquent-dimportants-degats-materiels\/#breadcrumb\",\"itemListElement\":[{\"@type\":\"ListItem\",\"position\":1,\"name\":\"Accueil\",\"item\":\"https:\/\/www.nettali.com\/\"},{\"@type\":\"ListItem\",\"position\":2,\"name\":\"TAMBACOUNDA - De fortes pluies provoquent d\\u2019importants d\\u00e9g\\u00e2ts mat\\u00e9riels\"}]},{\"@type\":\"Person\",\"@id\":\"https:\/\/www.nettali.com\/#\/schema\/person\/3317e0bb3aa1da309fbf7b2780901bf4\",\"name\":\"Daouda\",\"image\":{\"@type\":\"ImageObject\",\"@id\":\"https:\/\/www.nettali.com\/#personlogo\",\"inLanguage\":\"fr-FR\",\"url\":\"https:\/\/secure.gravatar.com\/avatar\/8d143b5a49345098ddcfee1c49c2f47c?s=96&d=mm&r=g\",\"contentUrl\":\"https:\/\/secure.gravatar.com\/avatar\/8d143b5a49345098ddcfee1c49c2f47c?s=96&d=mm&r=g\",\"caption\":\"Daouda\"},\"sameAs\":[\"https:\/\/www.nettali.com\"]}]}<\/script>\n<!-- \/ Yoast SEO Premium plugin. -->","yoast_head_json":{"title":"TAMBACOUNDA - De fortes pluies provoquent d\u2019importants d\u00e9g\u00e2ts mat\u00e9riels | Nettali.com","robots":{"index":"index","follow":"follow","max-snippet":"max-snippet:-1","max-image-preview":"max-image-preview:large","max-video-preview":"max-video-preview:-1"},"canonical":"https:\/\/www.nettali.com\/2025\/07\/15\/tambacounda-de-fortes-pluies-provoquent-dimportants-degats-materiels\/","og_locale":"fr_FR","og_type":"article","og_title":"TAMBACOUNDA - De fortes pluies provoquent d\u2019importants d\u00e9g\u00e2ts mat\u00e9riels","og_description":"NETTALI.COM - La r\u00e9gion de Tambacounda a \u00e9t\u00e9 lourdement frapp\u00e9e par des pluies torrentielles ce lundi 14 juillet. Avec 111 mm d\u2019eau tomb\u00e9s en quelques heures, les inondations ont caus\u00e9 d\u2019importants d\u00e9g\u00e2ts. Les autorit\u00e9s parlent d\u2019un ph\u00e9nom\u00e8ne exceptionnel et annoncent la mobilisation des services de l\u2019\u00c9tat. La r\u00e9gion orientale du S\u00e9n\u00e9gal a connu, ce lundi, [&hellip;]","og_url":"https:\/\/www.nettali.com\/2025\/07\/15\/tambacounda-de-fortes-pluies-provoquent-dimportants-degats-materiels\/","og_site_name":"Nettali.com","article_publisher":"https:\/\/www.facebook.com\/nettalicom","article_published_time":"2025-07-15T21:59:07+00:00","og_image":[{"width":800,"height":500,"url":"https:\/\/www.nettali.com\/wp-content\/uploads\/2019\/08\/D\u00e9j\u00e0-deux-morts-\u00e0-Dakar-\u00e0-cause-des-fortes-pluies.jpg","type":"image\/jpeg"}],"twitter_card":"summary_large_image","twitter_misc":{"\u00c9crit par":"Daouda","Dur\u00e9e de lecture estim\u00e9e":"2 minutes"},"schema":{"@context":"https:\/\/schema.org","@graph":[{"@type":"WebSite","@id":"https:\/\/www.nettali.com\/#website","url":"https:\/\/www.nettali.com\/","name":"Nettali.com","description":"Le rendez-vous critique du Net","potentialAction":[{"@type":"SearchAction","target":{"@type":"EntryPoint","urlTemplate":"https:\/\/www.nettali.com\/?s={search_term_string}"},"query-input":"required name=search_term_string"}],"inLanguage":"fr-FR"},{"@type":"ImageObject","@id":"https:\/\/www.nettali.com\/2025\/07\/15\/tambacounda-de-fortes-pluies-provoquent-dimportants-degats-materiels\/#primaryimage","inLanguage":"fr-FR","url":"https:\/\/www.nettali.com\/wp-content\/uploads\/2019\/08\/D\u00e9j\u00e0-deux-morts-\u00e0-Dakar-\u00e0-cause-des-fortes-pluies.jpg","contentUrl":"https:\/\/www.nettali.com\/wp-content\/uploads\/2019\/08\/D\u00e9j\u00e0-deux-morts-\u00e0-Dakar-\u00e0-cause-des-fortes-pluies.jpg","width":800,"height":500},{"@type":"WebPage","@id":"https:\/\/www.nettali.com\/2025\/07\/15\/tambacounda-de-fortes-pluies-provoquent-dimportants-degats-materiels\/#webpage","url":"https:\/\/www.nettali.com\/2025\/07\/15\/tambacounda-de-fortes-pluies-provoquent-dimportants-degats-materiels\/","name":"TAMBACOUNDA - De fortes pluies provoquent d\u2019importants d\u00e9g\u00e2ts mat\u00e9riels | Nettali.com","isPartOf":{"@id":"https:\/\/www.nettali.com\/#website"},"primaryImageOfPage":{"@id":"https:\/\/www.nettali.com\/2025\/07\/15\/tambacounda-de-fortes-pluies-provoquent-dimportants-degats-materiels\/#primaryimage"},"datePublished":"2025-07-15T21:59:07+00:00","dateModified":"2025-07-15T21:59:07+00:00","author":{"@id":"https:\/\/www.nettali.com\/#\/schema\/person\/3317e0bb3aa1da309fbf7b2780901bf4"},"breadcrumb":{"@id":"https:\/\/www.nettali.com\/2025\/07\/15\/tambacounda-de-fortes-pluies-provoquent-dimportants-degats-materiels\/#breadcrumb"},"inLanguage":"fr-FR","potentialAction":[{"@type":"ReadAction","target":["https:\/\/www.nettali.com\/2025\/07\/15\/tambacounda-de-fortes-pluies-provoquent-dimportants-degats-materiels\/"]}]},{"@type":"BreadcrumbList","@id":"https:\/\/www.nettali.com\/2025\/07\/15\/tambacounda-de-fortes-pluies-provoquent-dimportants-degats-materiels\/#breadcrumb","itemListElement":[{"@type":"ListItem","position":1,"name":"Accueil","item":"https:\/\/www.nettali.com\/"},{"@type":"ListItem","position":2,"name":"TAMBACOUNDA - De fortes pluies provoquent d\u2019importants d\u00e9g\u00e2ts mat\u00e9riels"}]},{"@type":"Person","@id":"https:\/\/www.nettali.com\/#\/schema\/person\/3317e0bb3aa1da309fbf7b2780901bf4","name":"Daouda","image":{"@type":"ImageObject","@id":"https:\/\/www.nettali.com\/#personlogo","inLanguage":"fr-FR","url":"https:\/\/secure.gravatar.com\/avatar\/8d143b5a49345098ddcfee1c49c2f47c?s=96&d=mm&r=g","contentUrl":"https:\/\/secure.gravatar.com\/avatar\/8d143b5a49345098ddcfee1c49c2f47c?s=96&d=mm&r=g","caption":"Daouda"},"sameAs":["https:\/\/www.nettali.com"]}]}},"_links":{"self":[{"href":"https:\/\/www.nettali.com\/rest\/wp\/v2\/posts\/157678"}],"collection":[{"href":"https:\/\/www.nettali.com\/rest\/wp\/v2\/posts"}],"about":[{"href":"https:\/\/www.nettali.com\/rest\/wp\/v2\/types\/post"}],"author":[{"embeddable":true,"href":"https:\/\/www.nettali.com\/rest\/wp\/v2\/users\/4"}],"replies":[{"embeddable":true,"href":"https:\/\/www.nettali.com\/rest\/wp\/v2\/comments?post=157678"}],"version-history":[{"count":1,"href":"https:\/\/www.nettali.com\/rest\/wp\/v2\/posts\/157678\/revisions"}],"predecessor-version":[{"id":157679,"href":"https:\/\/www.nettali.com\/rest\/wp\/v2\/posts\/157678\/revisions\/157679"}],"wp:featuredmedia":[{"embeddable":true,"href":"https:\/\/www.nettali.com\/rest\/wp\/v2\/media\/16208"}],"wp:attachment":[{"href":"https:\/\/www.nettali.com\/rest\/wp\/v2\/media?parent=157678"}],"wp:term":[{"taxonomy":"category","embeddable":true,"href":"https:\/\/www.nettali.com\/rest\/wp\/v2\/categories?post=157678"},{"taxonomy":"post_tag","embeddable":true,"href":"https:\/\/www.nettali.com\/rest\/wp\/v2\/tags?post=157678"}],"curies":[{"name":"wp","href":"https:\/\/api.w.org\/{rel}","templated":true}]}}