{"id":157630,"date":"2025-07-15T05:49:33","date_gmt":"2025-07-15T05:49:33","guid":{"rendered":"https:\/\/www.nettali.com\/?p=157630"},"modified":"2025-07-15T05:50:26","modified_gmt":"2025-07-15T05:50:26","slug":"emprisonnement-de-badara-gadiaga-fagaru-denonce-une-atteinte-grave-a-la-liberte-dexpression-et-a-lindependance-de-la-justice","status":"publish","type":"post","link":"https:\/\/www.nettali.com\/2025\/07\/15\/emprisonnement-de-badara-gadiaga-fagaru-denonce-une-atteinte-grave-a-la-liberte-dexpression-et-a-lindependance-de-la-justice\/","title":{"rendered":"EMPRISONNEMENT DE BADARA GADIAGA - \"Fagaru\" d\u00e9nonce une \"atteinte grave \u00e0 la libert\u00e9 d\u2019expression et \u00e0 l\u2019ind\u00e9pendance de la justice\""},"content":{"rendered":"<p><strong>NETTALI.COM -<\/strong> Le mouvement Fagaru \u2013 Les Sentinelles de la R\u00e9publique a r\u00e9agi \u00e0 l\u2019incarc\u00e9ration du chroniqueur Badara Gadiaga. Dans un communiqu\u00e9, il d\u00e9nonce une \u201c<em>atteinte grave \u00e0 la libert\u00e9 d\u2019expression et \u00e0 l\u2019ind\u00e9pendance de la justice<\/em>\u201d, pointant du doigt ce qu\u2019il consid\u00e8re comme une instrumentalisation politique de l\u2019appareil judiciaire. Badara Gadiaga est poursuivi pour diffusion de fausses nouvelles, outrage au chef de l\u2019\u00c9tat, et r\u00e9ception de fonds de source suspecte, des chefs d\u2019accusation que le mouvement juge r\u00e9v\u00e9lateurs d\u2019une volont\u00e9 manifeste de faire taire les voix critiques, dans un contexte politique qualifi\u00e9 de tendu.<\/p>\n<p>\u201c<em>Cette d\u00e9marche r\u00e9pressive contre un acteur m\u00e9diatique, connu pour ses prises de position, remet en question les promesses de rupture faites au peuple s\u00e9n\u00e9galais<\/em>\u201d, affirme Fagaru, qui estime que l\u2019arrestation du chroniqueur renforce un climat de peur, d\u2019intimidation et de surveillance des opinions, contraire aux id\u00e9aux d\u00e9mocratiques.<\/p>\n<p>Le mouvement rappelle que le changement politique intervenu en mars 2024 devait marquer un tournant vers une v\u00e9ritable ind\u00e9pendance des institutions et une restauration des libert\u00e9s individuelles. \u00c0 ses yeux, cette affaire repr\u00e9sente une trahison des aspirations du peuple s\u00e9n\u00e9galais.<\/p>\n<p>Face \u00e0 cette situation, Fagaru demande la lib\u00e9ration imm\u00e9diate et inconditionnelle de Badara Gadiaga, le respect scrupuleux des libert\u00e9s publiques, en particulier la libert\u00e9 de la presse et la libert\u00e9 d\u2019opinion, une r\u00e9forme courageuse du syst\u00e8me judiciaire afin de garantir son ind\u00e9pendance vis-\u00e0- vis du pouvoir ex\u00e9cutif.<\/p>\n<p>Fagaru conclut en r\u00e9affirmant sa conviction que le S\u00e9n\u00e9gal ne peut se construire sans justice impartiale, sans presse libre et sans citoyennet\u00e9 active. \u00c0 ses yeux, \u201cfaire taire les critiques par la prison, c\u2019est trahir l\u2019esprit d\u00e9mocratique\u201d port\u00e9 par les luttes citoyennes.<\/p>\n<div class='share-to-whatsapp-wrapper'><div class='share-on-whsp'>PARTAGER SUR : <\/div><a data-text='EMPRISONNEMENT DE BADARA GADIAGA - \"Fagaru\" d\u00e9nonce une \"atteinte grave \u00e0 la libert\u00e9 d\u2019expression et \u00e0 l\u2019ind\u00e9pendance de la justice\"' data-link='https:\/\/www.nettali.com\/2025\/07\/15\/emprisonnement-de-badara-gadiaga-fagaru-denonce-une-atteinte-grave-a-la-liberte-dexpression-et-a-lindependance-de-la-justice\/' class='whatsapp-button whatsapp-share'>WhatsApp<\/a><div class='clear '><\/div><\/div>","protected":false},"excerpt":{"rendered":"<p>NETTALI.COM - Le mouvement Fagaru \u2013 Les Sentinelles de la R\u00e9publique a r\u00e9agi \u00e0 l\u2019incarc\u00e9ration du chroniqueur Badara Gadiaga. Dans un communiqu\u00e9, il d\u00e9nonce une \u201catteinte grave \u00e0 la libert\u00e9 d\u2019expression et \u00e0 l\u2019ind\u00e9pendance de la justice\u201d, pointant du doigt ce qu\u2019il consid\u00e8re comme une instrumentalisation politique de l\u2019appareil judiciaire. Badara Gadiaga est poursuivi pour [&hellip;]<\/p>\n","protected":false},"author":2,"featured_media":157407,"comment_status":"open","ping_status":"open","sticky":false,"template":"","format":"standard","meta":{"_et_pb_use_builder":"","_et_pb_old_content":""},"categories":[34945],"tags":[],"yoast_head":"<!-- This site is optimized with the Yoast SEO Premium plugin v17.8 (Yoast SEO v17.8) - https:\/\/yoast.com\/wordpress\/plugins\/seo\/ -->\n<title>EMPRISONNEMENT DE BADARA GADIAGA - &quot;Fagaru&quot; d\u00e9nonce une &quot;atteinte grave \u00e0 la libert\u00e9 d\u2019expression et \u00e0 l\u2019ind\u00e9pendance de la justice&quot; | Nettali.com<\/title>\n<meta name=\"robots\" content=\"index, follow, max-snippet:-1, max-image-preview:large, max-video-preview:-1\" \/>\n<link rel=\"canonical\" href=\"https:\/\/www.nettali.com\/2025\/07\/15\/emprisonnement-de-badara-gadiaga-fagaru-denonce-une-atteinte-grave-a-la-liberte-dexpression-et-a-lindependance-de-la-justice\/\" \/>\n<meta property=\"og:locale\" content=\"fr_FR\" \/>\n<meta property=\"og:type\" content=\"article\" \/>\n<meta property=\"og:title\" content=\"EMPRISONNEMENT DE BADARA GADIAGA - &quot;Fagaru&quot; d\u00e9nonce une &quot;atteinte grave \u00e0 la libert\u00e9 d\u2019expression et \u00e0 l\u2019ind\u00e9pendance de la justice&quot;\" \/>\n<meta property=\"og:description\" content=\"NETTALI.COM - Le mouvement Fagaru \u2013 Les Sentinelles de la R\u00e9publique a r\u00e9agi \u00e0 l\u2019incarc\u00e9ration du chroniqueur Badara Gadiaga. Dans un communiqu\u00e9, il d\u00e9nonce une \u201catteinte grave \u00e0 la libert\u00e9 d\u2019expression et \u00e0 l\u2019ind\u00e9pendance de la justice\u201d, pointant du doigt ce qu\u2019il consid\u00e8re comme une instrumentalisation politique de l\u2019appareil judiciaire. Badara Gadiaga est poursuivi pour [&hellip;]\" \/>\n<meta property=\"og:url\" content=\"https:\/\/www.nettali.com\/2025\/07\/15\/emprisonnement-de-badara-gadiaga-fagaru-denonce-une-atteinte-grave-a-la-liberte-dexpression-et-a-lindependance-de-la-justice\/\" \/>\n<meta property=\"og:site_name\" content=\"Nettali.com\" \/>\n<meta property=\"article:publisher\" content=\"https:\/\/www.facebook.com\/nettalicom\" \/>\n<meta property=\"article:published_time\" content=\"2025-07-15T05:49:33+00:00\" \/>\n<meta property=\"article:modified_time\" content=\"2025-07-15T05:50:26+00:00\" \/>\n<meta property=\"og:image\" content=\"https:\/\/www.nettali.com\/wp-content\/uploads\/2025\/07\/Badara-Gadiaga-2-e1752258692760.jpg\" \/>\n\t<meta property=\"og:image:width\" content=\"727\" \/>\n\t<meta property=\"og:image:height\" content=\"492\" \/>\n<meta name=\"twitter:card\" content=\"summary_large_image\" \/>\n<meta name=\"twitter:label1\" content=\"\u00c9crit par\" \/>\n\t<meta name=\"twitter:data1\" content=\"CK\" \/>\n\t<meta name=\"twitter:label2\" content=\"Dur\u00e9e de lecture estim\u00e9e\" \/>\n\t<meta name=\"twitter:data2\" content=\"2 minutes\" \/>\n<script type=\"application\/ld+json\" class=\"yoast-schema-graph\">{\"@context\":\"https:\/\/schema.org\",\"@graph\":[{\"@type\":\"WebSite\",\"@id\":\"https:\/\/www.nettali.com\/#website\",\"url\":\"https:\/\/www.nettali.com\/\",\"name\":\"Nettali.com\",\"description\":\"Le rendez-vous critique du Net\",\"potentialAction\":[{\"@type\":\"SearchAction\",\"target\":{\"@type\":\"EntryPoint\",\"urlTemplate\":\"https:\/\/www.nettali.com\/?s={search_term_string}\"},\"query-input\":\"required name=search_term_string\"}],\"inLanguage\":\"fr-FR\"},{\"@type\":\"ImageObject\",\"@id\":\"https:\/\/www.nettali.com\/2025\/07\/15\/emprisonnement-de-badara-gadiaga-fagaru-denonce-une-atteinte-grave-a-la-liberte-dexpression-et-a-lindependance-de-la-justice\/#primaryimage\",\"inLanguage\":\"fr-FR\",\"url\":\"https:\/\/www.nettali.com\/wp-content\/uploads\/2025\/07\/Badara-Gadiaga-2-e1752258692760.jpg\",\"contentUrl\":\"https:\/\/www.nettali.com\/wp-content\/uploads\/2025\/07\/Badara-Gadiaga-2-e1752258692760.jpg\",\"width\":727,\"height\":492},{\"@type\":\"WebPage\",\"@id\":\"https:\/\/www.nettali.com\/2025\/07\/15\/emprisonnement-de-badara-gadiaga-fagaru-denonce-une-atteinte-grave-a-la-liberte-dexpression-et-a-lindependance-de-la-justice\/#webpage\",\"url\":\"https:\/\/www.nettali.com\/2025\/07\/15\/emprisonnement-de-badara-gadiaga-fagaru-denonce-une-atteinte-grave-a-la-liberte-dexpression-et-a-lindependance-de-la-justice\/\",\"name\":\"EMPRISONNEMENT DE BADARA GADIAGA - \\\"Fagaru\\\" d\\u00e9nonce une \\\"atteinte grave \\u00e0 la libert\\u00e9 d\\u2019expression et \\u00e0 l\\u2019ind\\u00e9pendance de la justice\\\" | Nettali.com\",\"isPartOf\":{\"@id\":\"https:\/\/www.nettali.com\/#website\"},\"primaryImageOfPage\":{\"@id\":\"https:\/\/www.nettali.com\/2025\/07\/15\/emprisonnement-de-badara-gadiaga-fagaru-denonce-une-atteinte-grave-a-la-liberte-dexpression-et-a-lindependance-de-la-justice\/#primaryimage\"},\"datePublished\":\"2025-07-15T05:49:33+00:00\",\"dateModified\":\"2025-07-15T05:50:26+00:00\",\"author\":{\"@id\":\"https:\/\/www.nettali.com\/#\/schema\/person\/d8ac7b7e27ddad43f1c0d2ef090d7f71\"},\"breadcrumb\":{\"@id\":\"https:\/\/www.nettali.com\/2025\/07\/15\/emprisonnement-de-badara-gadiaga-fagaru-denonce-une-atteinte-grave-a-la-liberte-dexpression-et-a-lindependance-de-la-justice\/#breadcrumb\"},\"inLanguage\":\"fr-FR\",\"potentialAction\":[{\"@type\":\"ReadAction\",\"target\":[\"https:\/\/www.nettali.com\/2025\/07\/15\/emprisonnement-de-badara-gadiaga-fagaru-denonce-une-atteinte-grave-a-la-liberte-dexpression-et-a-lindependance-de-la-justice\/\"]}]},{\"@type\":\"BreadcrumbList\",\"@id\":\"https:\/\/www.nettali.com\/2025\/07\/15\/emprisonnement-de-badara-gadiaga-fagaru-denonce-une-atteinte-grave-a-la-liberte-dexpression-et-a-lindependance-de-la-justice\/#breadcrumb\",\"itemListElement\":[{\"@type\":\"ListItem\",\"position\":1,\"name\":\"Accueil\",\"item\":\"https:\/\/www.nettali.com\/\"},{\"@type\":\"ListItem\",\"position\":2,\"name\":\"EMPRISONNEMENT DE BADARA GADIAGA - \\\"Fagaru\\\" d\\u00e9nonce une \\\"atteinte grave \\u00e0 la libert\\u00e9 d\\u2019expression et \\u00e0 l\\u2019ind\\u00e9pendance de la justice\\\"\"}]},{\"@type\":\"Person\",\"@id\":\"https:\/\/www.nettali.com\/#\/schema\/person\/d8ac7b7e27ddad43f1c0d2ef090d7f71\",\"name\":\"CK\",\"image\":{\"@type\":\"ImageObject\",\"@id\":\"https:\/\/www.nettali.com\/#personlogo\",\"inLanguage\":\"fr-FR\",\"url\":\"https:\/\/secure.gravatar.com\/avatar\/1d8d5118b9327d94da7cd4ce7f17fec2?s=96&d=mm&r=g\",\"contentUrl\":\"https:\/\/secure.gravatar.com\/avatar\/1d8d5118b9327d94da7cd4ce7f17fec2?s=96&d=mm&r=g\",\"caption\":\"CK\"},\"sameAs\":[\"https:\/\/www.nettali.com\"]}]}<\/script>\n<!-- \/ Yoast SEO Premium plugin. -->","yoast_head_json":{"title":"EMPRISONNEMENT DE BADARA GADIAGA - \"Fagaru\" d\u00e9nonce une \"atteinte grave \u00e0 la libert\u00e9 d\u2019expression et \u00e0 l\u2019ind\u00e9pendance de la justice\" | Nettali.com","robots":{"index":"index","follow":"follow","max-snippet":"max-snippet:-1","max-image-preview":"max-image-preview:large","max-video-preview":"max-video-preview:-1"},"canonical":"https:\/\/www.nettali.com\/2025\/07\/15\/emprisonnement-de-badara-gadiaga-fagaru-denonce-une-atteinte-grave-a-la-liberte-dexpression-et-a-lindependance-de-la-justice\/","og_locale":"fr_FR","og_type":"article","og_title":"EMPRISONNEMENT DE BADARA GADIAGA - \"Fagaru\" d\u00e9nonce une \"atteinte grave \u00e0 la libert\u00e9 d\u2019expression et \u00e0 l\u2019ind\u00e9pendance de la justice\"","og_description":"NETTALI.COM - Le mouvement Fagaru \u2013 Les Sentinelles de la R\u00e9publique a r\u00e9agi \u00e0 l\u2019incarc\u00e9ration du chroniqueur Badara Gadiaga. Dans un communiqu\u00e9, il d\u00e9nonce une \u201catteinte grave \u00e0 la libert\u00e9 d\u2019expression et \u00e0 l\u2019ind\u00e9pendance de la justice\u201d, pointant du doigt ce qu\u2019il consid\u00e8re comme une instrumentalisation politique de l\u2019appareil judiciaire. Badara Gadiaga est poursuivi pour [&hellip;]","og_url":"https:\/\/www.nettali.com\/2025\/07\/15\/emprisonnement-de-badara-gadiaga-fagaru-denonce-une-atteinte-grave-a-la-liberte-dexpression-et-a-lindependance-de-la-justice\/","og_site_name":"Nettali.com","article_publisher":"https:\/\/www.facebook.com\/nettalicom","article_published_time":"2025-07-15T05:49:33+00:00","article_modified_time":"2025-07-15T05:50:26+00:00","og_image":[{"width":727,"height":492,"url":"https:\/\/www.nettali.com\/wp-content\/uploads\/2025\/07\/Badara-Gadiaga-2-e1752258692760.jpg","type":"image\/jpeg"}],"twitter_card":"summary_large_image","twitter_misc":{"\u00c9crit par":"CK","Dur\u00e9e de lecture estim\u00e9e":"2 minutes"},"schema":{"@context":"https:\/\/schema.org","@graph":[{"@type":"WebSite","@id":"https:\/\/www.nettali.com\/#website","url":"https:\/\/www.nettali.com\/","name":"Nettali.com","description":"Le rendez-vous critique du Net","potentialAction":[{"@type":"SearchAction","target":{"@type":"EntryPoint","urlTemplate":"https:\/\/www.nettali.com\/?s={search_term_string}"},"query-input":"required name=search_term_string"}],"inLanguage":"fr-FR"},{"@type":"ImageObject","@id":"https:\/\/www.nettali.com\/2025\/07\/15\/emprisonnement-de-badara-gadiaga-fagaru-denonce-une-atteinte-grave-a-la-liberte-dexpression-et-a-lindependance-de-la-justice\/#primaryimage","inLanguage":"fr-FR","url":"https:\/\/www.nettali.com\/wp-content\/uploads\/2025\/07\/Badara-Gadiaga-2-e1752258692760.jpg","contentUrl":"https:\/\/www.nettali.com\/wp-content\/uploads\/2025\/07\/Badara-Gadiaga-2-e1752258692760.jpg","width":727,"height":492},{"@type":"WebPage","@id":"https:\/\/www.nettali.com\/2025\/07\/15\/emprisonnement-de-badara-gadiaga-fagaru-denonce-une-atteinte-grave-a-la-liberte-dexpression-et-a-lindependance-de-la-justice\/#webpage","url":"https:\/\/www.nettali.com\/2025\/07\/15\/emprisonnement-de-badara-gadiaga-fagaru-denonce-une-atteinte-grave-a-la-liberte-dexpression-et-a-lindependance-de-la-justice\/","name":"EMPRISONNEMENT DE BADARA GADIAGA - \"Fagaru\" d\u00e9nonce une \"atteinte grave \u00e0 la libert\u00e9 d\u2019expression et \u00e0 l\u2019ind\u00e9pendance de la justice\" | Nettali.com","isPartOf":{"@id":"https:\/\/www.nettali.com\/#website"},"primaryImageOfPage":{"@id":"https:\/\/www.nettali.com\/2025\/07\/15\/emprisonnement-de-badara-gadiaga-fagaru-denonce-une-atteinte-grave-a-la-liberte-dexpression-et-a-lindependance-de-la-justice\/#primaryimage"},"datePublished":"2025-07-15T05:49:33+00:00","dateModified":"2025-07-15T05:50:26+00:00","author":{"@id":"https:\/\/www.nettali.com\/#\/schema\/person\/d8ac7b7e27ddad43f1c0d2ef090d7f71"},"breadcrumb":{"@id":"https:\/\/www.nettali.com\/2025\/07\/15\/emprisonnement-de-badara-gadiaga-fagaru-denonce-une-atteinte-grave-a-la-liberte-dexpression-et-a-lindependance-de-la-justice\/#breadcrumb"},"inLanguage":"fr-FR","potentialAction":[{"@type":"ReadAction","target":["https:\/\/www.nettali.com\/2025\/07\/15\/emprisonnement-de-badara-gadiaga-fagaru-denonce-une-atteinte-grave-a-la-liberte-dexpression-et-a-lindependance-de-la-justice\/"]}]},{"@type":"BreadcrumbList","@id":"https:\/\/www.nettali.com\/2025\/07\/15\/emprisonnement-de-badara-gadiaga-fagaru-denonce-une-atteinte-grave-a-la-liberte-dexpression-et-a-lindependance-de-la-justice\/#breadcrumb","itemListElement":[{"@type":"ListItem","position":1,"name":"Accueil","item":"https:\/\/www.nettali.com\/"},{"@type":"ListItem","position":2,"name":"EMPRISONNEMENT DE BADARA GADIAGA - \"Fagaru\" d\u00e9nonce une \"atteinte grave \u00e0 la libert\u00e9 d\u2019expression et \u00e0 l\u2019ind\u00e9pendance de la justice\""}]},{"@type":"Person","@id":"https:\/\/www.nettali.com\/#\/schema\/person\/d8ac7b7e27ddad43f1c0d2ef090d7f71","name":"CK","image":{"@type":"ImageObject","@id":"https:\/\/www.nettali.com\/#personlogo","inLanguage":"fr-FR","url":"https:\/\/secure.gravatar.com\/avatar\/1d8d5118b9327d94da7cd4ce7f17fec2?s=96&d=mm&r=g","contentUrl":"https:\/\/secure.gravatar.com\/avatar\/1d8d5118b9327d94da7cd4ce7f17fec2?s=96&d=mm&r=g","caption":"CK"},"sameAs":["https:\/\/www.nettali.com"]}]}},"_links":{"self":[{"href":"https:\/\/www.nettali.com\/rest\/wp\/v2\/posts\/157630"}],"collection":[{"href":"https:\/\/www.nettali.com\/rest\/wp\/v2\/posts"}],"about":[{"href":"https:\/\/www.nettali.com\/rest\/wp\/v2\/types\/post"}],"author":[{"embeddable":true,"href":"https:\/\/www.nettali.com\/rest\/wp\/v2\/users\/2"}],"replies":[{"embeddable":true,"href":"https:\/\/www.nettali.com\/rest\/wp\/v2\/comments?post=157630"}],"version-history":[{"count":2,"href":"https:\/\/www.nettali.com\/rest\/wp\/v2\/posts\/157630\/revisions"}],"predecessor-version":[{"id":157632,"href":"https:\/\/www.nettali.com\/rest\/wp\/v2\/posts\/157630\/revisions\/157632"}],"wp:featuredmedia":[{"embeddable":true,"href":"https:\/\/www.nettali.com\/rest\/wp\/v2\/media\/157407"}],"wp:attachment":[{"href":"https:\/\/www.nettali.com\/rest\/wp\/v2\/media?parent=157630"}],"wp:term":[{"taxonomy":"category","embeddable":true,"href":"https:\/\/www.nettali.com\/rest\/wp\/v2\/categories?post=157630"},{"taxonomy":"post_tag","embeddable":true,"href":"https:\/\/www.nettali.com\/rest\/wp\/v2\/tags?post=157630"}],"curies":[{"name":"wp","href":"https:\/\/api.w.org\/{rel}","templated":true}]}}