{"id":157617,"date":"2025-07-14T23:32:05","date_gmt":"2025-07-14T23:32:05","guid":{"rendered":"https:\/\/www.nettali.com\/?p=157617"},"modified":"2025-07-15T05:44:45","modified_gmt":"2025-07-15T05:44:45","slug":"derives-mediatiques-au-senegal-demba-kandji-appelle-a-une-regulation-urgente","status":"publish","type":"post","link":"https:\/\/www.nettali.com\/2025\/07\/14\/derives-mediatiques-au-senegal-demba-kandji-appelle-a-une-regulation-urgente\/","title":{"rendered":"D\u00c9RIVES DANS LES MEDIAS AU S\u00c9N\u00c9GAL - Demba Kandji appelle \u00e0 une r\u00e9gulation urgente"},"content":{"rendered":"<p><strong>NETTALI.COM - Face \u00e0 la mont\u00e9e des discours violents et clivants dans les m\u00e9dias et sur les r\u00e9seaux sociaux, le M\u00e9diateur de la R\u00e9publique tire la sonnette d\u2019alarme. Demba Kandji plaide pour un retour \u00e0 un d\u00e9bat d\u00e9mocratique fond\u00e9 sur les id\u00e9es et appelle \u00e0 renforcer les moyens du CNRA.<\/strong><\/p>\n<p>L\u2019espace m\u00e9diatique s\u00e9n\u00e9galais est-il en train de perdre le sens du d\u00e9bat r\u00e9publicain ? Pour Demba Kandji, la r\u00e9ponse ne fait aucun doute. Le M\u00e9diateur de la R\u00e9publique, ancien haut magistrat s\u2019est montr\u00e9 tr\u00e8s pr\u00e9occup\u00e9 par l\u2019\u00e9volution des discussions publiques, en particulier sur les plateaux de t\u00e9l\u00e9vision et les r\u00e9seaux sociaux.<\/p>\n<p>\"<em>L\u2019injure est punie<\/em>\", rappelle-t-il d\u2019embl\u00e9e, pointant une d\u00e9rive inqui\u00e9tante dans la forme et le ton des \u00e9changes. \u00c0 ses yeux, les d\u00e9bats se transforment trop souvent en r\u00e8glements de comptes st\u00e9riles. \"<em>Aujourd\u2019hui, tout le monde a dans sa poche un studio de t\u00e9l\u00e9vision. Le r\u00e9veil a \u00e9t\u00e9 brutal\",<\/em>\u00a0d\u00e9plore-t-il \u00e0 propos des r\u00e9seaux sociaux, qu\u2019il juge clivants et destructeurs du lien social.<\/p>\n<p>Face \u00e0 ce qu\u2019il qualifie de d\u00e9rives g\u00e9n\u00e9ralis\u00e9es, Demba Kandji appelle les autorit\u00e9s \u00e0 agir. Il plaide pour une r\u00e9gulation plus ferme du paysage m\u00e9diatique et recommande de doter le Conseil national de r\u00e9gulation de l\u2019audiovisuel (CNRA) de moyens accrus. \"<em>Il faut donner plus de moyens au CNRA et appeler les responsables des m\u00e9dias \u00e0 plus de vigilance. Ils doivent eux-m\u00eames jouer le r\u00f4le de censeurs<\/em>\", pr\u00e9cise-t-il.<\/p>\n<p>Le M\u00e9diateur interpelle \u00e9galement les journalistes et animateurs de t\u00e9l\u00e9vision : \"<em>Ceux qui tendent les micros devraient pouvoir dire \u2018stop\u2019 quand le d\u00e9bat d\u00e9rape. Malheureusement, plus \u00e7a se d\u00e9cha\u00eene, plus c\u2019est attrayant, parce que \u00e7a g\u00e9n\u00e8re des vues et de la mon\u00e9tisation\".<\/em><\/p>\n<p>Demba Kandji regrette une logique o\u00f9 l\u2019audience prime sur la responsabilit\u00e9 \u00e9ditoriale. Il fustige une course \u00e0 la visibilit\u00e9 qui sacrifie la qualit\u00e9 du discours public. \"<em>C\u2019est le nombre de vues qui compte. Mais ceux qui commercialisent ces vues doivent aussi faire face \u00e0 leurs responsabilit\u00e9s\".<\/em><\/p>\n<p>Selon lui, l\u2019espace public s\u00e9n\u00e9galais est en train de se transformer en son contraire : un lieu de cacophonie, o\u00f9 la parole n\u2019unit plus mais divise, o\u00f9 elle n\u2019\u00e9claire plus mais attise les tensions. Demba Kandji en appelle donc \u00e0 un sursaut collectif pour r\u00e9tablir un d\u00e9bat d\u00e9mocratique digne de ce nom.<\/p>\n<div class='share-to-whatsapp-wrapper'><div class='share-on-whsp'>PARTAGER SUR : <\/div><a data-text='D\u00c9RIVES DANS LES MEDIAS AU S\u00c9N\u00c9GAL - Demba Kandji appelle \u00e0 une r\u00e9gulation urgente' data-link='https:\/\/www.nettali.com\/2025\/07\/14\/derives-mediatiques-au-senegal-demba-kandji-appelle-a-une-regulation-urgente\/' class='whatsapp-button whatsapp-share'>WhatsApp<\/a><div class='clear '><\/div><\/div>","protected":false},"excerpt":{"rendered":"<p>NETTALI.COM - Face \u00e0 la mont\u00e9e des discours violents et clivants dans les m\u00e9dias et sur les r\u00e9seaux sociaux, le M\u00e9diateur de la R\u00e9publique tire la sonnette d\u2019alarme. Demba Kandji plaide pour un retour \u00e0 un d\u00e9bat d\u00e9mocratique fond\u00e9 sur les id\u00e9es et appelle \u00e0 renforcer les moyens du CNRA. L\u2019espace m\u00e9diatique s\u00e9n\u00e9galais est-il en [&hellip;]<\/p>\n","protected":false},"author":5,"featured_media":157618,"comment_status":"open","ping_status":"open","sticky":false,"template":"","format":"standard","meta":{"_et_pb_use_builder":"","_et_pb_old_content":""},"categories":[3],"tags":[],"yoast_head":"<!-- This site is optimized with the Yoast SEO Premium plugin v17.8 (Yoast SEO v17.8) - https:\/\/yoast.com\/wordpress\/plugins\/seo\/ -->\n<title>D\u00c9RIVES DANS LES MEDIAS AU S\u00c9N\u00c9GAL - Demba Kandji appelle \u00e0 une r\u00e9gulation urgente | Nettali.com<\/title>\n<meta name=\"robots\" content=\"index, follow, max-snippet:-1, max-image-preview:large, max-video-preview:-1\" \/>\n<link rel=\"canonical\" href=\"https:\/\/www.nettali.com\/2025\/07\/14\/derives-mediatiques-au-senegal-demba-kandji-appelle-a-une-regulation-urgente\/\" \/>\n<meta property=\"og:locale\" content=\"fr_FR\" \/>\n<meta property=\"og:type\" content=\"article\" \/>\n<meta property=\"og:title\" content=\"D\u00c9RIVES DANS LES MEDIAS AU S\u00c9N\u00c9GAL - Demba Kandji appelle \u00e0 une r\u00e9gulation urgente\" \/>\n<meta property=\"og:description\" content=\"NETTALI.COM - Face \u00e0 la mont\u00e9e des discours violents et clivants dans les m\u00e9dias et sur les r\u00e9seaux sociaux, le M\u00e9diateur de la R\u00e9publique tire la sonnette d\u2019alarme. Demba Kandji plaide pour un retour \u00e0 un d\u00e9bat d\u00e9mocratique fond\u00e9 sur les id\u00e9es et appelle \u00e0 renforcer les moyens du CNRA. L\u2019espace m\u00e9diatique s\u00e9n\u00e9galais est-il en [&hellip;]\" \/>\n<meta property=\"og:url\" content=\"https:\/\/www.nettali.com\/2025\/07\/14\/derives-mediatiques-au-senegal-demba-kandji-appelle-a-une-regulation-urgente\/\" \/>\n<meta property=\"og:site_name\" content=\"Nettali.com\" \/>\n<meta property=\"article:publisher\" content=\"https:\/\/www.facebook.com\/nettalicom\" \/>\n<meta property=\"article:published_time\" content=\"2025-07-14T23:32:05+00:00\" \/>\n<meta property=\"article:modified_time\" content=\"2025-07-15T05:44:45+00:00\" \/>\n<meta property=\"og:image\" content=\"https:\/\/www.nettali.com\/wp-content\/uploads\/2025\/07\/dk_5.jpg\" \/>\n\t<meta property=\"og:image:width\" content=\"800\" \/>\n\t<meta property=\"og:image:height\" content=\"475\" \/>\n<meta name=\"twitter:card\" content=\"summary_large_image\" \/>\n<meta name=\"twitter:label1\" content=\"\u00c9crit par\" \/>\n\t<meta name=\"twitter:data1\" content=\"Ibrahima\" \/>\n\t<meta name=\"twitter:label2\" content=\"Dur\u00e9e de lecture estim\u00e9e\" \/>\n\t<meta name=\"twitter:data2\" content=\"2 minutes\" \/>\n<script type=\"application\/ld+json\" class=\"yoast-schema-graph\">{\"@context\":\"https:\/\/schema.org\",\"@graph\":[{\"@type\":\"WebSite\",\"@id\":\"https:\/\/www.nettali.com\/#website\",\"url\":\"https:\/\/www.nettali.com\/\",\"name\":\"Nettali.com\",\"description\":\"Le rendez-vous critique du Net\",\"potentialAction\":[{\"@type\":\"SearchAction\",\"target\":{\"@type\":\"EntryPoint\",\"urlTemplate\":\"https:\/\/www.nettali.com\/?s={search_term_string}\"},\"query-input\":\"required name=search_term_string\"}],\"inLanguage\":\"fr-FR\"},{\"@type\":\"ImageObject\",\"@id\":\"https:\/\/www.nettali.com\/2025\/07\/14\/derives-mediatiques-au-senegal-demba-kandji-appelle-a-une-regulation-urgente\/#primaryimage\",\"inLanguage\":\"fr-FR\",\"url\":\"https:\/\/www.nettali.com\/wp-content\/uploads\/2025\/07\/dk_5.jpg\",\"contentUrl\":\"https:\/\/www.nettali.com\/wp-content\/uploads\/2025\/07\/dk_5.jpg\",\"width\":800,\"height\":475},{\"@type\":\"WebPage\",\"@id\":\"https:\/\/www.nettali.com\/2025\/07\/14\/derives-mediatiques-au-senegal-demba-kandji-appelle-a-une-regulation-urgente\/#webpage\",\"url\":\"https:\/\/www.nettali.com\/2025\/07\/14\/derives-mediatiques-au-senegal-demba-kandji-appelle-a-une-regulation-urgente\/\",\"name\":\"D\\u00c9RIVES DANS LES MEDIAS AU S\\u00c9N\\u00c9GAL - Demba Kandji appelle \\u00e0 une r\\u00e9gulation urgente | Nettali.com\",\"isPartOf\":{\"@id\":\"https:\/\/www.nettali.com\/#website\"},\"primaryImageOfPage\":{\"@id\":\"https:\/\/www.nettali.com\/2025\/07\/14\/derives-mediatiques-au-senegal-demba-kandji-appelle-a-une-regulation-urgente\/#primaryimage\"},\"datePublished\":\"2025-07-14T23:32:05+00:00\",\"dateModified\":\"2025-07-15T05:44:45+00:00\",\"author\":{\"@id\":\"https:\/\/www.nettali.com\/#\/schema\/person\/bb147657c2986240405a608162b9bb23\"},\"breadcrumb\":{\"@id\":\"https:\/\/www.nettali.com\/2025\/07\/14\/derives-mediatiques-au-senegal-demba-kandji-appelle-a-une-regulation-urgente\/#breadcrumb\"},\"inLanguage\":\"fr-FR\",\"potentialAction\":[{\"@type\":\"ReadAction\",\"target\":[\"https:\/\/www.nettali.com\/2025\/07\/14\/derives-mediatiques-au-senegal-demba-kandji-appelle-a-une-regulation-urgente\/\"]}]},{\"@type\":\"BreadcrumbList\",\"@id\":\"https:\/\/www.nettali.com\/2025\/07\/14\/derives-mediatiques-au-senegal-demba-kandji-appelle-a-une-regulation-urgente\/#breadcrumb\",\"itemListElement\":[{\"@type\":\"ListItem\",\"position\":1,\"name\":\"Accueil\",\"item\":\"https:\/\/www.nettali.com\/\"},{\"@type\":\"ListItem\",\"position\":2,\"name\":\"D\\u00c9RIVES DANS LES MEDIAS AU S\\u00c9N\\u00c9GAL - Demba Kandji appelle \\u00e0 une r\\u00e9gulation urgente\"}]},{\"@type\":\"Person\",\"@id\":\"https:\/\/www.nettali.com\/#\/schema\/person\/bb147657c2986240405a608162b9bb23\",\"name\":\"Ibrahima\",\"image\":{\"@type\":\"ImageObject\",\"@id\":\"https:\/\/www.nettali.com\/#personlogo\",\"inLanguage\":\"fr-FR\",\"url\":\"https:\/\/secure.gravatar.com\/avatar\/26a8a81f09f0dd7624c9d5c36c9ba3a2?s=96&d=mm&r=g\",\"contentUrl\":\"https:\/\/secure.gravatar.com\/avatar\/26a8a81f09f0dd7624c9d5c36c9ba3a2?s=96&d=mm&r=g\",\"caption\":\"Ibrahima\"},\"sameAs\":[\"https:\/\/www.nettali.com\"]}]}<\/script>\n<!-- \/ Yoast SEO Premium plugin. -->","yoast_head_json":{"title":"D\u00c9RIVES DANS LES MEDIAS AU S\u00c9N\u00c9GAL - Demba Kandji appelle \u00e0 une r\u00e9gulation urgente | Nettali.com","robots":{"index":"index","follow":"follow","max-snippet":"max-snippet:-1","max-image-preview":"max-image-preview:large","max-video-preview":"max-video-preview:-1"},"canonical":"https:\/\/www.nettali.com\/2025\/07\/14\/derives-mediatiques-au-senegal-demba-kandji-appelle-a-une-regulation-urgente\/","og_locale":"fr_FR","og_type":"article","og_title":"D\u00c9RIVES DANS LES MEDIAS AU S\u00c9N\u00c9GAL - Demba Kandji appelle \u00e0 une r\u00e9gulation urgente","og_description":"NETTALI.COM - Face \u00e0 la mont\u00e9e des discours violents et clivants dans les m\u00e9dias et sur les r\u00e9seaux sociaux, le M\u00e9diateur de la R\u00e9publique tire la sonnette d\u2019alarme. Demba Kandji plaide pour un retour \u00e0 un d\u00e9bat d\u00e9mocratique fond\u00e9 sur les id\u00e9es et appelle \u00e0 renforcer les moyens du CNRA. L\u2019espace m\u00e9diatique s\u00e9n\u00e9galais est-il en [&hellip;]","og_url":"https:\/\/www.nettali.com\/2025\/07\/14\/derives-mediatiques-au-senegal-demba-kandji-appelle-a-une-regulation-urgente\/","og_site_name":"Nettali.com","article_publisher":"https:\/\/www.facebook.com\/nettalicom","article_published_time":"2025-07-14T23:32:05+00:00","article_modified_time":"2025-07-15T05:44:45+00:00","og_image":[{"width":800,"height":475,"url":"https:\/\/www.nettali.com\/wp-content\/uploads\/2025\/07\/dk_5.jpg","type":"image\/jpeg"}],"twitter_card":"summary_large_image","twitter_misc":{"\u00c9crit par":"Ibrahima","Dur\u00e9e de lecture estim\u00e9e":"2 minutes"},"schema":{"@context":"https:\/\/schema.org","@graph":[{"@type":"WebSite","@id":"https:\/\/www.nettali.com\/#website","url":"https:\/\/www.nettali.com\/","name":"Nettali.com","description":"Le rendez-vous critique du Net","potentialAction":[{"@type":"SearchAction","target":{"@type":"EntryPoint","urlTemplate":"https:\/\/www.nettali.com\/?s={search_term_string}"},"query-input":"required name=search_term_string"}],"inLanguage":"fr-FR"},{"@type":"ImageObject","@id":"https:\/\/www.nettali.com\/2025\/07\/14\/derives-mediatiques-au-senegal-demba-kandji-appelle-a-une-regulation-urgente\/#primaryimage","inLanguage":"fr-FR","url":"https:\/\/www.nettali.com\/wp-content\/uploads\/2025\/07\/dk_5.jpg","contentUrl":"https:\/\/www.nettali.com\/wp-content\/uploads\/2025\/07\/dk_5.jpg","width":800,"height":475},{"@type":"WebPage","@id":"https:\/\/www.nettali.com\/2025\/07\/14\/derives-mediatiques-au-senegal-demba-kandji-appelle-a-une-regulation-urgente\/#webpage","url":"https:\/\/www.nettali.com\/2025\/07\/14\/derives-mediatiques-au-senegal-demba-kandji-appelle-a-une-regulation-urgente\/","name":"D\u00c9RIVES DANS LES MEDIAS AU S\u00c9N\u00c9GAL - Demba Kandji appelle \u00e0 une r\u00e9gulation urgente | Nettali.com","isPartOf":{"@id":"https:\/\/www.nettali.com\/#website"},"primaryImageOfPage":{"@id":"https:\/\/www.nettali.com\/2025\/07\/14\/derives-mediatiques-au-senegal-demba-kandji-appelle-a-une-regulation-urgente\/#primaryimage"},"datePublished":"2025-07-14T23:32:05+00:00","dateModified":"2025-07-15T05:44:45+00:00","author":{"@id":"https:\/\/www.nettali.com\/#\/schema\/person\/bb147657c2986240405a608162b9bb23"},"breadcrumb":{"@id":"https:\/\/www.nettali.com\/2025\/07\/14\/derives-mediatiques-au-senegal-demba-kandji-appelle-a-une-regulation-urgente\/#breadcrumb"},"inLanguage":"fr-FR","potentialAction":[{"@type":"ReadAction","target":["https:\/\/www.nettali.com\/2025\/07\/14\/derives-mediatiques-au-senegal-demba-kandji-appelle-a-une-regulation-urgente\/"]}]},{"@type":"BreadcrumbList","@id":"https:\/\/www.nettali.com\/2025\/07\/14\/derives-mediatiques-au-senegal-demba-kandji-appelle-a-une-regulation-urgente\/#breadcrumb","itemListElement":[{"@type":"ListItem","position":1,"name":"Accueil","item":"https:\/\/www.nettali.com\/"},{"@type":"ListItem","position":2,"name":"D\u00c9RIVES DANS LES MEDIAS AU S\u00c9N\u00c9GAL - Demba Kandji appelle \u00e0 une r\u00e9gulation urgente"}]},{"@type":"Person","@id":"https:\/\/www.nettali.com\/#\/schema\/person\/bb147657c2986240405a608162b9bb23","name":"Ibrahima","image":{"@type":"ImageObject","@id":"https:\/\/www.nettali.com\/#personlogo","inLanguage":"fr-FR","url":"https:\/\/secure.gravatar.com\/avatar\/26a8a81f09f0dd7624c9d5c36c9ba3a2?s=96&d=mm&r=g","contentUrl":"https:\/\/secure.gravatar.com\/avatar\/26a8a81f09f0dd7624c9d5c36c9ba3a2?s=96&d=mm&r=g","caption":"Ibrahima"},"sameAs":["https:\/\/www.nettali.com"]}]}},"_links":{"self":[{"href":"https:\/\/www.nettali.com\/rest\/wp\/v2\/posts\/157617"}],"collection":[{"href":"https:\/\/www.nettali.com\/rest\/wp\/v2\/posts"}],"about":[{"href":"https:\/\/www.nettali.com\/rest\/wp\/v2\/types\/post"}],"author":[{"embeddable":true,"href":"https:\/\/www.nettali.com\/rest\/wp\/v2\/users\/5"}],"replies":[{"embeddable":true,"href":"https:\/\/www.nettali.com\/rest\/wp\/v2\/comments?post=157617"}],"version-history":[{"count":6,"href":"https:\/\/www.nettali.com\/rest\/wp\/v2\/posts\/157617\/revisions"}],"predecessor-version":[{"id":157629,"href":"https:\/\/www.nettali.com\/rest\/wp\/v2\/posts\/157617\/revisions\/157629"}],"wp:featuredmedia":[{"embeddable":true,"href":"https:\/\/www.nettali.com\/rest\/wp\/v2\/media\/157618"}],"wp:attachment":[{"href":"https:\/\/www.nettali.com\/rest\/wp\/v2\/media?parent=157617"}],"wp:term":[{"taxonomy":"category","embeddable":true,"href":"https:\/\/www.nettali.com\/rest\/wp\/v2\/categories?post=157617"},{"taxonomy":"post_tag","embeddable":true,"href":"https:\/\/www.nettali.com\/rest\/wp\/v2\/tags?post=157617"}],"curies":[{"name":"wp","href":"https:\/\/api.w.org\/{rel}","templated":true}]}}