{"id":157611,"date":"2025-07-14T23:00:23","date_gmt":"2025-07-14T23:00:23","guid":{"rendered":"https:\/\/www.nettali.com\/?p=157611"},"modified":"2025-07-16T00:25:04","modified_gmt":"2025-07-16T00:25:04","slug":"bassirou-diomaye-faye-nous-tiendrons-notre-promesse-de-liberer-la-justice","status":"publish","type":"post","link":"https:\/\/www.nettali.com\/2025\/07\/14\/bassirou-diomaye-faye-nous-tiendrons-notre-promesse-de-liberer-la-justice\/","title":{"rendered":"BASSIROU DIOMAYE FAYE - \"Nous tiendrons notre promesse de lib\u00e9rer la justice\""},"content":{"rendered":"<p data-start=\"202\" data-end=\"504\"><strong>NETTALI.COM - Dans un contexte politique marqu\u00e9 par des tensions et une opinion publique attentive \u00e0 l\u2019\u00e9volution des institutions, le pr\u00e9sident Bassirou Diomaye Faye a saisi l\u2019antenne du journal t\u00e9l\u00e9vis\u00e9 de 20 heures de la RTS pour clarifier sa position et r\u00e9affirmer les engagements pris durant la campagne.<\/strong><\/p>\n<p data-start=\"506\" data-end=\"1013\">Face \u00e0 la pol\u00e9mique n\u00e9e des r\u00e9centes d\u00e9clarations du Premier ministre Ousmane Sonko, le chef de l\u2019\u00c9tat a tenu \u00e0 recentrer le d\u00e9bat sur les priorit\u00e9s essentielles de son mandat, insistant notamment sur la r\u00e9forme de la justice.<\/p>\n<p data-start=\"506\" data-end=\"1013\"><em>\u00ab Dans un contexte o\u00f9 l\u2019ind\u00e9pendance des institutions est au c\u0153ur des pr\u00e9occupations citoyennes, il nous faut tenir notre promesse de gestion transparente, de lib\u00e9ration de la justice et de veille syst\u00e9matique sur les int\u00e9r\u00eats de l\u2019\u00c9tat \u00bb<\/em>, a-t-il d\u00e9clar\u00e9 d\u2019un ton ferme.<\/p>\n<p data-start=\"1062\" data-end=\"1553\">Le pr\u00e9sident Diomaye Faye a \u00e9galement r\u00e9it\u00e9r\u00e9 son ambition de rompre avec les pratiques du pass\u00e9 et d\u2019imprimer une orientation souverainiste \u00e0 son r\u00e9gime. Selon lui, le S\u00e9n\u00e9gal fait face \u00e0 un h\u00e9ritage institutionnel et \u00e9conomique lourd qu\u2019il faudra g\u00e9rer avec lucidit\u00e9 et d\u00e9termination.<br data-start=\"1352\" data-end=\"1355\" \/><em>\u00ab Le seul combat qui vaille est celui contre les difficult\u00e9s que les S\u00e9n\u00e9galais endurent et que nous-m\u00eames, en tant qu\u2019autorit\u00e9s, endurons en butant sur un h\u00e9ritage difficile \u00bb<\/em>, a-t-il expliqu\u00e9.<\/p>\n<p data-start=\"1555\" data-end=\"1934\">Assurant disposer d\u2019une feuille de route claire, le chef de l\u2019\u00c9tat a conclu en rappelant que son gouvernement reste concentr\u00e9 sur les aspirations du peuple et les r\u00e9formes structurelles prioritaires.<br data-start=\"1762\" data-end=\"1765\" \/><em>\u00ab L\u2019essentiel est que nous savons o\u00f9 nous devons aller et ce que nous devons faire. Quand on vit cette situation, on se concentre sur cet objectif \u00bb<\/em>, a-t-il martel\u00e9.<\/p>\n<p data-start=\"1936\" data-end=\"2204\">Cette sortie du pr\u00e9sident vise clairement \u00e0 calmer les esprits, \u00e0 r\u00e9affirmer la coh\u00e9sion de l\u2019ex\u00e9cutif et \u00e0 r\u00e9inscrire l\u2019action gouvernementale dans le cadre des promesses de rupture et de refondation institutionnelle port\u00e9es lors de l\u2019\u00e9lection pr\u00e9sidentielle.<\/p>\n<div class='share-to-whatsapp-wrapper'><div class='share-on-whsp'>PARTAGER SUR : <\/div><a data-text='BASSIROU DIOMAYE FAYE - \"Nous tiendrons notre promesse de lib\u00e9rer la justice\"' data-link='https:\/\/www.nettali.com\/2025\/07\/14\/bassirou-diomaye-faye-nous-tiendrons-notre-promesse-de-liberer-la-justice\/' class='whatsapp-button whatsapp-share'>WhatsApp<\/a><div class='clear '><\/div><\/div>","protected":false},"excerpt":{"rendered":"<p>NETTALI.COM - Dans un contexte politique marqu\u00e9 par des tensions et une opinion publique attentive \u00e0 l\u2019\u00e9volution des institutions, le pr\u00e9sident Bassirou Diomaye Faye a saisi l\u2019antenne du journal t\u00e9l\u00e9vis\u00e9 de 20 heures de la RTS pour clarifier sa position et r\u00e9affirmer les engagements pris durant la campagne. Face \u00e0 la pol\u00e9mique n\u00e9e des r\u00e9centes [&hellip;]<\/p>\n","protected":false},"author":4,"featured_media":143158,"comment_status":"open","ping_status":"open","sticky":false,"template":"","format":"standard","meta":{"_et_pb_use_builder":"","_et_pb_old_content":""},"categories":[3],"tags":[],"yoast_head":"<!-- This site is optimized with the Yoast SEO Premium plugin v17.8 (Yoast SEO v17.8) - https:\/\/yoast.com\/wordpress\/plugins\/seo\/ -->\n<title>BASSIROU DIOMAYE FAYE - &quot;Nous tiendrons notre promesse de lib\u00e9rer la justice&quot; | Nettali.com<\/title>\n<meta name=\"robots\" content=\"index, follow, max-snippet:-1, max-image-preview:large, max-video-preview:-1\" \/>\n<link rel=\"canonical\" href=\"https:\/\/www.nettali.com\/2025\/07\/14\/bassirou-diomaye-faye-nous-tiendrons-notre-promesse-de-liberer-la-justice\/\" \/>\n<meta property=\"og:locale\" content=\"fr_FR\" \/>\n<meta property=\"og:type\" content=\"article\" \/>\n<meta property=\"og:title\" content=\"BASSIROU DIOMAYE FAYE - &quot;Nous tiendrons notre promesse de lib\u00e9rer la justice&quot;\" \/>\n<meta property=\"og:description\" content=\"NETTALI.COM - Dans un contexte politique marqu\u00e9 par des tensions et une opinion publique attentive \u00e0 l\u2019\u00e9volution des institutions, le pr\u00e9sident Bassirou Diomaye Faye a saisi l\u2019antenne du journal t\u00e9l\u00e9vis\u00e9 de 20 heures de la RTS pour clarifier sa position et r\u00e9affirmer les engagements pris durant la campagne. Face \u00e0 la pol\u00e9mique n\u00e9e des r\u00e9centes [&hellip;]\" \/>\n<meta property=\"og:url\" content=\"https:\/\/www.nettali.com\/2025\/07\/14\/bassirou-diomaye-faye-nous-tiendrons-notre-promesse-de-liberer-la-justice\/\" \/>\n<meta property=\"og:site_name\" content=\"Nettali.com\" \/>\n<meta property=\"article:publisher\" content=\"https:\/\/www.facebook.com\/nettalicom\" \/>\n<meta property=\"article:published_time\" content=\"2025-07-14T23:00:23+00:00\" \/>\n<meta property=\"article:modified_time\" content=\"2025-07-16T00:25:04+00:00\" \/>\n<meta property=\"og:image\" content=\"https:\/\/www.nettali.com\/wp-content\/uploads\/2024\/11\/DIOMAYE-FAYE-7-1080x900-1.png\" \/>\n\t<meta property=\"og:image:width\" content=\"1080\" \/>\n\t<meta property=\"og:image:height\" content=\"900\" \/>\n<meta name=\"twitter:card\" content=\"summary_large_image\" \/>\n<meta name=\"twitter:label1\" content=\"\u00c9crit par\" \/>\n\t<meta name=\"twitter:data1\" content=\"Daouda\" \/>\n\t<meta name=\"twitter:label2\" content=\"Dur\u00e9e de lecture estim\u00e9e\" \/>\n\t<meta name=\"twitter:data2\" content=\"2 minutes\" \/>\n<script type=\"application\/ld+json\" class=\"yoast-schema-graph\">{\"@context\":\"https:\/\/schema.org\",\"@graph\":[{\"@type\":\"WebSite\",\"@id\":\"https:\/\/www.nettali.com\/#website\",\"url\":\"https:\/\/www.nettali.com\/\",\"name\":\"Nettali.com\",\"description\":\"Le rendez-vous critique du Net\",\"potentialAction\":[{\"@type\":\"SearchAction\",\"target\":{\"@type\":\"EntryPoint\",\"urlTemplate\":\"https:\/\/www.nettali.com\/?s={search_term_string}\"},\"query-input\":\"required name=search_term_string\"}],\"inLanguage\":\"fr-FR\"},{\"@type\":\"ImageObject\",\"@id\":\"https:\/\/www.nettali.com\/2025\/07\/14\/bassirou-diomaye-faye-nous-tiendrons-notre-promesse-de-liberer-la-justice\/#primaryimage\",\"inLanguage\":\"fr-FR\",\"url\":\"https:\/\/www.nettali.com\/wp-content\/uploads\/2024\/11\/DIOMAYE-FAYE-7-1080x900-1.png\",\"contentUrl\":\"https:\/\/www.nettali.com\/wp-content\/uploads\/2024\/11\/DIOMAYE-FAYE-7-1080x900-1.png\",\"width\":1080,\"height\":900},{\"@type\":\"WebPage\",\"@id\":\"https:\/\/www.nettali.com\/2025\/07\/14\/bassirou-diomaye-faye-nous-tiendrons-notre-promesse-de-liberer-la-justice\/#webpage\",\"url\":\"https:\/\/www.nettali.com\/2025\/07\/14\/bassirou-diomaye-faye-nous-tiendrons-notre-promesse-de-liberer-la-justice\/\",\"name\":\"BASSIROU DIOMAYE FAYE - \\\"Nous tiendrons notre promesse de lib\\u00e9rer la justice\\\" | Nettali.com\",\"isPartOf\":{\"@id\":\"https:\/\/www.nettali.com\/#website\"},\"primaryImageOfPage\":{\"@id\":\"https:\/\/www.nettali.com\/2025\/07\/14\/bassirou-diomaye-faye-nous-tiendrons-notre-promesse-de-liberer-la-justice\/#primaryimage\"},\"datePublished\":\"2025-07-14T23:00:23+00:00\",\"dateModified\":\"2025-07-16T00:25:04+00:00\",\"author\":{\"@id\":\"https:\/\/www.nettali.com\/#\/schema\/person\/3317e0bb3aa1da309fbf7b2780901bf4\"},\"breadcrumb\":{\"@id\":\"https:\/\/www.nettali.com\/2025\/07\/14\/bassirou-diomaye-faye-nous-tiendrons-notre-promesse-de-liberer-la-justice\/#breadcrumb\"},\"inLanguage\":\"fr-FR\",\"potentialAction\":[{\"@type\":\"ReadAction\",\"target\":[\"https:\/\/www.nettali.com\/2025\/07\/14\/bassirou-diomaye-faye-nous-tiendrons-notre-promesse-de-liberer-la-justice\/\"]}]},{\"@type\":\"BreadcrumbList\",\"@id\":\"https:\/\/www.nettali.com\/2025\/07\/14\/bassirou-diomaye-faye-nous-tiendrons-notre-promesse-de-liberer-la-justice\/#breadcrumb\",\"itemListElement\":[{\"@type\":\"ListItem\",\"position\":1,\"name\":\"Accueil\",\"item\":\"https:\/\/www.nettali.com\/\"},{\"@type\":\"ListItem\",\"position\":2,\"name\":\"BASSIROU DIOMAYE FAYE - \\\"Nous tiendrons notre promesse de lib\\u00e9rer la justice\\\"\"}]},{\"@type\":\"Person\",\"@id\":\"https:\/\/www.nettali.com\/#\/schema\/person\/3317e0bb3aa1da309fbf7b2780901bf4\",\"name\":\"Daouda\",\"image\":{\"@type\":\"ImageObject\",\"@id\":\"https:\/\/www.nettali.com\/#personlogo\",\"inLanguage\":\"fr-FR\",\"url\":\"https:\/\/secure.gravatar.com\/avatar\/8d143b5a49345098ddcfee1c49c2f47c?s=96&d=mm&r=g\",\"contentUrl\":\"https:\/\/secure.gravatar.com\/avatar\/8d143b5a49345098ddcfee1c49c2f47c?s=96&d=mm&r=g\",\"caption\":\"Daouda\"},\"sameAs\":[\"https:\/\/www.nettali.com\"]}]}<\/script>\n<!-- \/ Yoast SEO Premium plugin. -->","yoast_head_json":{"title":"BASSIROU DIOMAYE FAYE - \"Nous tiendrons notre promesse de lib\u00e9rer la justice\" | Nettali.com","robots":{"index":"index","follow":"follow","max-snippet":"max-snippet:-1","max-image-preview":"max-image-preview:large","max-video-preview":"max-video-preview:-1"},"canonical":"https:\/\/www.nettali.com\/2025\/07\/14\/bassirou-diomaye-faye-nous-tiendrons-notre-promesse-de-liberer-la-justice\/","og_locale":"fr_FR","og_type":"article","og_title":"BASSIROU DIOMAYE FAYE - \"Nous tiendrons notre promesse de lib\u00e9rer la justice\"","og_description":"NETTALI.COM - Dans un contexte politique marqu\u00e9 par des tensions et une opinion publique attentive \u00e0 l\u2019\u00e9volution des institutions, le pr\u00e9sident Bassirou Diomaye Faye a saisi l\u2019antenne du journal t\u00e9l\u00e9vis\u00e9 de 20 heures de la RTS pour clarifier sa position et r\u00e9affirmer les engagements pris durant la campagne. Face \u00e0 la pol\u00e9mique n\u00e9e des r\u00e9centes [&hellip;]","og_url":"https:\/\/www.nettali.com\/2025\/07\/14\/bassirou-diomaye-faye-nous-tiendrons-notre-promesse-de-liberer-la-justice\/","og_site_name":"Nettali.com","article_publisher":"https:\/\/www.facebook.com\/nettalicom","article_published_time":"2025-07-14T23:00:23+00:00","article_modified_time":"2025-07-16T00:25:04+00:00","og_image":[{"width":1080,"height":900,"url":"https:\/\/www.nettali.com\/wp-content\/uploads\/2024\/11\/DIOMAYE-FAYE-7-1080x900-1.png","type":"image\/png"}],"twitter_card":"summary_large_image","twitter_misc":{"\u00c9crit par":"Daouda","Dur\u00e9e de lecture estim\u00e9e":"2 minutes"},"schema":{"@context":"https:\/\/schema.org","@graph":[{"@type":"WebSite","@id":"https:\/\/www.nettali.com\/#website","url":"https:\/\/www.nettali.com\/","name":"Nettali.com","description":"Le rendez-vous critique du Net","potentialAction":[{"@type":"SearchAction","target":{"@type":"EntryPoint","urlTemplate":"https:\/\/www.nettali.com\/?s={search_term_string}"},"query-input":"required name=search_term_string"}],"inLanguage":"fr-FR"},{"@type":"ImageObject","@id":"https:\/\/www.nettali.com\/2025\/07\/14\/bassirou-diomaye-faye-nous-tiendrons-notre-promesse-de-liberer-la-justice\/#primaryimage","inLanguage":"fr-FR","url":"https:\/\/www.nettali.com\/wp-content\/uploads\/2024\/11\/DIOMAYE-FAYE-7-1080x900-1.png","contentUrl":"https:\/\/www.nettali.com\/wp-content\/uploads\/2024\/11\/DIOMAYE-FAYE-7-1080x900-1.png","width":1080,"height":900},{"@type":"WebPage","@id":"https:\/\/www.nettali.com\/2025\/07\/14\/bassirou-diomaye-faye-nous-tiendrons-notre-promesse-de-liberer-la-justice\/#webpage","url":"https:\/\/www.nettali.com\/2025\/07\/14\/bassirou-diomaye-faye-nous-tiendrons-notre-promesse-de-liberer-la-justice\/","name":"BASSIROU DIOMAYE FAYE - \"Nous tiendrons notre promesse de lib\u00e9rer la justice\" | Nettali.com","isPartOf":{"@id":"https:\/\/www.nettali.com\/#website"},"primaryImageOfPage":{"@id":"https:\/\/www.nettali.com\/2025\/07\/14\/bassirou-diomaye-faye-nous-tiendrons-notre-promesse-de-liberer-la-justice\/#primaryimage"},"datePublished":"2025-07-14T23:00:23+00:00","dateModified":"2025-07-16T00:25:04+00:00","author":{"@id":"https:\/\/www.nettali.com\/#\/schema\/person\/3317e0bb3aa1da309fbf7b2780901bf4"},"breadcrumb":{"@id":"https:\/\/www.nettali.com\/2025\/07\/14\/bassirou-diomaye-faye-nous-tiendrons-notre-promesse-de-liberer-la-justice\/#breadcrumb"},"inLanguage":"fr-FR","potentialAction":[{"@type":"ReadAction","target":["https:\/\/www.nettali.com\/2025\/07\/14\/bassirou-diomaye-faye-nous-tiendrons-notre-promesse-de-liberer-la-justice\/"]}]},{"@type":"BreadcrumbList","@id":"https:\/\/www.nettali.com\/2025\/07\/14\/bassirou-diomaye-faye-nous-tiendrons-notre-promesse-de-liberer-la-justice\/#breadcrumb","itemListElement":[{"@type":"ListItem","position":1,"name":"Accueil","item":"https:\/\/www.nettali.com\/"},{"@type":"ListItem","position":2,"name":"BASSIROU DIOMAYE FAYE - \"Nous tiendrons notre promesse de lib\u00e9rer la justice\""}]},{"@type":"Person","@id":"https:\/\/www.nettali.com\/#\/schema\/person\/3317e0bb3aa1da309fbf7b2780901bf4","name":"Daouda","image":{"@type":"ImageObject","@id":"https:\/\/www.nettali.com\/#personlogo","inLanguage":"fr-FR","url":"https:\/\/secure.gravatar.com\/avatar\/8d143b5a49345098ddcfee1c49c2f47c?s=96&d=mm&r=g","contentUrl":"https:\/\/secure.gravatar.com\/avatar\/8d143b5a49345098ddcfee1c49c2f47c?s=96&d=mm&r=g","caption":"Daouda"},"sameAs":["https:\/\/www.nettali.com"]}]}},"_links":{"self":[{"href":"https:\/\/www.nettali.com\/rest\/wp\/v2\/posts\/157611"}],"collection":[{"href":"https:\/\/www.nettali.com\/rest\/wp\/v2\/posts"}],"about":[{"href":"https:\/\/www.nettali.com\/rest\/wp\/v2\/types\/post"}],"author":[{"embeddable":true,"href":"https:\/\/www.nettali.com\/rest\/wp\/v2\/users\/4"}],"replies":[{"embeddable":true,"href":"https:\/\/www.nettali.com\/rest\/wp\/v2\/comments?post=157611"}],"version-history":[{"count":3,"href":"https:\/\/www.nettali.com\/rest\/wp\/v2\/posts\/157611\/revisions"}],"predecessor-version":[{"id":157625,"href":"https:\/\/www.nettali.com\/rest\/wp\/v2\/posts\/157611\/revisions\/157625"}],"wp:featuredmedia":[{"embeddable":true,"href":"https:\/\/www.nettali.com\/rest\/wp\/v2\/media\/143158"}],"wp:attachment":[{"href":"https:\/\/www.nettali.com\/rest\/wp\/v2\/media?parent=157611"}],"wp:term":[{"taxonomy":"category","embeddable":true,"href":"https:\/\/www.nettali.com\/rest\/wp\/v2\/categories?post=157611"},{"taxonomy":"post_tag","embeddable":true,"href":"https:\/\/www.nettali.com\/rest\/wp\/v2\/tags?post=157611"}],"curies":[{"name":"wp","href":"https:\/\/api.w.org\/{rel}","templated":true}]}}