{"id":157607,"date":"2025-07-14T21:49:58","date_gmt":"2025-07-14T21:49:58","guid":{"rendered":"https:\/\/www.nettali.com\/?p=157607"},"modified":"2025-07-16T00:26:01","modified_gmt":"2025-07-16T00:26:01","slug":"diomaye-faye-met-fin-aux-speculations-je-nai-aucun-probleme-avec-ousmane-sonko","status":"publish","type":"post","link":"https:\/\/www.nettali.com\/2025\/07\/14\/diomaye-faye-met-fin-aux-speculations-je-nai-aucun-probleme-avec-ousmane-sonko\/","title":{"rendered":"DIOMAYE FAYE MET FIN AUX SPECULATIONS - \u00ab Je n\u2019ai aucun probl\u00e8me avec Ousmane Sonko \u00bb"},"content":{"rendered":"<p data-start=\"181\" data-end=\"561\"><strong>NETTALI.COM - Alors que les tensions suppos\u00e9es entre le pr\u00e9sident Bassirou Diomaye Faye et son Premier ministre Ousmane Sonko alimentent les d\u00e9bats depuis la derni\u00e8re sortie muscl\u00e9e de ce dernier, le chef de l\u2019\u00c9tat a tenu \u00e0 dissiper les doutes. <\/strong><\/p>\n<p data-start=\"181\" data-end=\"561\">En marge d\u2019une rencontre avec ses collaborateurs, le pr\u00e9sident Bassirou Diomaye Faye a clairement affirm\u00e9 : <em>\u00ab Je n\u2019ai aucun probl\u00e8me avec Ousmane Sonko. C\u2019est mon ami. \u00bb<\/em><\/p>\n<p data-start=\"563\" data-end=\"794\">Cette d\u00e9claration intervient apr\u00e8s l\u2019installation du Conseil national du Pastef, o\u00f9 Ousmane Sonko avait vivement critiqu\u00e9 certaines situations du pays, suscitant des interrogations sur l\u2019\u00e9tat des relations au sommet de l\u2019\u00c9tat.<\/p>\n<p data-start=\"838\" data-end=\"1226\">Bassirou Diomaye Faye a profit\u00e9 de l\u2019occasion pour recentrer le d\u00e9bat sur les v\u00e9ritables priorit\u00e9s. Selon lui, le seul combat qui vaille est celui contre les difficult\u00e9s que vivent les S\u00e9n\u00e9galais. Il a soulign\u00e9 que, malgr\u00e9 les d\u00e9bats et diff\u00e9rences d\u2019approche, l\u2019\u00e9quipe au pouvoir reste unie autour d\u2019une ambition commune : r\u00e9pondre aux aspirations profondes du peuple s\u00e9n\u00e9galais.<\/p>\n<p data-start=\"1228\" data-end=\"1382\"><em>\u00ab Depuis notre accession \u00e0 la t\u00eate de ce pays, nous avons d\u00e9fini un cap et nous avan\u00e7ons dans cette direction, ensemble et sans rel\u00e2che \u00bb<\/em>, a-t-il martel\u00e9.<\/p>\n<p data-start=\"1420\" data-end=\"1760\">Dans un contexte politique marqu\u00e9 par de vives discussions sur l\u2019autorit\u00e9 pr\u00e9sidentielle et la gestion des tensions internes, cette sortie du pr\u00e9sident Diomaye Faye se veut un message de calme et de coh\u00e9sion. Une mani\u00e8re de rappeler que les querelles de personnes ne doivent pas faire oublier les engagements pris devant les S\u00e9n\u00e9galais.<\/p>\n<div class='share-to-whatsapp-wrapper'><div class='share-on-whsp'>PARTAGER SUR : <\/div><a data-text='DIOMAYE FAYE MET FIN AUX SPECULATIONS - \u00ab Je n\u2019ai aucun probl\u00e8me avec Ousmane Sonko \u00bb' data-link='https:\/\/www.nettali.com\/2025\/07\/14\/diomaye-faye-met-fin-aux-speculations-je-nai-aucun-probleme-avec-ousmane-sonko\/' class='whatsapp-button whatsapp-share'>WhatsApp<\/a><div class='clear '><\/div><\/div>","protected":false},"excerpt":{"rendered":"<p>NETTALI.COM - Alors que les tensions suppos\u00e9es entre le pr\u00e9sident Bassirou Diomaye Faye et son Premier ministre Ousmane Sonko alimentent les d\u00e9bats depuis la derni\u00e8re sortie muscl\u00e9e de ce dernier, le chef de l\u2019\u00c9tat a tenu \u00e0 dissiper les doutes. En marge d\u2019une rencontre avec ses collaborateurs, le pr\u00e9sident Bassirou Diomaye Faye a clairement affirm\u00e9 [&hellip;]<\/p>\n","protected":false},"author":4,"featured_media":148784,"comment_status":"open","ping_status":"open","sticky":false,"template":"","format":"standard","meta":{"_et_pb_use_builder":"","_et_pb_old_content":""},"categories":[2],"tags":[],"yoast_head":"<!-- This site is optimized with the Yoast SEO Premium plugin v17.8 (Yoast SEO v17.8) - https:\/\/yoast.com\/wordpress\/plugins\/seo\/ -->\n<title>DIOMAYE FAYE MET FIN AUX SPECULATIONS - \u00ab Je n\u2019ai aucun probl\u00e8me avec Ousmane Sonko \u00bb | Nettali.com<\/title>\n<meta name=\"robots\" content=\"index, follow, max-snippet:-1, max-image-preview:large, max-video-preview:-1\" \/>\n<link rel=\"canonical\" href=\"https:\/\/www.nettali.com\/2025\/07\/14\/diomaye-faye-met-fin-aux-speculations-je-nai-aucun-probleme-avec-ousmane-sonko\/\" \/>\n<meta property=\"og:locale\" content=\"fr_FR\" \/>\n<meta property=\"og:type\" content=\"article\" \/>\n<meta property=\"og:title\" content=\"DIOMAYE FAYE MET FIN AUX SPECULATIONS - \u00ab Je n\u2019ai aucun probl\u00e8me avec Ousmane Sonko \u00bb\" \/>\n<meta property=\"og:description\" content=\"NETTALI.COM - Alors que les tensions suppos\u00e9es entre le pr\u00e9sident Bassirou Diomaye Faye et son Premier ministre Ousmane Sonko alimentent les d\u00e9bats depuis la derni\u00e8re sortie muscl\u00e9e de ce dernier, le chef de l\u2019\u00c9tat a tenu \u00e0 dissiper les doutes. En marge d\u2019une rencontre avec ses collaborateurs, le pr\u00e9sident Bassirou Diomaye Faye a clairement affirm\u00e9 [&hellip;]\" \/>\n<meta property=\"og:url\" content=\"https:\/\/www.nettali.com\/2025\/07\/14\/diomaye-faye-met-fin-aux-speculations-je-nai-aucun-probleme-avec-ousmane-sonko\/\" \/>\n<meta property=\"og:site_name\" content=\"Nettali.com\" \/>\n<meta property=\"article:publisher\" content=\"https:\/\/www.facebook.com\/nettalicom\" \/>\n<meta property=\"article:published_time\" content=\"2025-07-14T21:49:58+00:00\" \/>\n<meta property=\"article:modified_time\" content=\"2025-07-16T00:26:01+00:00\" \/>\n<meta property=\"og:image\" content=\"https:\/\/www.nettali.com\/wp-content\/uploads\/2025\/02\/Diomaye.jpg\" \/>\n\t<meta property=\"og:image:width\" content=\"1280\" \/>\n\t<meta property=\"og:image:height\" content=\"853\" \/>\n<meta name=\"twitter:card\" content=\"summary_large_image\" \/>\n<meta name=\"twitter:label1\" content=\"\u00c9crit par\" \/>\n\t<meta name=\"twitter:data1\" content=\"Daouda\" \/>\n\t<meta name=\"twitter:label2\" content=\"Dur\u00e9e de lecture estim\u00e9e\" \/>\n\t<meta name=\"twitter:data2\" content=\"1 minute\" \/>\n<script type=\"application\/ld+json\" class=\"yoast-schema-graph\">{\"@context\":\"https:\/\/schema.org\",\"@graph\":[{\"@type\":\"WebSite\",\"@id\":\"https:\/\/www.nettali.com\/#website\",\"url\":\"https:\/\/www.nettali.com\/\",\"name\":\"Nettali.com\",\"description\":\"Le rendez-vous critique du Net\",\"potentialAction\":[{\"@type\":\"SearchAction\",\"target\":{\"@type\":\"EntryPoint\",\"urlTemplate\":\"https:\/\/www.nettali.com\/?s={search_term_string}\"},\"query-input\":\"required name=search_term_string\"}],\"inLanguage\":\"fr-FR\"},{\"@type\":\"ImageObject\",\"@id\":\"https:\/\/www.nettali.com\/2025\/07\/14\/diomaye-faye-met-fin-aux-speculations-je-nai-aucun-probleme-avec-ousmane-sonko\/#primaryimage\",\"inLanguage\":\"fr-FR\",\"url\":\"https:\/\/www.nettali.com\/wp-content\/uploads\/2025\/02\/Diomaye.jpg\",\"contentUrl\":\"https:\/\/www.nettali.com\/wp-content\/uploads\/2025\/02\/Diomaye.jpg\",\"width\":1280,\"height\":853},{\"@type\":\"WebPage\",\"@id\":\"https:\/\/www.nettali.com\/2025\/07\/14\/diomaye-faye-met-fin-aux-speculations-je-nai-aucun-probleme-avec-ousmane-sonko\/#webpage\",\"url\":\"https:\/\/www.nettali.com\/2025\/07\/14\/diomaye-faye-met-fin-aux-speculations-je-nai-aucun-probleme-avec-ousmane-sonko\/\",\"name\":\"DIOMAYE FAYE MET FIN AUX SPECULATIONS - \\u00ab Je n\\u2019ai aucun probl\\u00e8me avec Ousmane Sonko \\u00bb | Nettali.com\",\"isPartOf\":{\"@id\":\"https:\/\/www.nettali.com\/#website\"},\"primaryImageOfPage\":{\"@id\":\"https:\/\/www.nettali.com\/2025\/07\/14\/diomaye-faye-met-fin-aux-speculations-je-nai-aucun-probleme-avec-ousmane-sonko\/#primaryimage\"},\"datePublished\":\"2025-07-14T21:49:58+00:00\",\"dateModified\":\"2025-07-16T00:26:01+00:00\",\"author\":{\"@id\":\"https:\/\/www.nettali.com\/#\/schema\/person\/3317e0bb3aa1da309fbf7b2780901bf4\"},\"breadcrumb\":{\"@id\":\"https:\/\/www.nettali.com\/2025\/07\/14\/diomaye-faye-met-fin-aux-speculations-je-nai-aucun-probleme-avec-ousmane-sonko\/#breadcrumb\"},\"inLanguage\":\"fr-FR\",\"potentialAction\":[{\"@type\":\"ReadAction\",\"target\":[\"https:\/\/www.nettali.com\/2025\/07\/14\/diomaye-faye-met-fin-aux-speculations-je-nai-aucun-probleme-avec-ousmane-sonko\/\"]}]},{\"@type\":\"BreadcrumbList\",\"@id\":\"https:\/\/www.nettali.com\/2025\/07\/14\/diomaye-faye-met-fin-aux-speculations-je-nai-aucun-probleme-avec-ousmane-sonko\/#breadcrumb\",\"itemListElement\":[{\"@type\":\"ListItem\",\"position\":1,\"name\":\"Accueil\",\"item\":\"https:\/\/www.nettali.com\/\"},{\"@type\":\"ListItem\",\"position\":2,\"name\":\"DIOMAYE FAYE MET FIN AUX SPECULATIONS - \\u00ab Je n\\u2019ai aucun probl\\u00e8me avec Ousmane Sonko \\u00bb\"}]},{\"@type\":\"Person\",\"@id\":\"https:\/\/www.nettali.com\/#\/schema\/person\/3317e0bb3aa1da309fbf7b2780901bf4\",\"name\":\"Daouda\",\"image\":{\"@type\":\"ImageObject\",\"@id\":\"https:\/\/www.nettali.com\/#personlogo\",\"inLanguage\":\"fr-FR\",\"url\":\"https:\/\/secure.gravatar.com\/avatar\/8d143b5a49345098ddcfee1c49c2f47c?s=96&d=mm&r=g\",\"contentUrl\":\"https:\/\/secure.gravatar.com\/avatar\/8d143b5a49345098ddcfee1c49c2f47c?s=96&d=mm&r=g\",\"caption\":\"Daouda\"},\"sameAs\":[\"https:\/\/www.nettali.com\"]}]}<\/script>\n<!-- \/ Yoast SEO Premium plugin. -->","yoast_head_json":{"title":"DIOMAYE FAYE MET FIN AUX SPECULATIONS - \u00ab Je n\u2019ai aucun probl\u00e8me avec Ousmane Sonko \u00bb | Nettali.com","robots":{"index":"index","follow":"follow","max-snippet":"max-snippet:-1","max-image-preview":"max-image-preview:large","max-video-preview":"max-video-preview:-1"},"canonical":"https:\/\/www.nettali.com\/2025\/07\/14\/diomaye-faye-met-fin-aux-speculations-je-nai-aucun-probleme-avec-ousmane-sonko\/","og_locale":"fr_FR","og_type":"article","og_title":"DIOMAYE FAYE MET FIN AUX SPECULATIONS - \u00ab Je n\u2019ai aucun probl\u00e8me avec Ousmane Sonko \u00bb","og_description":"NETTALI.COM - Alors que les tensions suppos\u00e9es entre le pr\u00e9sident Bassirou Diomaye Faye et son Premier ministre Ousmane Sonko alimentent les d\u00e9bats depuis la derni\u00e8re sortie muscl\u00e9e de ce dernier, le chef de l\u2019\u00c9tat a tenu \u00e0 dissiper les doutes. En marge d\u2019une rencontre avec ses collaborateurs, le pr\u00e9sident Bassirou Diomaye Faye a clairement affirm\u00e9 [&hellip;]","og_url":"https:\/\/www.nettali.com\/2025\/07\/14\/diomaye-faye-met-fin-aux-speculations-je-nai-aucun-probleme-avec-ousmane-sonko\/","og_site_name":"Nettali.com","article_publisher":"https:\/\/www.facebook.com\/nettalicom","article_published_time":"2025-07-14T21:49:58+00:00","article_modified_time":"2025-07-16T00:26:01+00:00","og_image":[{"width":1280,"height":853,"url":"https:\/\/www.nettali.com\/wp-content\/uploads\/2025\/02\/Diomaye.jpg","type":"image\/jpeg"}],"twitter_card":"summary_large_image","twitter_misc":{"\u00c9crit par":"Daouda","Dur\u00e9e de lecture estim\u00e9e":"1 minute"},"schema":{"@context":"https:\/\/schema.org","@graph":[{"@type":"WebSite","@id":"https:\/\/www.nettali.com\/#website","url":"https:\/\/www.nettali.com\/","name":"Nettali.com","description":"Le rendez-vous critique du Net","potentialAction":[{"@type":"SearchAction","target":{"@type":"EntryPoint","urlTemplate":"https:\/\/www.nettali.com\/?s={search_term_string}"},"query-input":"required name=search_term_string"}],"inLanguage":"fr-FR"},{"@type":"ImageObject","@id":"https:\/\/www.nettali.com\/2025\/07\/14\/diomaye-faye-met-fin-aux-speculations-je-nai-aucun-probleme-avec-ousmane-sonko\/#primaryimage","inLanguage":"fr-FR","url":"https:\/\/www.nettali.com\/wp-content\/uploads\/2025\/02\/Diomaye.jpg","contentUrl":"https:\/\/www.nettali.com\/wp-content\/uploads\/2025\/02\/Diomaye.jpg","width":1280,"height":853},{"@type":"WebPage","@id":"https:\/\/www.nettali.com\/2025\/07\/14\/diomaye-faye-met-fin-aux-speculations-je-nai-aucun-probleme-avec-ousmane-sonko\/#webpage","url":"https:\/\/www.nettali.com\/2025\/07\/14\/diomaye-faye-met-fin-aux-speculations-je-nai-aucun-probleme-avec-ousmane-sonko\/","name":"DIOMAYE FAYE MET FIN AUX SPECULATIONS - \u00ab Je n\u2019ai aucun probl\u00e8me avec Ousmane Sonko \u00bb | Nettali.com","isPartOf":{"@id":"https:\/\/www.nettali.com\/#website"},"primaryImageOfPage":{"@id":"https:\/\/www.nettali.com\/2025\/07\/14\/diomaye-faye-met-fin-aux-speculations-je-nai-aucun-probleme-avec-ousmane-sonko\/#primaryimage"},"datePublished":"2025-07-14T21:49:58+00:00","dateModified":"2025-07-16T00:26:01+00:00","author":{"@id":"https:\/\/www.nettali.com\/#\/schema\/person\/3317e0bb3aa1da309fbf7b2780901bf4"},"breadcrumb":{"@id":"https:\/\/www.nettali.com\/2025\/07\/14\/diomaye-faye-met-fin-aux-speculations-je-nai-aucun-probleme-avec-ousmane-sonko\/#breadcrumb"},"inLanguage":"fr-FR","potentialAction":[{"@type":"ReadAction","target":["https:\/\/www.nettali.com\/2025\/07\/14\/diomaye-faye-met-fin-aux-speculations-je-nai-aucun-probleme-avec-ousmane-sonko\/"]}]},{"@type":"BreadcrumbList","@id":"https:\/\/www.nettali.com\/2025\/07\/14\/diomaye-faye-met-fin-aux-speculations-je-nai-aucun-probleme-avec-ousmane-sonko\/#breadcrumb","itemListElement":[{"@type":"ListItem","position":1,"name":"Accueil","item":"https:\/\/www.nettali.com\/"},{"@type":"ListItem","position":2,"name":"DIOMAYE FAYE MET FIN AUX SPECULATIONS - \u00ab Je n\u2019ai aucun probl\u00e8me avec Ousmane Sonko \u00bb"}]},{"@type":"Person","@id":"https:\/\/www.nettali.com\/#\/schema\/person\/3317e0bb3aa1da309fbf7b2780901bf4","name":"Daouda","image":{"@type":"ImageObject","@id":"https:\/\/www.nettali.com\/#personlogo","inLanguage":"fr-FR","url":"https:\/\/secure.gravatar.com\/avatar\/8d143b5a49345098ddcfee1c49c2f47c?s=96&d=mm&r=g","contentUrl":"https:\/\/secure.gravatar.com\/avatar\/8d143b5a49345098ddcfee1c49c2f47c?s=96&d=mm&r=g","caption":"Daouda"},"sameAs":["https:\/\/www.nettali.com"]}]}},"_links":{"self":[{"href":"https:\/\/www.nettali.com\/rest\/wp\/v2\/posts\/157607"}],"collection":[{"href":"https:\/\/www.nettali.com\/rest\/wp\/v2\/posts"}],"about":[{"href":"https:\/\/www.nettali.com\/rest\/wp\/v2\/types\/post"}],"author":[{"embeddable":true,"href":"https:\/\/www.nettali.com\/rest\/wp\/v2\/users\/4"}],"replies":[{"embeddable":true,"href":"https:\/\/www.nettali.com\/rest\/wp\/v2\/comments?post=157607"}],"version-history":[{"count":1,"href":"https:\/\/www.nettali.com\/rest\/wp\/v2\/posts\/157607\/revisions"}],"predecessor-version":[{"id":157610,"href":"https:\/\/www.nettali.com\/rest\/wp\/v2\/posts\/157607\/revisions\/157610"}],"wp:featuredmedia":[{"embeddable":true,"href":"https:\/\/www.nettali.com\/rest\/wp\/v2\/media\/148784"}],"wp:attachment":[{"href":"https:\/\/www.nettali.com\/rest\/wp\/v2\/media?parent=157607"}],"wp:term":[{"taxonomy":"category","embeddable":true,"href":"https:\/\/www.nettali.com\/rest\/wp\/v2\/categories?post=157607"},{"taxonomy":"post_tag","embeddable":true,"href":"https:\/\/www.nettali.com\/rest\/wp\/v2\/tags?post=157607"}],"curies":[{"name":"wp","href":"https:\/\/api.w.org\/{rel}","templated":true}]}}