{"id":157601,"date":"2025-07-14T17:47:57","date_gmt":"2025-07-14T17:47:57","guid":{"rendered":"https:\/\/www.nettali.com\/?p=157601"},"modified":"2025-07-14T16:51:01","modified_gmt":"2025-07-14T16:51:01","slug":"inculpation-de-badara-gadiaga-ses-avocats-promettent-dinternationaliser-le-combat","status":"publish","type":"post","link":"https:\/\/www.nettali.com\/2025\/07\/14\/inculpation-de-badara-gadiaga-ses-avocats-promettent-dinternationaliser-le-combat\/","title":{"rendered":"INCULPATION DE BADARA GADIAGA- Ses avocats promettent d\u2019internationaliser le combat"},"content":{"rendered":"<p><strong>NETTALI.COM- Apr\u00e8s le placement sous mandat de d\u00e9p\u00f4t du chroniqueur de la TFM, ses avocats ont d\u00e9nonc\u00e9 une injustice criante et annonc\u00e9 leur intention de porter l\u2019affaire devant les instances internationales.<\/strong><\/p>\n<p>Me Oumar Youm, l\u2019un de ses conseils, a exprim\u00e9 sa profonde indignation. <em>\u00ab C\u2019est avec une grande sid\u00e9ration et une vive \u00e9motion que nous apprenons l\u2019inculpation et le placement sous mandat de d\u00e9p\u00f4t de M. Badara Gadiaga. Cette d\u00e9cision fait suite \u00e0 une enqu\u00eate de la Division de la cybercriminalit\u00e9, ouverte sur r\u00e9quisitoire du procureur de la R\u00e9publique. Les chefs d'inculpation retenus sont graves : diffusion de fausses nouvelles, propos contraires aux bonnes m\u0153urs, offense \u00e0 une personne exer\u00e7ant les fonctions de Pr\u00e9sident de la R\u00e9publique, r\u00e9ception ou sollicitation de dons en vue de troubler l\u2019ordre public, atteinte \u00e0 la s\u00e9curit\u00e9 de l\u2019\u00c9tat, entre autres\u00bb<\/em>, se d\u00e9sole-t-il.<\/p>\n<p>L\u2019avocat d\u00e9nonce une atteinte flagrante aux libert\u00e9s fondamentales. <em>\u00ab Le parquet est cens\u00e9 prot\u00e9ger les droits et les libert\u00e9s des citoyens, veiller au respect des valeurs r\u00e9publicaines, et agir conform\u00e9ment au Code p\u00e9nal et au Code de proc\u00e9dure p\u00e9nale. Ce qui se passe ici rel\u00e8ve de man\u0153uvres inqualifiables visant \u00e0 \u00e9touffer la libert\u00e9 d\u2019expression. C\u2019est injuste. C\u2019est une honte pour la soci\u00e9t\u00e9, une honte pour le S\u00e9n\u00e9gal, une honte pour tous les d\u00e9fenseurs de la d\u00e9mocratie et des libert\u00e9s \u00bb, <\/em>a tenu \u00e0 rappeler Me Youm.<\/p>\n<p>Appelant \u00e0 une mobilisation des forces vives, Me Youm a martel\u00e9 : <em>\u00ab En premi\u00e8re ligne, nous interpellons le b\u00e2tonnier de l\u2019Ordre des avocats. Nous allons nous battre contre ces manipulations politiques. Il s\u2019agit ici d\u2019un cas de d\u00e9tention arbitraire de cat\u00e9gorie 2. Nous allons saisir le Groupe de travail des Nations unies sur la d\u00e9tention arbitraire, ainsi que les instances de la CEDEAO. Le combat ne s\u2019arr\u00eatera pas aux fronti\u00e8res du S\u00e9n\u00e9gal. Il s\u2019agit de faire respecter la justice, loin de toute instrumentalisation politique \u00bb.<\/em><\/p>\n<div class='share-to-whatsapp-wrapper'><div class='share-on-whsp'>PARTAGER SUR : <\/div><a data-text='INCULPATION DE BADARA GADIAGA- Ses avocats promettent d\u2019internationaliser le combat' data-link='https:\/\/www.nettali.com\/2025\/07\/14\/inculpation-de-badara-gadiaga-ses-avocats-promettent-dinternationaliser-le-combat\/' class='whatsapp-button whatsapp-share'>WhatsApp<\/a><div class='clear '><\/div><\/div>","protected":false},"excerpt":{"rendered":"<p>NETTALI.COM- Apr\u00e8s le placement sous mandat de d\u00e9p\u00f4t du chroniqueur de la TFM, ses avocats ont d\u00e9nonc\u00e9 une injustice criante et annonc\u00e9 leur intention de porter l\u2019affaire devant les instances internationales. Me Oumar Youm, l\u2019un de ses conseils, a exprim\u00e9 sa profonde indignation. \u00ab C\u2019est avec une grande sid\u00e9ration et une vive \u00e9motion que nous [&hellip;]<\/p>\n","protected":false},"author":4,"featured_media":32133,"comment_status":"open","ping_status":"open","sticky":false,"template":"","format":"standard","meta":{"_et_pb_use_builder":"","_et_pb_old_content":""},"categories":[3],"tags":[],"yoast_head":"<!-- This site is optimized with the Yoast SEO Premium plugin v17.8 (Yoast SEO v17.8) - https:\/\/yoast.com\/wordpress\/plugins\/seo\/ -->\n<title>INCULPATION DE BADARA GADIAGA- Ses avocats promettent d\u2019internationaliser le combat | Nettali.com<\/title>\n<meta name=\"robots\" content=\"index, follow, max-snippet:-1, max-image-preview:large, max-video-preview:-1\" \/>\n<link rel=\"canonical\" href=\"https:\/\/www.nettali.com\/2025\/07\/14\/inculpation-de-badara-gadiaga-ses-avocats-promettent-dinternationaliser-le-combat\/\" \/>\n<meta property=\"og:locale\" content=\"fr_FR\" \/>\n<meta property=\"og:type\" content=\"article\" \/>\n<meta property=\"og:title\" content=\"INCULPATION DE BADARA GADIAGA- Ses avocats promettent d\u2019internationaliser le combat\" \/>\n<meta property=\"og:description\" content=\"NETTALI.COM- Apr\u00e8s le placement sous mandat de d\u00e9p\u00f4t du chroniqueur de la TFM, ses avocats ont d\u00e9nonc\u00e9 une injustice criante et annonc\u00e9 leur intention de porter l\u2019affaire devant les instances internationales. Me Oumar Youm, l\u2019un de ses conseils, a exprim\u00e9 sa profonde indignation. \u00ab C\u2019est avec une grande sid\u00e9ration et une vive \u00e9motion que nous [&hellip;]\" \/>\n<meta property=\"og:url\" content=\"https:\/\/www.nettali.com\/2025\/07\/14\/inculpation-de-badara-gadiaga-ses-avocats-promettent-dinternationaliser-le-combat\/\" \/>\n<meta property=\"og:site_name\" content=\"Nettali.com\" \/>\n<meta property=\"article:publisher\" content=\"https:\/\/www.facebook.com\/nettalicom\" \/>\n<meta property=\"article:published_time\" content=\"2025-07-14T17:47:57+00:00\" \/>\n<meta property=\"article:modified_time\" content=\"2025-07-14T16:51:01+00:00\" \/>\n<meta property=\"og:image\" content=\"https:\/\/www.nettali.com\/wp-content\/uploads\/2020\/03\/Youm.jpg\" \/>\n\t<meta property=\"og:image:width\" content=\"470\" \/>\n\t<meta property=\"og:image:height\" content=\"246\" \/>\n<meta name=\"twitter:card\" content=\"summary_large_image\" \/>\n<meta name=\"twitter:label1\" content=\"\u00c9crit par\" \/>\n\t<meta name=\"twitter:data1\" content=\"Daouda\" \/>\n\t<meta name=\"twitter:label2\" content=\"Dur\u00e9e de lecture estim\u00e9e\" \/>\n\t<meta name=\"twitter:data2\" content=\"2 minutes\" \/>\n<script type=\"application\/ld+json\" class=\"yoast-schema-graph\">{\"@context\":\"https:\/\/schema.org\",\"@graph\":[{\"@type\":\"WebSite\",\"@id\":\"https:\/\/www.nettali.com\/#website\",\"url\":\"https:\/\/www.nettali.com\/\",\"name\":\"Nettali.com\",\"description\":\"Le rendez-vous critique du Net\",\"potentialAction\":[{\"@type\":\"SearchAction\",\"target\":{\"@type\":\"EntryPoint\",\"urlTemplate\":\"https:\/\/www.nettali.com\/?s={search_term_string}\"},\"query-input\":\"required name=search_term_string\"}],\"inLanguage\":\"fr-FR\"},{\"@type\":\"ImageObject\",\"@id\":\"https:\/\/www.nettali.com\/2025\/07\/14\/inculpation-de-badara-gadiaga-ses-avocats-promettent-dinternationaliser-le-combat\/#primaryimage\",\"inLanguage\":\"fr-FR\",\"url\":\"https:\/\/www.nettali.com\/wp-content\/uploads\/2020\/03\/Youm.jpg\",\"contentUrl\":\"https:\/\/www.nettali.com\/wp-content\/uploads\/2020\/03\/Youm.jpg\",\"width\":470,\"height\":246},{\"@type\":\"WebPage\",\"@id\":\"https:\/\/www.nettali.com\/2025\/07\/14\/inculpation-de-badara-gadiaga-ses-avocats-promettent-dinternationaliser-le-combat\/#webpage\",\"url\":\"https:\/\/www.nettali.com\/2025\/07\/14\/inculpation-de-badara-gadiaga-ses-avocats-promettent-dinternationaliser-le-combat\/\",\"name\":\"INCULPATION DE BADARA GADIAGA- Ses avocats promettent d\\u2019internationaliser le combat | Nettali.com\",\"isPartOf\":{\"@id\":\"https:\/\/www.nettali.com\/#website\"},\"primaryImageOfPage\":{\"@id\":\"https:\/\/www.nettali.com\/2025\/07\/14\/inculpation-de-badara-gadiaga-ses-avocats-promettent-dinternationaliser-le-combat\/#primaryimage\"},\"datePublished\":\"2025-07-14T17:47:57+00:00\",\"dateModified\":\"2025-07-14T16:51:01+00:00\",\"author\":{\"@id\":\"https:\/\/www.nettali.com\/#\/schema\/person\/3317e0bb3aa1da309fbf7b2780901bf4\"},\"breadcrumb\":{\"@id\":\"https:\/\/www.nettali.com\/2025\/07\/14\/inculpation-de-badara-gadiaga-ses-avocats-promettent-dinternationaliser-le-combat\/#breadcrumb\"},\"inLanguage\":\"fr-FR\",\"potentialAction\":[{\"@type\":\"ReadAction\",\"target\":[\"https:\/\/www.nettali.com\/2025\/07\/14\/inculpation-de-badara-gadiaga-ses-avocats-promettent-dinternationaliser-le-combat\/\"]}]},{\"@type\":\"BreadcrumbList\",\"@id\":\"https:\/\/www.nettali.com\/2025\/07\/14\/inculpation-de-badara-gadiaga-ses-avocats-promettent-dinternationaliser-le-combat\/#breadcrumb\",\"itemListElement\":[{\"@type\":\"ListItem\",\"position\":1,\"name\":\"Accueil\",\"item\":\"https:\/\/www.nettali.com\/\"},{\"@type\":\"ListItem\",\"position\":2,\"name\":\"INCULPATION DE BADARA GADIAGA- Ses avocats promettent d\\u2019internationaliser le combat\"}]},{\"@type\":\"Person\",\"@id\":\"https:\/\/www.nettali.com\/#\/schema\/person\/3317e0bb3aa1da309fbf7b2780901bf4\",\"name\":\"Daouda\",\"image\":{\"@type\":\"ImageObject\",\"@id\":\"https:\/\/www.nettali.com\/#personlogo\",\"inLanguage\":\"fr-FR\",\"url\":\"https:\/\/secure.gravatar.com\/avatar\/8d143b5a49345098ddcfee1c49c2f47c?s=96&d=mm&r=g\",\"contentUrl\":\"https:\/\/secure.gravatar.com\/avatar\/8d143b5a49345098ddcfee1c49c2f47c?s=96&d=mm&r=g\",\"caption\":\"Daouda\"},\"sameAs\":[\"https:\/\/www.nettali.com\"]}]}<\/script>\n<!-- \/ Yoast SEO Premium plugin. -->","yoast_head_json":{"title":"INCULPATION DE BADARA GADIAGA- Ses avocats promettent d\u2019internationaliser le combat | Nettali.com","robots":{"index":"index","follow":"follow","max-snippet":"max-snippet:-1","max-image-preview":"max-image-preview:large","max-video-preview":"max-video-preview:-1"},"canonical":"https:\/\/www.nettali.com\/2025\/07\/14\/inculpation-de-badara-gadiaga-ses-avocats-promettent-dinternationaliser-le-combat\/","og_locale":"fr_FR","og_type":"article","og_title":"INCULPATION DE BADARA GADIAGA- Ses avocats promettent d\u2019internationaliser le combat","og_description":"NETTALI.COM- Apr\u00e8s le placement sous mandat de d\u00e9p\u00f4t du chroniqueur de la TFM, ses avocats ont d\u00e9nonc\u00e9 une injustice criante et annonc\u00e9 leur intention de porter l\u2019affaire devant les instances internationales. Me Oumar Youm, l\u2019un de ses conseils, a exprim\u00e9 sa profonde indignation. \u00ab C\u2019est avec une grande sid\u00e9ration et une vive \u00e9motion que nous [&hellip;]","og_url":"https:\/\/www.nettali.com\/2025\/07\/14\/inculpation-de-badara-gadiaga-ses-avocats-promettent-dinternationaliser-le-combat\/","og_site_name":"Nettali.com","article_publisher":"https:\/\/www.facebook.com\/nettalicom","article_published_time":"2025-07-14T17:47:57+00:00","article_modified_time":"2025-07-14T16:51:01+00:00","og_image":[{"width":470,"height":246,"url":"https:\/\/www.nettali.com\/wp-content\/uploads\/2020\/03\/Youm.jpg","type":"image\/jpeg"}],"twitter_card":"summary_large_image","twitter_misc":{"\u00c9crit par":"Daouda","Dur\u00e9e de lecture estim\u00e9e":"2 minutes"},"schema":{"@context":"https:\/\/schema.org","@graph":[{"@type":"WebSite","@id":"https:\/\/www.nettali.com\/#website","url":"https:\/\/www.nettali.com\/","name":"Nettali.com","description":"Le rendez-vous critique du Net","potentialAction":[{"@type":"SearchAction","target":{"@type":"EntryPoint","urlTemplate":"https:\/\/www.nettali.com\/?s={search_term_string}"},"query-input":"required name=search_term_string"}],"inLanguage":"fr-FR"},{"@type":"ImageObject","@id":"https:\/\/www.nettali.com\/2025\/07\/14\/inculpation-de-badara-gadiaga-ses-avocats-promettent-dinternationaliser-le-combat\/#primaryimage","inLanguage":"fr-FR","url":"https:\/\/www.nettali.com\/wp-content\/uploads\/2020\/03\/Youm.jpg","contentUrl":"https:\/\/www.nettali.com\/wp-content\/uploads\/2020\/03\/Youm.jpg","width":470,"height":246},{"@type":"WebPage","@id":"https:\/\/www.nettali.com\/2025\/07\/14\/inculpation-de-badara-gadiaga-ses-avocats-promettent-dinternationaliser-le-combat\/#webpage","url":"https:\/\/www.nettali.com\/2025\/07\/14\/inculpation-de-badara-gadiaga-ses-avocats-promettent-dinternationaliser-le-combat\/","name":"INCULPATION DE BADARA GADIAGA- Ses avocats promettent d\u2019internationaliser le combat | Nettali.com","isPartOf":{"@id":"https:\/\/www.nettali.com\/#website"},"primaryImageOfPage":{"@id":"https:\/\/www.nettali.com\/2025\/07\/14\/inculpation-de-badara-gadiaga-ses-avocats-promettent-dinternationaliser-le-combat\/#primaryimage"},"datePublished":"2025-07-14T17:47:57+00:00","dateModified":"2025-07-14T16:51:01+00:00","author":{"@id":"https:\/\/www.nettali.com\/#\/schema\/person\/3317e0bb3aa1da309fbf7b2780901bf4"},"breadcrumb":{"@id":"https:\/\/www.nettali.com\/2025\/07\/14\/inculpation-de-badara-gadiaga-ses-avocats-promettent-dinternationaliser-le-combat\/#breadcrumb"},"inLanguage":"fr-FR","potentialAction":[{"@type":"ReadAction","target":["https:\/\/www.nettali.com\/2025\/07\/14\/inculpation-de-badara-gadiaga-ses-avocats-promettent-dinternationaliser-le-combat\/"]}]},{"@type":"BreadcrumbList","@id":"https:\/\/www.nettali.com\/2025\/07\/14\/inculpation-de-badara-gadiaga-ses-avocats-promettent-dinternationaliser-le-combat\/#breadcrumb","itemListElement":[{"@type":"ListItem","position":1,"name":"Accueil","item":"https:\/\/www.nettali.com\/"},{"@type":"ListItem","position":2,"name":"INCULPATION DE BADARA GADIAGA- Ses avocats promettent d\u2019internationaliser le combat"}]},{"@type":"Person","@id":"https:\/\/www.nettali.com\/#\/schema\/person\/3317e0bb3aa1da309fbf7b2780901bf4","name":"Daouda","image":{"@type":"ImageObject","@id":"https:\/\/www.nettali.com\/#personlogo","inLanguage":"fr-FR","url":"https:\/\/secure.gravatar.com\/avatar\/8d143b5a49345098ddcfee1c49c2f47c?s=96&d=mm&r=g","contentUrl":"https:\/\/secure.gravatar.com\/avatar\/8d143b5a49345098ddcfee1c49c2f47c?s=96&d=mm&r=g","caption":"Daouda"},"sameAs":["https:\/\/www.nettali.com"]}]}},"_links":{"self":[{"href":"https:\/\/www.nettali.com\/rest\/wp\/v2\/posts\/157601"}],"collection":[{"href":"https:\/\/www.nettali.com\/rest\/wp\/v2\/posts"}],"about":[{"href":"https:\/\/www.nettali.com\/rest\/wp\/v2\/types\/post"}],"author":[{"embeddable":true,"href":"https:\/\/www.nettali.com\/rest\/wp\/v2\/users\/4"}],"replies":[{"embeddable":true,"href":"https:\/\/www.nettali.com\/rest\/wp\/v2\/comments?post=157601"}],"version-history":[{"count":1,"href":"https:\/\/www.nettali.com\/rest\/wp\/v2\/posts\/157601\/revisions"}],"predecessor-version":[{"id":157602,"href":"https:\/\/www.nettali.com\/rest\/wp\/v2\/posts\/157601\/revisions\/157602"}],"wp:featuredmedia":[{"embeddable":true,"href":"https:\/\/www.nettali.com\/rest\/wp\/v2\/media\/32133"}],"wp:attachment":[{"href":"https:\/\/www.nettali.com\/rest\/wp\/v2\/media?parent=157601"}],"wp:term":[{"taxonomy":"category","embeddable":true,"href":"https:\/\/www.nettali.com\/rest\/wp\/v2\/categories?post=157601"},{"taxonomy":"post_tag","embeddable":true,"href":"https:\/\/www.nettali.com\/rest\/wp\/v2\/tags?post=157601"}],"curies":[{"name":"wp","href":"https:\/\/api.w.org\/{rel}","templated":true}]}}