{"id":157599,"date":"2025-07-14T16:47:26","date_gmt":"2025-07-14T16:47:26","guid":{"rendered":"https:\/\/www.nettali.com\/?p=157599"},"modified":"2025-07-14T16:47:26","modified_gmt":"2025-07-14T16:47:26","slug":"madiambal-diagne-sonko-croit-que-lemprisonnement-de-badara-gadiaga-sera-lantidote-aux-problemes-economiques-et-sociaux-du-senegal","status":"publish","type":"post","link":"https:\/\/www.nettali.com\/2025\/07\/14\/madiambal-diagne-sonko-croit-que-lemprisonnement-de-badara-gadiaga-sera-lantidote-aux-problemes-economiques-et-sociaux-du-senegal\/","title":{"rendered":"MADIAMBAL DIAGNE- \"Sonko croit que l\u2019emprisonnement de Badara Gadiaga sera l\u2019antidote aux probl\u00e8mes \u00e9conomiques et sociaux du S\u00e9n\u00e9gal\""},"content":{"rendered":"<p><strong>NETTALI.COM- Dans un message publi\u00e9 sur le r\u00e9seau social X, le journaliste et analyste politique Madiambal Diagne s\u2019est violemment oppos\u00e9 \u00e0 l\u2019arrestation de Badara Gadiaga. Il d\u00e9nonce une man\u0153uvre politique visant \u00e0 masquer les v\u00e9ritables d\u00e9fis du pays.<\/strong><\/p>\n<p>La r\u00e9action ne s\u2019est pas fait attendre. Face \u00e0 l\u2019arrestation de Badara Gadiaga, figure proche de l\u2019opposition, Madiambal Diagne a pris la plume num\u00e9rique pour exprimer son d\u00e9saccord profond avec le pouvoir en place.<\/p>\n<p>Le journaliste et analyste politique a partag\u00e9 son indignation sur X (anciennement Twitter), critiquant ouvertement ce qu\u2019il per\u00e7oit comme une instrumentalisation de la justice \u00e0 des fins politiques. Dans un ton incisif, Madiambal Diagne \u00e9crit : <em>\u00ab Dommage ! Si Sonko croit que l\u2019emprisonnement de Badara Gadiaga sera l\u2019antidote aux probl\u00e8mes \u00e9conomiques et sociaux du S\u00e9n\u00e9gal, il se trompe lourdement. Badara en prison ne capacitera pas le PM \u00e0 trouver des solutions aux probl\u00e8mes de ce pays. Mais tant va la cruche \u00e0 l\u2019eau\u2026 \u00bb<\/em><\/p>\n<p>Ce message s\u2019inscrit dans un contexte tendu o\u00f9 les opposants au r\u00e9gime d\u00e9noncent de plus en plus l\u2019usage de l\u2019appareil judiciaire comme outil de r\u00e9pression. Pour Diagne, cette arrestation n\u2019apportera aucune r\u00e9ponse concr\u00e8te aux urgences \u00e9conomiques, sociales ou institutionnelles du S\u00e9n\u00e9gal. Au contraire, elle risque de nourrir davantage les frustrations et de d\u00e9tourner le d\u00e9bat public des v\u00e9ritables priorit\u00e9s.<\/p>\n<p>Sa sortie publique relance le d\u00e9bat sur la place de la justice dans le jeu politique s\u00e9n\u00e9galais et sur les m\u00e9thodes employ\u00e9es par les autorit\u00e9s pour contenir la critique et l\u2019opposition<\/p>\n<div class='share-to-whatsapp-wrapper'><div class='share-on-whsp'>PARTAGER SUR : <\/div><a data-text='MADIAMBAL DIAGNE- \"Sonko croit que l\u2019emprisonnement de Badara Gadiaga sera l\u2019antidote aux probl\u00e8mes \u00e9conomiques et sociaux du S\u00e9n\u00e9gal\"' data-link='https:\/\/www.nettali.com\/2025\/07\/14\/madiambal-diagne-sonko-croit-que-lemprisonnement-de-badara-gadiaga-sera-lantidote-aux-problemes-economiques-et-sociaux-du-senegal\/' class='whatsapp-button whatsapp-share'>WhatsApp<\/a><div class='clear '><\/div><\/div>","protected":false},"excerpt":{"rendered":"<p>NETTALI.COM- Dans un message publi\u00e9 sur le r\u00e9seau social X, le journaliste et analyste politique Madiambal Diagne s\u2019est violemment oppos\u00e9 \u00e0 l\u2019arrestation de Badara Gadiaga. Il d\u00e9nonce une man\u0153uvre politique visant \u00e0 masquer les v\u00e9ritables d\u00e9fis du pays. La r\u00e9action ne s\u2019est pas fait attendre. Face \u00e0 l\u2019arrestation de Badara Gadiaga, figure proche de l\u2019opposition, [&hellip;]<\/p>\n","protected":false},"author":4,"featured_media":11132,"comment_status":"open","ping_status":"open","sticky":false,"template":"","format":"standard","meta":{"_et_pb_use_builder":"","_et_pb_old_content":""},"categories":[3],"tags":[],"yoast_head":"<!-- This site is optimized with the Yoast SEO Premium plugin v17.8 (Yoast SEO v17.8) - https:\/\/yoast.com\/wordpress\/plugins\/seo\/ -->\n<title>MADIAMBAL DIAGNE- &quot;Sonko croit que l\u2019emprisonnement de Badara Gadiaga sera l\u2019antidote aux probl\u00e8mes \u00e9conomiques et sociaux du S\u00e9n\u00e9gal&quot; | Nettali.com<\/title>\n<meta name=\"robots\" content=\"index, follow, max-snippet:-1, max-image-preview:large, max-video-preview:-1\" \/>\n<link rel=\"canonical\" href=\"https:\/\/www.nettali.com\/2025\/07\/14\/madiambal-diagne-sonko-croit-que-lemprisonnement-de-badara-gadiaga-sera-lantidote-aux-problemes-economiques-et-sociaux-du-senegal\/\" \/>\n<meta property=\"og:locale\" content=\"fr_FR\" \/>\n<meta property=\"og:type\" content=\"article\" \/>\n<meta property=\"og:title\" content=\"MADIAMBAL DIAGNE- &quot;Sonko croit que l\u2019emprisonnement de Badara Gadiaga sera l\u2019antidote aux probl\u00e8mes \u00e9conomiques et sociaux du S\u00e9n\u00e9gal&quot;\" \/>\n<meta property=\"og:description\" content=\"NETTALI.COM- Dans un message publi\u00e9 sur le r\u00e9seau social X, le journaliste et analyste politique Madiambal Diagne s\u2019est violemment oppos\u00e9 \u00e0 l\u2019arrestation de Badara Gadiaga. Il d\u00e9nonce une man\u0153uvre politique visant \u00e0 masquer les v\u00e9ritables d\u00e9fis du pays. La r\u00e9action ne s\u2019est pas fait attendre. Face \u00e0 l\u2019arrestation de Badara Gadiaga, figure proche de l\u2019opposition, [&hellip;]\" \/>\n<meta property=\"og:url\" content=\"https:\/\/www.nettali.com\/2025\/07\/14\/madiambal-diagne-sonko-croit-que-lemprisonnement-de-badara-gadiaga-sera-lantidote-aux-problemes-economiques-et-sociaux-du-senegal\/\" \/>\n<meta property=\"og:site_name\" content=\"Nettali.com\" \/>\n<meta property=\"article:publisher\" content=\"https:\/\/www.facebook.com\/nettalicom\" \/>\n<meta property=\"article:published_time\" content=\"2025-07-14T16:47:26+00:00\" \/>\n<meta property=\"og:image\" content=\"https:\/\/www.nettali.com\/wp-content\/uploads\/2019\/06\/Madiambal-Diagne-e1560084375148.jpg\" \/>\n\t<meta property=\"og:image:width\" content=\"794\" \/>\n\t<meta property=\"og:image:height\" content=\"486\" \/>\n<meta name=\"twitter:card\" content=\"summary_large_image\" \/>\n<meta name=\"twitter:label1\" content=\"\u00c9crit par\" \/>\n\t<meta name=\"twitter:data1\" content=\"Daouda\" \/>\n\t<meta name=\"twitter:label2\" content=\"Dur\u00e9e de lecture estim\u00e9e\" \/>\n\t<meta name=\"twitter:data2\" content=\"2 minutes\" \/>\n<script type=\"application\/ld+json\" class=\"yoast-schema-graph\">{\"@context\":\"https:\/\/schema.org\",\"@graph\":[{\"@type\":\"WebSite\",\"@id\":\"https:\/\/www.nettali.com\/#website\",\"url\":\"https:\/\/www.nettali.com\/\",\"name\":\"Nettali.com\",\"description\":\"Le rendez-vous critique du Net\",\"potentialAction\":[{\"@type\":\"SearchAction\",\"target\":{\"@type\":\"EntryPoint\",\"urlTemplate\":\"https:\/\/www.nettali.com\/?s={search_term_string}\"},\"query-input\":\"required name=search_term_string\"}],\"inLanguage\":\"fr-FR\"},{\"@type\":\"ImageObject\",\"@id\":\"https:\/\/www.nettali.com\/2025\/07\/14\/madiambal-diagne-sonko-croit-que-lemprisonnement-de-badara-gadiaga-sera-lantidote-aux-problemes-economiques-et-sociaux-du-senegal\/#primaryimage\",\"inLanguage\":\"fr-FR\",\"url\":\"https:\/\/www.nettali.com\/wp-content\/uploads\/2019\/06\/Madiambal-Diagne-e1560084375148.jpg\",\"contentUrl\":\"https:\/\/www.nettali.com\/wp-content\/uploads\/2019\/06\/Madiambal-Diagne-e1560084375148.jpg\",\"width\":794,\"height\":486},{\"@type\":\"WebPage\",\"@id\":\"https:\/\/www.nettali.com\/2025\/07\/14\/madiambal-diagne-sonko-croit-que-lemprisonnement-de-badara-gadiaga-sera-lantidote-aux-problemes-economiques-et-sociaux-du-senegal\/#webpage\",\"url\":\"https:\/\/www.nettali.com\/2025\/07\/14\/madiambal-diagne-sonko-croit-que-lemprisonnement-de-badara-gadiaga-sera-lantidote-aux-problemes-economiques-et-sociaux-du-senegal\/\",\"name\":\"MADIAMBAL DIAGNE- \\\"Sonko croit que l\\u2019emprisonnement de Badara Gadiaga sera l\\u2019antidote aux probl\\u00e8mes \\u00e9conomiques et sociaux du S\\u00e9n\\u00e9gal\\\" | Nettali.com\",\"isPartOf\":{\"@id\":\"https:\/\/www.nettali.com\/#website\"},\"primaryImageOfPage\":{\"@id\":\"https:\/\/www.nettali.com\/2025\/07\/14\/madiambal-diagne-sonko-croit-que-lemprisonnement-de-badara-gadiaga-sera-lantidote-aux-problemes-economiques-et-sociaux-du-senegal\/#primaryimage\"},\"datePublished\":\"2025-07-14T16:47:26+00:00\",\"dateModified\":\"2025-07-14T16:47:26+00:00\",\"author\":{\"@id\":\"https:\/\/www.nettali.com\/#\/schema\/person\/3317e0bb3aa1da309fbf7b2780901bf4\"},\"breadcrumb\":{\"@id\":\"https:\/\/www.nettali.com\/2025\/07\/14\/madiambal-diagne-sonko-croit-que-lemprisonnement-de-badara-gadiaga-sera-lantidote-aux-problemes-economiques-et-sociaux-du-senegal\/#breadcrumb\"},\"inLanguage\":\"fr-FR\",\"potentialAction\":[{\"@type\":\"ReadAction\",\"target\":[\"https:\/\/www.nettali.com\/2025\/07\/14\/madiambal-diagne-sonko-croit-que-lemprisonnement-de-badara-gadiaga-sera-lantidote-aux-problemes-economiques-et-sociaux-du-senegal\/\"]}]},{\"@type\":\"BreadcrumbList\",\"@id\":\"https:\/\/www.nettali.com\/2025\/07\/14\/madiambal-diagne-sonko-croit-que-lemprisonnement-de-badara-gadiaga-sera-lantidote-aux-problemes-economiques-et-sociaux-du-senegal\/#breadcrumb\",\"itemListElement\":[{\"@type\":\"ListItem\",\"position\":1,\"name\":\"Accueil\",\"item\":\"https:\/\/www.nettali.com\/\"},{\"@type\":\"ListItem\",\"position\":2,\"name\":\"MADIAMBAL DIAGNE- \\\"Sonko croit que l\\u2019emprisonnement de Badara Gadiaga sera l\\u2019antidote aux probl\\u00e8mes \\u00e9conomiques et sociaux du S\\u00e9n\\u00e9gal\\\"\"}]},{\"@type\":\"Person\",\"@id\":\"https:\/\/www.nettali.com\/#\/schema\/person\/3317e0bb3aa1da309fbf7b2780901bf4\",\"name\":\"Daouda\",\"image\":{\"@type\":\"ImageObject\",\"@id\":\"https:\/\/www.nettali.com\/#personlogo\",\"inLanguage\":\"fr-FR\",\"url\":\"https:\/\/secure.gravatar.com\/avatar\/8d143b5a49345098ddcfee1c49c2f47c?s=96&d=mm&r=g\",\"contentUrl\":\"https:\/\/secure.gravatar.com\/avatar\/8d143b5a49345098ddcfee1c49c2f47c?s=96&d=mm&r=g\",\"caption\":\"Daouda\"},\"sameAs\":[\"https:\/\/www.nettali.com\"]}]}<\/script>\n<!-- \/ Yoast SEO Premium plugin. -->","yoast_head_json":{"title":"MADIAMBAL DIAGNE- \"Sonko croit que l\u2019emprisonnement de Badara Gadiaga sera l\u2019antidote aux probl\u00e8mes \u00e9conomiques et sociaux du S\u00e9n\u00e9gal\" | Nettali.com","robots":{"index":"index","follow":"follow","max-snippet":"max-snippet:-1","max-image-preview":"max-image-preview:large","max-video-preview":"max-video-preview:-1"},"canonical":"https:\/\/www.nettali.com\/2025\/07\/14\/madiambal-diagne-sonko-croit-que-lemprisonnement-de-badara-gadiaga-sera-lantidote-aux-problemes-economiques-et-sociaux-du-senegal\/","og_locale":"fr_FR","og_type":"article","og_title":"MADIAMBAL DIAGNE- \"Sonko croit que l\u2019emprisonnement de Badara Gadiaga sera l\u2019antidote aux probl\u00e8mes \u00e9conomiques et sociaux du S\u00e9n\u00e9gal\"","og_description":"NETTALI.COM- Dans un message publi\u00e9 sur le r\u00e9seau social X, le journaliste et analyste politique Madiambal Diagne s\u2019est violemment oppos\u00e9 \u00e0 l\u2019arrestation de Badara Gadiaga. Il d\u00e9nonce une man\u0153uvre politique visant \u00e0 masquer les v\u00e9ritables d\u00e9fis du pays. La r\u00e9action ne s\u2019est pas fait attendre. Face \u00e0 l\u2019arrestation de Badara Gadiaga, figure proche de l\u2019opposition, [&hellip;]","og_url":"https:\/\/www.nettali.com\/2025\/07\/14\/madiambal-diagne-sonko-croit-que-lemprisonnement-de-badara-gadiaga-sera-lantidote-aux-problemes-economiques-et-sociaux-du-senegal\/","og_site_name":"Nettali.com","article_publisher":"https:\/\/www.facebook.com\/nettalicom","article_published_time":"2025-07-14T16:47:26+00:00","og_image":[{"width":794,"height":486,"url":"https:\/\/www.nettali.com\/wp-content\/uploads\/2019\/06\/Madiambal-Diagne-e1560084375148.jpg","type":"image\/jpeg"}],"twitter_card":"summary_large_image","twitter_misc":{"\u00c9crit par":"Daouda","Dur\u00e9e de lecture estim\u00e9e":"2 minutes"},"schema":{"@context":"https:\/\/schema.org","@graph":[{"@type":"WebSite","@id":"https:\/\/www.nettali.com\/#website","url":"https:\/\/www.nettali.com\/","name":"Nettali.com","description":"Le rendez-vous critique du Net","potentialAction":[{"@type":"SearchAction","target":{"@type":"EntryPoint","urlTemplate":"https:\/\/www.nettali.com\/?s={search_term_string}"},"query-input":"required name=search_term_string"}],"inLanguage":"fr-FR"},{"@type":"ImageObject","@id":"https:\/\/www.nettali.com\/2025\/07\/14\/madiambal-diagne-sonko-croit-que-lemprisonnement-de-badara-gadiaga-sera-lantidote-aux-problemes-economiques-et-sociaux-du-senegal\/#primaryimage","inLanguage":"fr-FR","url":"https:\/\/www.nettali.com\/wp-content\/uploads\/2019\/06\/Madiambal-Diagne-e1560084375148.jpg","contentUrl":"https:\/\/www.nettali.com\/wp-content\/uploads\/2019\/06\/Madiambal-Diagne-e1560084375148.jpg","width":794,"height":486},{"@type":"WebPage","@id":"https:\/\/www.nettali.com\/2025\/07\/14\/madiambal-diagne-sonko-croit-que-lemprisonnement-de-badara-gadiaga-sera-lantidote-aux-problemes-economiques-et-sociaux-du-senegal\/#webpage","url":"https:\/\/www.nettali.com\/2025\/07\/14\/madiambal-diagne-sonko-croit-que-lemprisonnement-de-badara-gadiaga-sera-lantidote-aux-problemes-economiques-et-sociaux-du-senegal\/","name":"MADIAMBAL DIAGNE- \"Sonko croit que l\u2019emprisonnement de Badara Gadiaga sera l\u2019antidote aux probl\u00e8mes \u00e9conomiques et sociaux du S\u00e9n\u00e9gal\" | Nettali.com","isPartOf":{"@id":"https:\/\/www.nettali.com\/#website"},"primaryImageOfPage":{"@id":"https:\/\/www.nettali.com\/2025\/07\/14\/madiambal-diagne-sonko-croit-que-lemprisonnement-de-badara-gadiaga-sera-lantidote-aux-problemes-economiques-et-sociaux-du-senegal\/#primaryimage"},"datePublished":"2025-07-14T16:47:26+00:00","dateModified":"2025-07-14T16:47:26+00:00","author":{"@id":"https:\/\/www.nettali.com\/#\/schema\/person\/3317e0bb3aa1da309fbf7b2780901bf4"},"breadcrumb":{"@id":"https:\/\/www.nettali.com\/2025\/07\/14\/madiambal-diagne-sonko-croit-que-lemprisonnement-de-badara-gadiaga-sera-lantidote-aux-problemes-economiques-et-sociaux-du-senegal\/#breadcrumb"},"inLanguage":"fr-FR","potentialAction":[{"@type":"ReadAction","target":["https:\/\/www.nettali.com\/2025\/07\/14\/madiambal-diagne-sonko-croit-que-lemprisonnement-de-badara-gadiaga-sera-lantidote-aux-problemes-economiques-et-sociaux-du-senegal\/"]}]},{"@type":"BreadcrumbList","@id":"https:\/\/www.nettali.com\/2025\/07\/14\/madiambal-diagne-sonko-croit-que-lemprisonnement-de-badara-gadiaga-sera-lantidote-aux-problemes-economiques-et-sociaux-du-senegal\/#breadcrumb","itemListElement":[{"@type":"ListItem","position":1,"name":"Accueil","item":"https:\/\/www.nettali.com\/"},{"@type":"ListItem","position":2,"name":"MADIAMBAL DIAGNE- \"Sonko croit que l\u2019emprisonnement de Badara Gadiaga sera l\u2019antidote aux probl\u00e8mes \u00e9conomiques et sociaux du S\u00e9n\u00e9gal\""}]},{"@type":"Person","@id":"https:\/\/www.nettali.com\/#\/schema\/person\/3317e0bb3aa1da309fbf7b2780901bf4","name":"Daouda","image":{"@type":"ImageObject","@id":"https:\/\/www.nettali.com\/#personlogo","inLanguage":"fr-FR","url":"https:\/\/secure.gravatar.com\/avatar\/8d143b5a49345098ddcfee1c49c2f47c?s=96&d=mm&r=g","contentUrl":"https:\/\/secure.gravatar.com\/avatar\/8d143b5a49345098ddcfee1c49c2f47c?s=96&d=mm&r=g","caption":"Daouda"},"sameAs":["https:\/\/www.nettali.com"]}]}},"_links":{"self":[{"href":"https:\/\/www.nettali.com\/rest\/wp\/v2\/posts\/157599"}],"collection":[{"href":"https:\/\/www.nettali.com\/rest\/wp\/v2\/posts"}],"about":[{"href":"https:\/\/www.nettali.com\/rest\/wp\/v2\/types\/post"}],"author":[{"embeddable":true,"href":"https:\/\/www.nettali.com\/rest\/wp\/v2\/users\/4"}],"replies":[{"embeddable":true,"href":"https:\/\/www.nettali.com\/rest\/wp\/v2\/comments?post=157599"}],"version-history":[{"count":1,"href":"https:\/\/www.nettali.com\/rest\/wp\/v2\/posts\/157599\/revisions"}],"predecessor-version":[{"id":157600,"href":"https:\/\/www.nettali.com\/rest\/wp\/v2\/posts\/157599\/revisions\/157600"}],"wp:featuredmedia":[{"embeddable":true,"href":"https:\/\/www.nettali.com\/rest\/wp\/v2\/media\/11132"}],"wp:attachment":[{"href":"https:\/\/www.nettali.com\/rest\/wp\/v2\/media?parent=157599"}],"wp:term":[{"taxonomy":"category","embeddable":true,"href":"https:\/\/www.nettali.com\/rest\/wp\/v2\/categories?post=157599"},{"taxonomy":"post_tag","embeddable":true,"href":"https:\/\/www.nettali.com\/rest\/wp\/v2\/tags?post=157599"}],"curies":[{"name":"wp","href":"https:\/\/api.w.org\/{rel}","templated":true}]}}