{"id":157574,"date":"2025-07-14T11:36:43","date_gmt":"2025-07-14T11:36:43","guid":{"rendered":"https:\/\/www.nettali.com\/?p=157574"},"modified":"2025-07-15T05:45:32","modified_gmt":"2025-07-15T05:45:32","slug":"justice-badara-gadiaga-sous-mandat-de-depot","status":"publish","type":"post","link":"https:\/\/www.nettali.com\/2025\/07\/14\/justice-badara-gadiaga-sous-mandat-de-depot\/","title":{"rendered":"JUSTICE - Badara Gadiaga sous mandat de d\u00e9p\u00f4t"},"content":{"rendered":"<p><strong>NETTALI.COM - Apr\u00e8s plusieurs jours de garde \u00e0 vue rythm\u00e9e notamment par des retours de parquet, Badara Gadiaga vient d'\u00eatre plac\u00e9 sous mandat de d\u00e9p\u00f4t. Et ce sont de lourdes charges qui sont retenues contre lui.\u00a0<\/strong><\/p>\n<p>Convoqu\u00e9 le 9 juillet dernier \u00e0 la Division sp\u00e9ciale de la cybers\u00e9curit\u00e9, Badara Gadiaga a pass\u00e9 plusieurs jours en garde \u00e0 vue. Et c'est finalement ce lundi 14 juillet 2025 qu'il a pu faire face au doyen des juges d'instruction. Comme requis par le procureur de la R\u00e9publique, le chroniqueur vient d'\u00eatre plac\u00e9 sous mandat de d\u00e9p\u00f4t par le juge. De lourdes charges sont retenues contre lui. Il s'agit notamment des chefs de \"<em>diffusion de fausses nouvelles<\/em>\", de \"<em>discours contraires aux bonnes m\u0153urs<\/em>\", d'\"<em>offense \u00e0 une personne exer\u00e7ant tout ou partie des pr\u00e9rogatives du chef de l\u2019Etat<\/em>\", mais aussi \"<em>r\u00e9ception, sollicitation ou acceptations de dons, pr\u00e9sents ou\u00a0 subsides en vue de mener une propagande susceptible de compromettre la s\u00e9curit\u00e9 de l'Etat<\/em>\". Suffisant pour mettre en col\u00e8re ses avocats.<\/p>\n<p>\"<em>Nous venons avec beaucoup de sid\u00e9ration, une tr\u00e8s grande \u00e9motion, vous annoncer que M. Badara Gadiaga, \u00e0 la suite de l'enqu\u00eate ouverte \u00e0 la Division sp\u00e9ciale de la cybers\u00e9curit\u00e9 sur r\u00e9quisitoire du procureur de la R\u00e9publique, vient d'\u00eatre inculp\u00e9 et plac\u00e9 sous mandat de d\u00e9p\u00f4t<\/em>\", rapporte Me El hadji Oumar Youm. Qui poursuit : \"<em>Nous d\u00e9non\u00e7ons, avec la plus grande fermet\u00e9, cette d\u00e9marche du parquet qui manque \u00e0 la fois de rigueur morale et de rigueur professionnelle. Nous estimons que le parquet est ici pour prot\u00e9ger les droits et les libert\u00e9s des citoyens, veiller sur les valeurs de la R\u00e9publique, mais aussi travailler, en intelligence dans la droite ligne du code de proc\u00e9dure p\u00e9nale et du code p\u00e9nale, \u00e0\u00a0 \u00e9viter des artifices innommables tendant \u00e0 mettre en p\u00e9ril les libert\u00e9s des citoyens<\/em>.\"<\/p>\n<p>L'avocat estime en fait que \"<em>le parquet sort de son p\u00e9rim\u00e8tre l\u00e9gal pour entrer dans un p\u00e9rim\u00e8tre ill\u00e9gal, cynique, injuste afin de museler des hommes politiques, chroniqueurs, etc<\/em>.\"\u00a0 \"<em>C'est une honte pour notre d\u00e9mocratie<\/em>\", tonne Me El hadji Oumar Youm. Il interpelle les acteurs de la Justice, notamment le b\u00e2tonnier de l'Ordre des avocats, sur les \"<em>agissements du parquet<\/em>\".<\/p>\n<p>L'avocat de Badara Gadiaga a toutefois tenu \u00e0 remercier le doyen des juges pour l'accueil et la courtoisie avec laquelle il a auditionn\u00e9 leur client.<\/p>\n<p>Il faut signaler aussi que vu la gravit\u00e9 des charges, le dossier de Badara Gadiaga est envoy\u00e9 en instruction. Autrement dit, le juge a six mois pour approfondir son enqu\u00eate.<\/p>\n<div class='share-to-whatsapp-wrapper'><div class='share-on-whsp'>PARTAGER SUR : <\/div><a data-text='JUSTICE - Badara Gadiaga sous mandat de d\u00e9p\u00f4t' data-link='https:\/\/www.nettali.com\/2025\/07\/14\/justice-badara-gadiaga-sous-mandat-de-depot\/' class='whatsapp-button whatsapp-share'>WhatsApp<\/a><div class='clear '><\/div><\/div>","protected":false},"excerpt":{"rendered":"<p>NETTALI.COM - Apr\u00e8s plusieurs jours de garde \u00e0 vue rythm\u00e9e notamment par des retours de parquet, Badara Gadiaga vient d'\u00eatre plac\u00e9 sous mandat de d\u00e9p\u00f4t. Et ce sont de lourdes charges qui sont retenues contre lui.\u00a0 Convoqu\u00e9 le 9 juillet dernier \u00e0 la Division sp\u00e9ciale de la cybers\u00e9curit\u00e9, Badara Gadiaga a pass\u00e9 plusieurs jours en [&hellip;]<\/p>\n","protected":false},"author":3,"featured_media":157396,"comment_status":"open","ping_status":"open","sticky":false,"template":"","format":"standard","meta":{"_et_pb_use_builder":"","_et_pb_old_content":""},"categories":[3],"tags":[],"yoast_head":"<!-- This site is optimized with the Yoast SEO Premium plugin v17.8 (Yoast SEO v17.8) - https:\/\/yoast.com\/wordpress\/plugins\/seo\/ -->\n<title>JUSTICE - Badara Gadiaga sous mandat de d\u00e9p\u00f4t | Nettali.com<\/title>\n<meta name=\"robots\" content=\"index, follow, max-snippet:-1, max-image-preview:large, max-video-preview:-1\" \/>\n<link rel=\"canonical\" href=\"https:\/\/www.nettali.com\/2025\/07\/14\/justice-badara-gadiaga-sous-mandat-de-depot\/\" \/>\n<meta property=\"og:locale\" content=\"fr_FR\" \/>\n<meta property=\"og:type\" content=\"article\" \/>\n<meta property=\"og:title\" content=\"JUSTICE - Badara Gadiaga sous mandat de d\u00e9p\u00f4t\" \/>\n<meta property=\"og:description\" content=\"NETTALI.COM - Apr\u00e8s plusieurs jours de garde \u00e0 vue rythm\u00e9e notamment par des retours de parquet, Badara Gadiaga vient d&#039;\u00eatre plac\u00e9 sous mandat de d\u00e9p\u00f4t. Et ce sont de lourdes charges qui sont retenues contre lui.\u00a0 Convoqu\u00e9 le 9 juillet dernier \u00e0 la Division sp\u00e9ciale de la cybers\u00e9curit\u00e9, Badara Gadiaga a pass\u00e9 plusieurs jours en [&hellip;]\" \/>\n<meta property=\"og:url\" content=\"https:\/\/www.nettali.com\/2025\/07\/14\/justice-badara-gadiaga-sous-mandat-de-depot\/\" \/>\n<meta property=\"og:site_name\" content=\"Nettali.com\" \/>\n<meta property=\"article:publisher\" content=\"https:\/\/www.facebook.com\/nettalicom\" \/>\n<meta property=\"article:published_time\" content=\"2025-07-14T11:36:43+00:00\" \/>\n<meta property=\"article:modified_time\" content=\"2025-07-15T05:45:32+00:00\" \/>\n<meta property=\"og:image\" content=\"https:\/\/www.nettali.com\/wp-content\/uploads\/2025\/07\/Badara-Gadiaga.jpg\" \/>\n\t<meta property=\"og:image:width\" content=\"750\" \/>\n\t<meta property=\"og:image:height\" content=\"375\" \/>\n<meta name=\"twitter:card\" content=\"summary_large_image\" \/>\n<meta name=\"twitter:label1\" content=\"\u00c9crit par\" \/>\n\t<meta name=\"twitter:data1\" content=\"Moustapha\" \/>\n\t<meta name=\"twitter:label2\" content=\"Dur\u00e9e de lecture estim\u00e9e\" \/>\n\t<meta name=\"twitter:data2\" content=\"3 minutes\" \/>\n<script type=\"application\/ld+json\" class=\"yoast-schema-graph\">{\"@context\":\"https:\/\/schema.org\",\"@graph\":[{\"@type\":\"WebSite\",\"@id\":\"https:\/\/www.nettali.com\/#website\",\"url\":\"https:\/\/www.nettali.com\/\",\"name\":\"Nettali.com\",\"description\":\"Le rendez-vous critique du Net\",\"potentialAction\":[{\"@type\":\"SearchAction\",\"target\":{\"@type\":\"EntryPoint\",\"urlTemplate\":\"https:\/\/www.nettali.com\/?s={search_term_string}\"},\"query-input\":\"required name=search_term_string\"}],\"inLanguage\":\"fr-FR\"},{\"@type\":\"ImageObject\",\"@id\":\"https:\/\/www.nettali.com\/2025\/07\/14\/justice-badara-gadiaga-sous-mandat-de-depot\/#primaryimage\",\"inLanguage\":\"fr-FR\",\"url\":\"https:\/\/www.nettali.com\/wp-content\/uploads\/2025\/07\/Badara-Gadiaga.jpg\",\"contentUrl\":\"https:\/\/www.nettali.com\/wp-content\/uploads\/2025\/07\/Badara-Gadiaga.jpg\",\"width\":750,\"height\":375},{\"@type\":\"WebPage\",\"@id\":\"https:\/\/www.nettali.com\/2025\/07\/14\/justice-badara-gadiaga-sous-mandat-de-depot\/#webpage\",\"url\":\"https:\/\/www.nettali.com\/2025\/07\/14\/justice-badara-gadiaga-sous-mandat-de-depot\/\",\"name\":\"JUSTICE - Badara Gadiaga sous mandat de d\\u00e9p\\u00f4t | Nettali.com\",\"isPartOf\":{\"@id\":\"https:\/\/www.nettali.com\/#website\"},\"primaryImageOfPage\":{\"@id\":\"https:\/\/www.nettali.com\/2025\/07\/14\/justice-badara-gadiaga-sous-mandat-de-depot\/#primaryimage\"},\"datePublished\":\"2025-07-14T11:36:43+00:00\",\"dateModified\":\"2025-07-15T05:45:32+00:00\",\"author\":{\"@id\":\"https:\/\/www.nettali.com\/#\/schema\/person\/7962a12a6e0267f88f0ffa544c36469a\"},\"breadcrumb\":{\"@id\":\"https:\/\/www.nettali.com\/2025\/07\/14\/justice-badara-gadiaga-sous-mandat-de-depot\/#breadcrumb\"},\"inLanguage\":\"fr-FR\",\"potentialAction\":[{\"@type\":\"ReadAction\",\"target\":[\"https:\/\/www.nettali.com\/2025\/07\/14\/justice-badara-gadiaga-sous-mandat-de-depot\/\"]}]},{\"@type\":\"BreadcrumbList\",\"@id\":\"https:\/\/www.nettali.com\/2025\/07\/14\/justice-badara-gadiaga-sous-mandat-de-depot\/#breadcrumb\",\"itemListElement\":[{\"@type\":\"ListItem\",\"position\":1,\"name\":\"Accueil\",\"item\":\"https:\/\/www.nettali.com\/\"},{\"@type\":\"ListItem\",\"position\":2,\"name\":\"JUSTICE - Badara Gadiaga sous mandat de d\\u00e9p\\u00f4t\"}]},{\"@type\":\"Person\",\"@id\":\"https:\/\/www.nettali.com\/#\/schema\/person\/7962a12a6e0267f88f0ffa544c36469a\",\"name\":\"Moustapha\",\"image\":{\"@type\":\"ImageObject\",\"@id\":\"https:\/\/www.nettali.com\/#personlogo\",\"inLanguage\":\"fr-FR\",\"url\":\"https:\/\/secure.gravatar.com\/avatar\/10fdf6a071cccdcf374e3dbe45159590?s=96&d=mm&r=g\",\"contentUrl\":\"https:\/\/secure.gravatar.com\/avatar\/10fdf6a071cccdcf374e3dbe45159590?s=96&d=mm&r=g\",\"caption\":\"Moustapha\"},\"sameAs\":[\"https:\/\/www.nettali.com\"]}]}<\/script>\n<!-- \/ Yoast SEO Premium plugin. -->","yoast_head_json":{"title":"JUSTICE - Badara Gadiaga sous mandat de d\u00e9p\u00f4t | Nettali.com","robots":{"index":"index","follow":"follow","max-snippet":"max-snippet:-1","max-image-preview":"max-image-preview:large","max-video-preview":"max-video-preview:-1"},"canonical":"https:\/\/www.nettali.com\/2025\/07\/14\/justice-badara-gadiaga-sous-mandat-de-depot\/","og_locale":"fr_FR","og_type":"article","og_title":"JUSTICE - Badara Gadiaga sous mandat de d\u00e9p\u00f4t","og_description":"NETTALI.COM - Apr\u00e8s plusieurs jours de garde \u00e0 vue rythm\u00e9e notamment par des retours de parquet, Badara Gadiaga vient d'\u00eatre plac\u00e9 sous mandat de d\u00e9p\u00f4t. Et ce sont de lourdes charges qui sont retenues contre lui.\u00a0 Convoqu\u00e9 le 9 juillet dernier \u00e0 la Division sp\u00e9ciale de la cybers\u00e9curit\u00e9, Badara Gadiaga a pass\u00e9 plusieurs jours en [&hellip;]","og_url":"https:\/\/www.nettali.com\/2025\/07\/14\/justice-badara-gadiaga-sous-mandat-de-depot\/","og_site_name":"Nettali.com","article_publisher":"https:\/\/www.facebook.com\/nettalicom","article_published_time":"2025-07-14T11:36:43+00:00","article_modified_time":"2025-07-15T05:45:32+00:00","og_image":[{"width":750,"height":375,"url":"https:\/\/www.nettali.com\/wp-content\/uploads\/2025\/07\/Badara-Gadiaga.jpg","type":"image\/jpeg"}],"twitter_card":"summary_large_image","twitter_misc":{"\u00c9crit par":"Moustapha","Dur\u00e9e de lecture estim\u00e9e":"3 minutes"},"schema":{"@context":"https:\/\/schema.org","@graph":[{"@type":"WebSite","@id":"https:\/\/www.nettali.com\/#website","url":"https:\/\/www.nettali.com\/","name":"Nettali.com","description":"Le rendez-vous critique du Net","potentialAction":[{"@type":"SearchAction","target":{"@type":"EntryPoint","urlTemplate":"https:\/\/www.nettali.com\/?s={search_term_string}"},"query-input":"required name=search_term_string"}],"inLanguage":"fr-FR"},{"@type":"ImageObject","@id":"https:\/\/www.nettali.com\/2025\/07\/14\/justice-badara-gadiaga-sous-mandat-de-depot\/#primaryimage","inLanguage":"fr-FR","url":"https:\/\/www.nettali.com\/wp-content\/uploads\/2025\/07\/Badara-Gadiaga.jpg","contentUrl":"https:\/\/www.nettali.com\/wp-content\/uploads\/2025\/07\/Badara-Gadiaga.jpg","width":750,"height":375},{"@type":"WebPage","@id":"https:\/\/www.nettali.com\/2025\/07\/14\/justice-badara-gadiaga-sous-mandat-de-depot\/#webpage","url":"https:\/\/www.nettali.com\/2025\/07\/14\/justice-badara-gadiaga-sous-mandat-de-depot\/","name":"JUSTICE - Badara Gadiaga sous mandat de d\u00e9p\u00f4t | Nettali.com","isPartOf":{"@id":"https:\/\/www.nettali.com\/#website"},"primaryImageOfPage":{"@id":"https:\/\/www.nettali.com\/2025\/07\/14\/justice-badara-gadiaga-sous-mandat-de-depot\/#primaryimage"},"datePublished":"2025-07-14T11:36:43+00:00","dateModified":"2025-07-15T05:45:32+00:00","author":{"@id":"https:\/\/www.nettali.com\/#\/schema\/person\/7962a12a6e0267f88f0ffa544c36469a"},"breadcrumb":{"@id":"https:\/\/www.nettali.com\/2025\/07\/14\/justice-badara-gadiaga-sous-mandat-de-depot\/#breadcrumb"},"inLanguage":"fr-FR","potentialAction":[{"@type":"ReadAction","target":["https:\/\/www.nettali.com\/2025\/07\/14\/justice-badara-gadiaga-sous-mandat-de-depot\/"]}]},{"@type":"BreadcrumbList","@id":"https:\/\/www.nettali.com\/2025\/07\/14\/justice-badara-gadiaga-sous-mandat-de-depot\/#breadcrumb","itemListElement":[{"@type":"ListItem","position":1,"name":"Accueil","item":"https:\/\/www.nettali.com\/"},{"@type":"ListItem","position":2,"name":"JUSTICE - Badara Gadiaga sous mandat de d\u00e9p\u00f4t"}]},{"@type":"Person","@id":"https:\/\/www.nettali.com\/#\/schema\/person\/7962a12a6e0267f88f0ffa544c36469a","name":"Moustapha","image":{"@type":"ImageObject","@id":"https:\/\/www.nettali.com\/#personlogo","inLanguage":"fr-FR","url":"https:\/\/secure.gravatar.com\/avatar\/10fdf6a071cccdcf374e3dbe45159590?s=96&d=mm&r=g","contentUrl":"https:\/\/secure.gravatar.com\/avatar\/10fdf6a071cccdcf374e3dbe45159590?s=96&d=mm&r=g","caption":"Moustapha"},"sameAs":["https:\/\/www.nettali.com"]}]}},"_links":{"self":[{"href":"https:\/\/www.nettali.com\/rest\/wp\/v2\/posts\/157574"}],"collection":[{"href":"https:\/\/www.nettali.com\/rest\/wp\/v2\/posts"}],"about":[{"href":"https:\/\/www.nettali.com\/rest\/wp\/v2\/types\/post"}],"author":[{"embeddable":true,"href":"https:\/\/www.nettali.com\/rest\/wp\/v2\/users\/3"}],"replies":[{"embeddable":true,"href":"https:\/\/www.nettali.com\/rest\/wp\/v2\/comments?post=157574"}],"version-history":[{"count":6,"href":"https:\/\/www.nettali.com\/rest\/wp\/v2\/posts\/157574\/revisions"}],"predecessor-version":[{"id":157583,"href":"https:\/\/www.nettali.com\/rest\/wp\/v2\/posts\/157574\/revisions\/157583"}],"wp:featuredmedia":[{"embeddable":true,"href":"https:\/\/www.nettali.com\/rest\/wp\/v2\/media\/157396"}],"wp:attachment":[{"href":"https:\/\/www.nettali.com\/rest\/wp\/v2\/media?parent=157574"}],"wp:term":[{"taxonomy":"category","embeddable":true,"href":"https:\/\/www.nettali.com\/rest\/wp\/v2\/categories?post=157574"},{"taxonomy":"post_tag","embeddable":true,"href":"https:\/\/www.nettali.com\/rest\/wp\/v2\/tags?post=157574"}],"curies":[{"name":"wp","href":"https:\/\/api.w.org\/{rel}","templated":true}]}}