{"id":157544,"date":"2025-07-14T11:00:56","date_gmt":"2025-07-14T11:00:56","guid":{"rendered":"https:\/\/www.nettali.com\/?p=157544"},"modified":"2025-07-14T06:36:01","modified_gmt":"2025-07-14T06:36:01","slug":"psg-beraldo-a-demande-son-depart","status":"publish","type":"post","link":"https:\/\/www.nettali.com\/2025\/07\/14\/psg-beraldo-a-demande-son-depart\/","title":{"rendered":"PSG - Beraldo a demand\u00e9 son d\u00e9part !"},"content":{"rendered":"<p><strong>NETTALI.COM -<\/strong> En grande difficult\u00e9 contre Chelsea (0- 3) ce dimanche lors de la finale de la Coupe du monde des Clubs, le d\u00e9fenseur central Lucas Beraldo (21 ans, 25 matchs et 1 but en L1 pour la saison 2024-2025) a peut-\u00eatre disput\u00e9 son dernier match avec le Paris Saint-Germain !<\/p>\n<p>D'apr\u00e8s les informations du quotidien L'Equipe ce lundi, le Br\u00e9silien a inform\u00e9 le champion d'Europe, pendant le tournoi aux Etats-Unis, de son souhait de partir sur ce mercato d'\u00e9t\u00e9. Pour passer un cap dans sa carri\u00e8re, l'ancien joueur de Sao Paulo souhaite rejoindre une \u00e9quipe o\u00f9 il aura un statut de titulaire.<\/p>\n<p>Avec la volont\u00e9 de pouvoir compter sur des \u00e9l\u00e9ments totalement investis, le PSG a valid\u00e9, sur le principe, le d\u00e9part de l'Auriverde. Cependant, Paris a tout de m\u00eame fix\u00e9 deux conditions : l'arriv\u00e9e du roc de Bournemouth Illia Zabarnyi en d\u00e9fense centrale et une offre satisfaisante. Les dirigeants parisiens attendent au moins 30 millions d'euros pour c\u00e9der Beraldo, sous contrat jusqu'en juin 2028.<\/p>\n<div class='share-to-whatsapp-wrapper'><div class='share-on-whsp'>PARTAGER SUR : <\/div><a data-text='PSG - Beraldo a demand\u00e9 son d\u00e9part !' data-link='https:\/\/www.nettali.com\/2025\/07\/14\/psg-beraldo-a-demande-son-depart\/' class='whatsapp-button whatsapp-share'>WhatsApp<\/a><div class='clear '><\/div><\/div>","protected":false},"excerpt":{"rendered":"<p>NETTALI.COM - En grande difficult\u00e9 contre Chelsea (0- 3) ce dimanche lors de la finale de la Coupe du monde des Clubs, le d\u00e9fenseur central Lucas Beraldo (21 ans, 25 matchs et 1 but en L1 pour la saison 2024-2025) a peut-\u00eatre disput\u00e9 son dernier match avec le Paris Saint-Germain ! D'apr\u00e8s les informations du [&hellip;]<\/p>\n","protected":false},"author":2,"featured_media":157549,"comment_status":"open","ping_status":"open","sticky":false,"template":"","format":"standard","meta":{"_et_pb_use_builder":"","_et_pb_old_content":""},"categories":[6],"tags":[],"yoast_head":"<!-- This site is optimized with the Yoast SEO Premium plugin v17.8 (Yoast SEO v17.8) - https:\/\/yoast.com\/wordpress\/plugins\/seo\/ -->\n<title>PSG - Beraldo a demand\u00e9 son d\u00e9part ! | Nettali.com<\/title>\n<meta name=\"robots\" content=\"index, follow, max-snippet:-1, max-image-preview:large, max-video-preview:-1\" \/>\n<link rel=\"canonical\" href=\"https:\/\/www.nettali.com\/2025\/07\/14\/psg-beraldo-a-demande-son-depart\/\" \/>\n<meta property=\"og:locale\" content=\"fr_FR\" \/>\n<meta property=\"og:type\" content=\"article\" \/>\n<meta property=\"og:title\" content=\"PSG - Beraldo a demand\u00e9 son d\u00e9part !\" \/>\n<meta property=\"og:description\" content=\"NETTALI.COM - En grande difficult\u00e9 contre Chelsea (0- 3) ce dimanche lors de la finale de la Coupe du monde des Clubs, le d\u00e9fenseur central Lucas Beraldo (21 ans, 25 matchs et 1 but en L1 pour la saison 2024-2025) a peut-\u00eatre disput\u00e9 son dernier match avec le Paris Saint-Germain ! D&#039;apr\u00e8s les informations du [&hellip;]\" \/>\n<meta property=\"og:url\" content=\"https:\/\/www.nettali.com\/2025\/07\/14\/psg-beraldo-a-demande-son-depart\/\" \/>\n<meta property=\"og:site_name\" content=\"Nettali.com\" \/>\n<meta property=\"article:publisher\" content=\"https:\/\/www.facebook.com\/nettalicom\" \/>\n<meta property=\"article:published_time\" content=\"2025-07-14T11:00:56+00:00\" \/>\n<meta property=\"article:modified_time\" content=\"2025-07-14T06:36:01+00:00\" \/>\n<meta property=\"og:image\" content=\"https:\/\/www.nettali.com\/wp-content\/uploads\/2025\/07\/742_ccad2b6fd22b21b2d4658fbea60dbfce.jpg\" \/>\n\t<meta property=\"og:image:width\" content=\"742\" \/>\n\t<meta property=\"og:image:height\" content=\"377\" \/>\n<meta name=\"twitter:card\" content=\"summary_large_image\" \/>\n<meta name=\"twitter:label1\" content=\"\u00c9crit par\" \/>\n\t<meta name=\"twitter:data1\" content=\"CK\" \/>\n\t<meta name=\"twitter:label2\" content=\"Dur\u00e9e de lecture estim\u00e9e\" \/>\n\t<meta name=\"twitter:data2\" content=\"1 minute\" \/>\n<script type=\"application\/ld+json\" class=\"yoast-schema-graph\">{\"@context\":\"https:\/\/schema.org\",\"@graph\":[{\"@type\":\"WebSite\",\"@id\":\"https:\/\/www.nettali.com\/#website\",\"url\":\"https:\/\/www.nettali.com\/\",\"name\":\"Nettali.com\",\"description\":\"Le rendez-vous critique du Net\",\"potentialAction\":[{\"@type\":\"SearchAction\",\"target\":{\"@type\":\"EntryPoint\",\"urlTemplate\":\"https:\/\/www.nettali.com\/?s={search_term_string}\"},\"query-input\":\"required name=search_term_string\"}],\"inLanguage\":\"fr-FR\"},{\"@type\":\"ImageObject\",\"@id\":\"https:\/\/www.nettali.com\/2025\/07\/14\/psg-beraldo-a-demande-son-depart\/#primaryimage\",\"inLanguage\":\"fr-FR\",\"url\":\"https:\/\/www.nettali.com\/wp-content\/uploads\/2025\/07\/742_ccad2b6fd22b21b2d4658fbea60dbfce.jpg\",\"contentUrl\":\"https:\/\/www.nettali.com\/wp-content\/uploads\/2025\/07\/742_ccad2b6fd22b21b2d4658fbea60dbfce.jpg\",\"width\":742,\"height\":377},{\"@type\":\"WebPage\",\"@id\":\"https:\/\/www.nettali.com\/2025\/07\/14\/psg-beraldo-a-demande-son-depart\/#webpage\",\"url\":\"https:\/\/www.nettali.com\/2025\/07\/14\/psg-beraldo-a-demande-son-depart\/\",\"name\":\"PSG - Beraldo a demand\\u00e9 son d\\u00e9part ! | Nettali.com\",\"isPartOf\":{\"@id\":\"https:\/\/www.nettali.com\/#website\"},\"primaryImageOfPage\":{\"@id\":\"https:\/\/www.nettali.com\/2025\/07\/14\/psg-beraldo-a-demande-son-depart\/#primaryimage\"},\"datePublished\":\"2025-07-14T11:00:56+00:00\",\"dateModified\":\"2025-07-14T06:36:01+00:00\",\"author\":{\"@id\":\"https:\/\/www.nettali.com\/#\/schema\/person\/d8ac7b7e27ddad43f1c0d2ef090d7f71\"},\"breadcrumb\":{\"@id\":\"https:\/\/www.nettali.com\/2025\/07\/14\/psg-beraldo-a-demande-son-depart\/#breadcrumb\"},\"inLanguage\":\"fr-FR\",\"potentialAction\":[{\"@type\":\"ReadAction\",\"target\":[\"https:\/\/www.nettali.com\/2025\/07\/14\/psg-beraldo-a-demande-son-depart\/\"]}]},{\"@type\":\"BreadcrumbList\",\"@id\":\"https:\/\/www.nettali.com\/2025\/07\/14\/psg-beraldo-a-demande-son-depart\/#breadcrumb\",\"itemListElement\":[{\"@type\":\"ListItem\",\"position\":1,\"name\":\"Accueil\",\"item\":\"https:\/\/www.nettali.com\/\"},{\"@type\":\"ListItem\",\"position\":2,\"name\":\"PSG - Beraldo a demand\\u00e9 son d\\u00e9part !\"}]},{\"@type\":\"Person\",\"@id\":\"https:\/\/www.nettali.com\/#\/schema\/person\/d8ac7b7e27ddad43f1c0d2ef090d7f71\",\"name\":\"CK\",\"image\":{\"@type\":\"ImageObject\",\"@id\":\"https:\/\/www.nettali.com\/#personlogo\",\"inLanguage\":\"fr-FR\",\"url\":\"https:\/\/secure.gravatar.com\/avatar\/1d8d5118b9327d94da7cd4ce7f17fec2?s=96&d=mm&r=g\",\"contentUrl\":\"https:\/\/secure.gravatar.com\/avatar\/1d8d5118b9327d94da7cd4ce7f17fec2?s=96&d=mm&r=g\",\"caption\":\"CK\"},\"sameAs\":[\"https:\/\/www.nettali.com\"]}]}<\/script>\n<!-- \/ Yoast SEO Premium plugin. -->","yoast_head_json":{"title":"PSG - Beraldo a demand\u00e9 son d\u00e9part ! | Nettali.com","robots":{"index":"index","follow":"follow","max-snippet":"max-snippet:-1","max-image-preview":"max-image-preview:large","max-video-preview":"max-video-preview:-1"},"canonical":"https:\/\/www.nettali.com\/2025\/07\/14\/psg-beraldo-a-demande-son-depart\/","og_locale":"fr_FR","og_type":"article","og_title":"PSG - Beraldo a demand\u00e9 son d\u00e9part !","og_description":"NETTALI.COM - En grande difficult\u00e9 contre Chelsea (0- 3) ce dimanche lors de la finale de la Coupe du monde des Clubs, le d\u00e9fenseur central Lucas Beraldo (21 ans, 25 matchs et 1 but en L1 pour la saison 2024-2025) a peut-\u00eatre disput\u00e9 son dernier match avec le Paris Saint-Germain ! D'apr\u00e8s les informations du [&hellip;]","og_url":"https:\/\/www.nettali.com\/2025\/07\/14\/psg-beraldo-a-demande-son-depart\/","og_site_name":"Nettali.com","article_publisher":"https:\/\/www.facebook.com\/nettalicom","article_published_time":"2025-07-14T11:00:56+00:00","article_modified_time":"2025-07-14T06:36:01+00:00","og_image":[{"width":742,"height":377,"url":"https:\/\/www.nettali.com\/wp-content\/uploads\/2025\/07\/742_ccad2b6fd22b21b2d4658fbea60dbfce.jpg","type":"image\/jpeg"}],"twitter_card":"summary_large_image","twitter_misc":{"\u00c9crit par":"CK","Dur\u00e9e de lecture estim\u00e9e":"1 minute"},"schema":{"@context":"https:\/\/schema.org","@graph":[{"@type":"WebSite","@id":"https:\/\/www.nettali.com\/#website","url":"https:\/\/www.nettali.com\/","name":"Nettali.com","description":"Le rendez-vous critique du Net","potentialAction":[{"@type":"SearchAction","target":{"@type":"EntryPoint","urlTemplate":"https:\/\/www.nettali.com\/?s={search_term_string}"},"query-input":"required name=search_term_string"}],"inLanguage":"fr-FR"},{"@type":"ImageObject","@id":"https:\/\/www.nettali.com\/2025\/07\/14\/psg-beraldo-a-demande-son-depart\/#primaryimage","inLanguage":"fr-FR","url":"https:\/\/www.nettali.com\/wp-content\/uploads\/2025\/07\/742_ccad2b6fd22b21b2d4658fbea60dbfce.jpg","contentUrl":"https:\/\/www.nettali.com\/wp-content\/uploads\/2025\/07\/742_ccad2b6fd22b21b2d4658fbea60dbfce.jpg","width":742,"height":377},{"@type":"WebPage","@id":"https:\/\/www.nettali.com\/2025\/07\/14\/psg-beraldo-a-demande-son-depart\/#webpage","url":"https:\/\/www.nettali.com\/2025\/07\/14\/psg-beraldo-a-demande-son-depart\/","name":"PSG - Beraldo a demand\u00e9 son d\u00e9part ! | Nettali.com","isPartOf":{"@id":"https:\/\/www.nettali.com\/#website"},"primaryImageOfPage":{"@id":"https:\/\/www.nettali.com\/2025\/07\/14\/psg-beraldo-a-demande-son-depart\/#primaryimage"},"datePublished":"2025-07-14T11:00:56+00:00","dateModified":"2025-07-14T06:36:01+00:00","author":{"@id":"https:\/\/www.nettali.com\/#\/schema\/person\/d8ac7b7e27ddad43f1c0d2ef090d7f71"},"breadcrumb":{"@id":"https:\/\/www.nettali.com\/2025\/07\/14\/psg-beraldo-a-demande-son-depart\/#breadcrumb"},"inLanguage":"fr-FR","potentialAction":[{"@type":"ReadAction","target":["https:\/\/www.nettali.com\/2025\/07\/14\/psg-beraldo-a-demande-son-depart\/"]}]},{"@type":"BreadcrumbList","@id":"https:\/\/www.nettali.com\/2025\/07\/14\/psg-beraldo-a-demande-son-depart\/#breadcrumb","itemListElement":[{"@type":"ListItem","position":1,"name":"Accueil","item":"https:\/\/www.nettali.com\/"},{"@type":"ListItem","position":2,"name":"PSG - Beraldo a demand\u00e9 son d\u00e9part !"}]},{"@type":"Person","@id":"https:\/\/www.nettali.com\/#\/schema\/person\/d8ac7b7e27ddad43f1c0d2ef090d7f71","name":"CK","image":{"@type":"ImageObject","@id":"https:\/\/www.nettali.com\/#personlogo","inLanguage":"fr-FR","url":"https:\/\/secure.gravatar.com\/avatar\/1d8d5118b9327d94da7cd4ce7f17fec2?s=96&d=mm&r=g","contentUrl":"https:\/\/secure.gravatar.com\/avatar\/1d8d5118b9327d94da7cd4ce7f17fec2?s=96&d=mm&r=g","caption":"CK"},"sameAs":["https:\/\/www.nettali.com"]}]}},"_links":{"self":[{"href":"https:\/\/www.nettali.com\/rest\/wp\/v2\/posts\/157544"}],"collection":[{"href":"https:\/\/www.nettali.com\/rest\/wp\/v2\/posts"}],"about":[{"href":"https:\/\/www.nettali.com\/rest\/wp\/v2\/types\/post"}],"author":[{"embeddable":true,"href":"https:\/\/www.nettali.com\/rest\/wp\/v2\/users\/2"}],"replies":[{"embeddable":true,"href":"https:\/\/www.nettali.com\/rest\/wp\/v2\/comments?post=157544"}],"version-history":[{"count":1,"href":"https:\/\/www.nettali.com\/rest\/wp\/v2\/posts\/157544\/revisions"}],"predecessor-version":[{"id":157545,"href":"https:\/\/www.nettali.com\/rest\/wp\/v2\/posts\/157544\/revisions\/157545"}],"wp:featuredmedia":[{"embeddable":true,"href":"https:\/\/www.nettali.com\/rest\/wp\/v2\/media\/157549"}],"wp:attachment":[{"href":"https:\/\/www.nettali.com\/rest\/wp\/v2\/media?parent=157544"}],"wp:term":[{"taxonomy":"category","embeddable":true,"href":"https:\/\/www.nettali.com\/rest\/wp\/v2\/categories?post=157544"},{"taxonomy":"post_tag","embeddable":true,"href":"https:\/\/www.nettali.com\/rest\/wp\/v2\/tags?post=157544"}],"curies":[{"name":"wp","href":"https:\/\/api.w.org\/{rel}","templated":true}]}}