{"id":157538,"date":"2025-07-14T06:19:15","date_gmt":"2025-07-14T06:19:15","guid":{"rendered":"https:\/\/www.nettali.com\/?p=157538"},"modified":"2025-07-14T06:19:15","modified_gmt":"2025-07-14T06:19:15","slug":"pastef-les-femmes-du-parti-appellent-a-faire-bloc-derriere-la-vision-du-president-ousmane-sonko","status":"publish","type":"post","link":"https:\/\/www.nettali.com\/2025\/07\/14\/pastef-les-femmes-du-parti-appellent-a-faire-bloc-derriere-la-vision-du-president-ousmane-sonko\/","title":{"rendered":"PASTEF - Les femmes du parti appellent \"\u00e0 faire bloc derri\u00e8re la vision du Pr\u00e9sident Ousmane Sonko\""},"content":{"rendered":"<p><strong>NETTALI.COM -<\/strong> Les femmes de Pastef font bloc derri\u00e8re leur leader Ousmane Sonko. Dans une d\u00e9claration rendue public, le dimanche 13 juillet, le Mouvement national des femmes de PASTEF dit exprimer \u201c<em>son adh\u00e9sion totale et sa d\u00e9termination \u00e0 faire \u00e9cho \u00e0 l\u2019appel historique \u00e0 l\u2019unit\u00e9, \u00e0 la discipline et \u00e0 l'engagement militant<\/em>\u201d lanc\u00e9 par le pr\u00e9sident du parti, il y a quelques jours.<\/p>\n<p>\u201c<em>Face aux d\u00e9fis immenses de la transformation de notre pays, nous n'avons ni le droit \u00e0 l\u2019erreur, ni le luxe des divisions internes. Le peuple s\u00e9n\u00e9galais nous a confi\u00e9 une mission de haute port\u00e9e : mat\u00e9rialiser un projet de rupture, de justice, de dignit\u00e9 et de souverainet\u00e9. Nous ne devons pas trahir cet espoir\u201d, \u00e9crit la Pr\u00e9sidente Nationale, Ma\u00efmouna Di\u00e8ye. Avant de lancer un appel aux militants, notamment, les femmes et les jeunes, \u201c\u00e0 faire bloc derri\u00e8re la vision du Pr\u00e9sident Ousmane Sonko<\/em>\u201d.<\/p>\n<p>Car, \u00e0 ses yeux, \u201c<em>il est urgent de taire les divergences, de bannir les logiques de clans, de rejeter toute manoeuvre souterraine et de (se) consacrer enti\u00e8rement \u00e0 la r\u00e9ussite du projet national patriote<\/em>\u201d.<\/p>\n<p>Ainsi, les femmes du parti s\u2019engagent \u00e0 promouvoir la coh\u00e9sion et l\u2019unit\u00e9 au sein de notre parti ; \u00e0 renforcer la fraternit\u00e9 militante et apaiser les rapports internes ; \u00e0 soutenir avec loyaut\u00e9 et vigilance les actions du gouvernement ; et \u00e0 r\u00e9investir le terrain politique, \u00e0 l\u2019\u00e9coute du peuple, sans arrogance, avec humilit\u00e9 et engagement.<\/p>\n<div class='share-to-whatsapp-wrapper'><div class='share-on-whsp'>PARTAGER SUR : <\/div><a data-text='PASTEF - Les femmes du parti appellent \"\u00e0 faire bloc derri\u00e8re la vision du Pr\u00e9sident Ousmane Sonko\"' data-link='https:\/\/www.nettali.com\/2025\/07\/14\/pastef-les-femmes-du-parti-appellent-a-faire-bloc-derriere-la-vision-du-president-ousmane-sonko\/' class='whatsapp-button whatsapp-share'>WhatsApp<\/a><div class='clear '><\/div><\/div>","protected":false},"excerpt":{"rendered":"<p>NETTALI.COM - Les femmes de Pastef font bloc derri\u00e8re leur leader Ousmane Sonko. Dans une d\u00e9claration rendue public, le dimanche 13 juillet, le Mouvement national des femmes de PASTEF dit exprimer \u201cson adh\u00e9sion totale et sa d\u00e9termination \u00e0 faire \u00e9cho \u00e0 l\u2019appel historique \u00e0 l\u2019unit\u00e9, \u00e0 la discipline et \u00e0 l'engagement militant\u201d lanc\u00e9 par le [&hellip;]<\/p>\n","protected":false},"author":2,"featured_media":157539,"comment_status":"open","ping_status":"open","sticky":false,"template":"","format":"standard","meta":{"_et_pb_use_builder":"","_et_pb_old_content":""},"categories":[2],"tags":[],"yoast_head":"<!-- This site is optimized with the Yoast SEO Premium plugin v17.8 (Yoast SEO v17.8) - https:\/\/yoast.com\/wordpress\/plugins\/seo\/ -->\n<title>PASTEF - Les femmes du parti appellent &quot;\u00e0 faire bloc derri\u00e8re la vision du Pr\u00e9sident Ousmane Sonko&quot; | Nettali.com<\/title>\n<meta name=\"robots\" content=\"index, follow, max-snippet:-1, max-image-preview:large, max-video-preview:-1\" \/>\n<link rel=\"canonical\" href=\"https:\/\/www.nettali.com\/2025\/07\/14\/pastef-les-femmes-du-parti-appellent-a-faire-bloc-derriere-la-vision-du-president-ousmane-sonko\/\" \/>\n<meta property=\"og:locale\" content=\"fr_FR\" \/>\n<meta property=\"og:type\" content=\"article\" \/>\n<meta property=\"og:title\" content=\"PASTEF - Les femmes du parti appellent &quot;\u00e0 faire bloc derri\u00e8re la vision du Pr\u00e9sident Ousmane Sonko&quot;\" \/>\n<meta property=\"og:description\" content=\"NETTALI.COM - Les femmes de Pastef font bloc derri\u00e8re leur leader Ousmane Sonko. Dans une d\u00e9claration rendue public, le dimanche 13 juillet, le Mouvement national des femmes de PASTEF dit exprimer \u201cson adh\u00e9sion totale et sa d\u00e9termination \u00e0 faire \u00e9cho \u00e0 l\u2019appel historique \u00e0 l\u2019unit\u00e9, \u00e0 la discipline et \u00e0 l&#039;engagement militant\u201d lanc\u00e9 par le [&hellip;]\" \/>\n<meta property=\"og:url\" content=\"https:\/\/www.nettali.com\/2025\/07\/14\/pastef-les-femmes-du-parti-appellent-a-faire-bloc-derriere-la-vision-du-president-ousmane-sonko\/\" \/>\n<meta property=\"og:site_name\" content=\"Nettali.com\" \/>\n<meta property=\"article:publisher\" content=\"https:\/\/www.facebook.com\/nettalicom\" \/>\n<meta property=\"article:published_time\" content=\"2025-07-14T06:19:15+00:00\" \/>\n<meta property=\"og:image\" content=\"https:\/\/www.nettali.com\/wp-content\/uploads\/2025\/07\/maimounadieye_.jpg\" \/>\n\t<meta property=\"og:image:width\" content=\"600\" \/>\n\t<meta property=\"og:image:height\" content=\"358\" \/>\n<meta name=\"twitter:card\" content=\"summary_large_image\" \/>\n<meta name=\"twitter:label1\" content=\"\u00c9crit par\" \/>\n\t<meta name=\"twitter:data1\" content=\"CK\" \/>\n\t<meta name=\"twitter:label2\" content=\"Dur\u00e9e de lecture estim\u00e9e\" \/>\n\t<meta name=\"twitter:data2\" content=\"2 minutes\" \/>\n<script type=\"application\/ld+json\" class=\"yoast-schema-graph\">{\"@context\":\"https:\/\/schema.org\",\"@graph\":[{\"@type\":\"WebSite\",\"@id\":\"https:\/\/www.nettali.com\/#website\",\"url\":\"https:\/\/www.nettali.com\/\",\"name\":\"Nettali.com\",\"description\":\"Le rendez-vous critique du Net\",\"potentialAction\":[{\"@type\":\"SearchAction\",\"target\":{\"@type\":\"EntryPoint\",\"urlTemplate\":\"https:\/\/www.nettali.com\/?s={search_term_string}\"},\"query-input\":\"required name=search_term_string\"}],\"inLanguage\":\"fr-FR\"},{\"@type\":\"ImageObject\",\"@id\":\"https:\/\/www.nettali.com\/2025\/07\/14\/pastef-les-femmes-du-parti-appellent-a-faire-bloc-derriere-la-vision-du-president-ousmane-sonko\/#primaryimage\",\"inLanguage\":\"fr-FR\",\"url\":\"https:\/\/www.nettali.com\/wp-content\/uploads\/2025\/07\/maimounadieye_.jpg\",\"contentUrl\":\"https:\/\/www.nettali.com\/wp-content\/uploads\/2025\/07\/maimounadieye_.jpg\",\"width\":600,\"height\":358},{\"@type\":\"WebPage\",\"@id\":\"https:\/\/www.nettali.com\/2025\/07\/14\/pastef-les-femmes-du-parti-appellent-a-faire-bloc-derriere-la-vision-du-president-ousmane-sonko\/#webpage\",\"url\":\"https:\/\/www.nettali.com\/2025\/07\/14\/pastef-les-femmes-du-parti-appellent-a-faire-bloc-derriere-la-vision-du-president-ousmane-sonko\/\",\"name\":\"PASTEF - Les femmes du parti appellent \\\"\\u00e0 faire bloc derri\\u00e8re la vision du Pr\\u00e9sident Ousmane Sonko\\\" | Nettali.com\",\"isPartOf\":{\"@id\":\"https:\/\/www.nettali.com\/#website\"},\"primaryImageOfPage\":{\"@id\":\"https:\/\/www.nettali.com\/2025\/07\/14\/pastef-les-femmes-du-parti-appellent-a-faire-bloc-derriere-la-vision-du-president-ousmane-sonko\/#primaryimage\"},\"datePublished\":\"2025-07-14T06:19:15+00:00\",\"dateModified\":\"2025-07-14T06:19:15+00:00\",\"author\":{\"@id\":\"https:\/\/www.nettali.com\/#\/schema\/person\/d8ac7b7e27ddad43f1c0d2ef090d7f71\"},\"breadcrumb\":{\"@id\":\"https:\/\/www.nettali.com\/2025\/07\/14\/pastef-les-femmes-du-parti-appellent-a-faire-bloc-derriere-la-vision-du-president-ousmane-sonko\/#breadcrumb\"},\"inLanguage\":\"fr-FR\",\"potentialAction\":[{\"@type\":\"ReadAction\",\"target\":[\"https:\/\/www.nettali.com\/2025\/07\/14\/pastef-les-femmes-du-parti-appellent-a-faire-bloc-derriere-la-vision-du-president-ousmane-sonko\/\"]}]},{\"@type\":\"BreadcrumbList\",\"@id\":\"https:\/\/www.nettali.com\/2025\/07\/14\/pastef-les-femmes-du-parti-appellent-a-faire-bloc-derriere-la-vision-du-president-ousmane-sonko\/#breadcrumb\",\"itemListElement\":[{\"@type\":\"ListItem\",\"position\":1,\"name\":\"Accueil\",\"item\":\"https:\/\/www.nettali.com\/\"},{\"@type\":\"ListItem\",\"position\":2,\"name\":\"PASTEF - Les femmes du parti appellent \\\"\\u00e0 faire bloc derri\\u00e8re la vision du Pr\\u00e9sident Ousmane Sonko\\\"\"}]},{\"@type\":\"Person\",\"@id\":\"https:\/\/www.nettali.com\/#\/schema\/person\/d8ac7b7e27ddad43f1c0d2ef090d7f71\",\"name\":\"CK\",\"image\":{\"@type\":\"ImageObject\",\"@id\":\"https:\/\/www.nettali.com\/#personlogo\",\"inLanguage\":\"fr-FR\",\"url\":\"https:\/\/secure.gravatar.com\/avatar\/1d8d5118b9327d94da7cd4ce7f17fec2?s=96&d=mm&r=g\",\"contentUrl\":\"https:\/\/secure.gravatar.com\/avatar\/1d8d5118b9327d94da7cd4ce7f17fec2?s=96&d=mm&r=g\",\"caption\":\"CK\"},\"sameAs\":[\"https:\/\/www.nettali.com\"]}]}<\/script>\n<!-- \/ Yoast SEO Premium plugin. -->","yoast_head_json":{"title":"PASTEF - Les femmes du parti appellent \"\u00e0 faire bloc derri\u00e8re la vision du Pr\u00e9sident Ousmane Sonko\" | Nettali.com","robots":{"index":"index","follow":"follow","max-snippet":"max-snippet:-1","max-image-preview":"max-image-preview:large","max-video-preview":"max-video-preview:-1"},"canonical":"https:\/\/www.nettali.com\/2025\/07\/14\/pastef-les-femmes-du-parti-appellent-a-faire-bloc-derriere-la-vision-du-president-ousmane-sonko\/","og_locale":"fr_FR","og_type":"article","og_title":"PASTEF - Les femmes du parti appellent \"\u00e0 faire bloc derri\u00e8re la vision du Pr\u00e9sident Ousmane Sonko\"","og_description":"NETTALI.COM - Les femmes de Pastef font bloc derri\u00e8re leur leader Ousmane Sonko. Dans une d\u00e9claration rendue public, le dimanche 13 juillet, le Mouvement national des femmes de PASTEF dit exprimer \u201cson adh\u00e9sion totale et sa d\u00e9termination \u00e0 faire \u00e9cho \u00e0 l\u2019appel historique \u00e0 l\u2019unit\u00e9, \u00e0 la discipline et \u00e0 l'engagement militant\u201d lanc\u00e9 par le [&hellip;]","og_url":"https:\/\/www.nettali.com\/2025\/07\/14\/pastef-les-femmes-du-parti-appellent-a-faire-bloc-derriere-la-vision-du-president-ousmane-sonko\/","og_site_name":"Nettali.com","article_publisher":"https:\/\/www.facebook.com\/nettalicom","article_published_time":"2025-07-14T06:19:15+00:00","og_image":[{"width":600,"height":358,"url":"https:\/\/www.nettali.com\/wp-content\/uploads\/2025\/07\/maimounadieye_.jpg","type":"image\/jpeg"}],"twitter_card":"summary_large_image","twitter_misc":{"\u00c9crit par":"CK","Dur\u00e9e de lecture estim\u00e9e":"2 minutes"},"schema":{"@context":"https:\/\/schema.org","@graph":[{"@type":"WebSite","@id":"https:\/\/www.nettali.com\/#website","url":"https:\/\/www.nettali.com\/","name":"Nettali.com","description":"Le rendez-vous critique du Net","potentialAction":[{"@type":"SearchAction","target":{"@type":"EntryPoint","urlTemplate":"https:\/\/www.nettali.com\/?s={search_term_string}"},"query-input":"required name=search_term_string"}],"inLanguage":"fr-FR"},{"@type":"ImageObject","@id":"https:\/\/www.nettali.com\/2025\/07\/14\/pastef-les-femmes-du-parti-appellent-a-faire-bloc-derriere-la-vision-du-president-ousmane-sonko\/#primaryimage","inLanguage":"fr-FR","url":"https:\/\/www.nettali.com\/wp-content\/uploads\/2025\/07\/maimounadieye_.jpg","contentUrl":"https:\/\/www.nettali.com\/wp-content\/uploads\/2025\/07\/maimounadieye_.jpg","width":600,"height":358},{"@type":"WebPage","@id":"https:\/\/www.nettali.com\/2025\/07\/14\/pastef-les-femmes-du-parti-appellent-a-faire-bloc-derriere-la-vision-du-president-ousmane-sonko\/#webpage","url":"https:\/\/www.nettali.com\/2025\/07\/14\/pastef-les-femmes-du-parti-appellent-a-faire-bloc-derriere-la-vision-du-president-ousmane-sonko\/","name":"PASTEF - Les femmes du parti appellent \"\u00e0 faire bloc derri\u00e8re la vision du Pr\u00e9sident Ousmane Sonko\" | Nettali.com","isPartOf":{"@id":"https:\/\/www.nettali.com\/#website"},"primaryImageOfPage":{"@id":"https:\/\/www.nettali.com\/2025\/07\/14\/pastef-les-femmes-du-parti-appellent-a-faire-bloc-derriere-la-vision-du-president-ousmane-sonko\/#primaryimage"},"datePublished":"2025-07-14T06:19:15+00:00","dateModified":"2025-07-14T06:19:15+00:00","author":{"@id":"https:\/\/www.nettali.com\/#\/schema\/person\/d8ac7b7e27ddad43f1c0d2ef090d7f71"},"breadcrumb":{"@id":"https:\/\/www.nettali.com\/2025\/07\/14\/pastef-les-femmes-du-parti-appellent-a-faire-bloc-derriere-la-vision-du-president-ousmane-sonko\/#breadcrumb"},"inLanguage":"fr-FR","potentialAction":[{"@type":"ReadAction","target":["https:\/\/www.nettali.com\/2025\/07\/14\/pastef-les-femmes-du-parti-appellent-a-faire-bloc-derriere-la-vision-du-president-ousmane-sonko\/"]}]},{"@type":"BreadcrumbList","@id":"https:\/\/www.nettali.com\/2025\/07\/14\/pastef-les-femmes-du-parti-appellent-a-faire-bloc-derriere-la-vision-du-president-ousmane-sonko\/#breadcrumb","itemListElement":[{"@type":"ListItem","position":1,"name":"Accueil","item":"https:\/\/www.nettali.com\/"},{"@type":"ListItem","position":2,"name":"PASTEF - Les femmes du parti appellent \"\u00e0 faire bloc derri\u00e8re la vision du Pr\u00e9sident Ousmane Sonko\""}]},{"@type":"Person","@id":"https:\/\/www.nettali.com\/#\/schema\/person\/d8ac7b7e27ddad43f1c0d2ef090d7f71","name":"CK","image":{"@type":"ImageObject","@id":"https:\/\/www.nettali.com\/#personlogo","inLanguage":"fr-FR","url":"https:\/\/secure.gravatar.com\/avatar\/1d8d5118b9327d94da7cd4ce7f17fec2?s=96&d=mm&r=g","contentUrl":"https:\/\/secure.gravatar.com\/avatar\/1d8d5118b9327d94da7cd4ce7f17fec2?s=96&d=mm&r=g","caption":"CK"},"sameAs":["https:\/\/www.nettali.com"]}]}},"_links":{"self":[{"href":"https:\/\/www.nettali.com\/rest\/wp\/v2\/posts\/157538"}],"collection":[{"href":"https:\/\/www.nettali.com\/rest\/wp\/v2\/posts"}],"about":[{"href":"https:\/\/www.nettali.com\/rest\/wp\/v2\/types\/post"}],"author":[{"embeddable":true,"href":"https:\/\/www.nettali.com\/rest\/wp\/v2\/users\/2"}],"replies":[{"embeddable":true,"href":"https:\/\/www.nettali.com\/rest\/wp\/v2\/comments?post=157538"}],"version-history":[{"count":1,"href":"https:\/\/www.nettali.com\/rest\/wp\/v2\/posts\/157538\/revisions"}],"predecessor-version":[{"id":157540,"href":"https:\/\/www.nettali.com\/rest\/wp\/v2\/posts\/157538\/revisions\/157540"}],"wp:featuredmedia":[{"embeddable":true,"href":"https:\/\/www.nettali.com\/rest\/wp\/v2\/media\/157539"}],"wp:attachment":[{"href":"https:\/\/www.nettali.com\/rest\/wp\/v2\/media?parent=157538"}],"wp:term":[{"taxonomy":"category","embeddable":true,"href":"https:\/\/www.nettali.com\/rest\/wp\/v2\/categories?post=157538"},{"taxonomy":"post_tag","embeddable":true,"href":"https:\/\/www.nettali.com\/rest\/wp\/v2\/tags?post=157538"}],"curies":[{"name":"wp","href":"https:\/\/api.w.org\/{rel}","templated":true}]}}