{"id":157536,"date":"2025-07-14T00:16:37","date_gmt":"2025-07-14T00:16:37","guid":{"rendered":"https:\/\/www.nettali.com\/?p=157536"},"modified":"2025-07-14T00:16:37","modified_gmt":"2025-07-14T00:16:37","slug":"sortie-de-sonko-contre-le-president-tas-parle-de-pathetique-episode-de-la-supercherie-diomaye-mooy-sonko","status":"publish","type":"post","link":"https:\/\/www.nettali.com\/2025\/07\/14\/sortie-de-sonko-contre-le-president-tas-parle-de-pathetique-episode-de-la-supercherie-diomaye-mooy-sonko\/","title":{"rendered":"SORTIE DE SONKO CONTRE LE PRESIDENT - TAS parle de \"path\u00e9tique \u00e9pisode de la supercherie \"Diomaye mooy Sonko\""},"content":{"rendered":"<p><strong>NETTALI.COM -<\/strong> C'est sur sa page que Thierno Alassane Sall s'est fendu d'un post. Il a dit tout le mal qu'il pense de la guerre actuelle qui a lieu selon lui entre Diomaye et Ousmane Sonko.<\/p>\n<p>\"<em>Un minimum de respect pour les S\u00e9n\u00e9galais, a-t-il dit,\u00a0 aurait d\u00fb pousser les dirigeants du Pastef \u00e0 prendre l\u2019initiative de mettre un terme \u00e0 la guerre froide, d\u00e9sormais officiellement d\u00e9clar\u00e9e, entre Sonko et Diomaye<\/em>.\"<\/p>\n<p>\"<em>Au lieu de cela, pense-t-il, nombre de ces nouveaux apparatchiks versent de l\u2019huile sur le feu, avec des messages d\u2019all\u00e9geance sur les r\u00e9seaux sociaux. Et ils assument ! Sans m\u00eame se r\u00e9fugier derri\u00e8re des divergences de programmes ou d\u2019autres alibis \u00e9cul\u00e9s. Non ! Il s\u2019agit d\u2019une ind\u00e9cente guerre d\u2019egos et de pouvoir.<\/em>\"<\/p>\n<p>\"<em>Cela a, au moins, le m\u00e9rite de la clart\u00e9. Ce n\u2019est pas Sankara contre Blaise. C\u2019est Blaise contre Compaor\u00e9. Une farce tragique. Un path\u00e9tique \u00e9pisode de la supercherie Diomaye mooy Sonko<\/em>.\", poursuit l'ancien ministre de l'\u00e9nergie sous Macky Sall.<\/p>\n<p>\"P<em>endant ce temps, les S\u00e9n\u00e9galais, pris au pi\u00e8ge dans les d\u00e9combres du quatri\u00e8me sous-sol, attendent impatiemment l\u2019arriv\u00e9e des secours. Mais le Premier ministre, lui, ne voit que sa part, qu\u2019il trouve insuffisante, du pouvoir. Et le voil\u00e0 qui mobilise d\u00e9put\u00e9s, directeurs g\u00e9n\u00e9raux et ministres pour un nouveau gatsa-gatsa<\/em>\", conclut-il.<\/p>\n<div class='share-to-whatsapp-wrapper'><div class='share-on-whsp'>PARTAGER SUR : <\/div><a data-text='SORTIE DE SONKO CONTRE LE PRESIDENT - TAS parle de \"path\u00e9tique \u00e9pisode de la supercherie \"Diomaye mooy Sonko\"' data-link='https:\/\/www.nettali.com\/2025\/07\/14\/sortie-de-sonko-contre-le-president-tas-parle-de-pathetique-episode-de-la-supercherie-diomaye-mooy-sonko\/' class='whatsapp-button whatsapp-share'>WhatsApp<\/a><div class='clear '><\/div><\/div>","protected":false},"excerpt":{"rendered":"<p>NETTALI.COM - C'est sur sa page que Thierno Alassane Sall s'est fendu d'un post. Il a dit tout le mal qu'il pense de la guerre actuelle qui a lieu selon lui entre Diomaye et Ousmane Sonko. \"Un minimum de respect pour les S\u00e9n\u00e9galais, a-t-il dit,\u00a0 aurait d\u00fb pousser les dirigeants du Pastef \u00e0 prendre l\u2019initiative [&hellip;]<\/p>\n","protected":false},"author":2,"featured_media":155705,"comment_status":"open","ping_status":"open","sticky":false,"template":"","format":"standard","meta":{"_et_pb_use_builder":"","_et_pb_old_content":""},"categories":[34945],"tags":[],"yoast_head":"<!-- This site is optimized with the Yoast SEO Premium plugin v17.8 (Yoast SEO v17.8) - https:\/\/yoast.com\/wordpress\/plugins\/seo\/ -->\n<title>SORTIE DE SONKO CONTRE LE PRESIDENT - TAS parle de &quot;path\u00e9tique \u00e9pisode de la supercherie &quot;Diomaye mooy Sonko&quot; | Nettali.com<\/title>\n<meta name=\"robots\" content=\"index, follow, max-snippet:-1, max-image-preview:large, max-video-preview:-1\" \/>\n<link rel=\"canonical\" href=\"https:\/\/www.nettali.com\/2025\/07\/14\/sortie-de-sonko-contre-le-president-tas-parle-de-pathetique-episode-de-la-supercherie-diomaye-mooy-sonko\/\" \/>\n<meta property=\"og:locale\" content=\"fr_FR\" \/>\n<meta property=\"og:type\" content=\"article\" \/>\n<meta property=\"og:title\" content=\"SORTIE DE SONKO CONTRE LE PRESIDENT - TAS parle de &quot;path\u00e9tique \u00e9pisode de la supercherie &quot;Diomaye mooy Sonko&quot;\" \/>\n<meta property=\"og:description\" content=\"NETTALI.COM - C&#039;est sur sa page que Thierno Alassane Sall s&#039;est fendu d&#039;un post. Il a dit tout le mal qu&#039;il pense de la guerre actuelle qui a lieu selon lui entre Diomaye et Ousmane Sonko. &quot;Un minimum de respect pour les S\u00e9n\u00e9galais, a-t-il dit,\u00a0 aurait d\u00fb pousser les dirigeants du Pastef \u00e0 prendre l\u2019initiative [&hellip;]\" \/>\n<meta property=\"og:url\" content=\"https:\/\/www.nettali.com\/2025\/07\/14\/sortie-de-sonko-contre-le-president-tas-parle-de-pathetique-episode-de-la-supercherie-diomaye-mooy-sonko\/\" \/>\n<meta property=\"og:site_name\" content=\"Nettali.com\" \/>\n<meta property=\"article:publisher\" content=\"https:\/\/www.facebook.com\/nettalicom\" \/>\n<meta property=\"article:published_time\" content=\"2025-07-14T00:16:37+00:00\" \/>\n<meta property=\"og:image\" content=\"https:\/\/www.nettali.com\/wp-content\/uploads\/2025\/06\/Thierno-Alassane-Sall.jpg\" \/>\n\t<meta property=\"og:image:width\" content=\"1066\" \/>\n\t<meta property=\"og:image:height\" content=\"693\" \/>\n<meta name=\"twitter:card\" content=\"summary_large_image\" \/>\n<meta name=\"twitter:label1\" content=\"\u00c9crit par\" \/>\n\t<meta name=\"twitter:data1\" content=\"CK\" \/>\n\t<meta name=\"twitter:label2\" content=\"Dur\u00e9e de lecture estim\u00e9e\" \/>\n\t<meta name=\"twitter:data2\" content=\"2 minutes\" \/>\n<script type=\"application\/ld+json\" class=\"yoast-schema-graph\">{\"@context\":\"https:\/\/schema.org\",\"@graph\":[{\"@type\":\"WebSite\",\"@id\":\"https:\/\/www.nettali.com\/#website\",\"url\":\"https:\/\/www.nettali.com\/\",\"name\":\"Nettali.com\",\"description\":\"Le rendez-vous critique du Net\",\"potentialAction\":[{\"@type\":\"SearchAction\",\"target\":{\"@type\":\"EntryPoint\",\"urlTemplate\":\"https:\/\/www.nettali.com\/?s={search_term_string}\"},\"query-input\":\"required name=search_term_string\"}],\"inLanguage\":\"fr-FR\"},{\"@type\":\"ImageObject\",\"@id\":\"https:\/\/www.nettali.com\/2025\/07\/14\/sortie-de-sonko-contre-le-president-tas-parle-de-pathetique-episode-de-la-supercherie-diomaye-mooy-sonko\/#primaryimage\",\"inLanguage\":\"fr-FR\",\"url\":\"https:\/\/www.nettali.com\/wp-content\/uploads\/2025\/06\/Thierno-Alassane-Sall.jpg\",\"contentUrl\":\"https:\/\/www.nettali.com\/wp-content\/uploads\/2025\/06\/Thierno-Alassane-Sall.jpg\",\"width\":1066,\"height\":693},{\"@type\":\"WebPage\",\"@id\":\"https:\/\/www.nettali.com\/2025\/07\/14\/sortie-de-sonko-contre-le-president-tas-parle-de-pathetique-episode-de-la-supercherie-diomaye-mooy-sonko\/#webpage\",\"url\":\"https:\/\/www.nettali.com\/2025\/07\/14\/sortie-de-sonko-contre-le-president-tas-parle-de-pathetique-episode-de-la-supercherie-diomaye-mooy-sonko\/\",\"name\":\"SORTIE DE SONKO CONTRE LE PRESIDENT - TAS parle de \\\"path\\u00e9tique \\u00e9pisode de la supercherie \\\"Diomaye mooy Sonko\\\" | Nettali.com\",\"isPartOf\":{\"@id\":\"https:\/\/www.nettali.com\/#website\"},\"primaryImageOfPage\":{\"@id\":\"https:\/\/www.nettali.com\/2025\/07\/14\/sortie-de-sonko-contre-le-president-tas-parle-de-pathetique-episode-de-la-supercherie-diomaye-mooy-sonko\/#primaryimage\"},\"datePublished\":\"2025-07-14T00:16:37+00:00\",\"dateModified\":\"2025-07-14T00:16:37+00:00\",\"author\":{\"@id\":\"https:\/\/www.nettali.com\/#\/schema\/person\/d8ac7b7e27ddad43f1c0d2ef090d7f71\"},\"breadcrumb\":{\"@id\":\"https:\/\/www.nettali.com\/2025\/07\/14\/sortie-de-sonko-contre-le-president-tas-parle-de-pathetique-episode-de-la-supercherie-diomaye-mooy-sonko\/#breadcrumb\"},\"inLanguage\":\"fr-FR\",\"potentialAction\":[{\"@type\":\"ReadAction\",\"target\":[\"https:\/\/www.nettali.com\/2025\/07\/14\/sortie-de-sonko-contre-le-president-tas-parle-de-pathetique-episode-de-la-supercherie-diomaye-mooy-sonko\/\"]}]},{\"@type\":\"BreadcrumbList\",\"@id\":\"https:\/\/www.nettali.com\/2025\/07\/14\/sortie-de-sonko-contre-le-president-tas-parle-de-pathetique-episode-de-la-supercherie-diomaye-mooy-sonko\/#breadcrumb\",\"itemListElement\":[{\"@type\":\"ListItem\",\"position\":1,\"name\":\"Accueil\",\"item\":\"https:\/\/www.nettali.com\/\"},{\"@type\":\"ListItem\",\"position\":2,\"name\":\"SORTIE DE SONKO CONTRE LE PRESIDENT - TAS parle de \\\"path\\u00e9tique \\u00e9pisode de la supercherie \\\"Diomaye mooy Sonko\\\"\"}]},{\"@type\":\"Person\",\"@id\":\"https:\/\/www.nettali.com\/#\/schema\/person\/d8ac7b7e27ddad43f1c0d2ef090d7f71\",\"name\":\"CK\",\"image\":{\"@type\":\"ImageObject\",\"@id\":\"https:\/\/www.nettali.com\/#personlogo\",\"inLanguage\":\"fr-FR\",\"url\":\"https:\/\/secure.gravatar.com\/avatar\/1d8d5118b9327d94da7cd4ce7f17fec2?s=96&d=mm&r=g\",\"contentUrl\":\"https:\/\/secure.gravatar.com\/avatar\/1d8d5118b9327d94da7cd4ce7f17fec2?s=96&d=mm&r=g\",\"caption\":\"CK\"},\"sameAs\":[\"https:\/\/www.nettali.com\"]}]}<\/script>\n<!-- \/ Yoast SEO Premium plugin. -->","yoast_head_json":{"title":"SORTIE DE SONKO CONTRE LE PRESIDENT - TAS parle de \"path\u00e9tique \u00e9pisode de la supercherie \"Diomaye mooy Sonko\" | Nettali.com","robots":{"index":"index","follow":"follow","max-snippet":"max-snippet:-1","max-image-preview":"max-image-preview:large","max-video-preview":"max-video-preview:-1"},"canonical":"https:\/\/www.nettali.com\/2025\/07\/14\/sortie-de-sonko-contre-le-president-tas-parle-de-pathetique-episode-de-la-supercherie-diomaye-mooy-sonko\/","og_locale":"fr_FR","og_type":"article","og_title":"SORTIE DE SONKO CONTRE LE PRESIDENT - TAS parle de \"path\u00e9tique \u00e9pisode de la supercherie \"Diomaye mooy Sonko\"","og_description":"NETTALI.COM - C'est sur sa page que Thierno Alassane Sall s'est fendu d'un post. Il a dit tout le mal qu'il pense de la guerre actuelle qui a lieu selon lui entre Diomaye et Ousmane Sonko. \"Un minimum de respect pour les S\u00e9n\u00e9galais, a-t-il dit,\u00a0 aurait d\u00fb pousser les dirigeants du Pastef \u00e0 prendre l\u2019initiative [&hellip;]","og_url":"https:\/\/www.nettali.com\/2025\/07\/14\/sortie-de-sonko-contre-le-president-tas-parle-de-pathetique-episode-de-la-supercherie-diomaye-mooy-sonko\/","og_site_name":"Nettali.com","article_publisher":"https:\/\/www.facebook.com\/nettalicom","article_published_time":"2025-07-14T00:16:37+00:00","og_image":[{"width":1066,"height":693,"url":"https:\/\/www.nettali.com\/wp-content\/uploads\/2025\/06\/Thierno-Alassane-Sall.jpg","type":"image\/jpeg"}],"twitter_card":"summary_large_image","twitter_misc":{"\u00c9crit par":"CK","Dur\u00e9e de lecture estim\u00e9e":"2 minutes"},"schema":{"@context":"https:\/\/schema.org","@graph":[{"@type":"WebSite","@id":"https:\/\/www.nettali.com\/#website","url":"https:\/\/www.nettali.com\/","name":"Nettali.com","description":"Le rendez-vous critique du Net","potentialAction":[{"@type":"SearchAction","target":{"@type":"EntryPoint","urlTemplate":"https:\/\/www.nettali.com\/?s={search_term_string}"},"query-input":"required name=search_term_string"}],"inLanguage":"fr-FR"},{"@type":"ImageObject","@id":"https:\/\/www.nettali.com\/2025\/07\/14\/sortie-de-sonko-contre-le-president-tas-parle-de-pathetique-episode-de-la-supercherie-diomaye-mooy-sonko\/#primaryimage","inLanguage":"fr-FR","url":"https:\/\/www.nettali.com\/wp-content\/uploads\/2025\/06\/Thierno-Alassane-Sall.jpg","contentUrl":"https:\/\/www.nettali.com\/wp-content\/uploads\/2025\/06\/Thierno-Alassane-Sall.jpg","width":1066,"height":693},{"@type":"WebPage","@id":"https:\/\/www.nettali.com\/2025\/07\/14\/sortie-de-sonko-contre-le-president-tas-parle-de-pathetique-episode-de-la-supercherie-diomaye-mooy-sonko\/#webpage","url":"https:\/\/www.nettali.com\/2025\/07\/14\/sortie-de-sonko-contre-le-president-tas-parle-de-pathetique-episode-de-la-supercherie-diomaye-mooy-sonko\/","name":"SORTIE DE SONKO CONTRE LE PRESIDENT - TAS parle de \"path\u00e9tique \u00e9pisode de la supercherie \"Diomaye mooy Sonko\" | Nettali.com","isPartOf":{"@id":"https:\/\/www.nettali.com\/#website"},"primaryImageOfPage":{"@id":"https:\/\/www.nettali.com\/2025\/07\/14\/sortie-de-sonko-contre-le-president-tas-parle-de-pathetique-episode-de-la-supercherie-diomaye-mooy-sonko\/#primaryimage"},"datePublished":"2025-07-14T00:16:37+00:00","dateModified":"2025-07-14T00:16:37+00:00","author":{"@id":"https:\/\/www.nettali.com\/#\/schema\/person\/d8ac7b7e27ddad43f1c0d2ef090d7f71"},"breadcrumb":{"@id":"https:\/\/www.nettali.com\/2025\/07\/14\/sortie-de-sonko-contre-le-president-tas-parle-de-pathetique-episode-de-la-supercherie-diomaye-mooy-sonko\/#breadcrumb"},"inLanguage":"fr-FR","potentialAction":[{"@type":"ReadAction","target":["https:\/\/www.nettali.com\/2025\/07\/14\/sortie-de-sonko-contre-le-president-tas-parle-de-pathetique-episode-de-la-supercherie-diomaye-mooy-sonko\/"]}]},{"@type":"BreadcrumbList","@id":"https:\/\/www.nettali.com\/2025\/07\/14\/sortie-de-sonko-contre-le-president-tas-parle-de-pathetique-episode-de-la-supercherie-diomaye-mooy-sonko\/#breadcrumb","itemListElement":[{"@type":"ListItem","position":1,"name":"Accueil","item":"https:\/\/www.nettali.com\/"},{"@type":"ListItem","position":2,"name":"SORTIE DE SONKO CONTRE LE PRESIDENT - TAS parle de \"path\u00e9tique \u00e9pisode de la supercherie \"Diomaye mooy Sonko\""}]},{"@type":"Person","@id":"https:\/\/www.nettali.com\/#\/schema\/person\/d8ac7b7e27ddad43f1c0d2ef090d7f71","name":"CK","image":{"@type":"ImageObject","@id":"https:\/\/www.nettali.com\/#personlogo","inLanguage":"fr-FR","url":"https:\/\/secure.gravatar.com\/avatar\/1d8d5118b9327d94da7cd4ce7f17fec2?s=96&d=mm&r=g","contentUrl":"https:\/\/secure.gravatar.com\/avatar\/1d8d5118b9327d94da7cd4ce7f17fec2?s=96&d=mm&r=g","caption":"CK"},"sameAs":["https:\/\/www.nettali.com"]}]}},"_links":{"self":[{"href":"https:\/\/www.nettali.com\/rest\/wp\/v2\/posts\/157536"}],"collection":[{"href":"https:\/\/www.nettali.com\/rest\/wp\/v2\/posts"}],"about":[{"href":"https:\/\/www.nettali.com\/rest\/wp\/v2\/types\/post"}],"author":[{"embeddable":true,"href":"https:\/\/www.nettali.com\/rest\/wp\/v2\/users\/2"}],"replies":[{"embeddable":true,"href":"https:\/\/www.nettali.com\/rest\/wp\/v2\/comments?post=157536"}],"version-history":[{"count":1,"href":"https:\/\/www.nettali.com\/rest\/wp\/v2\/posts\/157536\/revisions"}],"predecessor-version":[{"id":157537,"href":"https:\/\/www.nettali.com\/rest\/wp\/v2\/posts\/157536\/revisions\/157537"}],"wp:featuredmedia":[{"embeddable":true,"href":"https:\/\/www.nettali.com\/rest\/wp\/v2\/media\/155705"}],"wp:attachment":[{"href":"https:\/\/www.nettali.com\/rest\/wp\/v2\/media?parent=157536"}],"wp:term":[{"taxonomy":"category","embeddable":true,"href":"https:\/\/www.nettali.com\/rest\/wp\/v2\/categories?post=157536"},{"taxonomy":"post_tag","embeddable":true,"href":"https:\/\/www.nettali.com\/rest\/wp\/v2\/tags?post=157536"}],"curies":[{"name":"wp","href":"https:\/\/api.w.org\/{rel}","templated":true}]}}