{"id":157518,"date":"2025-07-14T10:19:14","date_gmt":"2025-07-14T10:19:14","guid":{"rendered":"https:\/\/www.nettali.com\/?p=157518"},"modified":"2025-07-17T06:55:07","modified_gmt":"2025-07-17T06:55:07","slug":"randonnee-pedestre-annuelle-des-anciens-enfants-de-troupe-des-milliers-de-participants-remettent-le-civisme-au-gout-du-jour","status":"publish","type":"post","link":"https:\/\/www.nettali.com\/2025\/07\/14\/randonnee-pedestre-annuelle-des-anciens-enfants-de-troupe-des-milliers-de-participants-remettent-le-civisme-au-gout-du-jour\/","title":{"rendered":"RANDONN\u00c9E P\u00c9DESTRE ANNUELLE  DES ANCIENS ENFANTS DE TROUPE - Des milliers de participants remettent le civisme au go\u00fbt du jour"},"content":{"rendered":"<p><strong>NETTALI.COM - L'Amicale des Anciens Enfants de troupe a organis\u00e9 sa grande randonn\u00e9e p\u00e9destre annuelle, le dimanche 13 juillet, au Monument de la Renaissance africaine. Avec comme th\u00e8me \"<em>En marche pour un civisme fort, moteur du d\u00e9veloppement<\/em>\", cette activit\u00e9 sportive a \u00e9t\u00e9 une occasion saisie par les Anciens de Prytan\u00e9e militaire de Saint-Louis pour rappeler aux milliers de participants, les vertus du civisme et ce qu'il est est cens\u00e9 apporter en termes de b\u00e9n\u00e9fice \u00e0 la collectivit\u00e9 nationale.\u00a0<\/strong><\/p>\n<p>Anciens du Prytan\u00e9e militaire, \u00e9l\u00e8ves de l'\u00e9cole, partenaires, invit\u00e9s et sportifs du dimanche, ils sont venus en masse participer \u00e0 cette randonn\u00e9e, devenue une institution au S\u00e9n\u00e9gal. D\u00e9but\u00e9 \u00e0 9h 05, au Monument de la renaissance Africaine, la randonn\u00e9e p\u00e9destre annuelle \"Edition 2025\" de l'amicale des AET qui s'est d\u00e9roul\u00e9e sur une distance de 8 kilom\u00e8tres, a r\u00e9ussi, comme lors des randonn\u00e9es pr\u00e9c\u00e9dentes, le pari de la mobilisation, avec des milliers de participants, sous bonne escorte de la Gendarmerie et de la police.<\/p>\n<p><iframe loading=\"lazy\" title=\"YouTube video player\" src=\"https:\/\/www.youtube.com\/embed\/D5Ong-rfeRA?si=WeG6P7clJFBsc4Mi\" width=\"560\" height=\"315\" frameborder=\"0\" allowfullscreen=\"allowfullscreen\"><\/iframe><\/p>\n<p>Grand moment de retrouvailles et de convivialit\u00e9, cette activit\u00e9 sportive de l'Amicale des Anciens Enfants de Troupe, a pris le parti, cette ann\u00e9e, de remettre l'\u00e9quation du civisme au go\u00fbt du jour, rappelant ainsi la n\u00e9cessit\u00e9 de mettre en place une soci\u00e9t\u00e9 organis\u00e9e et harmonieuse, avec des citoyens respectant les lois et conventions sociales.<\/p>\n\n\t\t<style type=\"text\/css\">\n\t\t\t#gallery-1 {\n\t\t\t\tmargin: auto;\n\t\t\t}\n\t\t\t#gallery-1 .gallery-item {\n\t\t\t\tfloat: left;\n\t\t\t\tmargin-top: 10px;\n\t\t\t\ttext-align: center;\n\t\t\t\twidth: 100%;\n\t\t\t}\n\t\t\t#gallery-1 img {\n\t\t\t\tborder: 2px solid #cfcfcf;\n\t\t\t}\n\t\t\t#gallery-1 .gallery-caption {\n\t\t\t\tmargin-left: 0;\n\t\t\t}\n\t\t\t\/* see gallery_shortcode() in wp-includes\/media.php *\/\n\t\t<\/style>\n\t\t<div id='gallery-1' class='gallery galleryid-157518 gallery-columns-1 gallery-size-full'><dl class='gallery-item'>\n\t\t\t<dt class='gallery-icon landscape'>\n\t\t\t\t<a href='https:\/\/www.nettali.com\/2025\/07\/14\/randonnee-pedestre-annuelle-des-anciens-enfants-de-troupe-des-milliers-de-participants-remettent-le-civisme-au-gout-du-jour\/randonnee-pedestre-aet-2025_3\/'><img width=\"1020\" height=\"574\" src=\"https:\/\/www.nettali.com\/wp-content\/uploads\/2025\/07\/randonnee-pedestre-aet-2025_3.jpg\" class=\"attachment-full size-full\" alt=\"\" loading=\"lazy\" srcset=\"https:\/\/www.nettali.com\/wp-content\/uploads\/2025\/07\/randonnee-pedestre-aet-2025_3.jpg 1020w, https:\/\/www.nettali.com\/wp-content\/uploads\/2025\/07\/randonnee-pedestre-aet-2025_3-300x169.jpg 300w, https:\/\/www.nettali.com\/wp-content\/uploads\/2025\/07\/randonnee-pedestre-aet-2025_3-768x432.jpg 768w\" sizes=\"(max-width: 1020px) 100vw, 1020px\" \/><\/a>\n\t\t\t<\/dt><\/dl><br style=\"clear: both\" \/><dl class='gallery-item'>\n\t\t\t<dt class='gallery-icon landscape'>\n\t\t\t\t<a href='https:\/\/www.nettali.com\/2025\/07\/14\/randonnee-pedestre-annuelle-des-anciens-enfants-de-troupe-des-milliers-de-participants-remettent-le-civisme-au-gout-du-jour\/randonnee-pedestre-aet-2025_2\/'><img width=\"1020\" height=\"574\" src=\"https:\/\/www.nettali.com\/wp-content\/uploads\/2025\/07\/randonnee-pedestre-aet-2025_2.jpg\" class=\"attachment-full size-full\" alt=\"\" loading=\"lazy\" srcset=\"https:\/\/www.nettali.com\/wp-content\/uploads\/2025\/07\/randonnee-pedestre-aet-2025_2.jpg 1020w, https:\/\/www.nettali.com\/wp-content\/uploads\/2025\/07\/randonnee-pedestre-aet-2025_2-300x169.jpg 300w, https:\/\/www.nettali.com\/wp-content\/uploads\/2025\/07\/randonnee-pedestre-aet-2025_2-768x432.jpg 768w\" sizes=\"(max-width: 1020px) 100vw, 1020px\" \/><\/a>\n\t\t\t<\/dt><\/dl><br style=\"clear: both\" \/>\n\t\t<\/div>\n\n<p>Form\u00e9s \u00e0 l'\u00e9cole de la r\u00e9publique et dans la rigueur militaire, les Anciens Enfants de Troupe qui se consid\u00e8rent ainsi comme de bons ambassadeurs de la propagation de la culture du civisme qui doit \u00eatre enracin\u00e9e dans toute action sur le chemin d'un d\u00e9veloppement radieux, ont jug\u00e9 n\u00e9cessaire de rappeler humblement, \u00e0 leurs concitoyens, les vertus du civisme.<\/p>\n<p>Interrog\u00e9\u00a0 sur le choix du th\u00e8me, le pr\u00e9sident de l'Amicale des Anciens Enfants de Troupe Ibrahima Kamara a ainsi inform\u00e9 de l'objectif qui est de sensibiliser les S\u00e9n\u00e9galais \u00e0 la r\u00e9appropriation de cette vertu qu'est le civisme, \u00e0 charge pour les autorit\u00e9s \u00e9tatiques d'\"<em>impulser le mouvement en faveur du civisme, de mani\u00e8re \u00e0 davantage l'inculquer aux jeunes g\u00e9n\u00e9rations qui ont besoin de mieux en comprendre les enjeux et l'utilit\u00e9 <\/em>\".<\/p>\n<p>Le pr\u00e9sident Kamara n'a pas dans la foul\u00e9e, manqu\u00e9 de lister quelques activit\u00e9s de l'Amicale qu'il dirige. A savoir les conf\u00e9rences publiques sur des th\u00e8mes d'utilit\u00e9 publique, les campagnes de reboisement, les dons de sang, diverses activit\u00e9s de solidarit\u00e9 \u00e0 l'endroit de ses membres et de la collectivit\u00e9 (visites m\u00e9dicales gratuites, distribution de m\u00e9dicaments, de vivres, r\u00e9habilitation d'\u00e9coles, etc ), etc<\/p>\n<p>\u00c9taient pr\u00e9sents en masse des anciens Enfants de troupes (toutes g\u00e9n\u00e9rations confondues), hauts grad\u00e9s de l'arm\u00e9e, de la Gendarmerie et de la police, le professeur Abdoulaye Bathily (promotion 1959), d'autres anciens des promotions des ann\u00e9es 1950, 1960 et 1970, le ministre de l'Eau et de l'Assainissement, Serigne Mbaye Thiam, le cocah Badara Sarr, le journaliste Demba Varore et .<\/p>\n<p><strong>Au m\u00eame moment, se tenait \u00e0 Brazzaville, la Journ\u00e9e de l'Ancien Enfant de Troupe\u00a0<\/strong><\/p>\n<p>Au moment o\u00f9 avait lieu la randonn\u00e9e de Dakar, une autre se tenait au Congo Brazzaville, dans le cadre de la \"16\u00e8me Journ\u00e9e de l'Ancien Enfant de Troupe\" de l'Ecole militaire pr\u00e9paratoire G\u00e9n\u00e9ral Leclerc du Congo. Une \u00e9cole militaire cr\u00e9\u00e9e au Congo sur le m\u00eame format que le Prytan\u00e9e militaire de Saint-Louis.<\/p>\n\n\t\t<style type=\"text\/css\">\n\t\t\t#gallery-2 {\n\t\t\t\tmargin: auto;\n\t\t\t}\n\t\t\t#gallery-2 .gallery-item {\n\t\t\t\tfloat: left;\n\t\t\t\tmargin-top: 10px;\n\t\t\t\ttext-align: center;\n\t\t\t\twidth: 100%;\n\t\t\t}\n\t\t\t#gallery-2 img {\n\t\t\t\tborder: 2px solid #cfcfcf;\n\t\t\t}\n\t\t\t#gallery-2 .gallery-caption {\n\t\t\t\tmargin-left: 0;\n\t\t\t}\n\t\t\t\/* see gallery_shortcode() in wp-includes\/media.php *\/\n\t\t<\/style>\n\t\t<div id='gallery-2' class='gallery galleryid-157518 gallery-columns-1 gallery-size-full'><dl class='gallery-item'>\n\t\t\t<dt class='gallery-icon landscape'>\n\t\t\t\t<a href='https:\/\/www.nettali.com\/2025\/07\/14\/randonnee-pedestre-annuelle-des-anciens-enfants-de-troupe-des-milliers-de-participants-remettent-le-civisme-au-gout-du-jour\/whatsapp-image-2025-07-14-at-15-53-35\/'><img width=\"1600\" height=\"915\" src=\"https:\/\/www.nettali.com\/wp-content\/uploads\/2025\/07\/WhatsApp-Image-2025-07-14-at-15.53.35.jpeg\" class=\"attachment-full size-full\" alt=\"\" loading=\"lazy\" srcset=\"https:\/\/www.nettali.com\/wp-content\/uploads\/2025\/07\/WhatsApp-Image-2025-07-14-at-15.53.35.jpeg 1600w, https:\/\/www.nettali.com\/wp-content\/uploads\/2025\/07\/WhatsApp-Image-2025-07-14-at-15.53.35-300x172.jpeg 300w, https:\/\/www.nettali.com\/wp-content\/uploads\/2025\/07\/WhatsApp-Image-2025-07-14-at-15.53.35-1024x586.jpeg 1024w, https:\/\/www.nettali.com\/wp-content\/uploads\/2025\/07\/WhatsApp-Image-2025-07-14-at-15.53.35-768x439.jpeg 768w, https:\/\/www.nettali.com\/wp-content\/uploads\/2025\/07\/WhatsApp-Image-2025-07-14-at-15.53.35-1536x878.jpeg 1536w, https:\/\/www.nettali.com\/wp-content\/uploads\/2025\/07\/WhatsApp-Image-2025-07-14-at-15.53.35-1080x618.jpeg 1080w\" sizes=\"(max-width: 1600px) 100vw, 1600px\" \/><\/a>\n\t\t\t<\/dt><\/dl><br style=\"clear: both\" \/><dl class='gallery-item'>\n\t\t\t<dt class='gallery-icon landscape'>\n\t\t\t\t<a href='https:\/\/www.nettali.com\/2025\/07\/14\/randonnee-pedestre-annuelle-des-anciens-enfants-de-troupe-des-milliers-de-participants-remettent-le-civisme-au-gout-du-jour\/photo-2025-07-13-14-36-53\/'><img width=\"2560\" height=\"1441\" src=\"https:\/\/www.nettali.com\/wp-content\/uploads\/2025\/07\/PHOTO-2025-07-13-14-36-53.jpg\" class=\"attachment-full size-full\" alt=\"\" loading=\"lazy\" srcset=\"https:\/\/www.nettali.com\/wp-content\/uploads\/2025\/07\/PHOTO-2025-07-13-14-36-53.jpg 2560w, https:\/\/www.nettali.com\/wp-content\/uploads\/2025\/07\/PHOTO-2025-07-13-14-36-53-300x169.jpg 300w, https:\/\/www.nettali.com\/wp-content\/uploads\/2025\/07\/PHOTO-2025-07-13-14-36-53-1024x576.jpg 1024w, https:\/\/www.nettali.com\/wp-content\/uploads\/2025\/07\/PHOTO-2025-07-13-14-36-53-768x432.jpg 768w, https:\/\/www.nettali.com\/wp-content\/uploads\/2025\/07\/PHOTO-2025-07-13-14-36-53-1536x865.jpg 1536w, https:\/\/www.nettali.com\/wp-content\/uploads\/2025\/07\/PHOTO-2025-07-13-14-36-53-2048x1153.jpg 2048w, https:\/\/www.nettali.com\/wp-content\/uploads\/2025\/07\/PHOTO-2025-07-13-14-36-53-1080x608.jpg 1080w\" sizes=\"(max-width: 2560px) 100vw, 2560px\" \/><\/a>\n\t\t\t<\/dt><\/dl><br style=\"clear: both\" \/><dl class='gallery-item'>\n\t\t\t<dt class='gallery-icon landscape'>\n\t\t\t\t<a href='https:\/\/www.nettali.com\/2025\/07\/14\/randonnee-pedestre-annuelle-des-anciens-enfants-de-troupe-des-milliers-de-participants-remettent-le-civisme-au-gout-du-jour\/photo-2025-07-13-14-36-53-1\/'><img width=\"2560\" height=\"1441\" src=\"https:\/\/www.nettali.com\/wp-content\/uploads\/2025\/07\/PHOTO-2025-07-13-14-36-53-1.jpg\" class=\"attachment-full size-full\" alt=\"\" loading=\"lazy\" srcset=\"https:\/\/www.nettali.com\/wp-content\/uploads\/2025\/07\/PHOTO-2025-07-13-14-36-53-1.jpg 2560w, https:\/\/www.nettali.com\/wp-content\/uploads\/2025\/07\/PHOTO-2025-07-13-14-36-53-1-300x169.jpg 300w, https:\/\/www.nettali.com\/wp-content\/uploads\/2025\/07\/PHOTO-2025-07-13-14-36-53-1-1024x576.jpg 1024w, https:\/\/www.nettali.com\/wp-content\/uploads\/2025\/07\/PHOTO-2025-07-13-14-36-53-1-768x432.jpg 768w, https:\/\/www.nettali.com\/wp-content\/uploads\/2025\/07\/PHOTO-2025-07-13-14-36-53-1-1536x865.jpg 1536w, https:\/\/www.nettali.com\/wp-content\/uploads\/2025\/07\/PHOTO-2025-07-13-14-36-53-1-2048x1153.jpg 2048w, https:\/\/www.nettali.com\/wp-content\/uploads\/2025\/07\/PHOTO-2025-07-13-14-36-53-1-1080x608.jpg 1080w\" sizes=\"(max-width: 2560px) 100vw, 2560px\" \/><\/a>\n\t\t\t<\/dt><\/dl><br style=\"clear: both\" \/><dl class='gallery-item'>\n\t\t\t<dt class='gallery-icon landscape'>\n\t\t\t\t<a href='https:\/\/www.nettali.com\/2025\/07\/14\/randonnee-pedestre-annuelle-des-anciens-enfants-de-troupe-des-milliers-de-participants-remettent-le-civisme-au-gout-du-jour\/photo-2025-07-13-14-36-52\/'><img width=\"1080\" height=\"534\" src=\"https:\/\/www.nettali.com\/wp-content\/uploads\/2025\/07\/PHOTO-2025-07-13-14-36-52.jpg\" class=\"attachment-full size-full\" alt=\"\" loading=\"lazy\" srcset=\"https:\/\/www.nettali.com\/wp-content\/uploads\/2025\/07\/PHOTO-2025-07-13-14-36-52.jpg 1080w, https:\/\/www.nettali.com\/wp-content\/uploads\/2025\/07\/PHOTO-2025-07-13-14-36-52-300x148.jpg 300w, https:\/\/www.nettali.com\/wp-content\/uploads\/2025\/07\/PHOTO-2025-07-13-14-36-52-1024x506.jpg 1024w, https:\/\/www.nettali.com\/wp-content\/uploads\/2025\/07\/PHOTO-2025-07-13-14-36-52-768x380.jpg 768w\" sizes=\"(max-width: 1080px) 100vw, 1080px\" \/><\/a>\n\t\t\t<\/dt><\/dl><br style=\"clear: both\" \/><dl class='gallery-item'>\n\t\t\t<dt class='gallery-icon landscape'>\n\t\t\t\t<a href='https:\/\/www.nettali.com\/2025\/07\/14\/randonnee-pedestre-annuelle-des-anciens-enfants-de-troupe-des-milliers-de-participants-remettent-le-civisme-au-gout-du-jour\/photo-2025-07-13-14-36-49\/'><img width=\"2560\" height=\"1291\" src=\"https:\/\/www.nettali.com\/wp-content\/uploads\/2025\/07\/PHOTO-2025-07-13-14-36-49.jpg\" class=\"attachment-full size-full\" alt=\"\" loading=\"lazy\" srcset=\"https:\/\/www.nettali.com\/wp-content\/uploads\/2025\/07\/PHOTO-2025-07-13-14-36-49.jpg 2560w, https:\/\/www.nettali.com\/wp-content\/uploads\/2025\/07\/PHOTO-2025-07-13-14-36-49-300x151.jpg 300w, https:\/\/www.nettali.com\/wp-content\/uploads\/2025\/07\/PHOTO-2025-07-13-14-36-49-1024x516.jpg 1024w, https:\/\/www.nettali.com\/wp-content\/uploads\/2025\/07\/PHOTO-2025-07-13-14-36-49-768x387.jpg 768w, https:\/\/www.nettali.com\/wp-content\/uploads\/2025\/07\/PHOTO-2025-07-13-14-36-49-1536x775.jpg 1536w, https:\/\/www.nettali.com\/wp-content\/uploads\/2025\/07\/PHOTO-2025-07-13-14-36-49-2048x1033.jpg 2048w, https:\/\/www.nettali.com\/wp-content\/uploads\/2025\/07\/PHOTO-2025-07-13-14-36-49-1080x545.jpg 1080w\" sizes=\"(max-width: 2560px) 100vw, 2560px\" \/><\/a>\n\t\t\t<\/dt><\/dl><br style=\"clear: both\" \/><dl class='gallery-item'>\n\t\t\t<dt class='gallery-icon landscape'>\n\t\t\t\t<a href='https:\/\/www.nettali.com\/2025\/07\/14\/randonnee-pedestre-annuelle-des-anciens-enfants-de-troupe-des-milliers-de-participants-remettent-le-civisme-au-gout-du-jour\/photo-2025-07-13-14-36-48\/'><img width=\"1000\" height=\"563\" src=\"https:\/\/www.nettali.com\/wp-content\/uploads\/2025\/07\/PHOTO-2025-07-13-14-36-48.jpg\" class=\"attachment-full size-full\" alt=\"\" loading=\"lazy\" srcset=\"https:\/\/www.nettali.com\/wp-content\/uploads\/2025\/07\/PHOTO-2025-07-13-14-36-48.jpg 1000w, https:\/\/www.nettali.com\/wp-content\/uploads\/2025\/07\/PHOTO-2025-07-13-14-36-48-300x169.jpg 300w, https:\/\/www.nettali.com\/wp-content\/uploads\/2025\/07\/PHOTO-2025-07-13-14-36-48-768x432.jpg 768w\" sizes=\"(max-width: 1000px) 100vw, 1000px\" \/><\/a>\n\t\t\t<\/dt><\/dl><br style=\"clear: both\" \/><dl class='gallery-item'>\n\t\t\t<dt class='gallery-icon landscape'>\n\t\t\t\t<a href='https:\/\/www.nettali.com\/2025\/07\/14\/randonnee-pedestre-annuelle-des-anciens-enfants-de-troupe-des-milliers-de-participants-remettent-le-civisme-au-gout-du-jour\/photo-2025-07-13-14-36-46\/'><img width=\"1000\" height=\"563\" src=\"https:\/\/www.nettali.com\/wp-content\/uploads\/2025\/07\/PHOTO-2025-07-13-14-36-46.jpg\" class=\"attachment-full size-full\" alt=\"\" loading=\"lazy\" srcset=\"https:\/\/www.nettali.com\/wp-content\/uploads\/2025\/07\/PHOTO-2025-07-13-14-36-46.jpg 1000w, https:\/\/www.nettali.com\/wp-content\/uploads\/2025\/07\/PHOTO-2025-07-13-14-36-46-300x169.jpg 300w, https:\/\/www.nettali.com\/wp-content\/uploads\/2025\/07\/PHOTO-2025-07-13-14-36-46-768x432.jpg 768w\" sizes=\"(max-width: 1000px) 100vw, 1000px\" \/><\/a>\n\t\t\t<\/dt><\/dl><br style=\"clear: both\" \/><dl class='gallery-item'>\n\t\t\t<dt class='gallery-icon landscape'>\n\t\t\t\t<a href='https:\/\/www.nettali.com\/2025\/07\/14\/randonnee-pedestre-annuelle-des-anciens-enfants-de-troupe-des-milliers-de-participants-remettent-le-civisme-au-gout-du-jour\/photo-2025-07-13-14-36-41\/'><img width=\"2560\" height=\"1441\" src=\"https:\/\/www.nettali.com\/wp-content\/uploads\/2025\/07\/PHOTO-2025-07-13-14-36-41.jpg\" class=\"attachment-full size-full\" alt=\"\" loading=\"lazy\" srcset=\"https:\/\/www.nettali.com\/wp-content\/uploads\/2025\/07\/PHOTO-2025-07-13-14-36-41.jpg 2560w, https:\/\/www.nettali.com\/wp-content\/uploads\/2025\/07\/PHOTO-2025-07-13-14-36-41-300x169.jpg 300w, https:\/\/www.nettali.com\/wp-content\/uploads\/2025\/07\/PHOTO-2025-07-13-14-36-41-1024x576.jpg 1024w, https:\/\/www.nettali.com\/wp-content\/uploads\/2025\/07\/PHOTO-2025-07-13-14-36-41-768x432.jpg 768w, https:\/\/www.nettali.com\/wp-content\/uploads\/2025\/07\/PHOTO-2025-07-13-14-36-41-1536x865.jpg 1536w, https:\/\/www.nettali.com\/wp-content\/uploads\/2025\/07\/PHOTO-2025-07-13-14-36-41-2048x1153.jpg 2048w, https:\/\/www.nettali.com\/wp-content\/uploads\/2025\/07\/PHOTO-2025-07-13-14-36-41-1080x608.jpg 1080w\" sizes=\"(max-width: 2560px) 100vw, 2560px\" \/><\/a>\n\t\t\t<\/dt><\/dl><br style=\"clear: both\" \/>\n\t\t<\/div>\n\n<p>Ont ainsi pris part \u00e0 la \"Journ\u00e9e de l'AET\" du Congo, dans le cadre d'une invitation d'une dur\u00e9e d'une semaine, les d\u00e9l\u00e9gations de 12 pays africains abritant des \u00e9coles militaires d'Enfants de Troupe en Afrique et dont les amicales d'Anciens Enfants de troupe sont toutes membres de la F\u00e9d\u00e9ration des Anciens Enfants de Troupe d'Afrique. Il s'agit des amicales du B\u00e9nin, du Burkina Faso, de la Centrafrique, du Congo, de la C\u00f4te d'Ivoire, du Gabon, de la Gambie, du Togo, du Mali, du Niger, du Tchad et du S\u00e9n\u00e9gal.<\/p>\n<p>Rappelons que l'objectif de la F\u00e9d\u00e9ration des Anciens Enfants de Troupe d'Afrique est de consolider les liens de fraternit\u00e9 et de solidarit\u00e9 entre ses membres d\u2019une part, les \u00c9tats et nations africains d\u2019autre part, avec en vue de contribuer \u00e0 l\u2019acc\u00e9l\u00e9ration de l\u2019int\u00e9gration africaine, voeu cher \u00e0 tous les Africains.<\/p>\n<p>La F\u00e9d\u00e9ration se donne ainsi comme vocation et ambition, d\u2019utiliser le moule africain dans lequel, ses membres ont tous \u00e9t\u00e9 \u00e9duqu\u00e9s, sans oublier la rigueur militaire dans laquelle, ils ont \u00e9t\u00e9 tous form\u00e9s, pour \u00e9lever les passerelles et ponts futurs de l\u2019\u00e9dification de l\u2019int\u00e9gration africaine.<\/p>\n<p>A noter que \"la 16\u00e8me Journ\u00e9e de l'Ancien Enfant de Troupe\", en dehors de la marche sportive et de sant\u00e9, comprenait d'autres activit\u00e9s sportives,\u00a0 telles que des matchs de Football, de Basketball et de handball.<\/p>\n<p>Quant aux autres journ\u00e9es de pr\u00e9sence des d\u00e9l\u00e9gations sur une semaine, elles sont d\u00e9di\u00e9es \u00e0 diff\u00e9rentes c\u00e9r\u00e9monies, notamment la sortie de l'\u00e9cole des \u00e9l\u00e8ves de terminale, une c\u00e9r\u00e9monie de bapt\u00eame des \u00e9l\u00e8ves de 6\u00e8me, la distribution des prix, sans oublier des r\u00e9unions de la f\u00e9d\u00e9ration, des activit\u00e9s litt\u00e9raires, des visites de sites, etc.<\/p>\n<div class='share-to-whatsapp-wrapper'><div class='share-on-whsp'>PARTAGER SUR : <\/div><a data-text='RANDONN\u00c9E P\u00c9DESTRE ANNUELLE  DES ANCIENS ENFANTS DE TROUPE - Des milliers de participants remettent le civisme au go\u00fbt du jour' data-link='https:\/\/www.nettali.com\/2025\/07\/14\/randonnee-pedestre-annuelle-des-anciens-enfants-de-troupe-des-milliers-de-participants-remettent-le-civisme-au-gout-du-jour\/' class='whatsapp-button whatsapp-share'>WhatsApp<\/a><div class='clear '><\/div><\/div>","protected":false},"excerpt":{"rendered":"<p>NETTALI.COM - L'Amicale des Anciens Enfants de troupe a organis\u00e9 sa grande randonn\u00e9e p\u00e9destre annuelle, le dimanche 13 juillet, au Monument de la Renaissance africaine. Avec comme th\u00e8me \"En marche pour un civisme fort, moteur du d\u00e9veloppement\", cette activit\u00e9 sportive a \u00e9t\u00e9 une occasion saisie par les Anciens de Prytan\u00e9e militaire de Saint-Louis pour rappeler [&hellip;]<\/p>\n","protected":false},"author":5,"featured_media":157568,"comment_status":"open","ping_status":"open","sticky":false,"template":"","format":"standard","meta":{"_et_pb_use_builder":"","_et_pb_old_content":""},"categories":[6],"tags":[],"yoast_head":"<!-- This site is optimized with the Yoast SEO Premium plugin v17.8 (Yoast SEO v17.8) - https:\/\/yoast.com\/wordpress\/plugins\/seo\/ -->\n<title>RANDONN\u00c9E P\u00c9DESTRE ANNUELLE DES ANCIENS ENFANTS DE TROUPE - Des milliers de participants remettent le civisme au go\u00fbt du jour | Nettali.com<\/title>\n<meta name=\"robots\" content=\"index, follow, max-snippet:-1, max-image-preview:large, max-video-preview:-1\" \/>\n<link rel=\"canonical\" href=\"https:\/\/www.nettali.com\/2025\/07\/14\/randonnee-pedestre-annuelle-des-anciens-enfants-de-troupe-des-milliers-de-participants-remettent-le-civisme-au-gout-du-jour\/\" \/>\n<meta property=\"og:locale\" content=\"fr_FR\" \/>\n<meta property=\"og:type\" content=\"article\" \/>\n<meta property=\"og:title\" content=\"RANDONN\u00c9E P\u00c9DESTRE ANNUELLE DES ANCIENS ENFANTS DE TROUPE - Des milliers de participants remettent le civisme au go\u00fbt du jour\" \/>\n<meta property=\"og:description\" content=\"NETTALI.COM - L&#039;Amicale des Anciens Enfants de troupe a organis\u00e9 sa grande randonn\u00e9e p\u00e9destre annuelle, le dimanche 13 juillet, au Monument de la Renaissance africaine. Avec comme th\u00e8me &quot;En marche pour un civisme fort, moteur du d\u00e9veloppement&quot;, cette activit\u00e9 sportive a \u00e9t\u00e9 une occasion saisie par les Anciens de Prytan\u00e9e militaire de Saint-Louis pour rappeler [&hellip;]\" \/>\n<meta property=\"og:url\" content=\"https:\/\/www.nettali.com\/2025\/07\/14\/randonnee-pedestre-annuelle-des-anciens-enfants-de-troupe-des-milliers-de-participants-remettent-le-civisme-au-gout-du-jour\/\" \/>\n<meta property=\"og:site_name\" content=\"Nettali.com\" \/>\n<meta property=\"article:publisher\" content=\"https:\/\/www.facebook.com\/nettalicom\" \/>\n<meta property=\"article:published_time\" content=\"2025-07-14T10:19:14+00:00\" \/>\n<meta property=\"article:modified_time\" content=\"2025-07-17T06:55:07+00:00\" \/>\n<meta property=\"og:image\" content=\"https:\/\/www.nettali.com\/wp-content\/uploads\/2025\/07\/randonnee-pedestre-aet-2025_1.jpg\" \/>\n\t<meta property=\"og:image:width\" content=\"1020\" \/>\n\t<meta property=\"og:image:height\" content=\"574\" \/>\n<meta name=\"twitter:card\" content=\"summary_large_image\" \/>\n<meta name=\"twitter:label1\" content=\"\u00c9crit par\" \/>\n\t<meta name=\"twitter:data1\" content=\"Ibrahima\" \/>\n\t<meta name=\"twitter:label2\" content=\"Dur\u00e9e de lecture estim\u00e9e\" \/>\n\t<meta name=\"twitter:data2\" content=\"5 minutes\" \/>\n<script type=\"application\/ld+json\" class=\"yoast-schema-graph\">{\"@context\":\"https:\/\/schema.org\",\"@graph\":[{\"@type\":\"WebSite\",\"@id\":\"https:\/\/www.nettali.com\/#website\",\"url\":\"https:\/\/www.nettali.com\/\",\"name\":\"Nettali.com\",\"description\":\"Le rendez-vous critique du Net\",\"potentialAction\":[{\"@type\":\"SearchAction\",\"target\":{\"@type\":\"EntryPoint\",\"urlTemplate\":\"https:\/\/www.nettali.com\/?s={search_term_string}\"},\"query-input\":\"required name=search_term_string\"}],\"inLanguage\":\"fr-FR\"},{\"@type\":\"ImageObject\",\"@id\":\"https:\/\/www.nettali.com\/2025\/07\/14\/randonnee-pedestre-annuelle-des-anciens-enfants-de-troupe-des-milliers-de-participants-remettent-le-civisme-au-gout-du-jour\/#primaryimage\",\"inLanguage\":\"fr-FR\",\"url\":\"https:\/\/www.nettali.com\/wp-content\/uploads\/2025\/07\/randonnee-pedestre-aet-2025_1.jpg\",\"contentUrl\":\"https:\/\/www.nettali.com\/wp-content\/uploads\/2025\/07\/randonnee-pedestre-aet-2025_1.jpg\",\"width\":1020,\"height\":574},{\"@type\":\"WebPage\",\"@id\":\"https:\/\/www.nettali.com\/2025\/07\/14\/randonnee-pedestre-annuelle-des-anciens-enfants-de-troupe-des-milliers-de-participants-remettent-le-civisme-au-gout-du-jour\/#webpage\",\"url\":\"https:\/\/www.nettali.com\/2025\/07\/14\/randonnee-pedestre-annuelle-des-anciens-enfants-de-troupe-des-milliers-de-participants-remettent-le-civisme-au-gout-du-jour\/\",\"name\":\"RANDONN\\u00c9E P\\u00c9DESTRE ANNUELLE DES ANCIENS ENFANTS DE TROUPE - Des milliers de participants remettent le civisme au go\\u00fbt du jour | Nettali.com\",\"isPartOf\":{\"@id\":\"https:\/\/www.nettali.com\/#website\"},\"primaryImageOfPage\":{\"@id\":\"https:\/\/www.nettali.com\/2025\/07\/14\/randonnee-pedestre-annuelle-des-anciens-enfants-de-troupe-des-milliers-de-participants-remettent-le-civisme-au-gout-du-jour\/#primaryimage\"},\"datePublished\":\"2025-07-14T10:19:14+00:00\",\"dateModified\":\"2025-07-17T06:55:07+00:00\",\"author\":{\"@id\":\"https:\/\/www.nettali.com\/#\/schema\/person\/bb147657c2986240405a608162b9bb23\"},\"breadcrumb\":{\"@id\":\"https:\/\/www.nettali.com\/2025\/07\/14\/randonnee-pedestre-annuelle-des-anciens-enfants-de-troupe-des-milliers-de-participants-remettent-le-civisme-au-gout-du-jour\/#breadcrumb\"},\"inLanguage\":\"fr-FR\",\"potentialAction\":[{\"@type\":\"ReadAction\",\"target\":[\"https:\/\/www.nettali.com\/2025\/07\/14\/randonnee-pedestre-annuelle-des-anciens-enfants-de-troupe-des-milliers-de-participants-remettent-le-civisme-au-gout-du-jour\/\"]}]},{\"@type\":\"BreadcrumbList\",\"@id\":\"https:\/\/www.nettali.com\/2025\/07\/14\/randonnee-pedestre-annuelle-des-anciens-enfants-de-troupe-des-milliers-de-participants-remettent-le-civisme-au-gout-du-jour\/#breadcrumb\",\"itemListElement\":[{\"@type\":\"ListItem\",\"position\":1,\"name\":\"Accueil\",\"item\":\"https:\/\/www.nettali.com\/\"},{\"@type\":\"ListItem\",\"position\":2,\"name\":\"RANDONN\\u00c9E P\\u00c9DESTRE ANNUELLE DES ANCIENS ENFANTS DE TROUPE - Des milliers de participants remettent le civisme au go\\u00fbt du jour\"}]},{\"@type\":\"Person\",\"@id\":\"https:\/\/www.nettali.com\/#\/schema\/person\/bb147657c2986240405a608162b9bb23\",\"name\":\"Ibrahima\",\"image\":{\"@type\":\"ImageObject\",\"@id\":\"https:\/\/www.nettali.com\/#personlogo\",\"inLanguage\":\"fr-FR\",\"url\":\"https:\/\/secure.gravatar.com\/avatar\/26a8a81f09f0dd7624c9d5c36c9ba3a2?s=96&d=mm&r=g\",\"contentUrl\":\"https:\/\/secure.gravatar.com\/avatar\/26a8a81f09f0dd7624c9d5c36c9ba3a2?s=96&d=mm&r=g\",\"caption\":\"Ibrahima\"},\"sameAs\":[\"https:\/\/www.nettali.com\"]}]}<\/script>\n<!-- \/ Yoast SEO Premium plugin. -->","yoast_head_json":{"title":"RANDONN\u00c9E P\u00c9DESTRE ANNUELLE DES ANCIENS ENFANTS DE TROUPE - Des milliers de participants remettent le civisme au go\u00fbt du jour | Nettali.com","robots":{"index":"index","follow":"follow","max-snippet":"max-snippet:-1","max-image-preview":"max-image-preview:large","max-video-preview":"max-video-preview:-1"},"canonical":"https:\/\/www.nettali.com\/2025\/07\/14\/randonnee-pedestre-annuelle-des-anciens-enfants-de-troupe-des-milliers-de-participants-remettent-le-civisme-au-gout-du-jour\/","og_locale":"fr_FR","og_type":"article","og_title":"RANDONN\u00c9E P\u00c9DESTRE ANNUELLE DES ANCIENS ENFANTS DE TROUPE - Des milliers de participants remettent le civisme au go\u00fbt du jour","og_description":"NETTALI.COM - L'Amicale des Anciens Enfants de troupe a organis\u00e9 sa grande randonn\u00e9e p\u00e9destre annuelle, le dimanche 13 juillet, au Monument de la Renaissance africaine. Avec comme th\u00e8me \"En marche pour un civisme fort, moteur du d\u00e9veloppement\", cette activit\u00e9 sportive a \u00e9t\u00e9 une occasion saisie par les Anciens de Prytan\u00e9e militaire de Saint-Louis pour rappeler [&hellip;]","og_url":"https:\/\/www.nettali.com\/2025\/07\/14\/randonnee-pedestre-annuelle-des-anciens-enfants-de-troupe-des-milliers-de-participants-remettent-le-civisme-au-gout-du-jour\/","og_site_name":"Nettali.com","article_publisher":"https:\/\/www.facebook.com\/nettalicom","article_published_time":"2025-07-14T10:19:14+00:00","article_modified_time":"2025-07-17T06:55:07+00:00","og_image":[{"width":1020,"height":574,"url":"https:\/\/www.nettali.com\/wp-content\/uploads\/2025\/07\/randonnee-pedestre-aet-2025_1.jpg","type":"image\/jpeg"}],"twitter_card":"summary_large_image","twitter_misc":{"\u00c9crit par":"Ibrahima","Dur\u00e9e de lecture estim\u00e9e":"5 minutes"},"schema":{"@context":"https:\/\/schema.org","@graph":[{"@type":"WebSite","@id":"https:\/\/www.nettali.com\/#website","url":"https:\/\/www.nettali.com\/","name":"Nettali.com","description":"Le rendez-vous critique du Net","potentialAction":[{"@type":"SearchAction","target":{"@type":"EntryPoint","urlTemplate":"https:\/\/www.nettali.com\/?s={search_term_string}"},"query-input":"required name=search_term_string"}],"inLanguage":"fr-FR"},{"@type":"ImageObject","@id":"https:\/\/www.nettali.com\/2025\/07\/14\/randonnee-pedestre-annuelle-des-anciens-enfants-de-troupe-des-milliers-de-participants-remettent-le-civisme-au-gout-du-jour\/#primaryimage","inLanguage":"fr-FR","url":"https:\/\/www.nettali.com\/wp-content\/uploads\/2025\/07\/randonnee-pedestre-aet-2025_1.jpg","contentUrl":"https:\/\/www.nettali.com\/wp-content\/uploads\/2025\/07\/randonnee-pedestre-aet-2025_1.jpg","width":1020,"height":574},{"@type":"WebPage","@id":"https:\/\/www.nettali.com\/2025\/07\/14\/randonnee-pedestre-annuelle-des-anciens-enfants-de-troupe-des-milliers-de-participants-remettent-le-civisme-au-gout-du-jour\/#webpage","url":"https:\/\/www.nettali.com\/2025\/07\/14\/randonnee-pedestre-annuelle-des-anciens-enfants-de-troupe-des-milliers-de-participants-remettent-le-civisme-au-gout-du-jour\/","name":"RANDONN\u00c9E P\u00c9DESTRE ANNUELLE DES ANCIENS ENFANTS DE TROUPE - Des milliers de participants remettent le civisme au go\u00fbt du jour | Nettali.com","isPartOf":{"@id":"https:\/\/www.nettali.com\/#website"},"primaryImageOfPage":{"@id":"https:\/\/www.nettali.com\/2025\/07\/14\/randonnee-pedestre-annuelle-des-anciens-enfants-de-troupe-des-milliers-de-participants-remettent-le-civisme-au-gout-du-jour\/#primaryimage"},"datePublished":"2025-07-14T10:19:14+00:00","dateModified":"2025-07-17T06:55:07+00:00","author":{"@id":"https:\/\/www.nettali.com\/#\/schema\/person\/bb147657c2986240405a608162b9bb23"},"breadcrumb":{"@id":"https:\/\/www.nettali.com\/2025\/07\/14\/randonnee-pedestre-annuelle-des-anciens-enfants-de-troupe-des-milliers-de-participants-remettent-le-civisme-au-gout-du-jour\/#breadcrumb"},"inLanguage":"fr-FR","potentialAction":[{"@type":"ReadAction","target":["https:\/\/www.nettali.com\/2025\/07\/14\/randonnee-pedestre-annuelle-des-anciens-enfants-de-troupe-des-milliers-de-participants-remettent-le-civisme-au-gout-du-jour\/"]}]},{"@type":"BreadcrumbList","@id":"https:\/\/www.nettali.com\/2025\/07\/14\/randonnee-pedestre-annuelle-des-anciens-enfants-de-troupe-des-milliers-de-participants-remettent-le-civisme-au-gout-du-jour\/#breadcrumb","itemListElement":[{"@type":"ListItem","position":1,"name":"Accueil","item":"https:\/\/www.nettali.com\/"},{"@type":"ListItem","position":2,"name":"RANDONN\u00c9E P\u00c9DESTRE ANNUELLE DES ANCIENS ENFANTS DE TROUPE - Des milliers de participants remettent le civisme au go\u00fbt du jour"}]},{"@type":"Person","@id":"https:\/\/www.nettali.com\/#\/schema\/person\/bb147657c2986240405a608162b9bb23","name":"Ibrahima","image":{"@type":"ImageObject","@id":"https:\/\/www.nettali.com\/#personlogo","inLanguage":"fr-FR","url":"https:\/\/secure.gravatar.com\/avatar\/26a8a81f09f0dd7624c9d5c36c9ba3a2?s=96&d=mm&r=g","contentUrl":"https:\/\/secure.gravatar.com\/avatar\/26a8a81f09f0dd7624c9d5c36c9ba3a2?s=96&d=mm&r=g","caption":"Ibrahima"},"sameAs":["https:\/\/www.nettali.com"]}]}},"_links":{"self":[{"href":"https:\/\/www.nettali.com\/rest\/wp\/v2\/posts\/157518"}],"collection":[{"href":"https:\/\/www.nettali.com\/rest\/wp\/v2\/posts"}],"about":[{"href":"https:\/\/www.nettali.com\/rest\/wp\/v2\/types\/post"}],"author":[{"embeddable":true,"href":"https:\/\/www.nettali.com\/rest\/wp\/v2\/users\/5"}],"replies":[{"embeddable":true,"href":"https:\/\/www.nettali.com\/rest\/wp\/v2\/comments?post=157518"}],"version-history":[{"count":16,"href":"https:\/\/www.nettali.com\/rest\/wp\/v2\/posts\/157518\/revisions"}],"predecessor-version":[{"id":157761,"href":"https:\/\/www.nettali.com\/rest\/wp\/v2\/posts\/157518\/revisions\/157761"}],"wp:featuredmedia":[{"embeddable":true,"href":"https:\/\/www.nettali.com\/rest\/wp\/v2\/media\/157568"}],"wp:attachment":[{"href":"https:\/\/www.nettali.com\/rest\/wp\/v2\/media?parent=157518"}],"wp:term":[{"taxonomy":"category","embeddable":true,"href":"https:\/\/www.nettali.com\/rest\/wp\/v2\/categories?post=157518"},{"taxonomy":"post_tag","embeddable":true,"href":"https:\/\/www.nettali.com\/rest\/wp\/v2\/tags?post=157518"}],"curies":[{"name":"wp","href":"https:\/\/api.w.org\/{rel}","templated":true}]}}