{"id":157496,"date":"2025-07-13T16:40:40","date_gmt":"2025-07-13T16:40:40","guid":{"rendered":"https:\/\/www.nettali.com\/?p=157496"},"modified":"2025-07-13T15:46:07","modified_gmt":"2025-07-13T15:46:07","slug":"olivier-boucal-il-ny-a-aucun-nuage-entre-ousmane-sonko-et-diomaye","status":"publish","type":"post","link":"https:\/\/www.nettali.com\/2025\/07\/13\/olivier-boucal-il-ny-a-aucun-nuage-entre-ousmane-sonko-et-diomaye\/","title":{"rendered":"OLIVIER BOUCAL -  \"Il n'y a aucun nuage entre Ousmane Sonko et Diomaye\""},"content":{"rendered":"<p><strong>NETTALI.COM - Invit\u00e9 ce dimanche de l\u2019\u00e9mission <em>Point de vue<\/em>\u00a0sur la RTS, le Ministre de la Fonction publique et de la R\u00e9forme du service public, Olivier Boucal, a tenu \u00e0 lever toute ambigu\u00eft\u00e9 sur les relations entre le pr\u00e9sident de la R\u00e9publique Bassirou Diomaye Faye et le Premier ministre Ousmane Sonko, \u00e9galement leader du parti PASTEF.<\/strong><\/p>\n<p>Face aux sp\u00e9culations nourries par la derni\u00e8re sortie du chef du gouvernement, per\u00e7ue par certains comme un recadrage adress\u00e9 au pr\u00e9sident de la R\u00e9publique, Olivier Boucal rappelle un principe fondamental : <em>\u00ab Il faut d\u2019abord distinguer le Premier ministre du pr\u00e9sident du parti. La derni\u00e8re fois, c\u2019est le pr\u00e9sident du parti qui s\u2019est exprim\u00e9. \u00bb<\/em> Une clarification qui, selon lui, permet de replacer les propos dans leur contexte r\u00e9el.<\/p>\n<p>Le ministre a insist\u00e9 sur l\u2019identit\u00e9 singuli\u00e8re du PASTEF, qu\u2019il pr\u00e9sente comme un parti aux antipodes des formations politiques classiques. <em>\u00abChez nous, la critique interne \u2013 y compris publique \u2013 est un exercice normal. M\u00eame le plus petit militant peut interpeller ou critiquer le pr\u00e9sident du parti \u00bb<\/em>, a-t-il pr\u00e9cis\u00e9, soulignant que cette dynamique est encadr\u00e9e par une d\u00e9mocratie interne forte.<\/p>\n<p>Olivier Boucal affirme que cette culture du d\u00e9bat franc et ouvert s\u2019\u00e9tend jusqu\u2019au sommet de l\u2019\u00c9tat. <em>\u00ab Il n\u2019y a aucun probl\u00e8me entre le pr\u00e9sident Diomaye et le Premier ministre Sonko. Je peux vous l\u2019assurer. Les relations sont excellentes et d\u00e9passent m\u00eame le cadre politique \u00bb<\/em>, a-t-il d\u00e9clar\u00e9, avant de rappeler un fait symbolique : <em>\u00ab Tout le monde sait que le pr\u00e9sident Diomaye a donn\u00e9 le nom de son enfant \u00e0 Ousmane Sonko. \u00bb<\/em><\/p>\n<p>Concernant les propos tenus r\u00e9cemment par Ousmane Sonko sur la gestion du pays, Boucal les inscrit dans une d\u00e9marche de fid\u00e9lit\u00e9 aux engagements du parti. <em>\u00ab Il s\u2019agissait d\u2019un rappel fait aux militants, aux responsables, sur les promesses que nous avons faites aux s\u00e9n\u00e9galais. Le premier ministre veut acc\u00e9l\u00e9rer certains dossiers, car nous savons que nous sommes attendus. \u00bb<\/em><\/p>\n<p>Le ministre a tenu \u00e0 rassurer les s\u00e9n\u00e9galais : <em>\u00ab Il n\u2019y a ni tiraillement, ni divergence de fond. Le cap est clair, les r\u00f4les sont bien d\u00e9finis et la dynamique reste collective. \u00bb<\/em><\/p>\n<div class='share-to-whatsapp-wrapper'><div class='share-on-whsp'>PARTAGER SUR : <\/div><a data-text='OLIVIER BOUCAL -  \"Il n'y a aucun nuage entre Ousmane Sonko et Diomaye\"' data-link='https:\/\/www.nettali.com\/2025\/07\/13\/olivier-boucal-il-ny-a-aucun-nuage-entre-ousmane-sonko-et-diomaye\/' class='whatsapp-button whatsapp-share'>WhatsApp<\/a><div class='clear '><\/div><\/div>","protected":false},"excerpt":{"rendered":"<p>NETTALI.COM - Invit\u00e9 ce dimanche de l\u2019\u00e9mission Point de vue\u00a0sur la RTS, le Ministre de la Fonction publique et de la R\u00e9forme du service public, Olivier Boucal, a tenu \u00e0 lever toute ambigu\u00eft\u00e9 sur les relations entre le pr\u00e9sident de la R\u00e9publique Bassirou Diomaye Faye et le Premier ministre Ousmane Sonko, \u00e9galement leader du parti [&hellip;]<\/p>\n","protected":false},"author":4,"featured_media":157497,"comment_status":"open","ping_status":"open","sticky":false,"template":"","format":"standard","meta":{"_et_pb_use_builder":"","_et_pb_old_content":""},"categories":[2],"tags":[],"yoast_head":"<!-- This site is optimized with the Yoast SEO Premium plugin v17.8 (Yoast SEO v17.8) - https:\/\/yoast.com\/wordpress\/plugins\/seo\/ -->\n<title>OLIVIER BOUCAL - &quot;Il n&#039;y a aucun nuage entre Ousmane Sonko et Diomaye&quot; | Nettali.com<\/title>\n<meta name=\"robots\" content=\"index, follow, max-snippet:-1, max-image-preview:large, max-video-preview:-1\" \/>\n<link rel=\"canonical\" href=\"https:\/\/www.nettali.com\/2025\/07\/13\/olivier-boucal-il-ny-a-aucun-nuage-entre-ousmane-sonko-et-diomaye\/\" \/>\n<meta property=\"og:locale\" content=\"fr_FR\" \/>\n<meta property=\"og:type\" content=\"article\" \/>\n<meta property=\"og:title\" content=\"OLIVIER BOUCAL - &quot;Il n&#039;y a aucun nuage entre Ousmane Sonko et Diomaye&quot;\" \/>\n<meta property=\"og:description\" content=\"NETTALI.COM - Invit\u00e9 ce dimanche de l\u2019\u00e9mission Point de vue\u00a0sur la RTS, le Ministre de la Fonction publique et de la R\u00e9forme du service public, Olivier Boucal, a tenu \u00e0 lever toute ambigu\u00eft\u00e9 sur les relations entre le pr\u00e9sident de la R\u00e9publique Bassirou Diomaye Faye et le Premier ministre Ousmane Sonko, \u00e9galement leader du parti [&hellip;]\" \/>\n<meta property=\"og:url\" content=\"https:\/\/www.nettali.com\/2025\/07\/13\/olivier-boucal-il-ny-a-aucun-nuage-entre-ousmane-sonko-et-diomaye\/\" \/>\n<meta property=\"og:site_name\" content=\"Nettali.com\" \/>\n<meta property=\"article:publisher\" content=\"https:\/\/www.facebook.com\/nettalicom\" \/>\n<meta property=\"article:published_time\" content=\"2025-07-13T16:40:40+00:00\" \/>\n<meta property=\"article:modified_time\" content=\"2025-07-13T15:46:07+00:00\" \/>\n<meta property=\"og:image\" content=\"https:\/\/www.nettali.com\/wp-content\/uploads\/2025\/07\/Sonko-Diomaye-e1752421530728.jpg\" \/>\n\t<meta property=\"og:image:width\" content=\"1071\" \/>\n\t<meta property=\"og:image:height\" content=\"785\" \/>\n<meta name=\"twitter:card\" content=\"summary_large_image\" \/>\n<meta name=\"twitter:label1\" content=\"\u00c9crit par\" \/>\n\t<meta name=\"twitter:data1\" content=\"Daouda\" \/>\n\t<meta name=\"twitter:label2\" content=\"Dur\u00e9e de lecture estim\u00e9e\" \/>\n\t<meta name=\"twitter:data2\" content=\"2 minutes\" \/>\n<script type=\"application\/ld+json\" class=\"yoast-schema-graph\">{\"@context\":\"https:\/\/schema.org\",\"@graph\":[{\"@type\":\"WebSite\",\"@id\":\"https:\/\/www.nettali.com\/#website\",\"url\":\"https:\/\/www.nettali.com\/\",\"name\":\"Nettali.com\",\"description\":\"Le rendez-vous critique du Net\",\"potentialAction\":[{\"@type\":\"SearchAction\",\"target\":{\"@type\":\"EntryPoint\",\"urlTemplate\":\"https:\/\/www.nettali.com\/?s={search_term_string}\"},\"query-input\":\"required name=search_term_string\"}],\"inLanguage\":\"fr-FR\"},{\"@type\":\"ImageObject\",\"@id\":\"https:\/\/www.nettali.com\/2025\/07\/13\/olivier-boucal-il-ny-a-aucun-nuage-entre-ousmane-sonko-et-diomaye\/#primaryimage\",\"inLanguage\":\"fr-FR\",\"url\":\"https:\/\/www.nettali.com\/wp-content\/uploads\/2025\/07\/Sonko-Diomaye-e1752421530728.jpg\",\"contentUrl\":\"https:\/\/www.nettali.com\/wp-content\/uploads\/2025\/07\/Sonko-Diomaye-e1752421530728.jpg\",\"width\":1071,\"height\":785},{\"@type\":\"WebPage\",\"@id\":\"https:\/\/www.nettali.com\/2025\/07\/13\/olivier-boucal-il-ny-a-aucun-nuage-entre-ousmane-sonko-et-diomaye\/#webpage\",\"url\":\"https:\/\/www.nettali.com\/2025\/07\/13\/olivier-boucal-il-ny-a-aucun-nuage-entre-ousmane-sonko-et-diomaye\/\",\"name\":\"OLIVIER BOUCAL - \\\"Il n'y a aucun nuage entre Ousmane Sonko et Diomaye\\\" | Nettali.com\",\"isPartOf\":{\"@id\":\"https:\/\/www.nettali.com\/#website\"},\"primaryImageOfPage\":{\"@id\":\"https:\/\/www.nettali.com\/2025\/07\/13\/olivier-boucal-il-ny-a-aucun-nuage-entre-ousmane-sonko-et-diomaye\/#primaryimage\"},\"datePublished\":\"2025-07-13T16:40:40+00:00\",\"dateModified\":\"2025-07-13T15:46:07+00:00\",\"author\":{\"@id\":\"https:\/\/www.nettali.com\/#\/schema\/person\/3317e0bb3aa1da309fbf7b2780901bf4\"},\"breadcrumb\":{\"@id\":\"https:\/\/www.nettali.com\/2025\/07\/13\/olivier-boucal-il-ny-a-aucun-nuage-entre-ousmane-sonko-et-diomaye\/#breadcrumb\"},\"inLanguage\":\"fr-FR\",\"potentialAction\":[{\"@type\":\"ReadAction\",\"target\":[\"https:\/\/www.nettali.com\/2025\/07\/13\/olivier-boucal-il-ny-a-aucun-nuage-entre-ousmane-sonko-et-diomaye\/\"]}]},{\"@type\":\"BreadcrumbList\",\"@id\":\"https:\/\/www.nettali.com\/2025\/07\/13\/olivier-boucal-il-ny-a-aucun-nuage-entre-ousmane-sonko-et-diomaye\/#breadcrumb\",\"itemListElement\":[{\"@type\":\"ListItem\",\"position\":1,\"name\":\"Accueil\",\"item\":\"https:\/\/www.nettali.com\/\"},{\"@type\":\"ListItem\",\"position\":2,\"name\":\"OLIVIER BOUCAL - \\\"Il n'y a aucun nuage entre Ousmane Sonko et Diomaye\\\"\"}]},{\"@type\":\"Person\",\"@id\":\"https:\/\/www.nettali.com\/#\/schema\/person\/3317e0bb3aa1da309fbf7b2780901bf4\",\"name\":\"Daouda\",\"image\":{\"@type\":\"ImageObject\",\"@id\":\"https:\/\/www.nettali.com\/#personlogo\",\"inLanguage\":\"fr-FR\",\"url\":\"https:\/\/secure.gravatar.com\/avatar\/8d143b5a49345098ddcfee1c49c2f47c?s=96&d=mm&r=g\",\"contentUrl\":\"https:\/\/secure.gravatar.com\/avatar\/8d143b5a49345098ddcfee1c49c2f47c?s=96&d=mm&r=g\",\"caption\":\"Daouda\"},\"sameAs\":[\"https:\/\/www.nettali.com\"]}]}<\/script>\n<!-- \/ Yoast SEO Premium plugin. -->","yoast_head_json":{"title":"OLIVIER BOUCAL - \"Il n'y a aucun nuage entre Ousmane Sonko et Diomaye\" | Nettali.com","robots":{"index":"index","follow":"follow","max-snippet":"max-snippet:-1","max-image-preview":"max-image-preview:large","max-video-preview":"max-video-preview:-1"},"canonical":"https:\/\/www.nettali.com\/2025\/07\/13\/olivier-boucal-il-ny-a-aucun-nuage-entre-ousmane-sonko-et-diomaye\/","og_locale":"fr_FR","og_type":"article","og_title":"OLIVIER BOUCAL - \"Il n'y a aucun nuage entre Ousmane Sonko et Diomaye\"","og_description":"NETTALI.COM - Invit\u00e9 ce dimanche de l\u2019\u00e9mission Point de vue\u00a0sur la RTS, le Ministre de la Fonction publique et de la R\u00e9forme du service public, Olivier Boucal, a tenu \u00e0 lever toute ambigu\u00eft\u00e9 sur les relations entre le pr\u00e9sident de la R\u00e9publique Bassirou Diomaye Faye et le Premier ministre Ousmane Sonko, \u00e9galement leader du parti [&hellip;]","og_url":"https:\/\/www.nettali.com\/2025\/07\/13\/olivier-boucal-il-ny-a-aucun-nuage-entre-ousmane-sonko-et-diomaye\/","og_site_name":"Nettali.com","article_publisher":"https:\/\/www.facebook.com\/nettalicom","article_published_time":"2025-07-13T16:40:40+00:00","article_modified_time":"2025-07-13T15:46:07+00:00","og_image":[{"width":1071,"height":785,"url":"https:\/\/www.nettali.com\/wp-content\/uploads\/2025\/07\/Sonko-Diomaye-e1752421530728.jpg","type":"image\/jpeg"}],"twitter_card":"summary_large_image","twitter_misc":{"\u00c9crit par":"Daouda","Dur\u00e9e de lecture estim\u00e9e":"2 minutes"},"schema":{"@context":"https:\/\/schema.org","@graph":[{"@type":"WebSite","@id":"https:\/\/www.nettali.com\/#website","url":"https:\/\/www.nettali.com\/","name":"Nettali.com","description":"Le rendez-vous critique du Net","potentialAction":[{"@type":"SearchAction","target":{"@type":"EntryPoint","urlTemplate":"https:\/\/www.nettali.com\/?s={search_term_string}"},"query-input":"required name=search_term_string"}],"inLanguage":"fr-FR"},{"@type":"ImageObject","@id":"https:\/\/www.nettali.com\/2025\/07\/13\/olivier-boucal-il-ny-a-aucun-nuage-entre-ousmane-sonko-et-diomaye\/#primaryimage","inLanguage":"fr-FR","url":"https:\/\/www.nettali.com\/wp-content\/uploads\/2025\/07\/Sonko-Diomaye-e1752421530728.jpg","contentUrl":"https:\/\/www.nettali.com\/wp-content\/uploads\/2025\/07\/Sonko-Diomaye-e1752421530728.jpg","width":1071,"height":785},{"@type":"WebPage","@id":"https:\/\/www.nettali.com\/2025\/07\/13\/olivier-boucal-il-ny-a-aucun-nuage-entre-ousmane-sonko-et-diomaye\/#webpage","url":"https:\/\/www.nettali.com\/2025\/07\/13\/olivier-boucal-il-ny-a-aucun-nuage-entre-ousmane-sonko-et-diomaye\/","name":"OLIVIER BOUCAL - \"Il n'y a aucun nuage entre Ousmane Sonko et Diomaye\" | Nettali.com","isPartOf":{"@id":"https:\/\/www.nettali.com\/#website"},"primaryImageOfPage":{"@id":"https:\/\/www.nettali.com\/2025\/07\/13\/olivier-boucal-il-ny-a-aucun-nuage-entre-ousmane-sonko-et-diomaye\/#primaryimage"},"datePublished":"2025-07-13T16:40:40+00:00","dateModified":"2025-07-13T15:46:07+00:00","author":{"@id":"https:\/\/www.nettali.com\/#\/schema\/person\/3317e0bb3aa1da309fbf7b2780901bf4"},"breadcrumb":{"@id":"https:\/\/www.nettali.com\/2025\/07\/13\/olivier-boucal-il-ny-a-aucun-nuage-entre-ousmane-sonko-et-diomaye\/#breadcrumb"},"inLanguage":"fr-FR","potentialAction":[{"@type":"ReadAction","target":["https:\/\/www.nettali.com\/2025\/07\/13\/olivier-boucal-il-ny-a-aucun-nuage-entre-ousmane-sonko-et-diomaye\/"]}]},{"@type":"BreadcrumbList","@id":"https:\/\/www.nettali.com\/2025\/07\/13\/olivier-boucal-il-ny-a-aucun-nuage-entre-ousmane-sonko-et-diomaye\/#breadcrumb","itemListElement":[{"@type":"ListItem","position":1,"name":"Accueil","item":"https:\/\/www.nettali.com\/"},{"@type":"ListItem","position":2,"name":"OLIVIER BOUCAL - \"Il n'y a aucun nuage entre Ousmane Sonko et Diomaye\""}]},{"@type":"Person","@id":"https:\/\/www.nettali.com\/#\/schema\/person\/3317e0bb3aa1da309fbf7b2780901bf4","name":"Daouda","image":{"@type":"ImageObject","@id":"https:\/\/www.nettali.com\/#personlogo","inLanguage":"fr-FR","url":"https:\/\/secure.gravatar.com\/avatar\/8d143b5a49345098ddcfee1c49c2f47c?s=96&d=mm&r=g","contentUrl":"https:\/\/secure.gravatar.com\/avatar\/8d143b5a49345098ddcfee1c49c2f47c?s=96&d=mm&r=g","caption":"Daouda"},"sameAs":["https:\/\/www.nettali.com"]}]}},"_links":{"self":[{"href":"https:\/\/www.nettali.com\/rest\/wp\/v2\/posts\/157496"}],"collection":[{"href":"https:\/\/www.nettali.com\/rest\/wp\/v2\/posts"}],"about":[{"href":"https:\/\/www.nettali.com\/rest\/wp\/v2\/types\/post"}],"author":[{"embeddable":true,"href":"https:\/\/www.nettali.com\/rest\/wp\/v2\/users\/4"}],"replies":[{"embeddable":true,"href":"https:\/\/www.nettali.com\/rest\/wp\/v2\/comments?post=157496"}],"version-history":[{"count":1,"href":"https:\/\/www.nettali.com\/rest\/wp\/v2\/posts\/157496\/revisions"}],"predecessor-version":[{"id":157498,"href":"https:\/\/www.nettali.com\/rest\/wp\/v2\/posts\/157496\/revisions\/157498"}],"wp:featuredmedia":[{"embeddable":true,"href":"https:\/\/www.nettali.com\/rest\/wp\/v2\/media\/157497"}],"wp:attachment":[{"href":"https:\/\/www.nettali.com\/rest\/wp\/v2\/media?parent=157496"}],"wp:term":[{"taxonomy":"category","embeddable":true,"href":"https:\/\/www.nettali.com\/rest\/wp\/v2\/categories?post=157496"},{"taxonomy":"post_tag","embeddable":true,"href":"https:\/\/www.nettali.com\/rest\/wp\/v2\/tags?post=157496"}],"curies":[{"name":"wp","href":"https:\/\/api.w.org\/{rel}","templated":true}]}}