{"id":157490,"date":"2025-07-13T15:08:46","date_gmt":"2025-07-13T15:08:46","guid":{"rendered":"https:\/\/www.nettali.com\/?p=157490"},"modified":"2025-07-14T21:51:35","modified_gmt":"2025-07-14T21:51:35","slug":"samba-sy-recadre-sonko-le-senegal-ne-peut-avancer-avec-des-alibis","status":"publish","type":"post","link":"https:\/\/www.nettali.com\/2025\/07\/13\/samba-sy-recadre-sonko-le-senegal-ne-peut-avancer-avec-des-alibis\/","title":{"rendered":"SAMBA SY RECADRE SONKO : \"Le S\u00e9n\u00e9gal ne peut avancer avec des alibis\""},"content":{"rendered":"<p data-start=\"233\" data-end=\"659\"><strong>NETTALI.COM - Invit\u00e9 ce dimanche de l\u2019\u00e9mission <em data-start=\"266\" data-end=\"287\">Le Jury du dimanche<\/em> sur iRadio, Samba Sy, ancien ministre et secr\u00e9taire g\u00e9n\u00e9ral du Parti de l\u2019ind\u00e9pendance et du travail (PIT), a livr\u00e9 une analyse sans d\u00e9tour de la situation politique actuelle. Coordonnateur du Front pour la d\u00e9fense de la d\u00e9mocratie et de la R\u00e9publique (FDR), il n\u2019a pas m\u00e2ch\u00e9 ses mots face \u00e0 ce qu\u2019il qualifie de \u00ab gouvernance \u00e9vasive et justifications permanentes \u00bb.<\/strong><\/p>\n<p data-start=\"661\" data-end=\"896\"><em>\u00ab On cherche des d\u00e9faussoires, des exutoires\u2026 mais nulle part les alibis n\u2019ont permis \u00e0 un pays d\u2019avancer \u00bb<\/em>, a-t-il lanc\u00e9, d\u00e9non\u00e7ant un pouvoir davantage pr\u00e9occup\u00e9 \u00e0 d\u00e9signer des coupables qu\u2019\u00e0 s\u2019attaquer aux vrais d\u00e9fis du S\u00e9n\u00e9gal.<\/p>\n<p data-start=\"939\" data-end=\"1295\">Revenant sur les engagements de campagne du pouvoir en place, Samba Sy a point\u00e9 un <em>\u00ab profond d\u00e9calage entre le discours \u00e9lectoral et la r\u00e9alit\u00e9 du terrain \u00bb.<\/em> Licenciements massifs, suspension des bourses de s\u00e9curit\u00e9 familiale et climat pesant pour les libert\u00e9s publiques sont, \u00e0 ses yeux, des signaux inqui\u00e9tants d\u2019une gouvernance prise de court.<\/p>\n<p data-start=\"1297\" data-end=\"1582\"><em>\u00ab On nous avait promis que tout changerait d\u2019un claquement de doigts. Aujourd\u2019hui, force est de constater que les r\u00e9sultats ne sont pas au rendez-vous. Diriger un pays, c\u2019est mesurer la gravit\u00e9 de chaque d\u00e9cision. Et pour l\u2019instant, cette gravit\u00e9 semble ignor\u00e9e \u00bb<\/em>, a-t-il regrett\u00e9.<\/p>\n<h3 data-start=\"1584\" data-end=\"1623\"><strong data-start=\"1588\" data-end=\"1623\">Une dualit\u00e9 \u00e0 la t\u00eate de l\u2019\u00c9tat<\/strong><\/h3>\n<p data-start=\"1625\" data-end=\"1861\">Samba Sy a \u00e9galement \u00e9voqu\u00e9, sans les nommer directement, les relations complexes entre le pr\u00e9sident Bassirou Diomaye Faye et son Premier ministre Ousmane Sonko. Une cohabitation qui, selon lui, pourrait devenir probl\u00e9matique.<\/p>\n<p data-start=\"1863\" data-end=\"2141\"><em>\u00ab Nous faisons face \u00e0 une crise institutionnelle latente. Si \u00e0 l\u2019impasse \u00e9conomique et \u00e0 la crise sociale s\u2019ajoute une instabilit\u00e9 gestionnelle, alors que nous sommes d\u00e9j\u00e0 dans une ceinture de feu r\u00e9gionale, la situation deviendrait dangereuse \u00bb<\/em>, a averti l\u2019ancien ministre.<\/p>\n<h3 data-start=\"2143\" data-end=\"2203\"><strong data-start=\"2147\" data-end=\"2203\">Sur la d\u00e9mission de Sonko : \"Le temps nous le dira\u2026\"<\/strong><\/h3>\n<p data-start=\"2205\" data-end=\"2496\">Interrog\u00e9 sur l\u2019\u00e9ventualit\u00e9 d\u2019une d\u00e9mission d\u2019Ousmane Sonko, apr\u00e8s ses propos pol\u00e9miques contre une partie de la presse et certains alli\u00e9s du r\u00e9gime, Samba Sy s\u2019est voulu mesur\u00e9 mais lucide. <em>\u00ab Le temps est un bon juge. Ce discours aurait pu \u00eatre \u00e9vit\u00e9, et cela aurait \u00e9t\u00e9 pr\u00e9f\u00e9rable. \u00bb<\/em><\/p>\n<p data-start=\"2498\" data-end=\"2751\">Sans souhaiter le chaos, il rappelle que l\u2019opposition doit rester vigilante et responsable : <em>\u00ab Nous voulons le meilleur pour le S\u00e9n\u00e9gal. Un pays ne se b\u00e2tit pas sur la conflictualit\u00e9 permanente, mais sur la stabilit\u00e9 et l\u2019exemplarit\u00e9 d\u00e9mocratique. \u00bb<\/em><\/p>\n<p data-start=\"2790\" data-end=\"3052\">\u00c0 travers ce d\u00e9cryptage sans concession, Samba Sy met en garde contre les d\u00e9rives d\u2019un pouvoir tent\u00e9 par l\u2019autosatisfaction et l\u2019intimidation. Pour lui, la seule issue est dans le travail, la rigueur et le respect des engagements pris devant le peuple.<\/p>\n<div class='share-to-whatsapp-wrapper'><div class='share-on-whsp'>PARTAGER SUR : <\/div><a data-text='SAMBA SY RECADRE SONKO : \"Le S\u00e9n\u00e9gal ne peut avancer avec des alibis\"' data-link='https:\/\/www.nettali.com\/2025\/07\/13\/samba-sy-recadre-sonko-le-senegal-ne-peut-avancer-avec-des-alibis\/' class='whatsapp-button whatsapp-share'>WhatsApp<\/a><div class='clear '><\/div><\/div>","protected":false},"excerpt":{"rendered":"<p>NETTALI.COM - Invit\u00e9 ce dimanche de l\u2019\u00e9mission Le Jury du dimanche sur iRadio, Samba Sy, ancien ministre et secr\u00e9taire g\u00e9n\u00e9ral du Parti de l\u2019ind\u00e9pendance et du travail (PIT), a livr\u00e9 une analyse sans d\u00e9tour de la situation politique actuelle. Coordonnateur du Front pour la d\u00e9fense de la d\u00e9mocratie et de la R\u00e9publique (FDR), il n\u2019a [&hellip;]<\/p>\n","protected":false},"author":4,"featured_media":146282,"comment_status":"open","ping_status":"open","sticky":false,"template":"","format":"standard","meta":{"_et_pb_use_builder":"","_et_pb_old_content":""},"categories":[2],"tags":[],"yoast_head":"<!-- This site is optimized with the Yoast SEO Premium plugin v17.8 (Yoast SEO v17.8) - https:\/\/yoast.com\/wordpress\/plugins\/seo\/ -->\n<title>SAMBA SY RECADRE SONKO : &quot;Le S\u00e9n\u00e9gal ne peut avancer avec des alibis&quot; | Nettali.com<\/title>\n<meta name=\"robots\" content=\"index, follow, max-snippet:-1, max-image-preview:large, max-video-preview:-1\" \/>\n<link rel=\"canonical\" href=\"https:\/\/www.nettali.com\/2025\/07\/13\/samba-sy-recadre-sonko-le-senegal-ne-peut-avancer-avec-des-alibis\/\" \/>\n<meta property=\"og:locale\" content=\"fr_FR\" \/>\n<meta property=\"og:type\" content=\"article\" \/>\n<meta property=\"og:title\" content=\"SAMBA SY RECADRE SONKO : &quot;Le S\u00e9n\u00e9gal ne peut avancer avec des alibis&quot;\" \/>\n<meta property=\"og:description\" content=\"NETTALI.COM - Invit\u00e9 ce dimanche de l\u2019\u00e9mission Le Jury du dimanche sur iRadio, Samba Sy, ancien ministre et secr\u00e9taire g\u00e9n\u00e9ral du Parti de l\u2019ind\u00e9pendance et du travail (PIT), a livr\u00e9 une analyse sans d\u00e9tour de la situation politique actuelle. Coordonnateur du Front pour la d\u00e9fense de la d\u00e9mocratie et de la R\u00e9publique (FDR), il n\u2019a [&hellip;]\" \/>\n<meta property=\"og:url\" content=\"https:\/\/www.nettali.com\/2025\/07\/13\/samba-sy-recadre-sonko-le-senegal-ne-peut-avancer-avec-des-alibis\/\" \/>\n<meta property=\"og:site_name\" content=\"Nettali.com\" \/>\n<meta property=\"article:publisher\" content=\"https:\/\/www.facebook.com\/nettalicom\" \/>\n<meta property=\"article:published_time\" content=\"2025-07-13T15:08:46+00:00\" \/>\n<meta property=\"article:modified_time\" content=\"2025-07-14T21:51:35+00:00\" \/>\n<meta property=\"og:image\" content=\"https:\/\/www.nettali.com\/wp-content\/uploads\/2024\/12\/SAMBA-SY-755.jpg\" \/>\n\t<meta property=\"og:image:width\" content=\"755\" \/>\n\t<meta property=\"og:image:height\" content=\"449\" \/>\n<meta name=\"twitter:card\" content=\"summary_large_image\" \/>\n<meta name=\"twitter:label1\" content=\"\u00c9crit par\" \/>\n\t<meta name=\"twitter:data1\" content=\"Daouda\" \/>\n\t<meta name=\"twitter:label2\" content=\"Dur\u00e9e de lecture estim\u00e9e\" \/>\n\t<meta name=\"twitter:data2\" content=\"3 minutes\" \/>\n<script type=\"application\/ld+json\" class=\"yoast-schema-graph\">{\"@context\":\"https:\/\/schema.org\",\"@graph\":[{\"@type\":\"WebSite\",\"@id\":\"https:\/\/www.nettali.com\/#website\",\"url\":\"https:\/\/www.nettali.com\/\",\"name\":\"Nettali.com\",\"description\":\"Le rendez-vous critique du Net\",\"potentialAction\":[{\"@type\":\"SearchAction\",\"target\":{\"@type\":\"EntryPoint\",\"urlTemplate\":\"https:\/\/www.nettali.com\/?s={search_term_string}\"},\"query-input\":\"required name=search_term_string\"}],\"inLanguage\":\"fr-FR\"},{\"@type\":\"ImageObject\",\"@id\":\"https:\/\/www.nettali.com\/2025\/07\/13\/samba-sy-recadre-sonko-le-senegal-ne-peut-avancer-avec-des-alibis\/#primaryimage\",\"inLanguage\":\"fr-FR\",\"url\":\"https:\/\/www.nettali.com\/wp-content\/uploads\/2024\/12\/SAMBA-SY-755.jpg\",\"contentUrl\":\"https:\/\/www.nettali.com\/wp-content\/uploads\/2024\/12\/SAMBA-SY-755.jpg\",\"width\":755,\"height\":449},{\"@type\":\"WebPage\",\"@id\":\"https:\/\/www.nettali.com\/2025\/07\/13\/samba-sy-recadre-sonko-le-senegal-ne-peut-avancer-avec-des-alibis\/#webpage\",\"url\":\"https:\/\/www.nettali.com\/2025\/07\/13\/samba-sy-recadre-sonko-le-senegal-ne-peut-avancer-avec-des-alibis\/\",\"name\":\"SAMBA SY RECADRE SONKO : \\\"Le S\\u00e9n\\u00e9gal ne peut avancer avec des alibis\\\" | Nettali.com\",\"isPartOf\":{\"@id\":\"https:\/\/www.nettali.com\/#website\"},\"primaryImageOfPage\":{\"@id\":\"https:\/\/www.nettali.com\/2025\/07\/13\/samba-sy-recadre-sonko-le-senegal-ne-peut-avancer-avec-des-alibis\/#primaryimage\"},\"datePublished\":\"2025-07-13T15:08:46+00:00\",\"dateModified\":\"2025-07-14T21:51:35+00:00\",\"author\":{\"@id\":\"https:\/\/www.nettali.com\/#\/schema\/person\/3317e0bb3aa1da309fbf7b2780901bf4\"},\"breadcrumb\":{\"@id\":\"https:\/\/www.nettali.com\/2025\/07\/13\/samba-sy-recadre-sonko-le-senegal-ne-peut-avancer-avec-des-alibis\/#breadcrumb\"},\"inLanguage\":\"fr-FR\",\"potentialAction\":[{\"@type\":\"ReadAction\",\"target\":[\"https:\/\/www.nettali.com\/2025\/07\/13\/samba-sy-recadre-sonko-le-senegal-ne-peut-avancer-avec-des-alibis\/\"]}]},{\"@type\":\"BreadcrumbList\",\"@id\":\"https:\/\/www.nettali.com\/2025\/07\/13\/samba-sy-recadre-sonko-le-senegal-ne-peut-avancer-avec-des-alibis\/#breadcrumb\",\"itemListElement\":[{\"@type\":\"ListItem\",\"position\":1,\"name\":\"Accueil\",\"item\":\"https:\/\/www.nettali.com\/\"},{\"@type\":\"ListItem\",\"position\":2,\"name\":\"SAMBA SY RECADRE SONKO : \\\"Le S\\u00e9n\\u00e9gal ne peut avancer avec des alibis\\\"\"}]},{\"@type\":\"Person\",\"@id\":\"https:\/\/www.nettali.com\/#\/schema\/person\/3317e0bb3aa1da309fbf7b2780901bf4\",\"name\":\"Daouda\",\"image\":{\"@type\":\"ImageObject\",\"@id\":\"https:\/\/www.nettali.com\/#personlogo\",\"inLanguage\":\"fr-FR\",\"url\":\"https:\/\/secure.gravatar.com\/avatar\/8d143b5a49345098ddcfee1c49c2f47c?s=96&d=mm&r=g\",\"contentUrl\":\"https:\/\/secure.gravatar.com\/avatar\/8d143b5a49345098ddcfee1c49c2f47c?s=96&d=mm&r=g\",\"caption\":\"Daouda\"},\"sameAs\":[\"https:\/\/www.nettali.com\"]}]}<\/script>\n<!-- \/ Yoast SEO Premium plugin. -->","yoast_head_json":{"title":"SAMBA SY RECADRE SONKO : \"Le S\u00e9n\u00e9gal ne peut avancer avec des alibis\" | Nettali.com","robots":{"index":"index","follow":"follow","max-snippet":"max-snippet:-1","max-image-preview":"max-image-preview:large","max-video-preview":"max-video-preview:-1"},"canonical":"https:\/\/www.nettali.com\/2025\/07\/13\/samba-sy-recadre-sonko-le-senegal-ne-peut-avancer-avec-des-alibis\/","og_locale":"fr_FR","og_type":"article","og_title":"SAMBA SY RECADRE SONKO : \"Le S\u00e9n\u00e9gal ne peut avancer avec des alibis\"","og_description":"NETTALI.COM - Invit\u00e9 ce dimanche de l\u2019\u00e9mission Le Jury du dimanche sur iRadio, Samba Sy, ancien ministre et secr\u00e9taire g\u00e9n\u00e9ral du Parti de l\u2019ind\u00e9pendance et du travail (PIT), a livr\u00e9 une analyse sans d\u00e9tour de la situation politique actuelle. Coordonnateur du Front pour la d\u00e9fense de la d\u00e9mocratie et de la R\u00e9publique (FDR), il n\u2019a [&hellip;]","og_url":"https:\/\/www.nettali.com\/2025\/07\/13\/samba-sy-recadre-sonko-le-senegal-ne-peut-avancer-avec-des-alibis\/","og_site_name":"Nettali.com","article_publisher":"https:\/\/www.facebook.com\/nettalicom","article_published_time":"2025-07-13T15:08:46+00:00","article_modified_time":"2025-07-14T21:51:35+00:00","og_image":[{"width":755,"height":449,"url":"https:\/\/www.nettali.com\/wp-content\/uploads\/2024\/12\/SAMBA-SY-755.jpg","type":"image\/jpeg"}],"twitter_card":"summary_large_image","twitter_misc":{"\u00c9crit par":"Daouda","Dur\u00e9e de lecture estim\u00e9e":"3 minutes"},"schema":{"@context":"https:\/\/schema.org","@graph":[{"@type":"WebSite","@id":"https:\/\/www.nettali.com\/#website","url":"https:\/\/www.nettali.com\/","name":"Nettali.com","description":"Le rendez-vous critique du Net","potentialAction":[{"@type":"SearchAction","target":{"@type":"EntryPoint","urlTemplate":"https:\/\/www.nettali.com\/?s={search_term_string}"},"query-input":"required name=search_term_string"}],"inLanguage":"fr-FR"},{"@type":"ImageObject","@id":"https:\/\/www.nettali.com\/2025\/07\/13\/samba-sy-recadre-sonko-le-senegal-ne-peut-avancer-avec-des-alibis\/#primaryimage","inLanguage":"fr-FR","url":"https:\/\/www.nettali.com\/wp-content\/uploads\/2024\/12\/SAMBA-SY-755.jpg","contentUrl":"https:\/\/www.nettali.com\/wp-content\/uploads\/2024\/12\/SAMBA-SY-755.jpg","width":755,"height":449},{"@type":"WebPage","@id":"https:\/\/www.nettali.com\/2025\/07\/13\/samba-sy-recadre-sonko-le-senegal-ne-peut-avancer-avec-des-alibis\/#webpage","url":"https:\/\/www.nettali.com\/2025\/07\/13\/samba-sy-recadre-sonko-le-senegal-ne-peut-avancer-avec-des-alibis\/","name":"SAMBA SY RECADRE SONKO : \"Le S\u00e9n\u00e9gal ne peut avancer avec des alibis\" | Nettali.com","isPartOf":{"@id":"https:\/\/www.nettali.com\/#website"},"primaryImageOfPage":{"@id":"https:\/\/www.nettali.com\/2025\/07\/13\/samba-sy-recadre-sonko-le-senegal-ne-peut-avancer-avec-des-alibis\/#primaryimage"},"datePublished":"2025-07-13T15:08:46+00:00","dateModified":"2025-07-14T21:51:35+00:00","author":{"@id":"https:\/\/www.nettali.com\/#\/schema\/person\/3317e0bb3aa1da309fbf7b2780901bf4"},"breadcrumb":{"@id":"https:\/\/www.nettali.com\/2025\/07\/13\/samba-sy-recadre-sonko-le-senegal-ne-peut-avancer-avec-des-alibis\/#breadcrumb"},"inLanguage":"fr-FR","potentialAction":[{"@type":"ReadAction","target":["https:\/\/www.nettali.com\/2025\/07\/13\/samba-sy-recadre-sonko-le-senegal-ne-peut-avancer-avec-des-alibis\/"]}]},{"@type":"BreadcrumbList","@id":"https:\/\/www.nettali.com\/2025\/07\/13\/samba-sy-recadre-sonko-le-senegal-ne-peut-avancer-avec-des-alibis\/#breadcrumb","itemListElement":[{"@type":"ListItem","position":1,"name":"Accueil","item":"https:\/\/www.nettali.com\/"},{"@type":"ListItem","position":2,"name":"SAMBA SY RECADRE SONKO : \"Le S\u00e9n\u00e9gal ne peut avancer avec des alibis\""}]},{"@type":"Person","@id":"https:\/\/www.nettali.com\/#\/schema\/person\/3317e0bb3aa1da309fbf7b2780901bf4","name":"Daouda","image":{"@type":"ImageObject","@id":"https:\/\/www.nettali.com\/#personlogo","inLanguage":"fr-FR","url":"https:\/\/secure.gravatar.com\/avatar\/8d143b5a49345098ddcfee1c49c2f47c?s=96&d=mm&r=g","contentUrl":"https:\/\/secure.gravatar.com\/avatar\/8d143b5a49345098ddcfee1c49c2f47c?s=96&d=mm&r=g","caption":"Daouda"},"sameAs":["https:\/\/www.nettali.com"]}]}},"_links":{"self":[{"href":"https:\/\/www.nettali.com\/rest\/wp\/v2\/posts\/157490"}],"collection":[{"href":"https:\/\/www.nettali.com\/rest\/wp\/v2\/posts"}],"about":[{"href":"https:\/\/www.nettali.com\/rest\/wp\/v2\/types\/post"}],"author":[{"embeddable":true,"href":"https:\/\/www.nettali.com\/rest\/wp\/v2\/users\/4"}],"replies":[{"embeddable":true,"href":"https:\/\/www.nettali.com\/rest\/wp\/v2\/comments?post=157490"}],"version-history":[{"count":4,"href":"https:\/\/www.nettali.com\/rest\/wp\/v2\/posts\/157490\/revisions"}],"predecessor-version":[{"id":157495,"href":"https:\/\/www.nettali.com\/rest\/wp\/v2\/posts\/157490\/revisions\/157495"}],"wp:featuredmedia":[{"embeddable":true,"href":"https:\/\/www.nettali.com\/rest\/wp\/v2\/media\/146282"}],"wp:attachment":[{"href":"https:\/\/www.nettali.com\/rest\/wp\/v2\/media?parent=157490"}],"wp:term":[{"taxonomy":"category","embeddable":true,"href":"https:\/\/www.nettali.com\/rest\/wp\/v2\/categories?post=157490"},{"taxonomy":"post_tag","embeddable":true,"href":"https:\/\/www.nettali.com\/rest\/wp\/v2\/tags?post=157490"}],"curies":[{"name":"wp","href":"https:\/\/api.w.org\/{rel}","templated":true}]}}