{"id":157479,"date":"2025-07-13T14:52:59","date_gmt":"2025-07-13T14:52:59","guid":{"rendered":"https:\/\/www.nettali.com\/?p=157479"},"modified":"2025-07-13T14:52:59","modified_gmt":"2025-07-13T14:52:59","slug":"justice-encore-72-heures-de-greve-de-lentente-sytjust-untj","status":"publish","type":"post","link":"https:\/\/www.nettali.com\/2025\/07\/13\/justice-encore-72-heures-de-greve-de-lentente-sytjust-untj\/","title":{"rendered":"JUSTICE - Encore 72 heures de gr\u00e8ve de l'Entente SYTJUST-UNTJ"},"content":{"rendered":"<p><strong>NETTALI.COM - Les usagers de la Justice ne sont pas au bout de leur peine. En mouvement d\u2019humeur depuis plusieurs semaines, les travailleurs de la Justice regroup\u00e9s au sein de l'Entente SYTJUST-UNTJ ont d\u00e9cid\u00e9 d'observer encore trois jours de gr\u00e8ve.<\/strong><\/p>\n<p>\"<em>L\u2019Entente SYTJUST\u2013UNTJ d\u00e9cr\u00e8te une gr\u00e8ve de 72 heures, du lundi 14 au mercredi 16 juillet 2025, pour exiger le respect de nos droits, la reconnaissance de notre r\u00f4le fondamental dans le fonctionnement de la Justice et l\u2019ouverture imm\u00e9diate d\u2019un dialogue s\u00e9rieux avec les autorit\u00e9s<\/em>.\" C'est ce qu'on apprend d'un communiqu\u00e9 rendu public ce dimanche par les responsables du Syndicat national des travailleurs de la Justice (SYTJUST) et ceux de l'Union nationale des travailleurs de la Justice (UNTJ). Les deux syndicats regroup\u00e9s dans une m\u00eame entente remettent sur la table les m\u00eames revendications. Il s'agit de \"<em>l\u2019alignement des greffiers \u00e0 la hi\u00e9rarchie A2, conform\u00e9ment \u00e0 leur niveau de responsabilit\u00e9 et de qualification, le reclassement des agents des hi\u00e9rarchies B et C dans le corps des agents de greffe professionnels (AGP), pour corriger une injustice flagrante, la rencontre avec le gouvernement, afin de satisfaire l\u2019ensemble des points de revendications consign\u00e9s dans les pr\u00e9avis de gr\u00e8ve d\u00e9pos\u00e9s en f\u00e9vrier 2025 par les syndicats des travailleurs de la Justice et la\u00a0fin de la marginalisation des agents du greffe et des corps dits non judiciaires<\/em>\".<\/p>\n<p>Selon l'Entente SYTJUST-UNTJ, ce mouvement n\u2019est pas une simple r\u00e9action ponctuelle. \"<em>C\u2019est une lutte pour la dignit\u00e9, pour une Justice qui respecte aussi celles et ceux qui la font fonctionner au quotidien. Il est temps d\u2019en finir avec la pr\u00e9carit\u00e9 institutionnalis\u00e9e, les promesses non tenues, les discriminations internes et le m\u00e9pris bureaucratique<\/em>\", ajoute le communiqu\u00e9. Les gr\u00e9vistes pr\u00e9viennent : \"<em>Aucun service minimum ne sera assur\u00e9 durant les trois jours de gr\u00e8ve. Nous devons montrer que sans les travailleurs de la Justice, il n\u2019y a pas de justice rendue<\/em>.\" \"<em>Malgr\u00e9 les intimidations, malgr\u00e9 les tentatives de division, nous devons rester unis, fermes et solidaires. La peur ne doit plus gouverner nos m\u00e9tiers. C\u2019est par la mobilisation et la r\u00e9sistance collective que nous imposerons le respect de nos droits<\/em>\", disent-ils.<\/p>\n<p>&nbsp;<\/p>\n<p>&nbsp;<\/p>\n<p>&nbsp;<\/p>\n<p>&nbsp;<\/p>\n<p>&nbsp;<\/p>\n<p>&nbsp;<\/p>\n<p>&nbsp;<\/p>\n<p>&nbsp;<\/p>\n<p>&nbsp;<\/p>\n<p>&nbsp;<\/p>\n<div class='share-to-whatsapp-wrapper'><div class='share-on-whsp'>PARTAGER SUR : <\/div><a data-text='JUSTICE - Encore 72 heures de gr\u00e8ve de l'Entente SYTJUST-UNTJ' data-link='https:\/\/www.nettali.com\/2025\/07\/13\/justice-encore-72-heures-de-greve-de-lentente-sytjust-untj\/' class='whatsapp-button whatsapp-share'>WhatsApp<\/a><div class='clear '><\/div><\/div>","protected":false},"excerpt":{"rendered":"<p>NETTALI.COM - Les usagers de la Justice ne sont pas au bout de leur peine. En mouvement d\u2019humeur depuis plusieurs semaines, les travailleurs de la Justice regroup\u00e9s au sein de l'Entente SYTJUST-UNTJ ont d\u00e9cid\u00e9 d'observer encore trois jours de gr\u00e8ve. \"L\u2019Entente SYTJUST\u2013UNTJ d\u00e9cr\u00e8te une gr\u00e8ve de 72 heures, du lundi 14 au mercredi 16 juillet [&hellip;]<\/p>\n","protected":false},"author":3,"featured_media":157483,"comment_status":"open","ping_status":"open","sticky":false,"template":"","format":"standard","meta":{"_et_pb_use_builder":"","_et_pb_old_content":""},"categories":[3],"tags":[],"yoast_head":"<!-- This site is optimized with the Yoast SEO Premium plugin v17.8 (Yoast SEO v17.8) - https:\/\/yoast.com\/wordpress\/plugins\/seo\/ -->\n<title>JUSTICE - Encore 72 heures de gr\u00e8ve de l&#039;Entente SYTJUST-UNTJ | Nettali.com<\/title>\n<meta name=\"robots\" content=\"index, follow, max-snippet:-1, max-image-preview:large, max-video-preview:-1\" \/>\n<link rel=\"canonical\" href=\"https:\/\/www.nettali.com\/2025\/07\/13\/justice-encore-72-heures-de-greve-de-lentente-sytjust-untj\/\" \/>\n<meta property=\"og:locale\" content=\"fr_FR\" \/>\n<meta property=\"og:type\" content=\"article\" \/>\n<meta property=\"og:title\" content=\"JUSTICE - Encore 72 heures de gr\u00e8ve de l&#039;Entente SYTJUST-UNTJ\" \/>\n<meta property=\"og:description\" content=\"NETTALI.COM - Les usagers de la Justice ne sont pas au bout de leur peine. En mouvement d\u2019humeur depuis plusieurs semaines, les travailleurs de la Justice regroup\u00e9s au sein de l&#039;Entente SYTJUST-UNTJ ont d\u00e9cid\u00e9 d&#039;observer encore trois jours de gr\u00e8ve. &quot;L\u2019Entente SYTJUST\u2013UNTJ d\u00e9cr\u00e8te une gr\u00e8ve de 72 heures, du lundi 14 au mercredi 16 juillet [&hellip;]\" \/>\n<meta property=\"og:url\" content=\"https:\/\/www.nettali.com\/2025\/07\/13\/justice-encore-72-heures-de-greve-de-lentente-sytjust-untj\/\" \/>\n<meta property=\"og:site_name\" content=\"Nettali.com\" \/>\n<meta property=\"article:publisher\" content=\"https:\/\/www.facebook.com\/nettalicom\" \/>\n<meta property=\"article:published_time\" content=\"2025-07-13T14:52:59+00:00\" \/>\n<meta property=\"og:image\" content=\"https:\/\/www.nettali.com\/wp-content\/uploads\/2025\/07\/FB_IMG_1750176922500-696x375-1.jpg\" \/>\n\t<meta property=\"og:image:width\" content=\"696\" \/>\n\t<meta property=\"og:image:height\" content=\"375\" \/>\n<meta name=\"twitter:card\" content=\"summary_large_image\" \/>\n<meta name=\"twitter:label1\" content=\"\u00c9crit par\" \/>\n\t<meta name=\"twitter:data1\" content=\"Moustapha\" \/>\n\t<meta name=\"twitter:label2\" content=\"Dur\u00e9e de lecture estim\u00e9e\" \/>\n\t<meta name=\"twitter:data2\" content=\"2 minutes\" \/>\n<script type=\"application\/ld+json\" class=\"yoast-schema-graph\">{\"@context\":\"https:\/\/schema.org\",\"@graph\":[{\"@type\":\"WebSite\",\"@id\":\"https:\/\/www.nettali.com\/#website\",\"url\":\"https:\/\/www.nettali.com\/\",\"name\":\"Nettali.com\",\"description\":\"Le rendez-vous critique du Net\",\"potentialAction\":[{\"@type\":\"SearchAction\",\"target\":{\"@type\":\"EntryPoint\",\"urlTemplate\":\"https:\/\/www.nettali.com\/?s={search_term_string}\"},\"query-input\":\"required name=search_term_string\"}],\"inLanguage\":\"fr-FR\"},{\"@type\":\"ImageObject\",\"@id\":\"https:\/\/www.nettali.com\/2025\/07\/13\/justice-encore-72-heures-de-greve-de-lentente-sytjust-untj\/#primaryimage\",\"inLanguage\":\"fr-FR\",\"url\":\"https:\/\/www.nettali.com\/wp-content\/uploads\/2025\/07\/FB_IMG_1750176922500-696x375-1.jpg\",\"contentUrl\":\"https:\/\/www.nettali.com\/wp-content\/uploads\/2025\/07\/FB_IMG_1750176922500-696x375-1.jpg\",\"width\":696,\"height\":375},{\"@type\":\"WebPage\",\"@id\":\"https:\/\/www.nettali.com\/2025\/07\/13\/justice-encore-72-heures-de-greve-de-lentente-sytjust-untj\/#webpage\",\"url\":\"https:\/\/www.nettali.com\/2025\/07\/13\/justice-encore-72-heures-de-greve-de-lentente-sytjust-untj\/\",\"name\":\"JUSTICE - Encore 72 heures de gr\\u00e8ve de l'Entente SYTJUST-UNTJ | Nettali.com\",\"isPartOf\":{\"@id\":\"https:\/\/www.nettali.com\/#website\"},\"primaryImageOfPage\":{\"@id\":\"https:\/\/www.nettali.com\/2025\/07\/13\/justice-encore-72-heures-de-greve-de-lentente-sytjust-untj\/#primaryimage\"},\"datePublished\":\"2025-07-13T14:52:59+00:00\",\"dateModified\":\"2025-07-13T14:52:59+00:00\",\"author\":{\"@id\":\"https:\/\/www.nettali.com\/#\/schema\/person\/7962a12a6e0267f88f0ffa544c36469a\"},\"breadcrumb\":{\"@id\":\"https:\/\/www.nettali.com\/2025\/07\/13\/justice-encore-72-heures-de-greve-de-lentente-sytjust-untj\/#breadcrumb\"},\"inLanguage\":\"fr-FR\",\"potentialAction\":[{\"@type\":\"ReadAction\",\"target\":[\"https:\/\/www.nettali.com\/2025\/07\/13\/justice-encore-72-heures-de-greve-de-lentente-sytjust-untj\/\"]}]},{\"@type\":\"BreadcrumbList\",\"@id\":\"https:\/\/www.nettali.com\/2025\/07\/13\/justice-encore-72-heures-de-greve-de-lentente-sytjust-untj\/#breadcrumb\",\"itemListElement\":[{\"@type\":\"ListItem\",\"position\":1,\"name\":\"Accueil\",\"item\":\"https:\/\/www.nettali.com\/\"},{\"@type\":\"ListItem\",\"position\":2,\"name\":\"JUSTICE - Encore 72 heures de gr\\u00e8ve de l'Entente SYTJUST-UNTJ\"}]},{\"@type\":\"Person\",\"@id\":\"https:\/\/www.nettali.com\/#\/schema\/person\/7962a12a6e0267f88f0ffa544c36469a\",\"name\":\"Moustapha\",\"image\":{\"@type\":\"ImageObject\",\"@id\":\"https:\/\/www.nettali.com\/#personlogo\",\"inLanguage\":\"fr-FR\",\"url\":\"https:\/\/secure.gravatar.com\/avatar\/10fdf6a071cccdcf374e3dbe45159590?s=96&d=mm&r=g\",\"contentUrl\":\"https:\/\/secure.gravatar.com\/avatar\/10fdf6a071cccdcf374e3dbe45159590?s=96&d=mm&r=g\",\"caption\":\"Moustapha\"},\"sameAs\":[\"https:\/\/www.nettali.com\"]}]}<\/script>\n<!-- \/ Yoast SEO Premium plugin. -->","yoast_head_json":{"title":"JUSTICE - Encore 72 heures de gr\u00e8ve de l'Entente SYTJUST-UNTJ | Nettali.com","robots":{"index":"index","follow":"follow","max-snippet":"max-snippet:-1","max-image-preview":"max-image-preview:large","max-video-preview":"max-video-preview:-1"},"canonical":"https:\/\/www.nettali.com\/2025\/07\/13\/justice-encore-72-heures-de-greve-de-lentente-sytjust-untj\/","og_locale":"fr_FR","og_type":"article","og_title":"JUSTICE - Encore 72 heures de gr\u00e8ve de l'Entente SYTJUST-UNTJ","og_description":"NETTALI.COM - Les usagers de la Justice ne sont pas au bout de leur peine. En mouvement d\u2019humeur depuis plusieurs semaines, les travailleurs de la Justice regroup\u00e9s au sein de l'Entente SYTJUST-UNTJ ont d\u00e9cid\u00e9 d'observer encore trois jours de gr\u00e8ve. \"L\u2019Entente SYTJUST\u2013UNTJ d\u00e9cr\u00e8te une gr\u00e8ve de 72 heures, du lundi 14 au mercredi 16 juillet [&hellip;]","og_url":"https:\/\/www.nettali.com\/2025\/07\/13\/justice-encore-72-heures-de-greve-de-lentente-sytjust-untj\/","og_site_name":"Nettali.com","article_publisher":"https:\/\/www.facebook.com\/nettalicom","article_published_time":"2025-07-13T14:52:59+00:00","og_image":[{"width":696,"height":375,"url":"https:\/\/www.nettali.com\/wp-content\/uploads\/2025\/07\/FB_IMG_1750176922500-696x375-1.jpg","type":"image\/jpeg"}],"twitter_card":"summary_large_image","twitter_misc":{"\u00c9crit par":"Moustapha","Dur\u00e9e de lecture estim\u00e9e":"2 minutes"},"schema":{"@context":"https:\/\/schema.org","@graph":[{"@type":"WebSite","@id":"https:\/\/www.nettali.com\/#website","url":"https:\/\/www.nettali.com\/","name":"Nettali.com","description":"Le rendez-vous critique du Net","potentialAction":[{"@type":"SearchAction","target":{"@type":"EntryPoint","urlTemplate":"https:\/\/www.nettali.com\/?s={search_term_string}"},"query-input":"required name=search_term_string"}],"inLanguage":"fr-FR"},{"@type":"ImageObject","@id":"https:\/\/www.nettali.com\/2025\/07\/13\/justice-encore-72-heures-de-greve-de-lentente-sytjust-untj\/#primaryimage","inLanguage":"fr-FR","url":"https:\/\/www.nettali.com\/wp-content\/uploads\/2025\/07\/FB_IMG_1750176922500-696x375-1.jpg","contentUrl":"https:\/\/www.nettali.com\/wp-content\/uploads\/2025\/07\/FB_IMG_1750176922500-696x375-1.jpg","width":696,"height":375},{"@type":"WebPage","@id":"https:\/\/www.nettali.com\/2025\/07\/13\/justice-encore-72-heures-de-greve-de-lentente-sytjust-untj\/#webpage","url":"https:\/\/www.nettali.com\/2025\/07\/13\/justice-encore-72-heures-de-greve-de-lentente-sytjust-untj\/","name":"JUSTICE - Encore 72 heures de gr\u00e8ve de l'Entente SYTJUST-UNTJ | Nettali.com","isPartOf":{"@id":"https:\/\/www.nettali.com\/#website"},"primaryImageOfPage":{"@id":"https:\/\/www.nettali.com\/2025\/07\/13\/justice-encore-72-heures-de-greve-de-lentente-sytjust-untj\/#primaryimage"},"datePublished":"2025-07-13T14:52:59+00:00","dateModified":"2025-07-13T14:52:59+00:00","author":{"@id":"https:\/\/www.nettali.com\/#\/schema\/person\/7962a12a6e0267f88f0ffa544c36469a"},"breadcrumb":{"@id":"https:\/\/www.nettali.com\/2025\/07\/13\/justice-encore-72-heures-de-greve-de-lentente-sytjust-untj\/#breadcrumb"},"inLanguage":"fr-FR","potentialAction":[{"@type":"ReadAction","target":["https:\/\/www.nettali.com\/2025\/07\/13\/justice-encore-72-heures-de-greve-de-lentente-sytjust-untj\/"]}]},{"@type":"BreadcrumbList","@id":"https:\/\/www.nettali.com\/2025\/07\/13\/justice-encore-72-heures-de-greve-de-lentente-sytjust-untj\/#breadcrumb","itemListElement":[{"@type":"ListItem","position":1,"name":"Accueil","item":"https:\/\/www.nettali.com\/"},{"@type":"ListItem","position":2,"name":"JUSTICE - Encore 72 heures de gr\u00e8ve de l'Entente SYTJUST-UNTJ"}]},{"@type":"Person","@id":"https:\/\/www.nettali.com\/#\/schema\/person\/7962a12a6e0267f88f0ffa544c36469a","name":"Moustapha","image":{"@type":"ImageObject","@id":"https:\/\/www.nettali.com\/#personlogo","inLanguage":"fr-FR","url":"https:\/\/secure.gravatar.com\/avatar\/10fdf6a071cccdcf374e3dbe45159590?s=96&d=mm&r=g","contentUrl":"https:\/\/secure.gravatar.com\/avatar\/10fdf6a071cccdcf374e3dbe45159590?s=96&d=mm&r=g","caption":"Moustapha"},"sameAs":["https:\/\/www.nettali.com"]}]}},"_links":{"self":[{"href":"https:\/\/www.nettali.com\/rest\/wp\/v2\/posts\/157479"}],"collection":[{"href":"https:\/\/www.nettali.com\/rest\/wp\/v2\/posts"}],"about":[{"href":"https:\/\/www.nettali.com\/rest\/wp\/v2\/types\/post"}],"author":[{"embeddable":true,"href":"https:\/\/www.nettali.com\/rest\/wp\/v2\/users\/3"}],"replies":[{"embeddable":true,"href":"https:\/\/www.nettali.com\/rest\/wp\/v2\/comments?post=157479"}],"version-history":[{"count":1,"href":"https:\/\/www.nettali.com\/rest\/wp\/v2\/posts\/157479\/revisions"}],"predecessor-version":[{"id":157484,"href":"https:\/\/www.nettali.com\/rest\/wp\/v2\/posts\/157479\/revisions\/157484"}],"wp:featuredmedia":[{"embeddable":true,"href":"https:\/\/www.nettali.com\/rest\/wp\/v2\/media\/157483"}],"wp:attachment":[{"href":"https:\/\/www.nettali.com\/rest\/wp\/v2\/media?parent=157479"}],"wp:term":[{"taxonomy":"category","embeddable":true,"href":"https:\/\/www.nettali.com\/rest\/wp\/v2\/categories?post=157479"},{"taxonomy":"post_tag","embeddable":true,"href":"https:\/\/www.nettali.com\/rest\/wp\/v2\/tags?post=157479"}],"curies":[{"name":"wp","href":"https:\/\/api.w.org\/{rel}","templated":true}]}}