{"id":157348,"date":"2025-07-10T22:46:18","date_gmt":"2025-07-10T22:46:18","guid":{"rendered":"https:\/\/www.nettali.com\/?p=157348"},"modified":"2025-07-11T09:39:35","modified_gmt":"2025-07-11T09:39:35","slug":"thierno-bocoum-liberez-badara-comme-vous-avez-libere-amadou","status":"publish","type":"post","link":"https:\/\/www.nettali.com\/2025\/07\/10\/thierno-bocoum-liberez-badara-comme-vous-avez-libere-amadou\/","title":{"rendered":"THIERNO BOCOUM - \"Lib\u00e9rez Badara, comme vous avez lib\u00e9r\u00e9 Amadou\""},"content":{"rendered":"<p><strong>NETTALI.COM - Le leader du mouvement AGIR-LES LEADERS, Thierno Bocoum, s\u2019est prononc\u00e9 r\u00e9cemment sur l\u2019affaire Badara Gadiaga. Il demande la lib\u00e9ration imm\u00e9diate du chroniqueur, arr\u00eat\u00e9 apr\u00e8s un d\u00e9bat t\u00e9l\u00e9vis\u00e9, et d\u00e9nonce une d\u00e9cision injuste et dangereuse pour la d\u00e9mocratie. Nous vous proposons in extenso mon message post\u00e9 sur les r\u00e9seaux sociaux.<\/strong><\/p>\n<p>\"Il n\u2019y a rien de plus risible que de retenir Badara et de lib\u00e9rer Amadou, alors que ce dernier a tenu des propos infiniment plus graves.<\/p>\n<p>S\u2019il est libre de retrouver sa famille, il n\u2019y a aucune raison valable pour que Badara soit encore priv\u00e9 des siens.<\/p>\n<p>\u00c0 force de vouloir transformer un simple d\u00e9bat t\u00e9l\u00e9vis\u00e9 en dossier judiciaire, le pouvoir s\u2019enfonce dans le ridicule, en croyant masquer son incomp\u00e9tence derri\u00e8re des op\u00e9rations de diversion.<\/p>\n<p>Soyons clairs : ni Amadou ni Badara ne devraient se retrouver dans les mains des enqu\u00eateurs.<\/p>\n<p>Le fait de retenir un vice-pr\u00e9sident de l\u2019Assembl\u00e9e nationale pour avoir simplement interpr\u00e9t\u00e9 un jugement rendu public est un pr\u00e9c\u00e9dent aussi dangereux que honteux. L\u2019Assembl\u00e9e nationale aurait d\u00fb s\u2019y opposer avec fermet\u00e9. Son silence est une abdication.<\/p>\n<p>Ces stratag\u00e8mes cousus de fil blanc o\u00f9 l\u2019on feint de corriger une injustice pass\u00e9e en en commettant une nouvelle rel\u00e8vent d\u2019une instrumentalisation malhabile de la justice, dans le seul but de neutraliser des cibles politiques pr\u00e9cises tout en simulant une apparence d\u2019\u00e9quilibre.<\/p>\n<p>La ficelle est trop grosse. Badara n\u2019est pas all\u00e9 plus loin qu\u2019Amadou. La justice ne peut donc aller plus loin avec lui.<\/p>\n<p>Qu\u2019on le lib\u00e8re imm\u00e9diatement, comme on l\u2019a fait pour Amadou.<\/p>\n<p>Et que ceux qui ne supportent pas la contradiction changent de pays. Ce n\u2019est pas \u00e0 la d\u00e9mocratie s\u00e9n\u00e9galaise de s\u2019incliner devant les caprices d\u2019apprentis dictateurs mais \u00e0 nos dirigeants d\u2019abandonner la posture r\u00e9pressive pour enfin produire des r\u00e9sultats.<\/p>\n<p>Le pays n\u2019attend ni vengeance, ni spectacle judiciaire. Il attend des actes, des solutions et du s\u00e9rieux.\"<\/p>\n<div class='share-to-whatsapp-wrapper'><div class='share-on-whsp'>PARTAGER SUR : <\/div><a data-text='THIERNO BOCOUM - \"Lib\u00e9rez Badara, comme vous avez lib\u00e9r\u00e9 Amadou\"' data-link='https:\/\/www.nettali.com\/2025\/07\/10\/thierno-bocoum-liberez-badara-comme-vous-avez-libere-amadou\/' class='whatsapp-button whatsapp-share'>WhatsApp<\/a><div class='clear '><\/div><\/div>","protected":false},"excerpt":{"rendered":"<p>NETTALI.COM - Le leader du mouvement AGIR-LES LEADERS, Thierno Bocoum, s\u2019est prononc\u00e9 r\u00e9cemment sur l\u2019affaire Badara Gadiaga. Il demande la lib\u00e9ration imm\u00e9diate du chroniqueur, arr\u00eat\u00e9 apr\u00e8s un d\u00e9bat t\u00e9l\u00e9vis\u00e9, et d\u00e9nonce une d\u00e9cision injuste et dangereuse pour la d\u00e9mocratie. Nous vous proposons in extenso mon message post\u00e9 sur les r\u00e9seaux sociaux. \"Il n\u2019y a rien [&hellip;]<\/p>\n","protected":false},"author":5,"featured_media":157350,"comment_status":"open","ping_status":"open","sticky":false,"template":"","format":"standard","meta":{"_et_pb_use_builder":"","_et_pb_old_content":""},"categories":[3],"tags":[],"yoast_head":"<!-- This site is optimized with the Yoast SEO Premium plugin v17.8 (Yoast SEO v17.8) - https:\/\/yoast.com\/wordpress\/plugins\/seo\/ -->\n<title>THIERNO BOCOUM - &quot;Lib\u00e9rez Badara, comme vous avez lib\u00e9r\u00e9 Amadou&quot; | Nettali.com<\/title>\n<meta name=\"robots\" content=\"index, follow, max-snippet:-1, max-image-preview:large, max-video-preview:-1\" \/>\n<link rel=\"canonical\" href=\"https:\/\/www.nettali.com\/2025\/07\/10\/thierno-bocoum-liberez-badara-comme-vous-avez-libere-amadou\/\" \/>\n<meta property=\"og:locale\" content=\"fr_FR\" \/>\n<meta property=\"og:type\" content=\"article\" \/>\n<meta property=\"og:title\" content=\"THIERNO BOCOUM - &quot;Lib\u00e9rez Badara, comme vous avez lib\u00e9r\u00e9 Amadou&quot;\" \/>\n<meta property=\"og:description\" content=\"NETTALI.COM - Le leader du mouvement AGIR-LES LEADERS, Thierno Bocoum, s\u2019est prononc\u00e9 r\u00e9cemment sur l\u2019affaire Badara Gadiaga. Il demande la lib\u00e9ration imm\u00e9diate du chroniqueur, arr\u00eat\u00e9 apr\u00e8s un d\u00e9bat t\u00e9l\u00e9vis\u00e9, et d\u00e9nonce une d\u00e9cision injuste et dangereuse pour la d\u00e9mocratie. Nous vous proposons in extenso mon message post\u00e9 sur les r\u00e9seaux sociaux. &quot;Il n\u2019y a rien [&hellip;]\" \/>\n<meta property=\"og:url\" content=\"https:\/\/www.nettali.com\/2025\/07\/10\/thierno-bocoum-liberez-badara-comme-vous-avez-libere-amadou\/\" \/>\n<meta property=\"og:site_name\" content=\"Nettali.com\" \/>\n<meta property=\"article:publisher\" content=\"https:\/\/www.facebook.com\/nettalicom\" \/>\n<meta property=\"article:published_time\" content=\"2025-07-10T22:46:18+00:00\" \/>\n<meta property=\"article:modified_time\" content=\"2025-07-11T09:39:35+00:00\" \/>\n<meta property=\"og:image\" content=\"https:\/\/www.nettali.com\/wp-content\/uploads\/2025\/07\/8567b3ccdc26ac3ef18baf71fcf91dbb9e9de6c5.jpg\" \/>\n\t<meta property=\"og:image:width\" content=\"612\" \/>\n\t<meta property=\"og:image:height\" content=\"298\" \/>\n<meta name=\"twitter:card\" content=\"summary_large_image\" \/>\n<meta name=\"twitter:label1\" content=\"\u00c9crit par\" \/>\n\t<meta name=\"twitter:data1\" content=\"Ibrahima\" \/>\n\t<meta name=\"twitter:label2\" content=\"Dur\u00e9e de lecture estim\u00e9e\" \/>\n\t<meta name=\"twitter:data2\" content=\"2 minutes\" \/>\n<script type=\"application\/ld+json\" class=\"yoast-schema-graph\">{\"@context\":\"https:\/\/schema.org\",\"@graph\":[{\"@type\":\"WebSite\",\"@id\":\"https:\/\/www.nettali.com\/#website\",\"url\":\"https:\/\/www.nettali.com\/\",\"name\":\"Nettali.com\",\"description\":\"Le rendez-vous critique du Net\",\"potentialAction\":[{\"@type\":\"SearchAction\",\"target\":{\"@type\":\"EntryPoint\",\"urlTemplate\":\"https:\/\/www.nettali.com\/?s={search_term_string}\"},\"query-input\":\"required name=search_term_string\"}],\"inLanguage\":\"fr-FR\"},{\"@type\":\"ImageObject\",\"@id\":\"https:\/\/www.nettali.com\/2025\/07\/10\/thierno-bocoum-liberez-badara-comme-vous-avez-libere-amadou\/#primaryimage\",\"inLanguage\":\"fr-FR\",\"url\":\"https:\/\/www.nettali.com\/wp-content\/uploads\/2025\/07\/8567b3ccdc26ac3ef18baf71fcf91dbb9e9de6c5.jpg\",\"contentUrl\":\"https:\/\/www.nettali.com\/wp-content\/uploads\/2025\/07\/8567b3ccdc26ac3ef18baf71fcf91dbb9e9de6c5.jpg\",\"width\":612,\"height\":298},{\"@type\":\"WebPage\",\"@id\":\"https:\/\/www.nettali.com\/2025\/07\/10\/thierno-bocoum-liberez-badara-comme-vous-avez-libere-amadou\/#webpage\",\"url\":\"https:\/\/www.nettali.com\/2025\/07\/10\/thierno-bocoum-liberez-badara-comme-vous-avez-libere-amadou\/\",\"name\":\"THIERNO BOCOUM - \\\"Lib\\u00e9rez Badara, comme vous avez lib\\u00e9r\\u00e9 Amadou\\\" | Nettali.com\",\"isPartOf\":{\"@id\":\"https:\/\/www.nettali.com\/#website\"},\"primaryImageOfPage\":{\"@id\":\"https:\/\/www.nettali.com\/2025\/07\/10\/thierno-bocoum-liberez-badara-comme-vous-avez-libere-amadou\/#primaryimage\"},\"datePublished\":\"2025-07-10T22:46:18+00:00\",\"dateModified\":\"2025-07-11T09:39:35+00:00\",\"author\":{\"@id\":\"https:\/\/www.nettali.com\/#\/schema\/person\/bb147657c2986240405a608162b9bb23\"},\"breadcrumb\":{\"@id\":\"https:\/\/www.nettali.com\/2025\/07\/10\/thierno-bocoum-liberez-badara-comme-vous-avez-libere-amadou\/#breadcrumb\"},\"inLanguage\":\"fr-FR\",\"potentialAction\":[{\"@type\":\"ReadAction\",\"target\":[\"https:\/\/www.nettali.com\/2025\/07\/10\/thierno-bocoum-liberez-badara-comme-vous-avez-libere-amadou\/\"]}]},{\"@type\":\"BreadcrumbList\",\"@id\":\"https:\/\/www.nettali.com\/2025\/07\/10\/thierno-bocoum-liberez-badara-comme-vous-avez-libere-amadou\/#breadcrumb\",\"itemListElement\":[{\"@type\":\"ListItem\",\"position\":1,\"name\":\"Accueil\",\"item\":\"https:\/\/www.nettali.com\/\"},{\"@type\":\"ListItem\",\"position\":2,\"name\":\"THIERNO BOCOUM - \\\"Lib\\u00e9rez Badara, comme vous avez lib\\u00e9r\\u00e9 Amadou\\\"\"}]},{\"@type\":\"Person\",\"@id\":\"https:\/\/www.nettali.com\/#\/schema\/person\/bb147657c2986240405a608162b9bb23\",\"name\":\"Ibrahima\",\"image\":{\"@type\":\"ImageObject\",\"@id\":\"https:\/\/www.nettali.com\/#personlogo\",\"inLanguage\":\"fr-FR\",\"url\":\"https:\/\/secure.gravatar.com\/avatar\/26a8a81f09f0dd7624c9d5c36c9ba3a2?s=96&d=mm&r=g\",\"contentUrl\":\"https:\/\/secure.gravatar.com\/avatar\/26a8a81f09f0dd7624c9d5c36c9ba3a2?s=96&d=mm&r=g\",\"caption\":\"Ibrahima\"},\"sameAs\":[\"https:\/\/www.nettali.com\"]}]}<\/script>\n<!-- \/ Yoast SEO Premium plugin. -->","yoast_head_json":{"title":"THIERNO BOCOUM - \"Lib\u00e9rez Badara, comme vous avez lib\u00e9r\u00e9 Amadou\" | Nettali.com","robots":{"index":"index","follow":"follow","max-snippet":"max-snippet:-1","max-image-preview":"max-image-preview:large","max-video-preview":"max-video-preview:-1"},"canonical":"https:\/\/www.nettali.com\/2025\/07\/10\/thierno-bocoum-liberez-badara-comme-vous-avez-libere-amadou\/","og_locale":"fr_FR","og_type":"article","og_title":"THIERNO BOCOUM - \"Lib\u00e9rez Badara, comme vous avez lib\u00e9r\u00e9 Amadou\"","og_description":"NETTALI.COM - Le leader du mouvement AGIR-LES LEADERS, Thierno Bocoum, s\u2019est prononc\u00e9 r\u00e9cemment sur l\u2019affaire Badara Gadiaga. Il demande la lib\u00e9ration imm\u00e9diate du chroniqueur, arr\u00eat\u00e9 apr\u00e8s un d\u00e9bat t\u00e9l\u00e9vis\u00e9, et d\u00e9nonce une d\u00e9cision injuste et dangereuse pour la d\u00e9mocratie. Nous vous proposons in extenso mon message post\u00e9 sur les r\u00e9seaux sociaux. \"Il n\u2019y a rien [&hellip;]","og_url":"https:\/\/www.nettali.com\/2025\/07\/10\/thierno-bocoum-liberez-badara-comme-vous-avez-libere-amadou\/","og_site_name":"Nettali.com","article_publisher":"https:\/\/www.facebook.com\/nettalicom","article_published_time":"2025-07-10T22:46:18+00:00","article_modified_time":"2025-07-11T09:39:35+00:00","og_image":[{"width":612,"height":298,"url":"https:\/\/www.nettali.com\/wp-content\/uploads\/2025\/07\/8567b3ccdc26ac3ef18baf71fcf91dbb9e9de6c5.jpg","type":"image\/jpeg"}],"twitter_card":"summary_large_image","twitter_misc":{"\u00c9crit par":"Ibrahima","Dur\u00e9e de lecture estim\u00e9e":"2 minutes"},"schema":{"@context":"https:\/\/schema.org","@graph":[{"@type":"WebSite","@id":"https:\/\/www.nettali.com\/#website","url":"https:\/\/www.nettali.com\/","name":"Nettali.com","description":"Le rendez-vous critique du Net","potentialAction":[{"@type":"SearchAction","target":{"@type":"EntryPoint","urlTemplate":"https:\/\/www.nettali.com\/?s={search_term_string}"},"query-input":"required name=search_term_string"}],"inLanguage":"fr-FR"},{"@type":"ImageObject","@id":"https:\/\/www.nettali.com\/2025\/07\/10\/thierno-bocoum-liberez-badara-comme-vous-avez-libere-amadou\/#primaryimage","inLanguage":"fr-FR","url":"https:\/\/www.nettali.com\/wp-content\/uploads\/2025\/07\/8567b3ccdc26ac3ef18baf71fcf91dbb9e9de6c5.jpg","contentUrl":"https:\/\/www.nettali.com\/wp-content\/uploads\/2025\/07\/8567b3ccdc26ac3ef18baf71fcf91dbb9e9de6c5.jpg","width":612,"height":298},{"@type":"WebPage","@id":"https:\/\/www.nettali.com\/2025\/07\/10\/thierno-bocoum-liberez-badara-comme-vous-avez-libere-amadou\/#webpage","url":"https:\/\/www.nettali.com\/2025\/07\/10\/thierno-bocoum-liberez-badara-comme-vous-avez-libere-amadou\/","name":"THIERNO BOCOUM - \"Lib\u00e9rez Badara, comme vous avez lib\u00e9r\u00e9 Amadou\" | Nettali.com","isPartOf":{"@id":"https:\/\/www.nettali.com\/#website"},"primaryImageOfPage":{"@id":"https:\/\/www.nettali.com\/2025\/07\/10\/thierno-bocoum-liberez-badara-comme-vous-avez-libere-amadou\/#primaryimage"},"datePublished":"2025-07-10T22:46:18+00:00","dateModified":"2025-07-11T09:39:35+00:00","author":{"@id":"https:\/\/www.nettali.com\/#\/schema\/person\/bb147657c2986240405a608162b9bb23"},"breadcrumb":{"@id":"https:\/\/www.nettali.com\/2025\/07\/10\/thierno-bocoum-liberez-badara-comme-vous-avez-libere-amadou\/#breadcrumb"},"inLanguage":"fr-FR","potentialAction":[{"@type":"ReadAction","target":["https:\/\/www.nettali.com\/2025\/07\/10\/thierno-bocoum-liberez-badara-comme-vous-avez-libere-amadou\/"]}]},{"@type":"BreadcrumbList","@id":"https:\/\/www.nettali.com\/2025\/07\/10\/thierno-bocoum-liberez-badara-comme-vous-avez-libere-amadou\/#breadcrumb","itemListElement":[{"@type":"ListItem","position":1,"name":"Accueil","item":"https:\/\/www.nettali.com\/"},{"@type":"ListItem","position":2,"name":"THIERNO BOCOUM - \"Lib\u00e9rez Badara, comme vous avez lib\u00e9r\u00e9 Amadou\""}]},{"@type":"Person","@id":"https:\/\/www.nettali.com\/#\/schema\/person\/bb147657c2986240405a608162b9bb23","name":"Ibrahima","image":{"@type":"ImageObject","@id":"https:\/\/www.nettali.com\/#personlogo","inLanguage":"fr-FR","url":"https:\/\/secure.gravatar.com\/avatar\/26a8a81f09f0dd7624c9d5c36c9ba3a2?s=96&d=mm&r=g","contentUrl":"https:\/\/secure.gravatar.com\/avatar\/26a8a81f09f0dd7624c9d5c36c9ba3a2?s=96&d=mm&r=g","caption":"Ibrahima"},"sameAs":["https:\/\/www.nettali.com"]}]}},"_links":{"self":[{"href":"https:\/\/www.nettali.com\/rest\/wp\/v2\/posts\/157348"}],"collection":[{"href":"https:\/\/www.nettali.com\/rest\/wp\/v2\/posts"}],"about":[{"href":"https:\/\/www.nettali.com\/rest\/wp\/v2\/types\/post"}],"author":[{"embeddable":true,"href":"https:\/\/www.nettali.com\/rest\/wp\/v2\/users\/5"}],"replies":[{"embeddable":true,"href":"https:\/\/www.nettali.com\/rest\/wp\/v2\/comments?post=157348"}],"version-history":[{"count":2,"href":"https:\/\/www.nettali.com\/rest\/wp\/v2\/posts\/157348\/revisions"}],"predecessor-version":[{"id":157374,"href":"https:\/\/www.nettali.com\/rest\/wp\/v2\/posts\/157348\/revisions\/157374"}],"wp:featuredmedia":[{"embeddable":true,"href":"https:\/\/www.nettali.com\/rest\/wp\/v2\/media\/157350"}],"wp:attachment":[{"href":"https:\/\/www.nettali.com\/rest\/wp\/v2\/media?parent=157348"}],"wp:term":[{"taxonomy":"category","embeddable":true,"href":"https:\/\/www.nettali.com\/rest\/wp\/v2\/categories?post=157348"},{"taxonomy":"post_tag","embeddable":true,"href":"https:\/\/www.nettali.com\/rest\/wp\/v2\/tags?post=157348"}],"curies":[{"name":"wp","href":"https:\/\/api.w.org\/{rel}","templated":true}]}}