{"id":157342,"date":"2025-07-10T20:03:31","date_gmt":"2025-07-10T20:03:31","guid":{"rendered":"https:\/\/www.nettali.com\/?p=157342"},"modified":"2025-07-10T20:03:31","modified_gmt":"2025-07-10T20:03:31","slug":"lettre-ouverte-a-monsieur-le-premier-ministre-ousmane-sonko-de-la-portee-institutionnelle-de-vos-prises-de-parole-publiques","status":"publish","type":"post","link":"https:\/\/www.nettali.com\/2025\/07\/10\/lettre-ouverte-a-monsieur-le-premier-ministre-ousmane-sonko-de-la-portee-institutionnelle-de-vos-prises-de-parole-publiques\/","title":{"rendered":"LETTRE OUVERTE \u00c0 MONSIEUR LE PREMIER MINISTRE OUSMANE SONKO - De la port\u00e9e institutionnelle de vos prises de parole publiques"},"content":{"rendered":"<p><strong>CONTRIBUTION -<\/strong> Monsieur le Premier Ministre, Permettez qu\u2019un citoyen, anim\u00e9 par le respect d\u00fb \u00e0 la fonction que vous occupez et par l\u2019attachement profond aux id\u00e9aux r\u00e9publicains, vous adresse ces quelques lignes dans un esprit constructif et r\u00e9publicain. Votre accession \u00e0 la primature a suscit\u00e9 un immense espoir, notamment aupr\u00e8s de la jeunesse s\u00e9n\u00e9galaise. Votre parcours, votre engagement et votre franc-parler ont contribu\u00e9 \u00e0 ouvrir un nouveau chapitre dans la vie politique nationale.<\/p>\n<p>Aujourd\u2019hui, dans vos nouvelles responsabilit\u00e9s, votre parole publique rev\u00eat une dimension diff\u00e9rente, \u00e0 la fois institutionnelle, nationale et diplomatique. C\u2019est dans ce contexte que je me permets d\u2019attirer respectueusement votre attention sur la port\u00e9e de vos sorties m\u00e9diatiques.<\/p>\n<p>En tant que chef du gouvernement, vos propos engagent la R\u00e9publique et influencent directement le climat politique, social et \u00e9conomique du pays. \u00c0 ce titre, ils sont attendus avec gravit\u00e9, tant par nos concitoyens que par nos partenaires ext\u00e9rieurs. Il ne s\u2019agit pas ici de remettre en cause la franchise qui vous caract\u00e9rise, mais de sugg\u00e9rer une adaptation de votre style communicationnel aux exigences de la fonction, dans un souci d\u2019\u00e9quilibre, de rassemblement et de responsabilit\u00e9. Le S\u00e9n\u00e9gal traverse une phase de refondation institutionnelle o\u00f9 chaque mot peut soit apaiser, soit raviver des tensions.<\/p>\n<p>Nous croyons en votre capacit\u00e9 \u00e0 incarner cette nouvelle gouvernance que vous avez appel\u00e9e de vos voeux \u2014 une gouvernance fond\u00e9e sur la v\u00e9rit\u00e9, certes, mais aussi sur la retenue, la p\u00e9dagogie, et la vision \u00e0 long terme. Recevez, Monsieur le Premier Ministre, l\u2019expression de ma haute consid\u00e9ration et de mon profond attachement aux valeurs r\u00e9publicaines.<\/p>\n<p>OUMAR KA Un citoyen engag\u00e9 pour la paix et la stabilit\u00e9 de la Nation<\/p>\n<div class='share-to-whatsapp-wrapper'><div class='share-on-whsp'>PARTAGER SUR : <\/div><a data-text='LETTRE OUVERTE \u00c0 MONSIEUR LE PREMIER MINISTRE OUSMANE SONKO - De la port\u00e9e institutionnelle de vos prises de parole publiques' data-link='https:\/\/www.nettali.com\/2025\/07\/10\/lettre-ouverte-a-monsieur-le-premier-ministre-ousmane-sonko-de-la-portee-institutionnelle-de-vos-prises-de-parole-publiques\/' class='whatsapp-button whatsapp-share'>WhatsApp<\/a><div class='clear '><\/div><\/div>","protected":false},"excerpt":{"rendered":"<p>CONTRIBUTION - Monsieur le Premier Ministre, Permettez qu\u2019un citoyen, anim\u00e9 par le respect d\u00fb \u00e0 la fonction que vous occupez et par l\u2019attachement profond aux id\u00e9aux r\u00e9publicains, vous adresse ces quelques lignes dans un esprit constructif et r\u00e9publicain. Votre accession \u00e0 la primature a suscit\u00e9 un immense espoir, notamment aupr\u00e8s de la jeunesse s\u00e9n\u00e9galaise. Votre [&hellip;]<\/p>\n","protected":false},"author":2,"featured_media":156804,"comment_status":"open","ping_status":"open","sticky":false,"template":"","format":"standard","meta":{"_et_pb_use_builder":"","_et_pb_old_content":""},"categories":[2],"tags":[],"yoast_head":"<!-- This site is optimized with the Yoast SEO Premium plugin v17.8 (Yoast SEO v17.8) - https:\/\/yoast.com\/wordpress\/plugins\/seo\/ -->\n<title>LETTRE OUVERTE \u00c0 MONSIEUR LE PREMIER MINISTRE OUSMANE SONKO - De la port\u00e9e institutionnelle de vos prises de parole publiques | Nettali.com<\/title>\n<meta name=\"robots\" content=\"index, follow, max-snippet:-1, max-image-preview:large, max-video-preview:-1\" \/>\n<link rel=\"canonical\" href=\"https:\/\/www.nettali.com\/2025\/07\/10\/lettre-ouverte-a-monsieur-le-premier-ministre-ousmane-sonko-de-la-portee-institutionnelle-de-vos-prises-de-parole-publiques\/\" \/>\n<meta property=\"og:locale\" content=\"fr_FR\" \/>\n<meta property=\"og:type\" content=\"article\" \/>\n<meta property=\"og:title\" content=\"LETTRE OUVERTE \u00c0 MONSIEUR LE PREMIER MINISTRE OUSMANE SONKO - De la port\u00e9e institutionnelle de vos prises de parole publiques\" \/>\n<meta property=\"og:description\" content=\"CONTRIBUTION - Monsieur le Premier Ministre, Permettez qu\u2019un citoyen, anim\u00e9 par le respect d\u00fb \u00e0 la fonction que vous occupez et par l\u2019attachement profond aux id\u00e9aux r\u00e9publicains, vous adresse ces quelques lignes dans un esprit constructif et r\u00e9publicain. Votre accession \u00e0 la primature a suscit\u00e9 un immense espoir, notamment aupr\u00e8s de la jeunesse s\u00e9n\u00e9galaise. Votre [&hellip;]\" \/>\n<meta property=\"og:url\" content=\"https:\/\/www.nettali.com\/2025\/07\/10\/lettre-ouverte-a-monsieur-le-premier-ministre-ousmane-sonko-de-la-portee-institutionnelle-de-vos-prises-de-parole-publiques\/\" \/>\n<meta property=\"og:site_name\" content=\"Nettali.com\" \/>\n<meta property=\"article:publisher\" content=\"https:\/\/www.facebook.com\/nettalicom\" \/>\n<meta property=\"article:published_time\" content=\"2025-07-10T20:03:31+00:00\" \/>\n<meta property=\"og:image\" content=\"https:\/\/www.nettali.com\/wp-content\/uploads\/2025\/07\/arrive-au-pouvoir-avec-un-agenda-de-rupture-ousmane-sonko-a-promis-de-traiter-la-france-a-l-egal-des-autres-partenaires-etrangers-photo-sipa-chine-nouvelle-1736233814.jpg\" \/>\n\t<meta property=\"og:image:width\" content=\"1600\" \/>\n\t<meta property=\"og:image:height\" content=\"1067\" \/>\n<meta name=\"twitter:card\" content=\"summary_large_image\" \/>\n<meta name=\"twitter:label1\" content=\"\u00c9crit par\" \/>\n\t<meta name=\"twitter:data1\" content=\"CK\" \/>\n\t<meta name=\"twitter:label2\" content=\"Dur\u00e9e de lecture estim\u00e9e\" \/>\n\t<meta name=\"twitter:data2\" content=\"2 minutes\" \/>\n<script type=\"application\/ld+json\" class=\"yoast-schema-graph\">{\"@context\":\"https:\/\/schema.org\",\"@graph\":[{\"@type\":\"WebSite\",\"@id\":\"https:\/\/www.nettali.com\/#website\",\"url\":\"https:\/\/www.nettali.com\/\",\"name\":\"Nettali.com\",\"description\":\"Le rendez-vous critique du Net\",\"potentialAction\":[{\"@type\":\"SearchAction\",\"target\":{\"@type\":\"EntryPoint\",\"urlTemplate\":\"https:\/\/www.nettali.com\/?s={search_term_string}\"},\"query-input\":\"required name=search_term_string\"}],\"inLanguage\":\"fr-FR\"},{\"@type\":\"ImageObject\",\"@id\":\"https:\/\/www.nettali.com\/2025\/07\/10\/lettre-ouverte-a-monsieur-le-premier-ministre-ousmane-sonko-de-la-portee-institutionnelle-de-vos-prises-de-parole-publiques\/#primaryimage\",\"inLanguage\":\"fr-FR\",\"url\":\"https:\/\/www.nettali.com\/wp-content\/uploads\/2025\/07\/arrive-au-pouvoir-avec-un-agenda-de-rupture-ousmane-sonko-a-promis-de-traiter-la-france-a-l-egal-des-autres-partenaires-etrangers-photo-sipa-chine-nouvelle-1736233814.jpg\",\"contentUrl\":\"https:\/\/www.nettali.com\/wp-content\/uploads\/2025\/07\/arrive-au-pouvoir-avec-un-agenda-de-rupture-ousmane-sonko-a-promis-de-traiter-la-france-a-l-egal-des-autres-partenaires-etrangers-photo-sipa-chine-nouvelle-1736233814.jpg\",\"width\":1600,\"height\":1067},{\"@type\":\"WebPage\",\"@id\":\"https:\/\/www.nettali.com\/2025\/07\/10\/lettre-ouverte-a-monsieur-le-premier-ministre-ousmane-sonko-de-la-portee-institutionnelle-de-vos-prises-de-parole-publiques\/#webpage\",\"url\":\"https:\/\/www.nettali.com\/2025\/07\/10\/lettre-ouverte-a-monsieur-le-premier-ministre-ousmane-sonko-de-la-portee-institutionnelle-de-vos-prises-de-parole-publiques\/\",\"name\":\"LETTRE OUVERTE \\u00c0 MONSIEUR LE PREMIER MINISTRE OUSMANE SONKO - De la port\\u00e9e institutionnelle de vos prises de parole publiques | Nettali.com\",\"isPartOf\":{\"@id\":\"https:\/\/www.nettali.com\/#website\"},\"primaryImageOfPage\":{\"@id\":\"https:\/\/www.nettali.com\/2025\/07\/10\/lettre-ouverte-a-monsieur-le-premier-ministre-ousmane-sonko-de-la-portee-institutionnelle-de-vos-prises-de-parole-publiques\/#primaryimage\"},\"datePublished\":\"2025-07-10T20:03:31+00:00\",\"dateModified\":\"2025-07-10T20:03:31+00:00\",\"author\":{\"@id\":\"https:\/\/www.nettali.com\/#\/schema\/person\/d8ac7b7e27ddad43f1c0d2ef090d7f71\"},\"breadcrumb\":{\"@id\":\"https:\/\/www.nettali.com\/2025\/07\/10\/lettre-ouverte-a-monsieur-le-premier-ministre-ousmane-sonko-de-la-portee-institutionnelle-de-vos-prises-de-parole-publiques\/#breadcrumb\"},\"inLanguage\":\"fr-FR\",\"potentialAction\":[{\"@type\":\"ReadAction\",\"target\":[\"https:\/\/www.nettali.com\/2025\/07\/10\/lettre-ouverte-a-monsieur-le-premier-ministre-ousmane-sonko-de-la-portee-institutionnelle-de-vos-prises-de-parole-publiques\/\"]}]},{\"@type\":\"BreadcrumbList\",\"@id\":\"https:\/\/www.nettali.com\/2025\/07\/10\/lettre-ouverte-a-monsieur-le-premier-ministre-ousmane-sonko-de-la-portee-institutionnelle-de-vos-prises-de-parole-publiques\/#breadcrumb\",\"itemListElement\":[{\"@type\":\"ListItem\",\"position\":1,\"name\":\"Accueil\",\"item\":\"https:\/\/www.nettali.com\/\"},{\"@type\":\"ListItem\",\"position\":2,\"name\":\"LETTRE OUVERTE \\u00c0 MONSIEUR LE PREMIER MINISTRE OUSMANE SONKO - De la port\\u00e9e institutionnelle de vos prises de parole publiques\"}]},{\"@type\":\"Person\",\"@id\":\"https:\/\/www.nettali.com\/#\/schema\/person\/d8ac7b7e27ddad43f1c0d2ef090d7f71\",\"name\":\"CK\",\"image\":{\"@type\":\"ImageObject\",\"@id\":\"https:\/\/www.nettali.com\/#personlogo\",\"inLanguage\":\"fr-FR\",\"url\":\"https:\/\/secure.gravatar.com\/avatar\/1d8d5118b9327d94da7cd4ce7f17fec2?s=96&d=mm&r=g\",\"contentUrl\":\"https:\/\/secure.gravatar.com\/avatar\/1d8d5118b9327d94da7cd4ce7f17fec2?s=96&d=mm&r=g\",\"caption\":\"CK\"},\"sameAs\":[\"https:\/\/www.nettali.com\"]}]}<\/script>\n<!-- \/ Yoast SEO Premium plugin. -->","yoast_head_json":{"title":"LETTRE OUVERTE \u00c0 MONSIEUR LE PREMIER MINISTRE OUSMANE SONKO - De la port\u00e9e institutionnelle de vos prises de parole publiques | Nettali.com","robots":{"index":"index","follow":"follow","max-snippet":"max-snippet:-1","max-image-preview":"max-image-preview:large","max-video-preview":"max-video-preview:-1"},"canonical":"https:\/\/www.nettali.com\/2025\/07\/10\/lettre-ouverte-a-monsieur-le-premier-ministre-ousmane-sonko-de-la-portee-institutionnelle-de-vos-prises-de-parole-publiques\/","og_locale":"fr_FR","og_type":"article","og_title":"LETTRE OUVERTE \u00c0 MONSIEUR LE PREMIER MINISTRE OUSMANE SONKO - De la port\u00e9e institutionnelle de vos prises de parole publiques","og_description":"CONTRIBUTION - Monsieur le Premier Ministre, Permettez qu\u2019un citoyen, anim\u00e9 par le respect d\u00fb \u00e0 la fonction que vous occupez et par l\u2019attachement profond aux id\u00e9aux r\u00e9publicains, vous adresse ces quelques lignes dans un esprit constructif et r\u00e9publicain. Votre accession \u00e0 la primature a suscit\u00e9 un immense espoir, notamment aupr\u00e8s de la jeunesse s\u00e9n\u00e9galaise. Votre [&hellip;]","og_url":"https:\/\/www.nettali.com\/2025\/07\/10\/lettre-ouverte-a-monsieur-le-premier-ministre-ousmane-sonko-de-la-portee-institutionnelle-de-vos-prises-de-parole-publiques\/","og_site_name":"Nettali.com","article_publisher":"https:\/\/www.facebook.com\/nettalicom","article_published_time":"2025-07-10T20:03:31+00:00","og_image":[{"width":1600,"height":1067,"url":"https:\/\/www.nettali.com\/wp-content\/uploads\/2025\/07\/arrive-au-pouvoir-avec-un-agenda-de-rupture-ousmane-sonko-a-promis-de-traiter-la-france-a-l-egal-des-autres-partenaires-etrangers-photo-sipa-chine-nouvelle-1736233814.jpg","type":"image\/jpeg"}],"twitter_card":"summary_large_image","twitter_misc":{"\u00c9crit par":"CK","Dur\u00e9e de lecture estim\u00e9e":"2 minutes"},"schema":{"@context":"https:\/\/schema.org","@graph":[{"@type":"WebSite","@id":"https:\/\/www.nettali.com\/#website","url":"https:\/\/www.nettali.com\/","name":"Nettali.com","description":"Le rendez-vous critique du Net","potentialAction":[{"@type":"SearchAction","target":{"@type":"EntryPoint","urlTemplate":"https:\/\/www.nettali.com\/?s={search_term_string}"},"query-input":"required name=search_term_string"}],"inLanguage":"fr-FR"},{"@type":"ImageObject","@id":"https:\/\/www.nettali.com\/2025\/07\/10\/lettre-ouverte-a-monsieur-le-premier-ministre-ousmane-sonko-de-la-portee-institutionnelle-de-vos-prises-de-parole-publiques\/#primaryimage","inLanguage":"fr-FR","url":"https:\/\/www.nettali.com\/wp-content\/uploads\/2025\/07\/arrive-au-pouvoir-avec-un-agenda-de-rupture-ousmane-sonko-a-promis-de-traiter-la-france-a-l-egal-des-autres-partenaires-etrangers-photo-sipa-chine-nouvelle-1736233814.jpg","contentUrl":"https:\/\/www.nettali.com\/wp-content\/uploads\/2025\/07\/arrive-au-pouvoir-avec-un-agenda-de-rupture-ousmane-sonko-a-promis-de-traiter-la-france-a-l-egal-des-autres-partenaires-etrangers-photo-sipa-chine-nouvelle-1736233814.jpg","width":1600,"height":1067},{"@type":"WebPage","@id":"https:\/\/www.nettali.com\/2025\/07\/10\/lettre-ouverte-a-monsieur-le-premier-ministre-ousmane-sonko-de-la-portee-institutionnelle-de-vos-prises-de-parole-publiques\/#webpage","url":"https:\/\/www.nettali.com\/2025\/07\/10\/lettre-ouverte-a-monsieur-le-premier-ministre-ousmane-sonko-de-la-portee-institutionnelle-de-vos-prises-de-parole-publiques\/","name":"LETTRE OUVERTE \u00c0 MONSIEUR LE PREMIER MINISTRE OUSMANE SONKO - De la port\u00e9e institutionnelle de vos prises de parole publiques | Nettali.com","isPartOf":{"@id":"https:\/\/www.nettali.com\/#website"},"primaryImageOfPage":{"@id":"https:\/\/www.nettali.com\/2025\/07\/10\/lettre-ouverte-a-monsieur-le-premier-ministre-ousmane-sonko-de-la-portee-institutionnelle-de-vos-prises-de-parole-publiques\/#primaryimage"},"datePublished":"2025-07-10T20:03:31+00:00","dateModified":"2025-07-10T20:03:31+00:00","author":{"@id":"https:\/\/www.nettali.com\/#\/schema\/person\/d8ac7b7e27ddad43f1c0d2ef090d7f71"},"breadcrumb":{"@id":"https:\/\/www.nettali.com\/2025\/07\/10\/lettre-ouverte-a-monsieur-le-premier-ministre-ousmane-sonko-de-la-portee-institutionnelle-de-vos-prises-de-parole-publiques\/#breadcrumb"},"inLanguage":"fr-FR","potentialAction":[{"@type":"ReadAction","target":["https:\/\/www.nettali.com\/2025\/07\/10\/lettre-ouverte-a-monsieur-le-premier-ministre-ousmane-sonko-de-la-portee-institutionnelle-de-vos-prises-de-parole-publiques\/"]}]},{"@type":"BreadcrumbList","@id":"https:\/\/www.nettali.com\/2025\/07\/10\/lettre-ouverte-a-monsieur-le-premier-ministre-ousmane-sonko-de-la-portee-institutionnelle-de-vos-prises-de-parole-publiques\/#breadcrumb","itemListElement":[{"@type":"ListItem","position":1,"name":"Accueil","item":"https:\/\/www.nettali.com\/"},{"@type":"ListItem","position":2,"name":"LETTRE OUVERTE \u00c0 MONSIEUR LE PREMIER MINISTRE OUSMANE SONKO - De la port\u00e9e institutionnelle de vos prises de parole publiques"}]},{"@type":"Person","@id":"https:\/\/www.nettali.com\/#\/schema\/person\/d8ac7b7e27ddad43f1c0d2ef090d7f71","name":"CK","image":{"@type":"ImageObject","@id":"https:\/\/www.nettali.com\/#personlogo","inLanguage":"fr-FR","url":"https:\/\/secure.gravatar.com\/avatar\/1d8d5118b9327d94da7cd4ce7f17fec2?s=96&d=mm&r=g","contentUrl":"https:\/\/secure.gravatar.com\/avatar\/1d8d5118b9327d94da7cd4ce7f17fec2?s=96&d=mm&r=g","caption":"CK"},"sameAs":["https:\/\/www.nettali.com"]}]}},"_links":{"self":[{"href":"https:\/\/www.nettali.com\/rest\/wp\/v2\/posts\/157342"}],"collection":[{"href":"https:\/\/www.nettali.com\/rest\/wp\/v2\/posts"}],"about":[{"href":"https:\/\/www.nettali.com\/rest\/wp\/v2\/types\/post"}],"author":[{"embeddable":true,"href":"https:\/\/www.nettali.com\/rest\/wp\/v2\/users\/2"}],"replies":[{"embeddable":true,"href":"https:\/\/www.nettali.com\/rest\/wp\/v2\/comments?post=157342"}],"version-history":[{"count":1,"href":"https:\/\/www.nettali.com\/rest\/wp\/v2\/posts\/157342\/revisions"}],"predecessor-version":[{"id":157343,"href":"https:\/\/www.nettali.com\/rest\/wp\/v2\/posts\/157342\/revisions\/157343"}],"wp:featuredmedia":[{"embeddable":true,"href":"https:\/\/www.nettali.com\/rest\/wp\/v2\/media\/156804"}],"wp:attachment":[{"href":"https:\/\/www.nettali.com\/rest\/wp\/v2\/media?parent=157342"}],"wp:term":[{"taxonomy":"category","embeddable":true,"href":"https:\/\/www.nettali.com\/rest\/wp\/v2\/categories?post=157342"},{"taxonomy":"post_tag","embeddable":true,"href":"https:\/\/www.nettali.com\/rest\/wp\/v2\/tags?post=157342"}],"curies":[{"name":"wp","href":"https:\/\/api.w.org\/{rel}","templated":true}]}}