{"id":157255,"date":"2025-07-09T13:23:52","date_gmt":"2025-07-09T13:23:52","guid":{"rendered":"https:\/\/www.nettali.com\/?p=157255"},"modified":"2025-07-10T14:44:13","modified_gmt":"2025-07-10T14:44:13","slug":"impacts-de-la-greve-des-travailleurs-de-la-justice-moustapha-diakhate-et-bachir-fofana-maintenus-en-prison-jusquau-16-juillet","status":"publish","type":"post","link":"https:\/\/www.nettali.com\/2025\/07\/09\/impacts-de-la-greve-des-travailleurs-de-la-justice-moustapha-diakhate-et-bachir-fofana-maintenus-en-prison-jusquau-16-juillet\/","title":{"rendered":"IMPACTS DE LA GR\u00c8VE DES TRAVAILLEURS DE LA JUSTICE - Moustapha Diakhat\u00e9 et Bachir Fofana maintenus en prison jusqu'au 16 juillet"},"content":{"rendered":"<p><strong>NETTALI.COM-\u00a0Moustapha Diakhat\u00e9 et Bachir Fofana subissent les cons\u00e9quences de la gr\u00e8ve des travailleurs de la Justice. Le d\u00e9lib\u00e9r\u00e9 de leur affaire pr\u00e9vu ce mercredi 9 juillet 2025 a \u00e9t\u00e9 report\u00e9 au 16 juillet. Ce qui prolonge leur d\u00e9tention pr\u00e9ventive.<\/strong><\/p>\n<p>Moustapha Diakhat\u00e9 et Bachir Fofana devront encore prendre leur mal en patience.\u00a0 Du fait de la gr\u00e8ve de l\u2019Entente Sytjust\/Untj, ils sont maintenus en prison car le d\u00e9lib\u00e9r\u00e9 de leur affaire est renvoy\u00e9 au 26 juillet 2025. Pr\u00e9vu ce mercredi 9 juillet, il a \u00e9t\u00e9 encore prorog\u00e9.<\/p>\n<p>Pour rappel, l\u2019ancien ministre-conseiller Moustapha Diakhat\u00e9 a \u00e9t\u00e9 plac\u00e9 sous mandat de d\u00e9p\u00f4t pour offense au chef de l\u2019\u00c9tat depuis le 11 juin dernier. Il lui est reproch\u00e9 d\u2019avoir trait\u00e9 de \" gougnafier\" le protocole pr\u00e9sidentiel. Lors de son proc\u00e8s tenu le 19 juin, le parquet avait requis 6 mois dont 3 mois ferme et une amende de 200.000F Cfa.<\/p>\n<p>Bachir Fofana risque la m\u00eame peine pour des faits diffusion de fausses nouvelles. Le journaliste chroniqueurs a \u00e9t\u00e9 plac\u00e9 sous mandat de d\u00e9p\u00f4t pour avoir affirm\u00e9 que le march\u00e9 des v\u00e9hicules de la 15e l\u00e9gislature avait \u00e9t\u00e9 attribu\u00e9 \u00e0 Cheikh Gu\u00e8ye, un homme cit\u00e9 dans l\u2019affaire qui a conduit l\u2019ancien ministre de la Justice, Isma\u00efla Madior Fall, \u00e0 porter un bracelet \u00e9lectronique.<\/p>\n<div class='share-to-whatsapp-wrapper'><div class='share-on-whsp'>PARTAGER SUR : <\/div><a data-text='IMPACTS DE LA GR\u00c8VE DES TRAVAILLEURS DE LA JUSTICE - Moustapha Diakhat\u00e9 et Bachir Fofana maintenus en prison jusqu'au 16 juillet' data-link='https:\/\/www.nettali.com\/2025\/07\/09\/impacts-de-la-greve-des-travailleurs-de-la-justice-moustapha-diakhate-et-bachir-fofana-maintenus-en-prison-jusquau-16-juillet\/' class='whatsapp-button whatsapp-share'>WhatsApp<\/a><div class='clear '><\/div><\/div>","protected":false},"excerpt":{"rendered":"<p>NETTALI.COM-\u00a0Moustapha Diakhat\u00e9 et Bachir Fofana subissent les cons\u00e9quences de la gr\u00e8ve des travailleurs de la Justice. Le d\u00e9lib\u00e9r\u00e9 de leur affaire pr\u00e9vu ce mercredi 9 juillet 2025 a \u00e9t\u00e9 report\u00e9 au 16 juillet. Ce qui prolonge leur d\u00e9tention pr\u00e9ventive. Moustapha Diakhat\u00e9 et Bachir Fofana devront encore prendre leur mal en patience.\u00a0 Du fait de la [&hellip;]<\/p>\n","protected":false},"author":6,"featured_media":157258,"comment_status":"open","ping_status":"open","sticky":false,"template":"","format":"standard","meta":{"_et_pb_use_builder":"","_et_pb_old_content":""},"categories":[3],"tags":[],"yoast_head":"<!-- This site is optimized with the Yoast SEO Premium plugin v17.8 (Yoast SEO v17.8) - https:\/\/yoast.com\/wordpress\/plugins\/seo\/ -->\n<title>IMPACTS DE LA GR\u00c8VE DES TRAVAILLEURS DE LA JUSTICE - Moustapha Diakhat\u00e9 et Bachir Fofana maintenus en prison jusqu&#039;au 16 juillet | Nettali.com<\/title>\n<meta name=\"robots\" content=\"index, follow, max-snippet:-1, max-image-preview:large, max-video-preview:-1\" \/>\n<link rel=\"canonical\" href=\"https:\/\/www.nettali.com\/2025\/07\/09\/impacts-de-la-greve-des-travailleurs-de-la-justice-moustapha-diakhate-et-bachir-fofana-maintenus-en-prison-jusquau-16-juillet\/\" \/>\n<meta property=\"og:locale\" content=\"fr_FR\" \/>\n<meta property=\"og:type\" content=\"article\" \/>\n<meta property=\"og:title\" content=\"IMPACTS DE LA GR\u00c8VE DES TRAVAILLEURS DE LA JUSTICE - Moustapha Diakhat\u00e9 et Bachir Fofana maintenus en prison jusqu&#039;au 16 juillet\" \/>\n<meta property=\"og:description\" content=\"NETTALI.COM-\u00a0Moustapha Diakhat\u00e9 et Bachir Fofana subissent les cons\u00e9quences de la gr\u00e8ve des travailleurs de la Justice. Le d\u00e9lib\u00e9r\u00e9 de leur affaire pr\u00e9vu ce mercredi 9 juillet 2025 a \u00e9t\u00e9 report\u00e9 au 16 juillet. Ce qui prolonge leur d\u00e9tention pr\u00e9ventive. Moustapha Diakhat\u00e9 et Bachir Fofana devront encore prendre leur mal en patience.\u00a0 Du fait de la [&hellip;]\" \/>\n<meta property=\"og:url\" content=\"https:\/\/www.nettali.com\/2025\/07\/09\/impacts-de-la-greve-des-travailleurs-de-la-justice-moustapha-diakhate-et-bachir-fofana-maintenus-en-prison-jusquau-16-juillet\/\" \/>\n<meta property=\"og:site_name\" content=\"Nettali.com\" \/>\n<meta property=\"article:publisher\" content=\"https:\/\/www.facebook.com\/nettalicom\" \/>\n<meta property=\"article:published_time\" content=\"2025-07-09T13:23:52+00:00\" \/>\n<meta property=\"article:modified_time\" content=\"2025-07-10T14:44:13+00:00\" \/>\n<meta property=\"og:image\" content=\"https:\/\/www.nettali.com\/wp-content\/uploads\/2025\/07\/Bachir-Fofona-et-Moustapha-Diakhate.jpg\" \/>\n\t<meta property=\"og:image:width\" content=\"612\" \/>\n\t<meta property=\"og:image:height\" content=\"298\" \/>\n<meta name=\"twitter:card\" content=\"summary_large_image\" \/>\n<meta name=\"twitter:label1\" content=\"\u00c9crit par\" \/>\n\t<meta name=\"twitter:data1\" content=\"Fatou\" \/>\n\t<meta name=\"twitter:label2\" content=\"Dur\u00e9e de lecture estim\u00e9e\" \/>\n\t<meta name=\"twitter:data2\" content=\"2 minutes\" \/>\n<script type=\"application\/ld+json\" class=\"yoast-schema-graph\">{\"@context\":\"https:\/\/schema.org\",\"@graph\":[{\"@type\":\"WebSite\",\"@id\":\"https:\/\/www.nettali.com\/#website\",\"url\":\"https:\/\/www.nettali.com\/\",\"name\":\"Nettali.com\",\"description\":\"Le rendez-vous critique du Net\",\"potentialAction\":[{\"@type\":\"SearchAction\",\"target\":{\"@type\":\"EntryPoint\",\"urlTemplate\":\"https:\/\/www.nettali.com\/?s={search_term_string}\"},\"query-input\":\"required name=search_term_string\"}],\"inLanguage\":\"fr-FR\"},{\"@type\":\"ImageObject\",\"@id\":\"https:\/\/www.nettali.com\/2025\/07\/09\/impacts-de-la-greve-des-travailleurs-de-la-justice-moustapha-diakhate-et-bachir-fofana-maintenus-en-prison-jusquau-16-juillet\/#primaryimage\",\"inLanguage\":\"fr-FR\",\"url\":\"https:\/\/www.nettali.com\/wp-content\/uploads\/2025\/07\/Bachir-Fofona-et-Moustapha-Diakhate.jpg\",\"contentUrl\":\"https:\/\/www.nettali.com\/wp-content\/uploads\/2025\/07\/Bachir-Fofona-et-Moustapha-Diakhate.jpg\",\"width\":612,\"height\":298},{\"@type\":\"WebPage\",\"@id\":\"https:\/\/www.nettali.com\/2025\/07\/09\/impacts-de-la-greve-des-travailleurs-de-la-justice-moustapha-diakhate-et-bachir-fofana-maintenus-en-prison-jusquau-16-juillet\/#webpage\",\"url\":\"https:\/\/www.nettali.com\/2025\/07\/09\/impacts-de-la-greve-des-travailleurs-de-la-justice-moustapha-diakhate-et-bachir-fofana-maintenus-en-prison-jusquau-16-juillet\/\",\"name\":\"IMPACTS DE LA GR\\u00c8VE DES TRAVAILLEURS DE LA JUSTICE - Moustapha Diakhat\\u00e9 et Bachir Fofana maintenus en prison jusqu'au 16 juillet | Nettali.com\",\"isPartOf\":{\"@id\":\"https:\/\/www.nettali.com\/#website\"},\"primaryImageOfPage\":{\"@id\":\"https:\/\/www.nettali.com\/2025\/07\/09\/impacts-de-la-greve-des-travailleurs-de-la-justice-moustapha-diakhate-et-bachir-fofana-maintenus-en-prison-jusquau-16-juillet\/#primaryimage\"},\"datePublished\":\"2025-07-09T13:23:52+00:00\",\"dateModified\":\"2025-07-10T14:44:13+00:00\",\"author\":{\"@id\":\"https:\/\/www.nettali.com\/#\/schema\/person\/418274a86bdf87caff7a3ef476bd0bbf\"},\"breadcrumb\":{\"@id\":\"https:\/\/www.nettali.com\/2025\/07\/09\/impacts-de-la-greve-des-travailleurs-de-la-justice-moustapha-diakhate-et-bachir-fofana-maintenus-en-prison-jusquau-16-juillet\/#breadcrumb\"},\"inLanguage\":\"fr-FR\",\"potentialAction\":[{\"@type\":\"ReadAction\",\"target\":[\"https:\/\/www.nettali.com\/2025\/07\/09\/impacts-de-la-greve-des-travailleurs-de-la-justice-moustapha-diakhate-et-bachir-fofana-maintenus-en-prison-jusquau-16-juillet\/\"]}]},{\"@type\":\"BreadcrumbList\",\"@id\":\"https:\/\/www.nettali.com\/2025\/07\/09\/impacts-de-la-greve-des-travailleurs-de-la-justice-moustapha-diakhate-et-bachir-fofana-maintenus-en-prison-jusquau-16-juillet\/#breadcrumb\",\"itemListElement\":[{\"@type\":\"ListItem\",\"position\":1,\"name\":\"Accueil\",\"item\":\"https:\/\/www.nettali.com\/\"},{\"@type\":\"ListItem\",\"position\":2,\"name\":\"IMPACTS DE LA GR\\u00c8VE DES TRAVAILLEURS DE LA JUSTICE - Moustapha Diakhat\\u00e9 et Bachir Fofana maintenus en prison jusqu'au 16 juillet\"}]},{\"@type\":\"Person\",\"@id\":\"https:\/\/www.nettali.com\/#\/schema\/person\/418274a86bdf87caff7a3ef476bd0bbf\",\"name\":\"Fatou\",\"image\":{\"@type\":\"ImageObject\",\"@id\":\"https:\/\/www.nettali.com\/#personlogo\",\"inLanguage\":\"fr-FR\",\"url\":\"https:\/\/secure.gravatar.com\/avatar\/5a9442a2bee7b4dcf167cab035858e9a?s=96&d=mm&r=g\",\"contentUrl\":\"https:\/\/secure.gravatar.com\/avatar\/5a9442a2bee7b4dcf167cab035858e9a?s=96&d=mm&r=g\",\"caption\":\"Fatou\"},\"sameAs\":[\"https:\/\/www.nettali.com\"]}]}<\/script>\n<!-- \/ Yoast SEO Premium plugin. -->","yoast_head_json":{"title":"IMPACTS DE LA GR\u00c8VE DES TRAVAILLEURS DE LA JUSTICE - Moustapha Diakhat\u00e9 et Bachir Fofana maintenus en prison jusqu'au 16 juillet | Nettali.com","robots":{"index":"index","follow":"follow","max-snippet":"max-snippet:-1","max-image-preview":"max-image-preview:large","max-video-preview":"max-video-preview:-1"},"canonical":"https:\/\/www.nettali.com\/2025\/07\/09\/impacts-de-la-greve-des-travailleurs-de-la-justice-moustapha-diakhate-et-bachir-fofana-maintenus-en-prison-jusquau-16-juillet\/","og_locale":"fr_FR","og_type":"article","og_title":"IMPACTS DE LA GR\u00c8VE DES TRAVAILLEURS DE LA JUSTICE - Moustapha Diakhat\u00e9 et Bachir Fofana maintenus en prison jusqu'au 16 juillet","og_description":"NETTALI.COM-\u00a0Moustapha Diakhat\u00e9 et Bachir Fofana subissent les cons\u00e9quences de la gr\u00e8ve des travailleurs de la Justice. Le d\u00e9lib\u00e9r\u00e9 de leur affaire pr\u00e9vu ce mercredi 9 juillet 2025 a \u00e9t\u00e9 report\u00e9 au 16 juillet. Ce qui prolonge leur d\u00e9tention pr\u00e9ventive. Moustapha Diakhat\u00e9 et Bachir Fofana devront encore prendre leur mal en patience.\u00a0 Du fait de la [&hellip;]","og_url":"https:\/\/www.nettali.com\/2025\/07\/09\/impacts-de-la-greve-des-travailleurs-de-la-justice-moustapha-diakhate-et-bachir-fofana-maintenus-en-prison-jusquau-16-juillet\/","og_site_name":"Nettali.com","article_publisher":"https:\/\/www.facebook.com\/nettalicom","article_published_time":"2025-07-09T13:23:52+00:00","article_modified_time":"2025-07-10T14:44:13+00:00","og_image":[{"width":612,"height":298,"url":"https:\/\/www.nettali.com\/wp-content\/uploads\/2025\/07\/Bachir-Fofona-et-Moustapha-Diakhate.jpg","type":"image\/jpeg"}],"twitter_card":"summary_large_image","twitter_misc":{"\u00c9crit par":"Fatou","Dur\u00e9e de lecture estim\u00e9e":"2 minutes"},"schema":{"@context":"https:\/\/schema.org","@graph":[{"@type":"WebSite","@id":"https:\/\/www.nettali.com\/#website","url":"https:\/\/www.nettali.com\/","name":"Nettali.com","description":"Le rendez-vous critique du Net","potentialAction":[{"@type":"SearchAction","target":{"@type":"EntryPoint","urlTemplate":"https:\/\/www.nettali.com\/?s={search_term_string}"},"query-input":"required name=search_term_string"}],"inLanguage":"fr-FR"},{"@type":"ImageObject","@id":"https:\/\/www.nettali.com\/2025\/07\/09\/impacts-de-la-greve-des-travailleurs-de-la-justice-moustapha-diakhate-et-bachir-fofana-maintenus-en-prison-jusquau-16-juillet\/#primaryimage","inLanguage":"fr-FR","url":"https:\/\/www.nettali.com\/wp-content\/uploads\/2025\/07\/Bachir-Fofona-et-Moustapha-Diakhate.jpg","contentUrl":"https:\/\/www.nettali.com\/wp-content\/uploads\/2025\/07\/Bachir-Fofona-et-Moustapha-Diakhate.jpg","width":612,"height":298},{"@type":"WebPage","@id":"https:\/\/www.nettali.com\/2025\/07\/09\/impacts-de-la-greve-des-travailleurs-de-la-justice-moustapha-diakhate-et-bachir-fofana-maintenus-en-prison-jusquau-16-juillet\/#webpage","url":"https:\/\/www.nettali.com\/2025\/07\/09\/impacts-de-la-greve-des-travailleurs-de-la-justice-moustapha-diakhate-et-bachir-fofana-maintenus-en-prison-jusquau-16-juillet\/","name":"IMPACTS DE LA GR\u00c8VE DES TRAVAILLEURS DE LA JUSTICE - Moustapha Diakhat\u00e9 et Bachir Fofana maintenus en prison jusqu'au 16 juillet | Nettali.com","isPartOf":{"@id":"https:\/\/www.nettali.com\/#website"},"primaryImageOfPage":{"@id":"https:\/\/www.nettali.com\/2025\/07\/09\/impacts-de-la-greve-des-travailleurs-de-la-justice-moustapha-diakhate-et-bachir-fofana-maintenus-en-prison-jusquau-16-juillet\/#primaryimage"},"datePublished":"2025-07-09T13:23:52+00:00","dateModified":"2025-07-10T14:44:13+00:00","author":{"@id":"https:\/\/www.nettali.com\/#\/schema\/person\/418274a86bdf87caff7a3ef476bd0bbf"},"breadcrumb":{"@id":"https:\/\/www.nettali.com\/2025\/07\/09\/impacts-de-la-greve-des-travailleurs-de-la-justice-moustapha-diakhate-et-bachir-fofana-maintenus-en-prison-jusquau-16-juillet\/#breadcrumb"},"inLanguage":"fr-FR","potentialAction":[{"@type":"ReadAction","target":["https:\/\/www.nettali.com\/2025\/07\/09\/impacts-de-la-greve-des-travailleurs-de-la-justice-moustapha-diakhate-et-bachir-fofana-maintenus-en-prison-jusquau-16-juillet\/"]}]},{"@type":"BreadcrumbList","@id":"https:\/\/www.nettali.com\/2025\/07\/09\/impacts-de-la-greve-des-travailleurs-de-la-justice-moustapha-diakhate-et-bachir-fofana-maintenus-en-prison-jusquau-16-juillet\/#breadcrumb","itemListElement":[{"@type":"ListItem","position":1,"name":"Accueil","item":"https:\/\/www.nettali.com\/"},{"@type":"ListItem","position":2,"name":"IMPACTS DE LA GR\u00c8VE DES TRAVAILLEURS DE LA JUSTICE - Moustapha Diakhat\u00e9 et Bachir Fofana maintenus en prison jusqu'au 16 juillet"}]},{"@type":"Person","@id":"https:\/\/www.nettali.com\/#\/schema\/person\/418274a86bdf87caff7a3ef476bd0bbf","name":"Fatou","image":{"@type":"ImageObject","@id":"https:\/\/www.nettali.com\/#personlogo","inLanguage":"fr-FR","url":"https:\/\/secure.gravatar.com\/avatar\/5a9442a2bee7b4dcf167cab035858e9a?s=96&d=mm&r=g","contentUrl":"https:\/\/secure.gravatar.com\/avatar\/5a9442a2bee7b4dcf167cab035858e9a?s=96&d=mm&r=g","caption":"Fatou"},"sameAs":["https:\/\/www.nettali.com"]}]}},"_links":{"self":[{"href":"https:\/\/www.nettali.com\/rest\/wp\/v2\/posts\/157255"}],"collection":[{"href":"https:\/\/www.nettali.com\/rest\/wp\/v2\/posts"}],"about":[{"href":"https:\/\/www.nettali.com\/rest\/wp\/v2\/types\/post"}],"author":[{"embeddable":true,"href":"https:\/\/www.nettali.com\/rest\/wp\/v2\/users\/6"}],"replies":[{"embeddable":true,"href":"https:\/\/www.nettali.com\/rest\/wp\/v2\/comments?post=157255"}],"version-history":[{"count":4,"href":"https:\/\/www.nettali.com\/rest\/wp\/v2\/posts\/157255\/revisions"}],"predecessor-version":[{"id":157276,"href":"https:\/\/www.nettali.com\/rest\/wp\/v2\/posts\/157255\/revisions\/157276"}],"wp:featuredmedia":[{"embeddable":true,"href":"https:\/\/www.nettali.com\/rest\/wp\/v2\/media\/157258"}],"wp:attachment":[{"href":"https:\/\/www.nettali.com\/rest\/wp\/v2\/media?parent=157255"}],"wp:term":[{"taxonomy":"category","embeddable":true,"href":"https:\/\/www.nettali.com\/rest\/wp\/v2\/categories?post=157255"},{"taxonomy":"post_tag","embeddable":true,"href":"https:\/\/www.nettali.com\/rest\/wp\/v2\/tags?post=157255"}],"curies":[{"name":"wp","href":"https:\/\/api.w.org\/{rel}","templated":true}]}}