{"id":157244,"date":"2025-07-09T08:52:02","date_gmt":"2025-07-09T08:52:02","guid":{"rendered":"https:\/\/www.nettali.com\/?p=157244"},"modified":"2025-07-09T08:52:02","modified_gmt":"2025-07-09T08:52:02","slug":"batafogo-davide-le-fils-de-carlo-ancelotti-nomme-entraineur","status":"publish","type":"post","link":"https:\/\/www.nettali.com\/2025\/07\/09\/batafogo-davide-le-fils-de-carlo-ancelotti-nomme-entraineur\/","title":{"rendered":"BATAFOGO - Davide, le fils de Carlo Ancelotti, nomm\u00e9 entra\u00eeneur"},"content":{"rendered":"<p><strong>NETTALI.COM - Davide Ancelotti, fils du s\u00e9lectionneur italien du Br\u00e9sil Carlo Ancelotti, a \u00e9t\u00e9 nomm\u00e9 entra\u00eeneur de Botafogo en remplacement du Portugais Renato Paiva, limog\u00e9 dans la foul\u00e9e de l'\u00e9limination au Mondial des clubs. L'annonce a \u00e9t\u00e9 faite ce mardi 8 juillet par le club de Rio de Janeiro.<\/strong><\/p>\n<p>\u00c0 seulement 35 ans, Davide, s'appr\u00eate \u00e0 vivre sa premi\u00e8re exp\u00e9rience en tant qu'entra\u00eeneur principal apr\u00e8s avoir \u00e9t\u00e9 adjoint de son p\u00e8re sur les bancs du Real Madrid (2021-2025), d'Everton (2019-2021), \u00e0 Naples (2018-2019) et au Bayern Munich (2016-2017).<\/p>\n<p>Avant de devenir adjoint de son p\u00e8re, Davide a d'abord exerc\u00e9 \u00e0 ses c\u00f4t\u00e9s comme pr\u00e9parateur physique lors de son premier passage au Real Madrid (2013-2015) et au Paris Saint-Germain (2012-2013).<\/p>\n<p>Il \u00e9tait arriv\u00e9 au Br\u00e9sil avec son p\u00e8re qui l'a inclus dans le staff des quintuples champions du monde, apr\u00e8s sa nomination le 12 mai, avant d'\u00eatre lib\u00e9r\u00e9 de ses fonctions afin de prendre la t\u00eate de Botafogo.<\/p>\n<p>Champion d'Am\u00e9rique du Sud, le club de Rio a \u00e9t\u00e9 \u00e9limin\u00e9 (1-0 a.p.) par Palmeiras en 8\u1d49 de finale du Mondial des clubs o\u00f9 il s'\u00e9tait offert le scalp du PSG, champion d'Europe en match de groupe (1-0).<\/p>\n<div class='share-to-whatsapp-wrapper'><div class='share-on-whsp'>PARTAGER SUR : <\/div><a data-text='BATAFOGO - Davide, le fils de Carlo Ancelotti, nomm\u00e9 entra\u00eeneur' data-link='https:\/\/www.nettali.com\/2025\/07\/09\/batafogo-davide-le-fils-de-carlo-ancelotti-nomme-entraineur\/' class='whatsapp-button whatsapp-share'>WhatsApp<\/a><div class='clear '><\/div><\/div>","protected":false},"excerpt":{"rendered":"<p>NETTALI.COM - Davide Ancelotti, fils du s\u00e9lectionneur italien du Br\u00e9sil Carlo Ancelotti, a \u00e9t\u00e9 nomm\u00e9 entra\u00eeneur de Botafogo en remplacement du Portugais Renato Paiva, limog\u00e9 dans la foul\u00e9e de l'\u00e9limination au Mondial des clubs. L'annonce a \u00e9t\u00e9 faite ce mardi 8 juillet par le club de Rio de Janeiro. \u00c0 seulement 35 ans, Davide, s'appr\u00eate [&hellip;]<\/p>\n","protected":false},"author":5,"featured_media":157245,"comment_status":"open","ping_status":"open","sticky":false,"template":"","format":"standard","meta":{"_et_pb_use_builder":"","_et_pb_old_content":""},"categories":[6],"tags":[],"yoast_head":"<!-- This site is optimized with the Yoast SEO Premium plugin v17.8 (Yoast SEO v17.8) - https:\/\/yoast.com\/wordpress\/plugins\/seo\/ -->\n<title>BATAFOGO - Davide, le fils de Carlo Ancelotti, nomm\u00e9 entra\u00eeneur | Nettali.com<\/title>\n<meta name=\"robots\" content=\"index, follow, max-snippet:-1, max-image-preview:large, max-video-preview:-1\" \/>\n<link rel=\"canonical\" href=\"https:\/\/www.nettali.com\/2025\/07\/09\/batafogo-davide-le-fils-de-carlo-ancelotti-nomme-entraineur\/\" \/>\n<meta property=\"og:locale\" content=\"fr_FR\" \/>\n<meta property=\"og:type\" content=\"article\" \/>\n<meta property=\"og:title\" content=\"BATAFOGO - Davide, le fils de Carlo Ancelotti, nomm\u00e9 entra\u00eeneur\" \/>\n<meta property=\"og:description\" content=\"NETTALI.COM - Davide Ancelotti, fils du s\u00e9lectionneur italien du Br\u00e9sil Carlo Ancelotti, a \u00e9t\u00e9 nomm\u00e9 entra\u00eeneur de Botafogo en remplacement du Portugais Renato Paiva, limog\u00e9 dans la foul\u00e9e de l&#039;\u00e9limination au Mondial des clubs. L&#039;annonce a \u00e9t\u00e9 faite ce mardi 8 juillet par le club de Rio de Janeiro. \u00c0 seulement 35 ans, Davide, s&#039;appr\u00eate [&hellip;]\" \/>\n<meta property=\"og:url\" content=\"https:\/\/www.nettali.com\/2025\/07\/09\/batafogo-davide-le-fils-de-carlo-ancelotti-nomme-entraineur\/\" \/>\n<meta property=\"og:site_name\" content=\"Nettali.com\" \/>\n<meta property=\"article:publisher\" content=\"https:\/\/www.facebook.com\/nettalicom\" \/>\n<meta property=\"article:published_time\" content=\"2025-07-09T08:52:02+00:00\" \/>\n<meta property=\"og:image\" content=\"https:\/\/www.nettali.com\/wp-content\/uploads\/2025\/07\/88a37901-40a4-42ab-a052-ee99d23b3899.jpeg\" \/>\n\t<meta property=\"og:image:width\" content=\"900\" \/>\n\t<meta property=\"og:image:height\" content=\"600\" \/>\n<meta name=\"twitter:card\" content=\"summary_large_image\" \/>\n<meta name=\"twitter:label1\" content=\"\u00c9crit par\" \/>\n\t<meta name=\"twitter:data1\" content=\"Ibrahima\" \/>\n\t<meta name=\"twitter:label2\" content=\"Dur\u00e9e de lecture estim\u00e9e\" \/>\n\t<meta name=\"twitter:data2\" content=\"1 minute\" \/>\n<script type=\"application\/ld+json\" class=\"yoast-schema-graph\">{\"@context\":\"https:\/\/schema.org\",\"@graph\":[{\"@type\":\"WebSite\",\"@id\":\"https:\/\/www.nettali.com\/#website\",\"url\":\"https:\/\/www.nettali.com\/\",\"name\":\"Nettali.com\",\"description\":\"Le rendez-vous critique du Net\",\"potentialAction\":[{\"@type\":\"SearchAction\",\"target\":{\"@type\":\"EntryPoint\",\"urlTemplate\":\"https:\/\/www.nettali.com\/?s={search_term_string}\"},\"query-input\":\"required name=search_term_string\"}],\"inLanguage\":\"fr-FR\"},{\"@type\":\"ImageObject\",\"@id\":\"https:\/\/www.nettali.com\/2025\/07\/09\/batafogo-davide-le-fils-de-carlo-ancelotti-nomme-entraineur\/#primaryimage\",\"inLanguage\":\"fr-FR\",\"url\":\"https:\/\/www.nettali.com\/wp-content\/uploads\/2025\/07\/88a37901-40a4-42ab-a052-ee99d23b3899.jpeg\",\"contentUrl\":\"https:\/\/www.nettali.com\/wp-content\/uploads\/2025\/07\/88a37901-40a4-42ab-a052-ee99d23b3899.jpeg\",\"width\":900,\"height\":600},{\"@type\":\"WebPage\",\"@id\":\"https:\/\/www.nettali.com\/2025\/07\/09\/batafogo-davide-le-fils-de-carlo-ancelotti-nomme-entraineur\/#webpage\",\"url\":\"https:\/\/www.nettali.com\/2025\/07\/09\/batafogo-davide-le-fils-de-carlo-ancelotti-nomme-entraineur\/\",\"name\":\"BATAFOGO - Davide, le fils de Carlo Ancelotti, nomm\\u00e9 entra\\u00eeneur | Nettali.com\",\"isPartOf\":{\"@id\":\"https:\/\/www.nettali.com\/#website\"},\"primaryImageOfPage\":{\"@id\":\"https:\/\/www.nettali.com\/2025\/07\/09\/batafogo-davide-le-fils-de-carlo-ancelotti-nomme-entraineur\/#primaryimage\"},\"datePublished\":\"2025-07-09T08:52:02+00:00\",\"dateModified\":\"2025-07-09T08:52:02+00:00\",\"author\":{\"@id\":\"https:\/\/www.nettali.com\/#\/schema\/person\/bb147657c2986240405a608162b9bb23\"},\"breadcrumb\":{\"@id\":\"https:\/\/www.nettali.com\/2025\/07\/09\/batafogo-davide-le-fils-de-carlo-ancelotti-nomme-entraineur\/#breadcrumb\"},\"inLanguage\":\"fr-FR\",\"potentialAction\":[{\"@type\":\"ReadAction\",\"target\":[\"https:\/\/www.nettali.com\/2025\/07\/09\/batafogo-davide-le-fils-de-carlo-ancelotti-nomme-entraineur\/\"]}]},{\"@type\":\"BreadcrumbList\",\"@id\":\"https:\/\/www.nettali.com\/2025\/07\/09\/batafogo-davide-le-fils-de-carlo-ancelotti-nomme-entraineur\/#breadcrumb\",\"itemListElement\":[{\"@type\":\"ListItem\",\"position\":1,\"name\":\"Accueil\",\"item\":\"https:\/\/www.nettali.com\/\"},{\"@type\":\"ListItem\",\"position\":2,\"name\":\"BATAFOGO - Davide, le fils de Carlo Ancelotti, nomm\\u00e9 entra\\u00eeneur\"}]},{\"@type\":\"Person\",\"@id\":\"https:\/\/www.nettali.com\/#\/schema\/person\/bb147657c2986240405a608162b9bb23\",\"name\":\"Ibrahima\",\"image\":{\"@type\":\"ImageObject\",\"@id\":\"https:\/\/www.nettali.com\/#personlogo\",\"inLanguage\":\"fr-FR\",\"url\":\"https:\/\/secure.gravatar.com\/avatar\/26a8a81f09f0dd7624c9d5c36c9ba3a2?s=96&d=mm&r=g\",\"contentUrl\":\"https:\/\/secure.gravatar.com\/avatar\/26a8a81f09f0dd7624c9d5c36c9ba3a2?s=96&d=mm&r=g\",\"caption\":\"Ibrahima\"},\"sameAs\":[\"https:\/\/www.nettali.com\"]}]}<\/script>\n<!-- \/ Yoast SEO Premium plugin. -->","yoast_head_json":{"title":"BATAFOGO - Davide, le fils de Carlo Ancelotti, nomm\u00e9 entra\u00eeneur | Nettali.com","robots":{"index":"index","follow":"follow","max-snippet":"max-snippet:-1","max-image-preview":"max-image-preview:large","max-video-preview":"max-video-preview:-1"},"canonical":"https:\/\/www.nettali.com\/2025\/07\/09\/batafogo-davide-le-fils-de-carlo-ancelotti-nomme-entraineur\/","og_locale":"fr_FR","og_type":"article","og_title":"BATAFOGO - Davide, le fils de Carlo Ancelotti, nomm\u00e9 entra\u00eeneur","og_description":"NETTALI.COM - Davide Ancelotti, fils du s\u00e9lectionneur italien du Br\u00e9sil Carlo Ancelotti, a \u00e9t\u00e9 nomm\u00e9 entra\u00eeneur de Botafogo en remplacement du Portugais Renato Paiva, limog\u00e9 dans la foul\u00e9e de l'\u00e9limination au Mondial des clubs. L'annonce a \u00e9t\u00e9 faite ce mardi 8 juillet par le club de Rio de Janeiro. \u00c0 seulement 35 ans, Davide, s'appr\u00eate [&hellip;]","og_url":"https:\/\/www.nettali.com\/2025\/07\/09\/batafogo-davide-le-fils-de-carlo-ancelotti-nomme-entraineur\/","og_site_name":"Nettali.com","article_publisher":"https:\/\/www.facebook.com\/nettalicom","article_published_time":"2025-07-09T08:52:02+00:00","og_image":[{"width":900,"height":600,"url":"https:\/\/www.nettali.com\/wp-content\/uploads\/2025\/07\/88a37901-40a4-42ab-a052-ee99d23b3899.jpeg","type":"image\/jpeg"}],"twitter_card":"summary_large_image","twitter_misc":{"\u00c9crit par":"Ibrahima","Dur\u00e9e de lecture estim\u00e9e":"1 minute"},"schema":{"@context":"https:\/\/schema.org","@graph":[{"@type":"WebSite","@id":"https:\/\/www.nettali.com\/#website","url":"https:\/\/www.nettali.com\/","name":"Nettali.com","description":"Le rendez-vous critique du Net","potentialAction":[{"@type":"SearchAction","target":{"@type":"EntryPoint","urlTemplate":"https:\/\/www.nettali.com\/?s={search_term_string}"},"query-input":"required name=search_term_string"}],"inLanguage":"fr-FR"},{"@type":"ImageObject","@id":"https:\/\/www.nettali.com\/2025\/07\/09\/batafogo-davide-le-fils-de-carlo-ancelotti-nomme-entraineur\/#primaryimage","inLanguage":"fr-FR","url":"https:\/\/www.nettali.com\/wp-content\/uploads\/2025\/07\/88a37901-40a4-42ab-a052-ee99d23b3899.jpeg","contentUrl":"https:\/\/www.nettali.com\/wp-content\/uploads\/2025\/07\/88a37901-40a4-42ab-a052-ee99d23b3899.jpeg","width":900,"height":600},{"@type":"WebPage","@id":"https:\/\/www.nettali.com\/2025\/07\/09\/batafogo-davide-le-fils-de-carlo-ancelotti-nomme-entraineur\/#webpage","url":"https:\/\/www.nettali.com\/2025\/07\/09\/batafogo-davide-le-fils-de-carlo-ancelotti-nomme-entraineur\/","name":"BATAFOGO - Davide, le fils de Carlo Ancelotti, nomm\u00e9 entra\u00eeneur | Nettali.com","isPartOf":{"@id":"https:\/\/www.nettali.com\/#website"},"primaryImageOfPage":{"@id":"https:\/\/www.nettali.com\/2025\/07\/09\/batafogo-davide-le-fils-de-carlo-ancelotti-nomme-entraineur\/#primaryimage"},"datePublished":"2025-07-09T08:52:02+00:00","dateModified":"2025-07-09T08:52:02+00:00","author":{"@id":"https:\/\/www.nettali.com\/#\/schema\/person\/bb147657c2986240405a608162b9bb23"},"breadcrumb":{"@id":"https:\/\/www.nettali.com\/2025\/07\/09\/batafogo-davide-le-fils-de-carlo-ancelotti-nomme-entraineur\/#breadcrumb"},"inLanguage":"fr-FR","potentialAction":[{"@type":"ReadAction","target":["https:\/\/www.nettali.com\/2025\/07\/09\/batafogo-davide-le-fils-de-carlo-ancelotti-nomme-entraineur\/"]}]},{"@type":"BreadcrumbList","@id":"https:\/\/www.nettali.com\/2025\/07\/09\/batafogo-davide-le-fils-de-carlo-ancelotti-nomme-entraineur\/#breadcrumb","itemListElement":[{"@type":"ListItem","position":1,"name":"Accueil","item":"https:\/\/www.nettali.com\/"},{"@type":"ListItem","position":2,"name":"BATAFOGO - Davide, le fils de Carlo Ancelotti, nomm\u00e9 entra\u00eeneur"}]},{"@type":"Person","@id":"https:\/\/www.nettali.com\/#\/schema\/person\/bb147657c2986240405a608162b9bb23","name":"Ibrahima","image":{"@type":"ImageObject","@id":"https:\/\/www.nettali.com\/#personlogo","inLanguage":"fr-FR","url":"https:\/\/secure.gravatar.com\/avatar\/26a8a81f09f0dd7624c9d5c36c9ba3a2?s=96&d=mm&r=g","contentUrl":"https:\/\/secure.gravatar.com\/avatar\/26a8a81f09f0dd7624c9d5c36c9ba3a2?s=96&d=mm&r=g","caption":"Ibrahima"},"sameAs":["https:\/\/www.nettali.com"]}]}},"_links":{"self":[{"href":"https:\/\/www.nettali.com\/rest\/wp\/v2\/posts\/157244"}],"collection":[{"href":"https:\/\/www.nettali.com\/rest\/wp\/v2\/posts"}],"about":[{"href":"https:\/\/www.nettali.com\/rest\/wp\/v2\/types\/post"}],"author":[{"embeddable":true,"href":"https:\/\/www.nettali.com\/rest\/wp\/v2\/users\/5"}],"replies":[{"embeddable":true,"href":"https:\/\/www.nettali.com\/rest\/wp\/v2\/comments?post=157244"}],"version-history":[{"count":3,"href":"https:\/\/www.nettali.com\/rest\/wp\/v2\/posts\/157244\/revisions"}],"predecessor-version":[{"id":157249,"href":"https:\/\/www.nettali.com\/rest\/wp\/v2\/posts\/157244\/revisions\/157249"}],"wp:featuredmedia":[{"embeddable":true,"href":"https:\/\/www.nettali.com\/rest\/wp\/v2\/media\/157245"}],"wp:attachment":[{"href":"https:\/\/www.nettali.com\/rest\/wp\/v2\/media?parent=157244"}],"wp:term":[{"taxonomy":"category","embeddable":true,"href":"https:\/\/www.nettali.com\/rest\/wp\/v2\/categories?post=157244"},{"taxonomy":"post_tag","embeddable":true,"href":"https:\/\/www.nettali.com\/rest\/wp\/v2\/tags?post=157244"}],"curies":[{"name":"wp","href":"https:\/\/api.w.org\/{rel}","templated":true}]}}