{"id":157237,"date":"2025-07-09T11:26:09","date_gmt":"2025-07-09T11:26:09","guid":{"rendered":"https:\/\/www.nettali.com\/?p=157237"},"modified":"2025-07-10T01:08:28","modified_gmt":"2025-07-10T01:08:28","slug":"convocation-de-badara-gadiaga-papa-malick-ndour-denonce-une-criminalisation-des-opinions","status":"publish","type":"post","link":"https:\/\/www.nettali.com\/2025\/07\/09\/convocation-de-badara-gadiaga-papa-malick-ndour-denonce-une-criminalisation-des-opinions\/","title":{"rendered":"CONVOCATION DE BADARA GADIAGA - Papa Malick Ndour d\u00e9nonce \"une criminalisation des opinions\""},"content":{"rendered":"<p data-start=\"213\" data-end=\"519\"><strong>NETTALI.COM - Le d\u00e9put\u00e9 Papa Malick Ndour a r\u00e9agi, ce mercredi, \u00e0 la convocation du chroniqueur Badara Gadiaga par la Division sp\u00e9ciale de cybers\u00e9curit\u00e9. Dans un message publi\u00e9 sur ses r\u00e9seaux sociaux, l\u2019ancien ministre de la Jeunesse a exprim\u00e9 sa solidarit\u00e9 avec le journaliste et d\u00e9nonc\u00e9 une tentative d\u2019intimidation.<\/strong><\/p>\n<p data-start=\"521\" data-end=\"784\"><em>\u00ab Son v\u00e9ritable d\u00e9lit ? Avoir compris trop clairement ce que l\u2019autre pr\u00e9f\u00e9rait envelopper dans le flou \u00bb<\/em>, \u00e9crit Papa Malick Ndour, estimant que Badara Gadiaga n\u2019a fait qu\u2019\u00ab<em> analyser et interpr\u00e9ter avec justesse une id\u00e9e exprim\u00e9e par un proche du r\u00e9gime \u00bb.<\/em><\/p>\n<p data-start=\"786\" data-end=\"1009\">L\u2019ancien ministre accuse \u00e9galement le parti Pastef d\u2019orchestrer une strat\u00e9gie de victimisation : <em>\u00ab Ils insultent, provoquent la riposte, puis crient \u00e0 la r\u00e9pression. Mais cette fois-ci, \u00e7a ne passera pas \u00bb,<\/em> pr\u00e9vient-il.<\/p>\n<p data-start=\"1011\" data-end=\"1238\">Papa Malick Ndour appelle enfin \u00e0 refuser la peur et le silence impos\u00e9. <em>\u00ab Dans un \u00c9tat de droit digne de ce nom, les id\u00e9es se combattent par le d\u00e9bat, pas par des convocations et des menaces \u00bb<\/em>, mart\u00e8le le parlementaire.<\/p>\n<p data-start=\"1240\" data-end=\"1378\">Cette sortie intervient alors que la convocation de Badara Gadiaga suscite de nombreuses r\u00e9actions dans le milieu m\u00e9diatique et politique.<\/p>\n<p>&nbsp;<\/p>\n<div class='share-to-whatsapp-wrapper'><div class='share-on-whsp'>PARTAGER SUR : <\/div><a data-text='CONVOCATION DE BADARA GADIAGA - Papa Malick Ndour d\u00e9nonce \"une criminalisation des opinions\"' data-link='https:\/\/www.nettali.com\/2025\/07\/09\/convocation-de-badara-gadiaga-papa-malick-ndour-denonce-une-criminalisation-des-opinions\/' class='whatsapp-button whatsapp-share'>WhatsApp<\/a><div class='clear '><\/div><\/div>","protected":false},"excerpt":{"rendered":"<p>NETTALI.COM - Le d\u00e9put\u00e9 Papa Malick Ndour a r\u00e9agi, ce mercredi, \u00e0 la convocation du chroniqueur Badara Gadiaga par la Division sp\u00e9ciale de cybers\u00e9curit\u00e9. Dans un message publi\u00e9 sur ses r\u00e9seaux sociaux, l\u2019ancien ministre de la Jeunesse a exprim\u00e9 sa solidarit\u00e9 avec le journaliste et d\u00e9nonc\u00e9 une tentative d\u2019intimidation. \u00ab Son v\u00e9ritable d\u00e9lit ? Avoir [&hellip;]<\/p>\n","protected":false},"author":4,"featured_media":146977,"comment_status":"open","ping_status":"open","sticky":false,"template":"","format":"standard","meta":{"_et_pb_use_builder":"","_et_pb_old_content":""},"categories":[2],"tags":[],"yoast_head":"<!-- This site is optimized with the Yoast SEO Premium plugin v17.8 (Yoast SEO v17.8) - https:\/\/yoast.com\/wordpress\/plugins\/seo\/ -->\n<title>CONVOCATION DE BADARA GADIAGA - Papa Malick Ndour d\u00e9nonce &quot;une criminalisation des opinions&quot; | Nettali.com<\/title>\n<meta name=\"robots\" content=\"index, follow, max-snippet:-1, max-image-preview:large, max-video-preview:-1\" \/>\n<link rel=\"canonical\" href=\"https:\/\/www.nettali.com\/2025\/07\/09\/convocation-de-badara-gadiaga-papa-malick-ndour-denonce-une-criminalisation-des-opinions\/\" \/>\n<meta property=\"og:locale\" content=\"fr_FR\" \/>\n<meta property=\"og:type\" content=\"article\" \/>\n<meta property=\"og:title\" content=\"CONVOCATION DE BADARA GADIAGA - Papa Malick Ndour d\u00e9nonce &quot;une criminalisation des opinions&quot;\" \/>\n<meta property=\"og:description\" content=\"NETTALI.COM - Le d\u00e9put\u00e9 Papa Malick Ndour a r\u00e9agi, ce mercredi, \u00e0 la convocation du chroniqueur Badara Gadiaga par la Division sp\u00e9ciale de cybers\u00e9curit\u00e9. Dans un message publi\u00e9 sur ses r\u00e9seaux sociaux, l\u2019ancien ministre de la Jeunesse a exprim\u00e9 sa solidarit\u00e9 avec le journaliste et d\u00e9nonc\u00e9 une tentative d\u2019intimidation. \u00ab Son v\u00e9ritable d\u00e9lit ? Avoir [&hellip;]\" \/>\n<meta property=\"og:url\" content=\"https:\/\/www.nettali.com\/2025\/07\/09\/convocation-de-badara-gadiaga-papa-malick-ndour-denonce-une-criminalisation-des-opinions\/\" \/>\n<meta property=\"og:site_name\" content=\"Nettali.com\" \/>\n<meta property=\"article:publisher\" content=\"https:\/\/www.facebook.com\/nettalicom\" \/>\n<meta property=\"article:published_time\" content=\"2025-07-09T11:26:09+00:00\" \/>\n<meta property=\"article:modified_time\" content=\"2025-07-10T01:08:28+00:00\" \/>\n<meta property=\"og:image\" content=\"https:\/\/www.nettali.com\/wp-content\/uploads\/2025\/01\/pape-malick-ndour-ministre.jpg\" \/>\n\t<meta property=\"og:image:width\" content=\"792\" \/>\n\t<meta property=\"og:image:height\" content=\"420\" \/>\n<meta name=\"twitter:card\" content=\"summary_large_image\" \/>\n<meta name=\"twitter:label1\" content=\"\u00c9crit par\" \/>\n\t<meta name=\"twitter:data1\" content=\"Daouda\" \/>\n\t<meta name=\"twitter:label2\" content=\"Dur\u00e9e de lecture estim\u00e9e\" \/>\n\t<meta name=\"twitter:data2\" content=\"1 minute\" \/>\n<script type=\"application\/ld+json\" class=\"yoast-schema-graph\">{\"@context\":\"https:\/\/schema.org\",\"@graph\":[{\"@type\":\"WebSite\",\"@id\":\"https:\/\/www.nettali.com\/#website\",\"url\":\"https:\/\/www.nettali.com\/\",\"name\":\"Nettali.com\",\"description\":\"Le rendez-vous critique du Net\",\"potentialAction\":[{\"@type\":\"SearchAction\",\"target\":{\"@type\":\"EntryPoint\",\"urlTemplate\":\"https:\/\/www.nettali.com\/?s={search_term_string}\"},\"query-input\":\"required name=search_term_string\"}],\"inLanguage\":\"fr-FR\"},{\"@type\":\"ImageObject\",\"@id\":\"https:\/\/www.nettali.com\/2025\/07\/09\/convocation-de-badara-gadiaga-papa-malick-ndour-denonce-une-criminalisation-des-opinions\/#primaryimage\",\"inLanguage\":\"fr-FR\",\"url\":\"https:\/\/www.nettali.com\/wp-content\/uploads\/2025\/01\/pape-malick-ndour-ministre.jpg\",\"contentUrl\":\"https:\/\/www.nettali.com\/wp-content\/uploads\/2025\/01\/pape-malick-ndour-ministre.jpg\",\"width\":792,\"height\":420},{\"@type\":\"WebPage\",\"@id\":\"https:\/\/www.nettali.com\/2025\/07\/09\/convocation-de-badara-gadiaga-papa-malick-ndour-denonce-une-criminalisation-des-opinions\/#webpage\",\"url\":\"https:\/\/www.nettali.com\/2025\/07\/09\/convocation-de-badara-gadiaga-papa-malick-ndour-denonce-une-criminalisation-des-opinions\/\",\"name\":\"CONVOCATION DE BADARA GADIAGA - Papa Malick Ndour d\\u00e9nonce \\\"une criminalisation des opinions\\\" | Nettali.com\",\"isPartOf\":{\"@id\":\"https:\/\/www.nettali.com\/#website\"},\"primaryImageOfPage\":{\"@id\":\"https:\/\/www.nettali.com\/2025\/07\/09\/convocation-de-badara-gadiaga-papa-malick-ndour-denonce-une-criminalisation-des-opinions\/#primaryimage\"},\"datePublished\":\"2025-07-09T11:26:09+00:00\",\"dateModified\":\"2025-07-10T01:08:28+00:00\",\"author\":{\"@id\":\"https:\/\/www.nettali.com\/#\/schema\/person\/3317e0bb3aa1da309fbf7b2780901bf4\"},\"breadcrumb\":{\"@id\":\"https:\/\/www.nettali.com\/2025\/07\/09\/convocation-de-badara-gadiaga-papa-malick-ndour-denonce-une-criminalisation-des-opinions\/#breadcrumb\"},\"inLanguage\":\"fr-FR\",\"potentialAction\":[{\"@type\":\"ReadAction\",\"target\":[\"https:\/\/www.nettali.com\/2025\/07\/09\/convocation-de-badara-gadiaga-papa-malick-ndour-denonce-une-criminalisation-des-opinions\/\"]}]},{\"@type\":\"BreadcrumbList\",\"@id\":\"https:\/\/www.nettali.com\/2025\/07\/09\/convocation-de-badara-gadiaga-papa-malick-ndour-denonce-une-criminalisation-des-opinions\/#breadcrumb\",\"itemListElement\":[{\"@type\":\"ListItem\",\"position\":1,\"name\":\"Accueil\",\"item\":\"https:\/\/www.nettali.com\/\"},{\"@type\":\"ListItem\",\"position\":2,\"name\":\"CONVOCATION DE BADARA GADIAGA - Papa Malick Ndour d\\u00e9nonce \\\"une criminalisation des opinions\\\"\"}]},{\"@type\":\"Person\",\"@id\":\"https:\/\/www.nettali.com\/#\/schema\/person\/3317e0bb3aa1da309fbf7b2780901bf4\",\"name\":\"Daouda\",\"image\":{\"@type\":\"ImageObject\",\"@id\":\"https:\/\/www.nettali.com\/#personlogo\",\"inLanguage\":\"fr-FR\",\"url\":\"https:\/\/secure.gravatar.com\/avatar\/8d143b5a49345098ddcfee1c49c2f47c?s=96&d=mm&r=g\",\"contentUrl\":\"https:\/\/secure.gravatar.com\/avatar\/8d143b5a49345098ddcfee1c49c2f47c?s=96&d=mm&r=g\",\"caption\":\"Daouda\"},\"sameAs\":[\"https:\/\/www.nettali.com\"]}]}<\/script>\n<!-- \/ Yoast SEO Premium plugin. -->","yoast_head_json":{"title":"CONVOCATION DE BADARA GADIAGA - Papa Malick Ndour d\u00e9nonce \"une criminalisation des opinions\" | Nettali.com","robots":{"index":"index","follow":"follow","max-snippet":"max-snippet:-1","max-image-preview":"max-image-preview:large","max-video-preview":"max-video-preview:-1"},"canonical":"https:\/\/www.nettali.com\/2025\/07\/09\/convocation-de-badara-gadiaga-papa-malick-ndour-denonce-une-criminalisation-des-opinions\/","og_locale":"fr_FR","og_type":"article","og_title":"CONVOCATION DE BADARA GADIAGA - Papa Malick Ndour d\u00e9nonce \"une criminalisation des opinions\"","og_description":"NETTALI.COM - Le d\u00e9put\u00e9 Papa Malick Ndour a r\u00e9agi, ce mercredi, \u00e0 la convocation du chroniqueur Badara Gadiaga par la Division sp\u00e9ciale de cybers\u00e9curit\u00e9. Dans un message publi\u00e9 sur ses r\u00e9seaux sociaux, l\u2019ancien ministre de la Jeunesse a exprim\u00e9 sa solidarit\u00e9 avec le journaliste et d\u00e9nonc\u00e9 une tentative d\u2019intimidation. \u00ab Son v\u00e9ritable d\u00e9lit ? Avoir [&hellip;]","og_url":"https:\/\/www.nettali.com\/2025\/07\/09\/convocation-de-badara-gadiaga-papa-malick-ndour-denonce-une-criminalisation-des-opinions\/","og_site_name":"Nettali.com","article_publisher":"https:\/\/www.facebook.com\/nettalicom","article_published_time":"2025-07-09T11:26:09+00:00","article_modified_time":"2025-07-10T01:08:28+00:00","og_image":[{"width":792,"height":420,"url":"https:\/\/www.nettali.com\/wp-content\/uploads\/2025\/01\/pape-malick-ndour-ministre.jpg","type":"image\/jpeg"}],"twitter_card":"summary_large_image","twitter_misc":{"\u00c9crit par":"Daouda","Dur\u00e9e de lecture estim\u00e9e":"1 minute"},"schema":{"@context":"https:\/\/schema.org","@graph":[{"@type":"WebSite","@id":"https:\/\/www.nettali.com\/#website","url":"https:\/\/www.nettali.com\/","name":"Nettali.com","description":"Le rendez-vous critique du Net","potentialAction":[{"@type":"SearchAction","target":{"@type":"EntryPoint","urlTemplate":"https:\/\/www.nettali.com\/?s={search_term_string}"},"query-input":"required name=search_term_string"}],"inLanguage":"fr-FR"},{"@type":"ImageObject","@id":"https:\/\/www.nettali.com\/2025\/07\/09\/convocation-de-badara-gadiaga-papa-malick-ndour-denonce-une-criminalisation-des-opinions\/#primaryimage","inLanguage":"fr-FR","url":"https:\/\/www.nettali.com\/wp-content\/uploads\/2025\/01\/pape-malick-ndour-ministre.jpg","contentUrl":"https:\/\/www.nettali.com\/wp-content\/uploads\/2025\/01\/pape-malick-ndour-ministre.jpg","width":792,"height":420},{"@type":"WebPage","@id":"https:\/\/www.nettali.com\/2025\/07\/09\/convocation-de-badara-gadiaga-papa-malick-ndour-denonce-une-criminalisation-des-opinions\/#webpage","url":"https:\/\/www.nettali.com\/2025\/07\/09\/convocation-de-badara-gadiaga-papa-malick-ndour-denonce-une-criminalisation-des-opinions\/","name":"CONVOCATION DE BADARA GADIAGA - Papa Malick Ndour d\u00e9nonce \"une criminalisation des opinions\" | Nettali.com","isPartOf":{"@id":"https:\/\/www.nettali.com\/#website"},"primaryImageOfPage":{"@id":"https:\/\/www.nettali.com\/2025\/07\/09\/convocation-de-badara-gadiaga-papa-malick-ndour-denonce-une-criminalisation-des-opinions\/#primaryimage"},"datePublished":"2025-07-09T11:26:09+00:00","dateModified":"2025-07-10T01:08:28+00:00","author":{"@id":"https:\/\/www.nettali.com\/#\/schema\/person\/3317e0bb3aa1da309fbf7b2780901bf4"},"breadcrumb":{"@id":"https:\/\/www.nettali.com\/2025\/07\/09\/convocation-de-badara-gadiaga-papa-malick-ndour-denonce-une-criminalisation-des-opinions\/#breadcrumb"},"inLanguage":"fr-FR","potentialAction":[{"@type":"ReadAction","target":["https:\/\/www.nettali.com\/2025\/07\/09\/convocation-de-badara-gadiaga-papa-malick-ndour-denonce-une-criminalisation-des-opinions\/"]}]},{"@type":"BreadcrumbList","@id":"https:\/\/www.nettali.com\/2025\/07\/09\/convocation-de-badara-gadiaga-papa-malick-ndour-denonce-une-criminalisation-des-opinions\/#breadcrumb","itemListElement":[{"@type":"ListItem","position":1,"name":"Accueil","item":"https:\/\/www.nettali.com\/"},{"@type":"ListItem","position":2,"name":"CONVOCATION DE BADARA GADIAGA - Papa Malick Ndour d\u00e9nonce \"une criminalisation des opinions\""}]},{"@type":"Person","@id":"https:\/\/www.nettali.com\/#\/schema\/person\/3317e0bb3aa1da309fbf7b2780901bf4","name":"Daouda","image":{"@type":"ImageObject","@id":"https:\/\/www.nettali.com\/#personlogo","inLanguage":"fr-FR","url":"https:\/\/secure.gravatar.com\/avatar\/8d143b5a49345098ddcfee1c49c2f47c?s=96&d=mm&r=g","contentUrl":"https:\/\/secure.gravatar.com\/avatar\/8d143b5a49345098ddcfee1c49c2f47c?s=96&d=mm&r=g","caption":"Daouda"},"sameAs":["https:\/\/www.nettali.com"]}]}},"_links":{"self":[{"href":"https:\/\/www.nettali.com\/rest\/wp\/v2\/posts\/157237"}],"collection":[{"href":"https:\/\/www.nettali.com\/rest\/wp\/v2\/posts"}],"about":[{"href":"https:\/\/www.nettali.com\/rest\/wp\/v2\/types\/post"}],"author":[{"embeddable":true,"href":"https:\/\/www.nettali.com\/rest\/wp\/v2\/users\/4"}],"replies":[{"embeddable":true,"href":"https:\/\/www.nettali.com\/rest\/wp\/v2\/comments?post=157237"}],"version-history":[{"count":2,"href":"https:\/\/www.nettali.com\/rest\/wp\/v2\/posts\/157237\/revisions"}],"predecessor-version":[{"id":157277,"href":"https:\/\/www.nettali.com\/rest\/wp\/v2\/posts\/157237\/revisions\/157277"}],"wp:featuredmedia":[{"embeddable":true,"href":"https:\/\/www.nettali.com\/rest\/wp\/v2\/media\/146977"}],"wp:attachment":[{"href":"https:\/\/www.nettali.com\/rest\/wp\/v2\/media?parent=157237"}],"wp:term":[{"taxonomy":"category","embeddable":true,"href":"https:\/\/www.nettali.com\/rest\/wp\/v2\/categories?post=157237"},{"taxonomy":"post_tag","embeddable":true,"href":"https:\/\/www.nettali.com\/rest\/wp\/v2\/tags?post=157237"}],"curies":[{"name":"wp","href":"https:\/\/api.w.org\/{rel}","templated":true}]}}