{"id":157191,"date":"2025-07-09T10:00:42","date_gmt":"2025-07-09T10:00:42","guid":{"rendered":"https:\/\/www.nettali.com\/?p=157191"},"modified":"2025-07-09T07:53:36","modified_gmt":"2025-07-09T07:53:36","slug":"france-apres-avoir-sauve-6-personnes-dun-incendie-fousseynou-cisse-sera-decore-le-13-juillet","status":"publish","type":"post","link":"https:\/\/www.nettali.com\/2025\/07\/09\/france-apres-avoir-sauve-6-personnes-dun-incendie-fousseynou-cisse-sera-decore-le-13-juillet\/","title":{"rendered":"FRANCE - Apr\u00e8s avoir sauv\u00e9 6 personnes d\u2019un incendie, Fousseynou Ciss\u00e9 sera d\u00e9cor\u00e9 le 13 juillet"},"content":{"rendered":"<p><strong>NETTALI.COM - Fousseynou Ciss\u00e9, un agent d\u2019accueil de 39 ans, pr\u00e9sent\u00e9 comme un S\u00e9n\u00e9galais, est devenu un h\u00e9ros apr\u00e8s avoir secouru six personnes pi\u00e9g\u00e9es par un violent incendie au sixi\u00e8me \u00e9tage d\u2019un immeuble du XVIIIe arrondissement de Paris. Son acte de bravoure, film\u00e9 et largement partag\u00e9 sur les r\u00e9seaux sociaux, lui vaudra une d\u00e9coration officielle le 13 juillet prochain.<\/strong><\/p>\n<p><strong>Un sauvetage spectaculaire<\/strong><\/p>\n<p>Vendredi dernier, alors que les flammes ravageaient un appartement du boulevard de la Chapelle, Fousseynou Ciss\u00e9 n\u2019a pas h\u00e9sit\u00e9 \u00e0 escalader la corniche en zinc de son immeuble depuis sa fen\u00eatre, au p\u00e9ril de sa vie. \u00c9quilibriste improvis\u00e9, il a r\u00e9ussi \u00e0 extraire ses voisins, dont des enfants en bas \u00e2ge et une m\u00e8re de famille, alors que les fum\u00e9es toxiques envahissaient les lieux.<\/p>\n<p>Les images, captur\u00e9es par une habitante des environs, montrent l\u2019homme \u00e9voluant avec calme et d\u00e9termination \u00e0 plusieurs m\u00e8tres du sol, sous les yeux m\u00e9dus\u00e9s des pompiers et des badauds. Pr\u00e8s de 80 sapeurs-pompiers ont \u00e9t\u00e9 mobilis\u00e9s pour ma\u00eetriser le sinistre, qui n\u2019a heureusement fait aucun bless\u00e9 grave.<\/p>\n<p><strong>Une reconnaissance nationale<\/strong><\/p>\n<p>Le pr\u00e9fet de police de Paris, Laurent Nu\u00f1ez remettra \u00e0 Fousseynou Ciss\u00e9 une distinction \"<em>pour acte de courage et de d\u00e9vouement\"<\/em>\u00a0lors d\u2019une c\u00e9r\u00e9monie le 13 juillet. Le pr\u00e9sident Emmanuel Macron a \u00e9galement tenu \u00e0 saluer son h\u00e9ro\u00efsme en l\u2019invitant, ainsi que sa famille, aux c\u00e9l\u00e9brations du 14 juillet.<\/p>\n<p>Interrog\u00e9 par la presse, le sauveteur s\u2019est montr\u00e9 modeste : \"<em>J\u2019ai juste agi par instinct. Je ne pouvais pas les laisser l\u00e0<\/em>.\" Un geste qui rappelle que les h\u00e9ros ordinaires existent bel et bien.<\/p>\n<div class='share-to-whatsapp-wrapper'><div class='share-on-whsp'>PARTAGER SUR : <\/div><a data-text='FRANCE - Apr\u00e8s avoir sauv\u00e9 6 personnes d\u2019un incendie, Fousseynou Ciss\u00e9 sera d\u00e9cor\u00e9 le 13 juillet' data-link='https:\/\/www.nettali.com\/2025\/07\/09\/france-apres-avoir-sauve-6-personnes-dun-incendie-fousseynou-cisse-sera-decore-le-13-juillet\/' class='whatsapp-button whatsapp-share'>WhatsApp<\/a><div class='clear '><\/div><\/div>","protected":false},"excerpt":{"rendered":"<p>NETTALI.COM - Fousseynou Ciss\u00e9, un agent d\u2019accueil de 39 ans, pr\u00e9sent\u00e9 comme un S\u00e9n\u00e9galais, est devenu un h\u00e9ros apr\u00e8s avoir secouru six personnes pi\u00e9g\u00e9es par un violent incendie au sixi\u00e8me \u00e9tage d\u2019un immeuble du XVIIIe arrondissement de Paris. Son acte de bravoure, film\u00e9 et largement partag\u00e9 sur les r\u00e9seaux sociaux, lui vaudra une d\u00e9coration officielle [&hellip;]<\/p>\n","protected":false},"author":5,"featured_media":157192,"comment_status":"open","ping_status":"open","sticky":false,"template":"","format":"standard","meta":{"_et_pb_use_builder":"","_et_pb_old_content":""},"categories":[3],"tags":[],"yoast_head":"<!-- This site is optimized with the Yoast SEO Premium plugin v17.8 (Yoast SEO v17.8) - https:\/\/yoast.com\/wordpress\/plugins\/seo\/ -->\n<title>FRANCE - Apr\u00e8s avoir sauv\u00e9 6 personnes d\u2019un incendie, Fousseynou Ciss\u00e9 sera d\u00e9cor\u00e9 le 13 juillet | Nettali.com<\/title>\n<meta name=\"robots\" content=\"index, follow, max-snippet:-1, max-image-preview:large, max-video-preview:-1\" \/>\n<link rel=\"canonical\" href=\"https:\/\/www.nettali.com\/2025\/07\/09\/france-apres-avoir-sauve-6-personnes-dun-incendie-fousseynou-cisse-sera-decore-le-13-juillet\/\" \/>\n<meta property=\"og:locale\" content=\"fr_FR\" \/>\n<meta property=\"og:type\" content=\"article\" \/>\n<meta property=\"og:title\" content=\"FRANCE - Apr\u00e8s avoir sauv\u00e9 6 personnes d\u2019un incendie, Fousseynou Ciss\u00e9 sera d\u00e9cor\u00e9 le 13 juillet\" \/>\n<meta property=\"og:description\" content=\"NETTALI.COM - Fousseynou Ciss\u00e9, un agent d\u2019accueil de 39 ans, pr\u00e9sent\u00e9 comme un S\u00e9n\u00e9galais, est devenu un h\u00e9ros apr\u00e8s avoir secouru six personnes pi\u00e9g\u00e9es par un violent incendie au sixi\u00e8me \u00e9tage d\u2019un immeuble du XVIIIe arrondissement de Paris. Son acte de bravoure, film\u00e9 et largement partag\u00e9 sur les r\u00e9seaux sociaux, lui vaudra une d\u00e9coration officielle [&hellip;]\" \/>\n<meta property=\"og:url\" content=\"https:\/\/www.nettali.com\/2025\/07\/09\/france-apres-avoir-sauve-6-personnes-dun-incendie-fousseynou-cisse-sera-decore-le-13-juillet\/\" \/>\n<meta property=\"og:site_name\" content=\"Nettali.com\" \/>\n<meta property=\"article:publisher\" content=\"https:\/\/www.facebook.com\/nettalicom\" \/>\n<meta property=\"article:published_time\" content=\"2025-07-09T10:00:42+00:00\" \/>\n<meta property=\"article:modified_time\" content=\"2025-07-09T07:53:36+00:00\" \/>\n<meta property=\"og:image\" content=\"https:\/\/www.nettali.com\/wp-content\/uploads\/2025\/07\/977338688686b9823dca5f_COVER.jpg\" \/>\n\t<meta property=\"og:image:width\" content=\"1200\" \/>\n\t<meta property=\"og:image:height\" content=\"675\" \/>\n<meta name=\"twitter:card\" content=\"summary_large_image\" \/>\n<meta name=\"twitter:label1\" content=\"\u00c9crit par\" \/>\n\t<meta name=\"twitter:data1\" content=\"Ibrahima\" \/>\n\t<meta name=\"twitter:label2\" content=\"Dur\u00e9e de lecture estim\u00e9e\" \/>\n\t<meta name=\"twitter:data2\" content=\"2 minutes\" \/>\n<script type=\"application\/ld+json\" class=\"yoast-schema-graph\">{\"@context\":\"https:\/\/schema.org\",\"@graph\":[{\"@type\":\"WebSite\",\"@id\":\"https:\/\/www.nettali.com\/#website\",\"url\":\"https:\/\/www.nettali.com\/\",\"name\":\"Nettali.com\",\"description\":\"Le rendez-vous critique du Net\",\"potentialAction\":[{\"@type\":\"SearchAction\",\"target\":{\"@type\":\"EntryPoint\",\"urlTemplate\":\"https:\/\/www.nettali.com\/?s={search_term_string}\"},\"query-input\":\"required name=search_term_string\"}],\"inLanguage\":\"fr-FR\"},{\"@type\":\"ImageObject\",\"@id\":\"https:\/\/www.nettali.com\/2025\/07\/09\/france-apres-avoir-sauve-6-personnes-dun-incendie-fousseynou-cisse-sera-decore-le-13-juillet\/#primaryimage\",\"inLanguage\":\"fr-FR\",\"url\":\"https:\/\/www.nettali.com\/wp-content\/uploads\/2025\/07\/977338688686b9823dca5f_COVER.jpg\",\"contentUrl\":\"https:\/\/www.nettali.com\/wp-content\/uploads\/2025\/07\/977338688686b9823dca5f_COVER.jpg\",\"width\":1200,\"height\":675},{\"@type\":\"WebPage\",\"@id\":\"https:\/\/www.nettali.com\/2025\/07\/09\/france-apres-avoir-sauve-6-personnes-dun-incendie-fousseynou-cisse-sera-decore-le-13-juillet\/#webpage\",\"url\":\"https:\/\/www.nettali.com\/2025\/07\/09\/france-apres-avoir-sauve-6-personnes-dun-incendie-fousseynou-cisse-sera-decore-le-13-juillet\/\",\"name\":\"FRANCE - Apr\\u00e8s avoir sauv\\u00e9 6 personnes d\\u2019un incendie, Fousseynou Ciss\\u00e9 sera d\\u00e9cor\\u00e9 le 13 juillet | Nettali.com\",\"isPartOf\":{\"@id\":\"https:\/\/www.nettali.com\/#website\"},\"primaryImageOfPage\":{\"@id\":\"https:\/\/www.nettali.com\/2025\/07\/09\/france-apres-avoir-sauve-6-personnes-dun-incendie-fousseynou-cisse-sera-decore-le-13-juillet\/#primaryimage\"},\"datePublished\":\"2025-07-09T10:00:42+00:00\",\"dateModified\":\"2025-07-09T07:53:36+00:00\",\"author\":{\"@id\":\"https:\/\/www.nettali.com\/#\/schema\/person\/bb147657c2986240405a608162b9bb23\"},\"breadcrumb\":{\"@id\":\"https:\/\/www.nettali.com\/2025\/07\/09\/france-apres-avoir-sauve-6-personnes-dun-incendie-fousseynou-cisse-sera-decore-le-13-juillet\/#breadcrumb\"},\"inLanguage\":\"fr-FR\",\"potentialAction\":[{\"@type\":\"ReadAction\",\"target\":[\"https:\/\/www.nettali.com\/2025\/07\/09\/france-apres-avoir-sauve-6-personnes-dun-incendie-fousseynou-cisse-sera-decore-le-13-juillet\/\"]}]},{\"@type\":\"BreadcrumbList\",\"@id\":\"https:\/\/www.nettali.com\/2025\/07\/09\/france-apres-avoir-sauve-6-personnes-dun-incendie-fousseynou-cisse-sera-decore-le-13-juillet\/#breadcrumb\",\"itemListElement\":[{\"@type\":\"ListItem\",\"position\":1,\"name\":\"Accueil\",\"item\":\"https:\/\/www.nettali.com\/\"},{\"@type\":\"ListItem\",\"position\":2,\"name\":\"FRANCE - Apr\\u00e8s avoir sauv\\u00e9 6 personnes d\\u2019un incendie, Fousseynou Ciss\\u00e9 sera d\\u00e9cor\\u00e9 le 13 juillet\"}]},{\"@type\":\"Person\",\"@id\":\"https:\/\/www.nettali.com\/#\/schema\/person\/bb147657c2986240405a608162b9bb23\",\"name\":\"Ibrahima\",\"image\":{\"@type\":\"ImageObject\",\"@id\":\"https:\/\/www.nettali.com\/#personlogo\",\"inLanguage\":\"fr-FR\",\"url\":\"https:\/\/secure.gravatar.com\/avatar\/26a8a81f09f0dd7624c9d5c36c9ba3a2?s=96&d=mm&r=g\",\"contentUrl\":\"https:\/\/secure.gravatar.com\/avatar\/26a8a81f09f0dd7624c9d5c36c9ba3a2?s=96&d=mm&r=g\",\"caption\":\"Ibrahima\"},\"sameAs\":[\"https:\/\/www.nettali.com\"]}]}<\/script>\n<!-- \/ Yoast SEO Premium plugin. -->","yoast_head_json":{"title":"FRANCE - Apr\u00e8s avoir sauv\u00e9 6 personnes d\u2019un incendie, Fousseynou Ciss\u00e9 sera d\u00e9cor\u00e9 le 13 juillet | Nettali.com","robots":{"index":"index","follow":"follow","max-snippet":"max-snippet:-1","max-image-preview":"max-image-preview:large","max-video-preview":"max-video-preview:-1"},"canonical":"https:\/\/www.nettali.com\/2025\/07\/09\/france-apres-avoir-sauve-6-personnes-dun-incendie-fousseynou-cisse-sera-decore-le-13-juillet\/","og_locale":"fr_FR","og_type":"article","og_title":"FRANCE - Apr\u00e8s avoir sauv\u00e9 6 personnes d\u2019un incendie, Fousseynou Ciss\u00e9 sera d\u00e9cor\u00e9 le 13 juillet","og_description":"NETTALI.COM - Fousseynou Ciss\u00e9, un agent d\u2019accueil de 39 ans, pr\u00e9sent\u00e9 comme un S\u00e9n\u00e9galais, est devenu un h\u00e9ros apr\u00e8s avoir secouru six personnes pi\u00e9g\u00e9es par un violent incendie au sixi\u00e8me \u00e9tage d\u2019un immeuble du XVIIIe arrondissement de Paris. Son acte de bravoure, film\u00e9 et largement partag\u00e9 sur les r\u00e9seaux sociaux, lui vaudra une d\u00e9coration officielle [&hellip;]","og_url":"https:\/\/www.nettali.com\/2025\/07\/09\/france-apres-avoir-sauve-6-personnes-dun-incendie-fousseynou-cisse-sera-decore-le-13-juillet\/","og_site_name":"Nettali.com","article_publisher":"https:\/\/www.facebook.com\/nettalicom","article_published_time":"2025-07-09T10:00:42+00:00","article_modified_time":"2025-07-09T07:53:36+00:00","og_image":[{"width":1200,"height":675,"url":"https:\/\/www.nettali.com\/wp-content\/uploads\/2025\/07\/977338688686b9823dca5f_COVER.jpg","type":"image\/jpeg"}],"twitter_card":"summary_large_image","twitter_misc":{"\u00c9crit par":"Ibrahima","Dur\u00e9e de lecture estim\u00e9e":"2 minutes"},"schema":{"@context":"https:\/\/schema.org","@graph":[{"@type":"WebSite","@id":"https:\/\/www.nettali.com\/#website","url":"https:\/\/www.nettali.com\/","name":"Nettali.com","description":"Le rendez-vous critique du Net","potentialAction":[{"@type":"SearchAction","target":{"@type":"EntryPoint","urlTemplate":"https:\/\/www.nettali.com\/?s={search_term_string}"},"query-input":"required name=search_term_string"}],"inLanguage":"fr-FR"},{"@type":"ImageObject","@id":"https:\/\/www.nettali.com\/2025\/07\/09\/france-apres-avoir-sauve-6-personnes-dun-incendie-fousseynou-cisse-sera-decore-le-13-juillet\/#primaryimage","inLanguage":"fr-FR","url":"https:\/\/www.nettali.com\/wp-content\/uploads\/2025\/07\/977338688686b9823dca5f_COVER.jpg","contentUrl":"https:\/\/www.nettali.com\/wp-content\/uploads\/2025\/07\/977338688686b9823dca5f_COVER.jpg","width":1200,"height":675},{"@type":"WebPage","@id":"https:\/\/www.nettali.com\/2025\/07\/09\/france-apres-avoir-sauve-6-personnes-dun-incendie-fousseynou-cisse-sera-decore-le-13-juillet\/#webpage","url":"https:\/\/www.nettali.com\/2025\/07\/09\/france-apres-avoir-sauve-6-personnes-dun-incendie-fousseynou-cisse-sera-decore-le-13-juillet\/","name":"FRANCE - Apr\u00e8s avoir sauv\u00e9 6 personnes d\u2019un incendie, Fousseynou Ciss\u00e9 sera d\u00e9cor\u00e9 le 13 juillet | Nettali.com","isPartOf":{"@id":"https:\/\/www.nettali.com\/#website"},"primaryImageOfPage":{"@id":"https:\/\/www.nettali.com\/2025\/07\/09\/france-apres-avoir-sauve-6-personnes-dun-incendie-fousseynou-cisse-sera-decore-le-13-juillet\/#primaryimage"},"datePublished":"2025-07-09T10:00:42+00:00","dateModified":"2025-07-09T07:53:36+00:00","author":{"@id":"https:\/\/www.nettali.com\/#\/schema\/person\/bb147657c2986240405a608162b9bb23"},"breadcrumb":{"@id":"https:\/\/www.nettali.com\/2025\/07\/09\/france-apres-avoir-sauve-6-personnes-dun-incendie-fousseynou-cisse-sera-decore-le-13-juillet\/#breadcrumb"},"inLanguage":"fr-FR","potentialAction":[{"@type":"ReadAction","target":["https:\/\/www.nettali.com\/2025\/07\/09\/france-apres-avoir-sauve-6-personnes-dun-incendie-fousseynou-cisse-sera-decore-le-13-juillet\/"]}]},{"@type":"BreadcrumbList","@id":"https:\/\/www.nettali.com\/2025\/07\/09\/france-apres-avoir-sauve-6-personnes-dun-incendie-fousseynou-cisse-sera-decore-le-13-juillet\/#breadcrumb","itemListElement":[{"@type":"ListItem","position":1,"name":"Accueil","item":"https:\/\/www.nettali.com\/"},{"@type":"ListItem","position":2,"name":"FRANCE - Apr\u00e8s avoir sauv\u00e9 6 personnes d\u2019un incendie, Fousseynou Ciss\u00e9 sera d\u00e9cor\u00e9 le 13 juillet"}]},{"@type":"Person","@id":"https:\/\/www.nettali.com\/#\/schema\/person\/bb147657c2986240405a608162b9bb23","name":"Ibrahima","image":{"@type":"ImageObject","@id":"https:\/\/www.nettali.com\/#personlogo","inLanguage":"fr-FR","url":"https:\/\/secure.gravatar.com\/avatar\/26a8a81f09f0dd7624c9d5c36c9ba3a2?s=96&d=mm&r=g","contentUrl":"https:\/\/secure.gravatar.com\/avatar\/26a8a81f09f0dd7624c9d5c36c9ba3a2?s=96&d=mm&r=g","caption":"Ibrahima"},"sameAs":["https:\/\/www.nettali.com"]}]}},"_links":{"self":[{"href":"https:\/\/www.nettali.com\/rest\/wp\/v2\/posts\/157191"}],"collection":[{"href":"https:\/\/www.nettali.com\/rest\/wp\/v2\/posts"}],"about":[{"href":"https:\/\/www.nettali.com\/rest\/wp\/v2\/types\/post"}],"author":[{"embeddable":true,"href":"https:\/\/www.nettali.com\/rest\/wp\/v2\/users\/5"}],"replies":[{"embeddable":true,"href":"https:\/\/www.nettali.com\/rest\/wp\/v2\/comments?post=157191"}],"version-history":[{"count":3,"href":"https:\/\/www.nettali.com\/rest\/wp\/v2\/posts\/157191\/revisions"}],"predecessor-version":[{"id":157211,"href":"https:\/\/www.nettali.com\/rest\/wp\/v2\/posts\/157191\/revisions\/157211"}],"wp:featuredmedia":[{"embeddable":true,"href":"https:\/\/www.nettali.com\/rest\/wp\/v2\/media\/157192"}],"wp:attachment":[{"href":"https:\/\/www.nettali.com\/rest\/wp\/v2\/media?parent=157191"}],"wp:term":[{"taxonomy":"category","embeddable":true,"href":"https:\/\/www.nettali.com\/rest\/wp\/v2\/categories?post=157191"},{"taxonomy":"post_tag","embeddable":true,"href":"https:\/\/www.nettali.com\/rest\/wp\/v2\/tags?post=157191"}],"curies":[{"name":"wp","href":"https:\/\/api.w.org\/{rel}","templated":true}]}}