{"id":157139,"date":"2025-07-08T08:25:21","date_gmt":"2025-07-08T08:25:21","guid":{"rendered":"https:\/\/www.nettali.com\/?p=157139"},"modified":"2025-07-08T08:25:21","modified_gmt":"2025-07-08T08:25:21","slug":"crise-a-gaza-dakar-accueille-la-conference-2025-du-comite-onusien-pour-la-palestine","status":"publish","type":"post","link":"https:\/\/www.nettali.com\/2025\/07\/08\/crise-a-gaza-dakar-accueille-la-conference-2025-du-comite-onusien-pour-la-palestine\/","title":{"rendered":"CRISE A GAZA - Dakar accueille la Conf\u00e9rence 2025 du Comit\u00e9 onusien pour la Palestine"},"content":{"rendered":"<p data-start=\"194\" data-end=\"304\"><strong><span style=\"font-size: 16px;\">NETTALI.COM - Le S\u00e9n\u00e9gal accueille ce mercredi 9 juillet 2025, \u00e0 Dakar, la Conf\u00e9rence annuelle du Comit\u00e9 pour l\u2019exercice des droits inali\u00e9nables du peuple palestinien (CEIRPP). Une rencontre diplomatique majeure, pr\u00e9sid\u00e9e par le Premier ministre Ousmane Sonko, qui se tient dans un contexte marqu\u00e9 par l\u2019intensification du conflit \u00e0 Gaza et les attentes renouvel\u00e9es de la communaut\u00e9 internationale envers le S\u00e9n\u00e9gal.<\/span><\/strong><\/p>\n<p data-start=\"755\" data-end=\"1160\">Cette conf\u00e9rence intervient alors que la situation humanitaire \u00e0 Gaza reste catastrophique. Les bombardements isra\u00e9liens se poursuivent, faisant des milliers de morts, et les voix se multiplient pour d\u00e9noncer ce que plusieurs \u00c9tats et organisations qualifient d\u00e9sormais de <strong data-start=\"1028\" data-end=\"1040\">g\u00e9nocide<\/strong>. Dans ce climat d\u2019urgence, le r\u00f4le du S\u00e9n\u00e9gal \u00e0 la t\u00eate de ce comit\u00e9 onusien vieux de cinquante ans attire l\u2019attention.<\/p>\n<p data-start=\"1162\" data-end=\"1509\">Depuis sa cr\u00e9ation en 1975, le CEIRPP, pilot\u00e9 par le S\u00e9n\u00e9gal, s\u2019est donn\u00e9 pour mission de d\u00e9fendre les droits inali\u00e9nables du peuple palestinien, notamment le droit \u00e0 l\u2019autod\u00e9termination et au retour. Le comit\u00e9 recommande des programmes d\u2019action, sugg\u00e8re des mesures diplomatiques et coordonne des efforts internationaux en faveur de la Palestine.<\/p>\n<h3 data-start=\"1511\" data-end=\"1553\"><strong data-start=\"1515\" data-end=\"1553\">Un h\u00e9ritage historique \u00e0 r\u00e9activer<\/strong><\/h3>\n<p data-start=\"1555\" data-end=\"1974\">Le choix du S\u00e9n\u00e9gal pour diriger ce comit\u00e9 n\u2019est pas fortuit. Sous la pr\u00e9sidence de L\u00e9opold S\u00e9dar Senghor et de son Premier ministre Mamadou Dia, Dakar avait jou\u00e9 un r\u00f4le actif aux c\u00f4t\u00e9s de l\u2019OLP de Yasser Arafat, facilitant ses actions diplomatiques et logistiques \u00e0 travers le monde. Cet h\u00e9ritage, souvent \u00e9voqu\u00e9 mais peu mobilis\u00e9 ces derni\u00e8res ann\u00e9es, pourrait conna\u00eetre un nouveau souffle dans ce contexte de crise.<\/p>\n<p data-start=\"1976\" data-end=\"2175\"><em>\u00ab Le S\u00e9n\u00e9gal dispose d\u2019un levier diplomatique consid\u00e9rable qu\u2019il gagnerait \u00e0 mieux exploiter, surtout dans ce moment critique o\u00f9 Gaza est martyris\u00e9e \u00bb<\/em>, confie un diplomate africain proche du dossier.<\/p>\n<p data-start=\"2210\" data-end=\"2533\">De nombreux militants de la cause palestinienne, en Afrique comme au Moyen-Orient, esp\u00e8rent que cette conf\u00e9rence de Dakar marquera un tournant. Certains souhaiteraient voir le S\u00e9n\u00e9gal initier des d\u00e9marches plus offensives, \u00e0 l\u2019image de l\u2019Afrique du Sud qui a saisi la Cour internationale de justice (CIJ) contre Isra\u00ebl.<\/p>\n<p data-start=\"2535\" data-end=\"2772\"><em>\u00ab Le CEIRPP doit cesser d\u2019\u00eatre un simple espace de plaidoyer. Le moment impose des actions diplomatiques concr\u00e8tes et un repositionnement du S\u00e9n\u00e9gal en chef de file cr\u00e9dible et engag\u00e9 \u00bb<\/em>, plaide un repr\u00e9sentant d\u2019association panafricaine.<\/p>\n<h3 data-start=\"3287\" data-end=\"3326\"><strong data-start=\"3291\" data-end=\"3326\">Un test diplomatique pour Sonko<\/strong><\/h3>\n<p data-start=\"3328\" data-end=\"3637\">Pour le Premier ministre Ousmane Sonko, qui pr\u00e9sidera les travaux, cette conf\u00e9rence repr\u00e9sente aussi un test diplomatique majeur. Tr\u00e8s attendu sur le terrain int\u00e9rieur, il devra aussi convaincre sur la sc\u00e8ne internationale et clarifier la position de son gouvernement dans ce dossier hautement symbolique.<\/p>\n<p data-start=\"3639\" data-end=\"3851\">Le S\u00e9n\u00e9gal, garant de la tradition de soutien \u00e0 la Palestine depuis Senghor, devra d\u00e9montrer qu\u2019il reste fid\u00e8le \u00e0 cet engagement, et capable de porter une voix forte au nom des peuples africains et du Sud global.<\/p>\n<div class='share-to-whatsapp-wrapper'><div class='share-on-whsp'>PARTAGER SUR : <\/div><a data-text='CRISE A GAZA - Dakar accueille la Conf\u00e9rence 2025 du Comit\u00e9 onusien pour la Palestine' data-link='https:\/\/www.nettali.com\/2025\/07\/08\/crise-a-gaza-dakar-accueille-la-conference-2025-du-comite-onusien-pour-la-palestine\/' class='whatsapp-button whatsapp-share'>WhatsApp<\/a><div class='clear '><\/div><\/div>","protected":false},"excerpt":{"rendered":"<p>NETTALI.COM - Le S\u00e9n\u00e9gal accueille ce mercredi 9 juillet 2025, \u00e0 Dakar, la Conf\u00e9rence annuelle du Comit\u00e9 pour l\u2019exercice des droits inali\u00e9nables du peuple palestinien (CEIRPP). Une rencontre diplomatique majeure, pr\u00e9sid\u00e9e par le Premier ministre Ousmane Sonko, qui se tient dans un contexte marqu\u00e9 par l\u2019intensification du conflit \u00e0 Gaza et les attentes renouvel\u00e9es de [&hellip;]<\/p>\n","protected":false},"author":4,"featured_media":157140,"comment_status":"open","ping_status":"open","sticky":false,"template":"","format":"standard","meta":{"_et_pb_use_builder":"","_et_pb_old_content":""},"categories":[3],"tags":[],"yoast_head":"<!-- This site is optimized with the Yoast SEO Premium plugin v17.8 (Yoast SEO v17.8) - https:\/\/yoast.com\/wordpress\/plugins\/seo\/ -->\n<title>CRISE A GAZA - Dakar accueille la Conf\u00e9rence 2025 du Comit\u00e9 onusien pour la Palestine | Nettali.com<\/title>\n<meta name=\"robots\" content=\"index, follow, max-snippet:-1, max-image-preview:large, max-video-preview:-1\" \/>\n<link rel=\"canonical\" href=\"https:\/\/www.nettali.com\/2025\/07\/08\/crise-a-gaza-dakar-accueille-la-conference-2025-du-comite-onusien-pour-la-palestine\/\" \/>\n<meta property=\"og:locale\" content=\"fr_FR\" \/>\n<meta property=\"og:type\" content=\"article\" \/>\n<meta property=\"og:title\" content=\"CRISE A GAZA - Dakar accueille la Conf\u00e9rence 2025 du Comit\u00e9 onusien pour la Palestine\" \/>\n<meta property=\"og:description\" content=\"NETTALI.COM - Le S\u00e9n\u00e9gal accueille ce mercredi 9 juillet 2025, \u00e0 Dakar, la Conf\u00e9rence annuelle du Comit\u00e9 pour l\u2019exercice des droits inali\u00e9nables du peuple palestinien (CEIRPP). Une rencontre diplomatique majeure, pr\u00e9sid\u00e9e par le Premier ministre Ousmane Sonko, qui se tient dans un contexte marqu\u00e9 par l\u2019intensification du conflit \u00e0 Gaza et les attentes renouvel\u00e9es de [&hellip;]\" \/>\n<meta property=\"og:url\" content=\"https:\/\/www.nettali.com\/2025\/07\/08\/crise-a-gaza-dakar-accueille-la-conference-2025-du-comite-onusien-pour-la-palestine\/\" \/>\n<meta property=\"og:site_name\" content=\"Nettali.com\" \/>\n<meta property=\"article:publisher\" content=\"https:\/\/www.facebook.com\/nettalicom\" \/>\n<meta property=\"article:published_time\" content=\"2025-07-08T08:25:21+00:00\" \/>\n<meta property=\"og:image\" content=\"https:\/\/www.nettali.com\/wp-content\/uploads\/2025\/07\/Sonko-Palestine.jpg\" \/>\n\t<meta property=\"og:image:width\" content=\"2048\" \/>\n\t<meta property=\"og:image:height\" content=\"1365\" \/>\n<meta name=\"twitter:card\" content=\"summary_large_image\" \/>\n<meta name=\"twitter:label1\" content=\"\u00c9crit par\" \/>\n\t<meta name=\"twitter:data1\" content=\"Daouda\" \/>\n\t<meta name=\"twitter:label2\" content=\"Dur\u00e9e de lecture estim\u00e9e\" \/>\n\t<meta name=\"twitter:data2\" content=\"3 minutes\" \/>\n<script type=\"application\/ld+json\" class=\"yoast-schema-graph\">{\"@context\":\"https:\/\/schema.org\",\"@graph\":[{\"@type\":\"WebSite\",\"@id\":\"https:\/\/www.nettali.com\/#website\",\"url\":\"https:\/\/www.nettali.com\/\",\"name\":\"Nettali.com\",\"description\":\"Le rendez-vous critique du Net\",\"potentialAction\":[{\"@type\":\"SearchAction\",\"target\":{\"@type\":\"EntryPoint\",\"urlTemplate\":\"https:\/\/www.nettali.com\/?s={search_term_string}\"},\"query-input\":\"required name=search_term_string\"}],\"inLanguage\":\"fr-FR\"},{\"@type\":\"ImageObject\",\"@id\":\"https:\/\/www.nettali.com\/2025\/07\/08\/crise-a-gaza-dakar-accueille-la-conference-2025-du-comite-onusien-pour-la-palestine\/#primaryimage\",\"inLanguage\":\"fr-FR\",\"url\":\"https:\/\/www.nettali.com\/wp-content\/uploads\/2025\/07\/Sonko-Palestine.jpg\",\"contentUrl\":\"https:\/\/www.nettali.com\/wp-content\/uploads\/2025\/07\/Sonko-Palestine.jpg\",\"width\":2048,\"height\":1365},{\"@type\":\"WebPage\",\"@id\":\"https:\/\/www.nettali.com\/2025\/07\/08\/crise-a-gaza-dakar-accueille-la-conference-2025-du-comite-onusien-pour-la-palestine\/#webpage\",\"url\":\"https:\/\/www.nettali.com\/2025\/07\/08\/crise-a-gaza-dakar-accueille-la-conference-2025-du-comite-onusien-pour-la-palestine\/\",\"name\":\"CRISE A GAZA - Dakar accueille la Conf\\u00e9rence 2025 du Comit\\u00e9 onusien pour la Palestine | Nettali.com\",\"isPartOf\":{\"@id\":\"https:\/\/www.nettali.com\/#website\"},\"primaryImageOfPage\":{\"@id\":\"https:\/\/www.nettali.com\/2025\/07\/08\/crise-a-gaza-dakar-accueille-la-conference-2025-du-comite-onusien-pour-la-palestine\/#primaryimage\"},\"datePublished\":\"2025-07-08T08:25:21+00:00\",\"dateModified\":\"2025-07-08T08:25:21+00:00\",\"author\":{\"@id\":\"https:\/\/www.nettali.com\/#\/schema\/person\/3317e0bb3aa1da309fbf7b2780901bf4\"},\"breadcrumb\":{\"@id\":\"https:\/\/www.nettali.com\/2025\/07\/08\/crise-a-gaza-dakar-accueille-la-conference-2025-du-comite-onusien-pour-la-palestine\/#breadcrumb\"},\"inLanguage\":\"fr-FR\",\"potentialAction\":[{\"@type\":\"ReadAction\",\"target\":[\"https:\/\/www.nettali.com\/2025\/07\/08\/crise-a-gaza-dakar-accueille-la-conference-2025-du-comite-onusien-pour-la-palestine\/\"]}]},{\"@type\":\"BreadcrumbList\",\"@id\":\"https:\/\/www.nettali.com\/2025\/07\/08\/crise-a-gaza-dakar-accueille-la-conference-2025-du-comite-onusien-pour-la-palestine\/#breadcrumb\",\"itemListElement\":[{\"@type\":\"ListItem\",\"position\":1,\"name\":\"Accueil\",\"item\":\"https:\/\/www.nettali.com\/\"},{\"@type\":\"ListItem\",\"position\":2,\"name\":\"CRISE A GAZA - Dakar accueille la Conf\\u00e9rence 2025 du Comit\\u00e9 onusien pour la Palestine\"}]},{\"@type\":\"Person\",\"@id\":\"https:\/\/www.nettali.com\/#\/schema\/person\/3317e0bb3aa1da309fbf7b2780901bf4\",\"name\":\"Daouda\",\"image\":{\"@type\":\"ImageObject\",\"@id\":\"https:\/\/www.nettali.com\/#personlogo\",\"inLanguage\":\"fr-FR\",\"url\":\"https:\/\/secure.gravatar.com\/avatar\/8d143b5a49345098ddcfee1c49c2f47c?s=96&d=mm&r=g\",\"contentUrl\":\"https:\/\/secure.gravatar.com\/avatar\/8d143b5a49345098ddcfee1c49c2f47c?s=96&d=mm&r=g\",\"caption\":\"Daouda\"},\"sameAs\":[\"https:\/\/www.nettali.com\"]}]}<\/script>\n<!-- \/ Yoast SEO Premium plugin. -->","yoast_head_json":{"title":"CRISE A GAZA - Dakar accueille la Conf\u00e9rence 2025 du Comit\u00e9 onusien pour la Palestine | Nettali.com","robots":{"index":"index","follow":"follow","max-snippet":"max-snippet:-1","max-image-preview":"max-image-preview:large","max-video-preview":"max-video-preview:-1"},"canonical":"https:\/\/www.nettali.com\/2025\/07\/08\/crise-a-gaza-dakar-accueille-la-conference-2025-du-comite-onusien-pour-la-palestine\/","og_locale":"fr_FR","og_type":"article","og_title":"CRISE A GAZA - Dakar accueille la Conf\u00e9rence 2025 du Comit\u00e9 onusien pour la Palestine","og_description":"NETTALI.COM - Le S\u00e9n\u00e9gal accueille ce mercredi 9 juillet 2025, \u00e0 Dakar, la Conf\u00e9rence annuelle du Comit\u00e9 pour l\u2019exercice des droits inali\u00e9nables du peuple palestinien (CEIRPP). Une rencontre diplomatique majeure, pr\u00e9sid\u00e9e par le Premier ministre Ousmane Sonko, qui se tient dans un contexte marqu\u00e9 par l\u2019intensification du conflit \u00e0 Gaza et les attentes renouvel\u00e9es de [&hellip;]","og_url":"https:\/\/www.nettali.com\/2025\/07\/08\/crise-a-gaza-dakar-accueille-la-conference-2025-du-comite-onusien-pour-la-palestine\/","og_site_name":"Nettali.com","article_publisher":"https:\/\/www.facebook.com\/nettalicom","article_published_time":"2025-07-08T08:25:21+00:00","og_image":[{"width":2048,"height":1365,"url":"https:\/\/www.nettali.com\/wp-content\/uploads\/2025\/07\/Sonko-Palestine.jpg","type":"image\/jpeg"}],"twitter_card":"summary_large_image","twitter_misc":{"\u00c9crit par":"Daouda","Dur\u00e9e de lecture estim\u00e9e":"3 minutes"},"schema":{"@context":"https:\/\/schema.org","@graph":[{"@type":"WebSite","@id":"https:\/\/www.nettali.com\/#website","url":"https:\/\/www.nettali.com\/","name":"Nettali.com","description":"Le rendez-vous critique du Net","potentialAction":[{"@type":"SearchAction","target":{"@type":"EntryPoint","urlTemplate":"https:\/\/www.nettali.com\/?s={search_term_string}"},"query-input":"required name=search_term_string"}],"inLanguage":"fr-FR"},{"@type":"ImageObject","@id":"https:\/\/www.nettali.com\/2025\/07\/08\/crise-a-gaza-dakar-accueille-la-conference-2025-du-comite-onusien-pour-la-palestine\/#primaryimage","inLanguage":"fr-FR","url":"https:\/\/www.nettali.com\/wp-content\/uploads\/2025\/07\/Sonko-Palestine.jpg","contentUrl":"https:\/\/www.nettali.com\/wp-content\/uploads\/2025\/07\/Sonko-Palestine.jpg","width":2048,"height":1365},{"@type":"WebPage","@id":"https:\/\/www.nettali.com\/2025\/07\/08\/crise-a-gaza-dakar-accueille-la-conference-2025-du-comite-onusien-pour-la-palestine\/#webpage","url":"https:\/\/www.nettali.com\/2025\/07\/08\/crise-a-gaza-dakar-accueille-la-conference-2025-du-comite-onusien-pour-la-palestine\/","name":"CRISE A GAZA - Dakar accueille la Conf\u00e9rence 2025 du Comit\u00e9 onusien pour la Palestine | Nettali.com","isPartOf":{"@id":"https:\/\/www.nettali.com\/#website"},"primaryImageOfPage":{"@id":"https:\/\/www.nettali.com\/2025\/07\/08\/crise-a-gaza-dakar-accueille-la-conference-2025-du-comite-onusien-pour-la-palestine\/#primaryimage"},"datePublished":"2025-07-08T08:25:21+00:00","dateModified":"2025-07-08T08:25:21+00:00","author":{"@id":"https:\/\/www.nettali.com\/#\/schema\/person\/3317e0bb3aa1da309fbf7b2780901bf4"},"breadcrumb":{"@id":"https:\/\/www.nettali.com\/2025\/07\/08\/crise-a-gaza-dakar-accueille-la-conference-2025-du-comite-onusien-pour-la-palestine\/#breadcrumb"},"inLanguage":"fr-FR","potentialAction":[{"@type":"ReadAction","target":["https:\/\/www.nettali.com\/2025\/07\/08\/crise-a-gaza-dakar-accueille-la-conference-2025-du-comite-onusien-pour-la-palestine\/"]}]},{"@type":"BreadcrumbList","@id":"https:\/\/www.nettali.com\/2025\/07\/08\/crise-a-gaza-dakar-accueille-la-conference-2025-du-comite-onusien-pour-la-palestine\/#breadcrumb","itemListElement":[{"@type":"ListItem","position":1,"name":"Accueil","item":"https:\/\/www.nettali.com\/"},{"@type":"ListItem","position":2,"name":"CRISE A GAZA - Dakar accueille la Conf\u00e9rence 2025 du Comit\u00e9 onusien pour la Palestine"}]},{"@type":"Person","@id":"https:\/\/www.nettali.com\/#\/schema\/person\/3317e0bb3aa1da309fbf7b2780901bf4","name":"Daouda","image":{"@type":"ImageObject","@id":"https:\/\/www.nettali.com\/#personlogo","inLanguage":"fr-FR","url":"https:\/\/secure.gravatar.com\/avatar\/8d143b5a49345098ddcfee1c49c2f47c?s=96&d=mm&r=g","contentUrl":"https:\/\/secure.gravatar.com\/avatar\/8d143b5a49345098ddcfee1c49c2f47c?s=96&d=mm&r=g","caption":"Daouda"},"sameAs":["https:\/\/www.nettali.com"]}]}},"_links":{"self":[{"href":"https:\/\/www.nettali.com\/rest\/wp\/v2\/posts\/157139"}],"collection":[{"href":"https:\/\/www.nettali.com\/rest\/wp\/v2\/posts"}],"about":[{"href":"https:\/\/www.nettali.com\/rest\/wp\/v2\/types\/post"}],"author":[{"embeddable":true,"href":"https:\/\/www.nettali.com\/rest\/wp\/v2\/users\/4"}],"replies":[{"embeddable":true,"href":"https:\/\/www.nettali.com\/rest\/wp\/v2\/comments?post=157139"}],"version-history":[{"count":1,"href":"https:\/\/www.nettali.com\/rest\/wp\/v2\/posts\/157139\/revisions"}],"predecessor-version":[{"id":157141,"href":"https:\/\/www.nettali.com\/rest\/wp\/v2\/posts\/157139\/revisions\/157141"}],"wp:featuredmedia":[{"embeddable":true,"href":"https:\/\/www.nettali.com\/rest\/wp\/v2\/media\/157140"}],"wp:attachment":[{"href":"https:\/\/www.nettali.com\/rest\/wp\/v2\/media?parent=157139"}],"wp:term":[{"taxonomy":"category","embeddable":true,"href":"https:\/\/www.nettali.com\/rest\/wp\/v2\/categories?post=157139"},{"taxonomy":"post_tag","embeddable":true,"href":"https:\/\/www.nettali.com\/rest\/wp\/v2\/tags?post=157139"}],"curies":[{"name":"wp","href":"https:\/\/api.w.org\/{rel}","templated":true}]}}