{"id":157070,"date":"2025-07-07T08:25:39","date_gmt":"2025-07-07T08:25:39","guid":{"rendered":"https:\/\/www.nettali.com\/?p=157070"},"modified":"2025-07-07T08:25:39","modified_gmt":"2025-07-07T08:25:39","slug":"usa-les-brics-expriment-leurs-serieuses-preoccupations-face-aux-droits-de-douane-de-trump","status":"publish","type":"post","link":"https:\/\/www.nettali.com\/2025\/07\/07\/usa-les-brics-expriment-leurs-serieuses-preoccupations-face-aux-droits-de-douane-de-trump\/","title":{"rendered":"USA - Les Brics expriment leurs \"s\u00e9rieuses pr\u00e9occupations\" face aux droits de douane de Trump"},"content":{"rendered":"<p><strong>NETTALI.COM - Les Brics, le groupe des pays \u00e9mergents, ont exprim\u00e9 dimanche 6 juillet \u00e0 Rio de Janeiro leurs \u201cs\u00e9rieuses pr\u00e9occupations\u201d face aux droits de douane, alors que les surtaxes annonc\u00e9es par le pr\u00e9sident am\u00e9ricain Donald Trump mettent le monde sous tension. Ils appellent \u00e9galement \u00e0 un cessez-le-feu \u00e0 Gaza et le retraite d'Isra\u00ebl de la bande de Gaza.<\/strong><\/p>\n<p>\u201c<em>Nous exprimons de s\u00e9rieuses pr\u00e9occupations face \u00e0 l'augmentation de mesures douani\u00e8res et non-douani\u00e8res qui faussent le commerce<\/em>\u201d, ont d\u00e9clar\u00e9 les membres des Brics dans leur d\u00e9claration conjointe publi\u00e9e lors du sommet des chefs d'\u00c9tat et de gouvernement organis\u00e9 \u00e0 Rio de Janeiro.<\/p>\n<p>Sous haute s\u00e9curit\u00e9, les dirigeants du groupe de 11 grands pays \u00e9mergents (dont Br\u00e9sil, Chine, Inde, Russie et Afrique du Sud) se retrouvent pour deux jours au bord de la baie de Guanabara. Mais plusieurs chefs d\u2019\u00c9tat manquent \u00e0 l\u2019appel, en particulier - et pour la premi\u00e8re fois - le pr\u00e9sident chinois Xi Jinping, dont le pays est pourtant la puissance dominante des Brics. Le pr\u00e9sident russe Vladimir Poutine, vis\u00e9 par un mandat d\u2019arr\u00eat de la Cour p\u00e9nale internationale (CPI) pour crime de guerre pr\u00e9sum\u00e9 en Ukraine, n\u2019a pas non plus fait le d\u00e9placement.<\/p>\n<p>Alors que ce rendez-vous annuel est percut\u00e9 par la guerre commerciale lanc\u00e9e par le pr\u00e9sident am\u00e9ricain, le chef de l\u2019\u00c9tat br\u00e9silien Luiz Inacio Lula da Silva n\u2019y a pas fait r\u00e9f\u00e9rence explicitement, mais a dress\u00e9 un sombre tableau de la coop\u00e9ration internationale. \u201c<em>Nous assistons \u00e0 un effondrement sans pr\u00e9c\u00e9dent du multilat\u00e9ralisme<\/em>\u201d, a-t-il lanc\u00e9.<\/p>\n<p>S\u2019exprimant en visioconf\u00e9rence, Vladimir Poutine a estim\u00e9 pour sa part que les Brics comptent d\u00e9sormais \u201cparmi les centres cl\u00e9s de la gouvernance mondiale\u201d et que \u201c<em>le syst\u00e8me unipolaire dans les relations internationales [...] appartient d\u00e9sormais au pass\u00e9<\/em>\u201d.<\/p>\n<p><strong>Les Brics appellent au cessez le- feu \u00e0 Gaza, Lula accuse \u00e0 nouveau Isra\u00ebl de \u201cg\u00e9nocide\u201d<\/strong><\/p>\n<p>La situation au Moyen-Orient s\u2019est aussi impos\u00e9e \u00e0 l\u2019ouverture du sommet. Les Brics ont r\u00e9clam\u00e9 un \u201c<em>cessez- le-feu imm\u00e9diat<\/em>\u201d et le \u201cretrait complet\u201d d'Isra\u00ebl de la bande de Gaza. \u201c<em>Nous appelons les parties \u00e0 s'engager de bonne foi dans de nouvelles n\u00e9gociations pour parvenir \u00e0 un cessez- le-feu imm\u00e9diat, permanent et inconditionnel<\/em>\u201d, indique la d\u00e9claration conjointe, qui appelle aussi au \u201c<em>retrait complet des forces isra\u00e9liennes de Gaza<\/em>\u201d, o\u00f9 elles sont en guerre contre le mouvement islamiste palestinien Hamas.<\/p>\n<p>Au cours du sommet, Lula a \u00e9voqu\u00e9 la guerre entre l\u2019arm\u00e9e isra\u00e9lienne et le mouvement islamiste palestinien Hamas dans la bande de Gaza, accusant de nouveau Isra\u00ebl de \u201cg\u00e9nocide\u201d, ce qui a d\u00e9j\u00e0 valu par le pass\u00e9 une crise diplomatique entre Brasilia et J\u00e9rusalem.<\/p>\n<p><strong>Les Brics condamnent les attaques contre l'Iran <\/strong><\/p>\n<p>Les Brics, le groupe des pays \u00e9mergents, ont \u201c<em>condamn\u00e9 les attaques militaires<\/em>\u201d contre l'Iran, d\u00e9non\u00e7ant une \u201cviolation du droit international\u201d, dans leur d\u00e9claration conjointe publi\u00e9e dimanche durant leur sommet \u00e0 Rio de Janeiro.<\/p>\n<p>\u201c<em>Nous condamnons les attaques militaires contre la R\u00e9publique islamique d'Iran depuis le 13 juin 2025, qui constituent une violation du droit international et de la Charte des Nations unies<\/em>\u201d, ont d\u00e9clar\u00e9 les Brics. Le texte ne cite pas nomm\u00e9ment Isra\u00ebl ni les \u00c9tats-Unis, qui ont men\u00e9 des frappes a\u00e9riennes principalement sur des sites nucl\u00e9aires iraniens.<\/p>\n<p>Les Brics, qui repr\u00e9sentent pr\u00e8s de la moiti\u00e9 de la population mondiale et 40 % du PIB de la plan\u00e8te, n\u2019ont cess\u00e9 de gagner en poids sur la sc\u00e8ne internationale. Les 11 pays membres des Brics - Afrique du Sud, Br\u00e9sil, Chine, \u00c9gypte, \u00c9mirats arabes unis, \u00c9thiopie, Inde, Indon\u00e9sie, Iran, Russie - repr\u00e9sentent plus de la moiti\u00e9 de l'humanit\u00e9 et 40 % de la richesse mondiale.<\/p>\n<p>RFI.FR<\/p>\n<div class='share-to-whatsapp-wrapper'><div class='share-on-whsp'>PARTAGER SUR : <\/div><a data-text='USA - Les Brics expriment leurs \"s\u00e9rieuses pr\u00e9occupations\" face aux droits de douane de Trump' data-link='https:\/\/www.nettali.com\/2025\/07\/07\/usa-les-brics-expriment-leurs-serieuses-preoccupations-face-aux-droits-de-douane-de-trump\/' class='whatsapp-button whatsapp-share'>WhatsApp<\/a><div class='clear '><\/div><\/div>","protected":false},"excerpt":{"rendered":"<p>NETTALI.COM - Les Brics, le groupe des pays \u00e9mergents, ont exprim\u00e9 dimanche 6 juillet \u00e0 Rio de Janeiro leurs \u201cs\u00e9rieuses pr\u00e9occupations\u201d face aux droits de douane, alors que les surtaxes annonc\u00e9es par le pr\u00e9sident am\u00e9ricain Donald Trump mettent le monde sous tension. Ils appellent \u00e9galement \u00e0 un cessez-le-feu \u00e0 Gaza et le retraite d'Isra\u00ebl de [&hellip;]<\/p>\n","protected":false},"author":2,"featured_media":157073,"comment_status":"open","ping_status":"open","sticky":false,"template":"","format":"standard","meta":{"_et_pb_use_builder":"","_et_pb_old_content":""},"categories":[8],"tags":[],"yoast_head":"<!-- This site is optimized with the Yoast SEO Premium plugin v17.8 (Yoast SEO v17.8) - https:\/\/yoast.com\/wordpress\/plugins\/seo\/ -->\n<title>USA - Les Brics expriment leurs &quot;s\u00e9rieuses pr\u00e9occupations&quot; face aux droits de douane de Trump | Nettali.com<\/title>\n<meta name=\"robots\" content=\"index, follow, max-snippet:-1, max-image-preview:large, max-video-preview:-1\" \/>\n<link rel=\"canonical\" href=\"https:\/\/www.nettali.com\/2025\/07\/07\/usa-les-brics-expriment-leurs-serieuses-preoccupations-face-aux-droits-de-douane-de-trump\/\" \/>\n<meta property=\"og:locale\" content=\"fr_FR\" \/>\n<meta property=\"og:type\" content=\"article\" \/>\n<meta property=\"og:title\" content=\"USA - Les Brics expriment leurs &quot;s\u00e9rieuses pr\u00e9occupations&quot; face aux droits de douane de Trump\" \/>\n<meta property=\"og:description\" content=\"NETTALI.COM - Les Brics, le groupe des pays \u00e9mergents, ont exprim\u00e9 dimanche 6 juillet \u00e0 Rio de Janeiro leurs \u201cs\u00e9rieuses pr\u00e9occupations\u201d face aux droits de douane, alors que les surtaxes annonc\u00e9es par le pr\u00e9sident am\u00e9ricain Donald Trump mettent le monde sous tension. Ils appellent \u00e9galement \u00e0 un cessez-le-feu \u00e0 Gaza et le retraite d&#039;Isra\u00ebl de [&hellip;]\" \/>\n<meta property=\"og:url\" content=\"https:\/\/www.nettali.com\/2025\/07\/07\/usa-les-brics-expriment-leurs-serieuses-preoccupations-face-aux-droits-de-douane-de-trump\/\" \/>\n<meta property=\"og:site_name\" content=\"Nettali.com\" \/>\n<meta property=\"article:publisher\" content=\"https:\/\/www.facebook.com\/nettalicom\" \/>\n<meta property=\"article:published_time\" content=\"2025-07-07T08:25:39+00:00\" \/>\n<meta property=\"og:image\" content=\"https:\/\/www.nettali.com\/wp-content\/uploads\/2025\/07\/bresil-lula-sommet-brics-juillet2025.jpg\" \/>\n\t<meta property=\"og:image:width\" content=\"1280\" \/>\n\t<meta property=\"og:image:height\" content=\"960\" \/>\n<meta name=\"twitter:card\" content=\"summary_large_image\" \/>\n<meta name=\"twitter:label1\" content=\"\u00c9crit par\" \/>\n\t<meta name=\"twitter:data1\" content=\"CK\" \/>\n\t<meta name=\"twitter:label2\" content=\"Dur\u00e9e de lecture estim\u00e9e\" \/>\n\t<meta name=\"twitter:data2\" content=\"3 minutes\" \/>\n<script type=\"application\/ld+json\" class=\"yoast-schema-graph\">{\"@context\":\"https:\/\/schema.org\",\"@graph\":[{\"@type\":\"WebSite\",\"@id\":\"https:\/\/www.nettali.com\/#website\",\"url\":\"https:\/\/www.nettali.com\/\",\"name\":\"Nettali.com\",\"description\":\"Le rendez-vous critique du Net\",\"potentialAction\":[{\"@type\":\"SearchAction\",\"target\":{\"@type\":\"EntryPoint\",\"urlTemplate\":\"https:\/\/www.nettali.com\/?s={search_term_string}\"},\"query-input\":\"required name=search_term_string\"}],\"inLanguage\":\"fr-FR\"},{\"@type\":\"ImageObject\",\"@id\":\"https:\/\/www.nettali.com\/2025\/07\/07\/usa-les-brics-expriment-leurs-serieuses-preoccupations-face-aux-droits-de-douane-de-trump\/#primaryimage\",\"inLanguage\":\"fr-FR\",\"url\":\"https:\/\/www.nettali.com\/wp-content\/uploads\/2025\/07\/bresil-lula-sommet-brics-juillet2025.jpg\",\"contentUrl\":\"https:\/\/www.nettali.com\/wp-content\/uploads\/2025\/07\/bresil-lula-sommet-brics-juillet2025.jpg\",\"width\":1280,\"height\":960},{\"@type\":\"WebPage\",\"@id\":\"https:\/\/www.nettali.com\/2025\/07\/07\/usa-les-brics-expriment-leurs-serieuses-preoccupations-face-aux-droits-de-douane-de-trump\/#webpage\",\"url\":\"https:\/\/www.nettali.com\/2025\/07\/07\/usa-les-brics-expriment-leurs-serieuses-preoccupations-face-aux-droits-de-douane-de-trump\/\",\"name\":\"USA - Les Brics expriment leurs \\\"s\\u00e9rieuses pr\\u00e9occupations\\\" face aux droits de douane de Trump | Nettali.com\",\"isPartOf\":{\"@id\":\"https:\/\/www.nettali.com\/#website\"},\"primaryImageOfPage\":{\"@id\":\"https:\/\/www.nettali.com\/2025\/07\/07\/usa-les-brics-expriment-leurs-serieuses-preoccupations-face-aux-droits-de-douane-de-trump\/#primaryimage\"},\"datePublished\":\"2025-07-07T08:25:39+00:00\",\"dateModified\":\"2025-07-07T08:25:39+00:00\",\"author\":{\"@id\":\"https:\/\/www.nettali.com\/#\/schema\/person\/d8ac7b7e27ddad43f1c0d2ef090d7f71\"},\"breadcrumb\":{\"@id\":\"https:\/\/www.nettali.com\/2025\/07\/07\/usa-les-brics-expriment-leurs-serieuses-preoccupations-face-aux-droits-de-douane-de-trump\/#breadcrumb\"},\"inLanguage\":\"fr-FR\",\"potentialAction\":[{\"@type\":\"ReadAction\",\"target\":[\"https:\/\/www.nettali.com\/2025\/07\/07\/usa-les-brics-expriment-leurs-serieuses-preoccupations-face-aux-droits-de-douane-de-trump\/\"]}]},{\"@type\":\"BreadcrumbList\",\"@id\":\"https:\/\/www.nettali.com\/2025\/07\/07\/usa-les-brics-expriment-leurs-serieuses-preoccupations-face-aux-droits-de-douane-de-trump\/#breadcrumb\",\"itemListElement\":[{\"@type\":\"ListItem\",\"position\":1,\"name\":\"Accueil\",\"item\":\"https:\/\/www.nettali.com\/\"},{\"@type\":\"ListItem\",\"position\":2,\"name\":\"USA - Les Brics expriment leurs \\\"s\\u00e9rieuses pr\\u00e9occupations\\\" face aux droits de douane de Trump\"}]},{\"@type\":\"Person\",\"@id\":\"https:\/\/www.nettali.com\/#\/schema\/person\/d8ac7b7e27ddad43f1c0d2ef090d7f71\",\"name\":\"CK\",\"image\":{\"@type\":\"ImageObject\",\"@id\":\"https:\/\/www.nettali.com\/#personlogo\",\"inLanguage\":\"fr-FR\",\"url\":\"https:\/\/secure.gravatar.com\/avatar\/1d8d5118b9327d94da7cd4ce7f17fec2?s=96&d=mm&r=g\",\"contentUrl\":\"https:\/\/secure.gravatar.com\/avatar\/1d8d5118b9327d94da7cd4ce7f17fec2?s=96&d=mm&r=g\",\"caption\":\"CK\"},\"sameAs\":[\"https:\/\/www.nettali.com\"]}]}<\/script>\n<!-- \/ Yoast SEO Premium plugin. -->","yoast_head_json":{"title":"USA - Les Brics expriment leurs \"s\u00e9rieuses pr\u00e9occupations\" face aux droits de douane de Trump | Nettali.com","robots":{"index":"index","follow":"follow","max-snippet":"max-snippet:-1","max-image-preview":"max-image-preview:large","max-video-preview":"max-video-preview:-1"},"canonical":"https:\/\/www.nettali.com\/2025\/07\/07\/usa-les-brics-expriment-leurs-serieuses-preoccupations-face-aux-droits-de-douane-de-trump\/","og_locale":"fr_FR","og_type":"article","og_title":"USA - Les Brics expriment leurs \"s\u00e9rieuses pr\u00e9occupations\" face aux droits de douane de Trump","og_description":"NETTALI.COM - Les Brics, le groupe des pays \u00e9mergents, ont exprim\u00e9 dimanche 6 juillet \u00e0 Rio de Janeiro leurs \u201cs\u00e9rieuses pr\u00e9occupations\u201d face aux droits de douane, alors que les surtaxes annonc\u00e9es par le pr\u00e9sident am\u00e9ricain Donald Trump mettent le monde sous tension. Ils appellent \u00e9galement \u00e0 un cessez-le-feu \u00e0 Gaza et le retraite d'Isra\u00ebl de [&hellip;]","og_url":"https:\/\/www.nettali.com\/2025\/07\/07\/usa-les-brics-expriment-leurs-serieuses-preoccupations-face-aux-droits-de-douane-de-trump\/","og_site_name":"Nettali.com","article_publisher":"https:\/\/www.facebook.com\/nettalicom","article_published_time":"2025-07-07T08:25:39+00:00","og_image":[{"width":1280,"height":960,"url":"https:\/\/www.nettali.com\/wp-content\/uploads\/2025\/07\/bresil-lula-sommet-brics-juillet2025.jpg","type":"image\/jpeg"}],"twitter_card":"summary_large_image","twitter_misc":{"\u00c9crit par":"CK","Dur\u00e9e de lecture estim\u00e9e":"3 minutes"},"schema":{"@context":"https:\/\/schema.org","@graph":[{"@type":"WebSite","@id":"https:\/\/www.nettali.com\/#website","url":"https:\/\/www.nettali.com\/","name":"Nettali.com","description":"Le rendez-vous critique du Net","potentialAction":[{"@type":"SearchAction","target":{"@type":"EntryPoint","urlTemplate":"https:\/\/www.nettali.com\/?s={search_term_string}"},"query-input":"required name=search_term_string"}],"inLanguage":"fr-FR"},{"@type":"ImageObject","@id":"https:\/\/www.nettali.com\/2025\/07\/07\/usa-les-brics-expriment-leurs-serieuses-preoccupations-face-aux-droits-de-douane-de-trump\/#primaryimage","inLanguage":"fr-FR","url":"https:\/\/www.nettali.com\/wp-content\/uploads\/2025\/07\/bresil-lula-sommet-brics-juillet2025.jpg","contentUrl":"https:\/\/www.nettali.com\/wp-content\/uploads\/2025\/07\/bresil-lula-sommet-brics-juillet2025.jpg","width":1280,"height":960},{"@type":"WebPage","@id":"https:\/\/www.nettali.com\/2025\/07\/07\/usa-les-brics-expriment-leurs-serieuses-preoccupations-face-aux-droits-de-douane-de-trump\/#webpage","url":"https:\/\/www.nettali.com\/2025\/07\/07\/usa-les-brics-expriment-leurs-serieuses-preoccupations-face-aux-droits-de-douane-de-trump\/","name":"USA - Les Brics expriment leurs \"s\u00e9rieuses pr\u00e9occupations\" face aux droits de douane de Trump | Nettali.com","isPartOf":{"@id":"https:\/\/www.nettali.com\/#website"},"primaryImageOfPage":{"@id":"https:\/\/www.nettali.com\/2025\/07\/07\/usa-les-brics-expriment-leurs-serieuses-preoccupations-face-aux-droits-de-douane-de-trump\/#primaryimage"},"datePublished":"2025-07-07T08:25:39+00:00","dateModified":"2025-07-07T08:25:39+00:00","author":{"@id":"https:\/\/www.nettali.com\/#\/schema\/person\/d8ac7b7e27ddad43f1c0d2ef090d7f71"},"breadcrumb":{"@id":"https:\/\/www.nettali.com\/2025\/07\/07\/usa-les-brics-expriment-leurs-serieuses-preoccupations-face-aux-droits-de-douane-de-trump\/#breadcrumb"},"inLanguage":"fr-FR","potentialAction":[{"@type":"ReadAction","target":["https:\/\/www.nettali.com\/2025\/07\/07\/usa-les-brics-expriment-leurs-serieuses-preoccupations-face-aux-droits-de-douane-de-trump\/"]}]},{"@type":"BreadcrumbList","@id":"https:\/\/www.nettali.com\/2025\/07\/07\/usa-les-brics-expriment-leurs-serieuses-preoccupations-face-aux-droits-de-douane-de-trump\/#breadcrumb","itemListElement":[{"@type":"ListItem","position":1,"name":"Accueil","item":"https:\/\/www.nettali.com\/"},{"@type":"ListItem","position":2,"name":"USA - Les Brics expriment leurs \"s\u00e9rieuses pr\u00e9occupations\" face aux droits de douane de Trump"}]},{"@type":"Person","@id":"https:\/\/www.nettali.com\/#\/schema\/person\/d8ac7b7e27ddad43f1c0d2ef090d7f71","name":"CK","image":{"@type":"ImageObject","@id":"https:\/\/www.nettali.com\/#personlogo","inLanguage":"fr-FR","url":"https:\/\/secure.gravatar.com\/avatar\/1d8d5118b9327d94da7cd4ce7f17fec2?s=96&d=mm&r=g","contentUrl":"https:\/\/secure.gravatar.com\/avatar\/1d8d5118b9327d94da7cd4ce7f17fec2?s=96&d=mm&r=g","caption":"CK"},"sameAs":["https:\/\/www.nettali.com"]}]}},"_links":{"self":[{"href":"https:\/\/www.nettali.com\/rest\/wp\/v2\/posts\/157070"}],"collection":[{"href":"https:\/\/www.nettali.com\/rest\/wp\/v2\/posts"}],"about":[{"href":"https:\/\/www.nettali.com\/rest\/wp\/v2\/types\/post"}],"author":[{"embeddable":true,"href":"https:\/\/www.nettali.com\/rest\/wp\/v2\/users\/2"}],"replies":[{"embeddable":true,"href":"https:\/\/www.nettali.com\/rest\/wp\/v2\/comments?post=157070"}],"version-history":[{"count":1,"href":"https:\/\/www.nettali.com\/rest\/wp\/v2\/posts\/157070\/revisions"}],"predecessor-version":[{"id":157074,"href":"https:\/\/www.nettali.com\/rest\/wp\/v2\/posts\/157070\/revisions\/157074"}],"wp:featuredmedia":[{"embeddable":true,"href":"https:\/\/www.nettali.com\/rest\/wp\/v2\/media\/157073"}],"wp:attachment":[{"href":"https:\/\/www.nettali.com\/rest\/wp\/v2\/media?parent=157070"}],"wp:term":[{"taxonomy":"category","embeddable":true,"href":"https:\/\/www.nettali.com\/rest\/wp\/v2\/categories?post=157070"},{"taxonomy":"post_tag","embeddable":true,"href":"https:\/\/www.nettali.com\/rest\/wp\/v2\/tags?post=157070"}],"curies":[{"name":"wp","href":"https:\/\/api.w.org\/{rel}","templated":true}]}}