{"id":156841,"date":"2025-07-02T13:07:59","date_gmt":"2025-07-02T13:07:59","guid":{"rendered":"https:\/\/www.nettali.com\/?p=156841"},"modified":"2025-07-02T13:07:59","modified_gmt":"2025-07-02T13:07:59","slug":"affaire-bachir-fofana-seydi-gassama-exige-sa-liberation-et-interpelle-letat-sur-le-droit-a-linformation","status":"publish","type":"post","link":"https:\/\/www.nettali.com\/2025\/07\/02\/affaire-bachir-fofana-seydi-gassama-exige-sa-liberation-et-interpelle-letat-sur-le-droit-a-linformation\/","title":{"rendered":"AFFAIRE BACHIR FOFANA - Seydi Gassama exige sa lib\u00e9ration et interpelle l\u2019\u00c9tat sur le droit \u00e0 l\u2019information"},"content":{"rendered":"<p data-start=\"295\" data-end=\"536\"><strong>NETTALI.COM - Le directeur ex\u00e9cutif d\u2019Amnesty International S\u00e9n\u00e9gal, Seydi Gassama, a r\u00e9agi ce mardi \u00e0 la suite des r\u00e9quisitions du procureur contre Bachir Fofana, accus\u00e9 de diffamation, offense au Chef de l\u2019\u00c9tat et diffusion de fausses nouvelles.<\/strong><\/p>\n<p data-start=\"538\" data-end=\"878\">Dans une d\u00e9claration rendue publique, Seydi Gassama estime que \u00ab nul ne devrait \u00eatre emprisonn\u00e9 pour de tels d\u00e9lits \u00bb, rappelant que la jurisprudence de la Cour Africaine des Droits de l\u2019Homme et des Peuples et de la Cour de Justice de la CEDEAO condamne la privation de libert\u00e9 pour des infractions li\u00e9es \u00e0 la libert\u00e9 d\u2019expression.<\/p>\n<p data-start=\"880\" data-end=\"1014\"><em>\u00ab Le juge s\u00e9n\u00e9galais ne peut faire fi de cette jurisprudence \u00bb<\/em>, a-t-il martel\u00e9, exigeant la lib\u00e9ration imm\u00e9diate de Bachir Fofana.<\/p>\n<p data-start=\"1016\" data-end=\"1487\">Seydi Gassama a \u00e9galement profit\u00e9 de l\u2019occasion pour appeler le gouvernement \u00e0 acc\u00e9l\u00e9rer l\u2019adoption d\u2019une loi d\u2019acc\u00e8s \u00e0 l\u2019information publique, qui soit \u00ab consensuelle \u00bb et d\u00e9barrass\u00e9e d\u2019exceptions de nature \u00e0 mettre \u00e0 l\u2019abri de la surveillance du public et des m\u00e9dias de nombreuses institutions et activit\u00e9s de l\u2019\u00c9tat. Une r\u00e9forme jug\u00e9e indispensable par les d\u00e9fenseurs des droits humains pour renforcer la transparence et la gouvernance d\u00e9mocratique au S\u00e9n\u00e9gal.<\/p>\n<div class='share-to-whatsapp-wrapper'><div class='share-on-whsp'>PARTAGER SUR : <\/div><a data-text='AFFAIRE BACHIR FOFANA - Seydi Gassama exige sa lib\u00e9ration et interpelle l\u2019\u00c9tat sur le droit \u00e0 l\u2019information' data-link='https:\/\/www.nettali.com\/2025\/07\/02\/affaire-bachir-fofana-seydi-gassama-exige-sa-liberation-et-interpelle-letat-sur-le-droit-a-linformation\/' class='whatsapp-button whatsapp-share'>WhatsApp<\/a><div class='clear '><\/div><\/div>","protected":false},"excerpt":{"rendered":"<p>NETTALI.COM - Le directeur ex\u00e9cutif d\u2019Amnesty International S\u00e9n\u00e9gal, Seydi Gassama, a r\u00e9agi ce mardi \u00e0 la suite des r\u00e9quisitions du procureur contre Bachir Fofana, accus\u00e9 de diffamation, offense au Chef de l\u2019\u00c9tat et diffusion de fausses nouvelles. Dans une d\u00e9claration rendue publique, Seydi Gassama estime que \u00ab nul ne devrait \u00eatre emprisonn\u00e9 pour de tels [&hellip;]<\/p>\n","protected":false},"author":4,"featured_media":120434,"comment_status":"open","ping_status":"open","sticky":false,"template":"","format":"standard","meta":{"_et_pb_use_builder":"","_et_pb_old_content":""},"categories":[3],"tags":[],"yoast_head":"<!-- This site is optimized with the Yoast SEO Premium plugin v17.8 (Yoast SEO v17.8) - https:\/\/yoast.com\/wordpress\/plugins\/seo\/ -->\n<title>AFFAIRE BACHIR FOFANA - Seydi Gassama exige sa lib\u00e9ration et interpelle l\u2019\u00c9tat sur le droit \u00e0 l\u2019information | Nettali.com<\/title>\n<meta name=\"robots\" content=\"index, follow, max-snippet:-1, max-image-preview:large, max-video-preview:-1\" \/>\n<link rel=\"canonical\" href=\"https:\/\/www.nettali.com\/2025\/07\/02\/affaire-bachir-fofana-seydi-gassama-exige-sa-liberation-et-interpelle-letat-sur-le-droit-a-linformation\/\" \/>\n<meta property=\"og:locale\" content=\"fr_FR\" \/>\n<meta property=\"og:type\" content=\"article\" \/>\n<meta property=\"og:title\" content=\"AFFAIRE BACHIR FOFANA - Seydi Gassama exige sa lib\u00e9ration et interpelle l\u2019\u00c9tat sur le droit \u00e0 l\u2019information\" \/>\n<meta property=\"og:description\" content=\"NETTALI.COM - Le directeur ex\u00e9cutif d\u2019Amnesty International S\u00e9n\u00e9gal, Seydi Gassama, a r\u00e9agi ce mardi \u00e0 la suite des r\u00e9quisitions du procureur contre Bachir Fofana, accus\u00e9 de diffamation, offense au Chef de l\u2019\u00c9tat et diffusion de fausses nouvelles. Dans une d\u00e9claration rendue publique, Seydi Gassama estime que \u00ab nul ne devrait \u00eatre emprisonn\u00e9 pour de tels [&hellip;]\" \/>\n<meta property=\"og:url\" content=\"https:\/\/www.nettali.com\/2025\/07\/02\/affaire-bachir-fofana-seydi-gassama-exige-sa-liberation-et-interpelle-letat-sur-le-droit-a-linformation\/\" \/>\n<meta property=\"og:site_name\" content=\"Nettali.com\" \/>\n<meta property=\"article:publisher\" content=\"https:\/\/www.facebook.com\/nettalicom\" \/>\n<meta property=\"article:published_time\" content=\"2025-07-02T13:07:59+00:00\" \/>\n<meta property=\"og:image\" content=\"https:\/\/www.nettali.com\/wp-content\/uploads\/2023\/10\/Seydi-Gassama.jpg\" \/>\n\t<meta property=\"og:image:width\" content=\"1080\" \/>\n\t<meta property=\"og:image:height\" content=\"809\" \/>\n<meta name=\"twitter:card\" content=\"summary_large_image\" \/>\n<meta name=\"twitter:label1\" content=\"\u00c9crit par\" \/>\n\t<meta name=\"twitter:data1\" content=\"Daouda\" \/>\n\t<meta name=\"twitter:label2\" content=\"Dur\u00e9e de lecture estim\u00e9e\" \/>\n\t<meta name=\"twitter:data2\" content=\"1 minute\" \/>\n<script type=\"application\/ld+json\" class=\"yoast-schema-graph\">{\"@context\":\"https:\/\/schema.org\",\"@graph\":[{\"@type\":\"WebSite\",\"@id\":\"https:\/\/www.nettali.com\/#website\",\"url\":\"https:\/\/www.nettali.com\/\",\"name\":\"Nettali.com\",\"description\":\"Le rendez-vous critique du Net\",\"potentialAction\":[{\"@type\":\"SearchAction\",\"target\":{\"@type\":\"EntryPoint\",\"urlTemplate\":\"https:\/\/www.nettali.com\/?s={search_term_string}\"},\"query-input\":\"required name=search_term_string\"}],\"inLanguage\":\"fr-FR\"},{\"@type\":\"ImageObject\",\"@id\":\"https:\/\/www.nettali.com\/2025\/07\/02\/affaire-bachir-fofana-seydi-gassama-exige-sa-liberation-et-interpelle-letat-sur-le-droit-a-linformation\/#primaryimage\",\"inLanguage\":\"fr-FR\",\"url\":\"https:\/\/www.nettali.com\/wp-content\/uploads\/2023\/10\/Seydi-Gassama.jpg\",\"contentUrl\":\"https:\/\/www.nettali.com\/wp-content\/uploads\/2023\/10\/Seydi-Gassama.jpg\",\"width\":1080,\"height\":809},{\"@type\":\"WebPage\",\"@id\":\"https:\/\/www.nettali.com\/2025\/07\/02\/affaire-bachir-fofana-seydi-gassama-exige-sa-liberation-et-interpelle-letat-sur-le-droit-a-linformation\/#webpage\",\"url\":\"https:\/\/www.nettali.com\/2025\/07\/02\/affaire-bachir-fofana-seydi-gassama-exige-sa-liberation-et-interpelle-letat-sur-le-droit-a-linformation\/\",\"name\":\"AFFAIRE BACHIR FOFANA - Seydi Gassama exige sa lib\\u00e9ration et interpelle l\\u2019\\u00c9tat sur le droit \\u00e0 l\\u2019information | Nettali.com\",\"isPartOf\":{\"@id\":\"https:\/\/www.nettali.com\/#website\"},\"primaryImageOfPage\":{\"@id\":\"https:\/\/www.nettali.com\/2025\/07\/02\/affaire-bachir-fofana-seydi-gassama-exige-sa-liberation-et-interpelle-letat-sur-le-droit-a-linformation\/#primaryimage\"},\"datePublished\":\"2025-07-02T13:07:59+00:00\",\"dateModified\":\"2025-07-02T13:07:59+00:00\",\"author\":{\"@id\":\"https:\/\/www.nettali.com\/#\/schema\/person\/3317e0bb3aa1da309fbf7b2780901bf4\"},\"breadcrumb\":{\"@id\":\"https:\/\/www.nettali.com\/2025\/07\/02\/affaire-bachir-fofana-seydi-gassama-exige-sa-liberation-et-interpelle-letat-sur-le-droit-a-linformation\/#breadcrumb\"},\"inLanguage\":\"fr-FR\",\"potentialAction\":[{\"@type\":\"ReadAction\",\"target\":[\"https:\/\/www.nettali.com\/2025\/07\/02\/affaire-bachir-fofana-seydi-gassama-exige-sa-liberation-et-interpelle-letat-sur-le-droit-a-linformation\/\"]}]},{\"@type\":\"BreadcrumbList\",\"@id\":\"https:\/\/www.nettali.com\/2025\/07\/02\/affaire-bachir-fofana-seydi-gassama-exige-sa-liberation-et-interpelle-letat-sur-le-droit-a-linformation\/#breadcrumb\",\"itemListElement\":[{\"@type\":\"ListItem\",\"position\":1,\"name\":\"Accueil\",\"item\":\"https:\/\/www.nettali.com\/\"},{\"@type\":\"ListItem\",\"position\":2,\"name\":\"AFFAIRE BACHIR FOFANA - Seydi Gassama exige sa lib\\u00e9ration et interpelle l\\u2019\\u00c9tat sur le droit \\u00e0 l\\u2019information\"}]},{\"@type\":\"Person\",\"@id\":\"https:\/\/www.nettali.com\/#\/schema\/person\/3317e0bb3aa1da309fbf7b2780901bf4\",\"name\":\"Daouda\",\"image\":{\"@type\":\"ImageObject\",\"@id\":\"https:\/\/www.nettali.com\/#personlogo\",\"inLanguage\":\"fr-FR\",\"url\":\"https:\/\/secure.gravatar.com\/avatar\/8d143b5a49345098ddcfee1c49c2f47c?s=96&d=mm&r=g\",\"contentUrl\":\"https:\/\/secure.gravatar.com\/avatar\/8d143b5a49345098ddcfee1c49c2f47c?s=96&d=mm&r=g\",\"caption\":\"Daouda\"},\"sameAs\":[\"https:\/\/www.nettali.com\"]}]}<\/script>\n<!-- \/ Yoast SEO Premium plugin. -->","yoast_head_json":{"title":"AFFAIRE BACHIR FOFANA - Seydi Gassama exige sa lib\u00e9ration et interpelle l\u2019\u00c9tat sur le droit \u00e0 l\u2019information | Nettali.com","robots":{"index":"index","follow":"follow","max-snippet":"max-snippet:-1","max-image-preview":"max-image-preview:large","max-video-preview":"max-video-preview:-1"},"canonical":"https:\/\/www.nettali.com\/2025\/07\/02\/affaire-bachir-fofana-seydi-gassama-exige-sa-liberation-et-interpelle-letat-sur-le-droit-a-linformation\/","og_locale":"fr_FR","og_type":"article","og_title":"AFFAIRE BACHIR FOFANA - Seydi Gassama exige sa lib\u00e9ration et interpelle l\u2019\u00c9tat sur le droit \u00e0 l\u2019information","og_description":"NETTALI.COM - Le directeur ex\u00e9cutif d\u2019Amnesty International S\u00e9n\u00e9gal, Seydi Gassama, a r\u00e9agi ce mardi \u00e0 la suite des r\u00e9quisitions du procureur contre Bachir Fofana, accus\u00e9 de diffamation, offense au Chef de l\u2019\u00c9tat et diffusion de fausses nouvelles. Dans une d\u00e9claration rendue publique, Seydi Gassama estime que \u00ab nul ne devrait \u00eatre emprisonn\u00e9 pour de tels [&hellip;]","og_url":"https:\/\/www.nettali.com\/2025\/07\/02\/affaire-bachir-fofana-seydi-gassama-exige-sa-liberation-et-interpelle-letat-sur-le-droit-a-linformation\/","og_site_name":"Nettali.com","article_publisher":"https:\/\/www.facebook.com\/nettalicom","article_published_time":"2025-07-02T13:07:59+00:00","og_image":[{"width":1080,"height":809,"url":"https:\/\/www.nettali.com\/wp-content\/uploads\/2023\/10\/Seydi-Gassama.jpg","type":"image\/jpeg"}],"twitter_card":"summary_large_image","twitter_misc":{"\u00c9crit par":"Daouda","Dur\u00e9e de lecture estim\u00e9e":"1 minute"},"schema":{"@context":"https:\/\/schema.org","@graph":[{"@type":"WebSite","@id":"https:\/\/www.nettali.com\/#website","url":"https:\/\/www.nettali.com\/","name":"Nettali.com","description":"Le rendez-vous critique du Net","potentialAction":[{"@type":"SearchAction","target":{"@type":"EntryPoint","urlTemplate":"https:\/\/www.nettali.com\/?s={search_term_string}"},"query-input":"required name=search_term_string"}],"inLanguage":"fr-FR"},{"@type":"ImageObject","@id":"https:\/\/www.nettali.com\/2025\/07\/02\/affaire-bachir-fofana-seydi-gassama-exige-sa-liberation-et-interpelle-letat-sur-le-droit-a-linformation\/#primaryimage","inLanguage":"fr-FR","url":"https:\/\/www.nettali.com\/wp-content\/uploads\/2023\/10\/Seydi-Gassama.jpg","contentUrl":"https:\/\/www.nettali.com\/wp-content\/uploads\/2023\/10\/Seydi-Gassama.jpg","width":1080,"height":809},{"@type":"WebPage","@id":"https:\/\/www.nettali.com\/2025\/07\/02\/affaire-bachir-fofana-seydi-gassama-exige-sa-liberation-et-interpelle-letat-sur-le-droit-a-linformation\/#webpage","url":"https:\/\/www.nettali.com\/2025\/07\/02\/affaire-bachir-fofana-seydi-gassama-exige-sa-liberation-et-interpelle-letat-sur-le-droit-a-linformation\/","name":"AFFAIRE BACHIR FOFANA - Seydi Gassama exige sa lib\u00e9ration et interpelle l\u2019\u00c9tat sur le droit \u00e0 l\u2019information | Nettali.com","isPartOf":{"@id":"https:\/\/www.nettali.com\/#website"},"primaryImageOfPage":{"@id":"https:\/\/www.nettali.com\/2025\/07\/02\/affaire-bachir-fofana-seydi-gassama-exige-sa-liberation-et-interpelle-letat-sur-le-droit-a-linformation\/#primaryimage"},"datePublished":"2025-07-02T13:07:59+00:00","dateModified":"2025-07-02T13:07:59+00:00","author":{"@id":"https:\/\/www.nettali.com\/#\/schema\/person\/3317e0bb3aa1da309fbf7b2780901bf4"},"breadcrumb":{"@id":"https:\/\/www.nettali.com\/2025\/07\/02\/affaire-bachir-fofana-seydi-gassama-exige-sa-liberation-et-interpelle-letat-sur-le-droit-a-linformation\/#breadcrumb"},"inLanguage":"fr-FR","potentialAction":[{"@type":"ReadAction","target":["https:\/\/www.nettali.com\/2025\/07\/02\/affaire-bachir-fofana-seydi-gassama-exige-sa-liberation-et-interpelle-letat-sur-le-droit-a-linformation\/"]}]},{"@type":"BreadcrumbList","@id":"https:\/\/www.nettali.com\/2025\/07\/02\/affaire-bachir-fofana-seydi-gassama-exige-sa-liberation-et-interpelle-letat-sur-le-droit-a-linformation\/#breadcrumb","itemListElement":[{"@type":"ListItem","position":1,"name":"Accueil","item":"https:\/\/www.nettali.com\/"},{"@type":"ListItem","position":2,"name":"AFFAIRE BACHIR FOFANA - Seydi Gassama exige sa lib\u00e9ration et interpelle l\u2019\u00c9tat sur le droit \u00e0 l\u2019information"}]},{"@type":"Person","@id":"https:\/\/www.nettali.com\/#\/schema\/person\/3317e0bb3aa1da309fbf7b2780901bf4","name":"Daouda","image":{"@type":"ImageObject","@id":"https:\/\/www.nettali.com\/#personlogo","inLanguage":"fr-FR","url":"https:\/\/secure.gravatar.com\/avatar\/8d143b5a49345098ddcfee1c49c2f47c?s=96&d=mm&r=g","contentUrl":"https:\/\/secure.gravatar.com\/avatar\/8d143b5a49345098ddcfee1c49c2f47c?s=96&d=mm&r=g","caption":"Daouda"},"sameAs":["https:\/\/www.nettali.com"]}]}},"_links":{"self":[{"href":"https:\/\/www.nettali.com\/rest\/wp\/v2\/posts\/156841"}],"collection":[{"href":"https:\/\/www.nettali.com\/rest\/wp\/v2\/posts"}],"about":[{"href":"https:\/\/www.nettali.com\/rest\/wp\/v2\/types\/post"}],"author":[{"embeddable":true,"href":"https:\/\/www.nettali.com\/rest\/wp\/v2\/users\/4"}],"replies":[{"embeddable":true,"href":"https:\/\/www.nettali.com\/rest\/wp\/v2\/comments?post=156841"}],"version-history":[{"count":1,"href":"https:\/\/www.nettali.com\/rest\/wp\/v2\/posts\/156841\/revisions"}],"predecessor-version":[{"id":156842,"href":"https:\/\/www.nettali.com\/rest\/wp\/v2\/posts\/156841\/revisions\/156842"}],"wp:featuredmedia":[{"embeddable":true,"href":"https:\/\/www.nettali.com\/rest\/wp\/v2\/media\/120434"}],"wp:attachment":[{"href":"https:\/\/www.nettali.com\/rest\/wp\/v2\/media?parent=156841"}],"wp:term":[{"taxonomy":"category","embeddable":true,"href":"https:\/\/www.nettali.com\/rest\/wp\/v2\/categories?post=156841"},{"taxonomy":"post_tag","embeddable":true,"href":"https:\/\/www.nettali.com\/rest\/wp\/v2\/tags?post=156841"}],"curies":[{"name":"wp","href":"https:\/\/api.w.org\/{rel}","templated":true}]}}