{"id":156839,"date":"2025-07-02T12:21:32","date_gmt":"2025-07-02T12:21:32","guid":{"rendered":"https:\/\/www.nettali.com\/?p=156839"},"modified":"2025-07-03T08:02:13","modified_gmt":"2025-07-03T08:02:13","slug":"affaire-bachir-fofana-le-procureur-requiert-6-mois-ferme-incident-daudience-entre-me-el-hadji-diouf-et-le-president-du-tribunal","status":"publish","type":"post","link":"https:\/\/www.nettali.com\/2025\/07\/02\/affaire-bachir-fofana-le-procureur-requiert-6-mois-ferme-incident-daudience-entre-me-el-hadji-diouf-et-le-president-du-tribunal\/","title":{"rendered":"AFFAIRE BACHIR FOFANA - Le procureur requiert 6 mois dont 3 ferme, incident d\u2019audience entre Me El Hadji Diouf et le pr\u00e9sident du tribunal"},"content":{"rendered":"<p data-start=\"218\" data-end=\"456\"><strong>NETTALI.COM - Le proc\u00e8s de Bachir Fofana, poursuivi devant le tribunal des flagrants d\u00e9lits de Dakar, a \u00e9t\u00e9 marqu\u00e9 ce mardi 2 juillet 2025 par plusieurs rebondissements, dont un incident entre l\u2019un des avocats de la d\u00e9fense et le pr\u00e9sident du tribunal.<\/strong><\/p>\n<p data-start=\"507\" data-end=\"890\">\u00c0 l\u2019issue des d\u00e9bats, le procureur de la R\u00e9publique a requis une peine de six mois dont 3 d\u2019emprisonnement ferme assortie d\u2019une amende de 200 000 FCFA \u00e0 l\u2019encontre de Bachir Fofana. Le pr\u00e9venu, accus\u00e9 de diffusion de fausses nouvelles, comparaissait dans une affaire ayant suscit\u00e9 un vif int\u00e9r\u00eat m\u00e9diatique et politique ces derniers jours.<\/p>\n<p data-start=\"924\" data-end=\"1380\">Au cours de l\u2019audience, un incident verbal a oppos\u00e9 Me El Hadji Diouf, avocat de la d\u00e9fense, au pr\u00e9sident du tribunal. Le ton est mont\u00e9 entre les deux hommes \u00e0 propos de la conduite des d\u00e9bats et de certaines interventions de la d\u00e9fense que le pr\u00e9sident aurait jug\u00e9es d\u00e9plac\u00e9es ou hors cadre. Dans un premier temps, le juge a d\u00e9cid\u00e9 de renvoyer l\u2019affaire \u00e0 une date ult\u00e9rieure pour apaiser les tensions et r\u00e9tablir la s\u00e9r\u00e9nit\u00e9 dans la salle d\u2019audience.<\/p>\n<p data-start=\"1382\" data-end=\"1671\">Mais apr\u00e8s quelques minutes de suspension et de concertation, le pr\u00e9sident du tribunal s\u2019est ravis\u00e9 et a d\u00e9cid\u00e9 de reprendre les d\u00e9bats imm\u00e9diatement. L\u2019incident a \u00e9t\u00e9 clos, et le proc\u00e8s a pu se poursuivre normalement jusqu\u2019aux r\u00e9quisitions du parquet et aux plaidoiries de la d\u00e9fense.<\/p>\n<p data-start=\"1702\" data-end=\"1956\">La date du d\u00e9lib\u00e9r\u00e9 est fix\u00e9e au 09 juillet prochain.<\/p>\n<div class='share-to-whatsapp-wrapper'><div class='share-on-whsp'>PARTAGER SUR : <\/div><a data-text='AFFAIRE BACHIR FOFANA - Le procureur requiert 6 mois dont 3 ferme, incident d\u2019audience entre Me El Hadji Diouf et le pr\u00e9sident du tribunal' data-link='https:\/\/www.nettali.com\/2025\/07\/02\/affaire-bachir-fofana-le-procureur-requiert-6-mois-ferme-incident-daudience-entre-me-el-hadji-diouf-et-le-president-du-tribunal\/' class='whatsapp-button whatsapp-share'>WhatsApp<\/a><div class='clear '><\/div><\/div>","protected":false},"excerpt":{"rendered":"<p>NETTALI.COM - Le proc\u00e8s de Bachir Fofana, poursuivi devant le tribunal des flagrants d\u00e9lits de Dakar, a \u00e9t\u00e9 marqu\u00e9 ce mardi 2 juillet 2025 par plusieurs rebondissements, dont un incident entre l\u2019un des avocats de la d\u00e9fense et le pr\u00e9sident du tribunal. \u00c0 l\u2019issue des d\u00e9bats, le procureur de la R\u00e9publique a requis une peine [&hellip;]<\/p>\n","protected":false},"author":4,"featured_media":142728,"comment_status":"open","ping_status":"open","sticky":false,"template":"","format":"standard","meta":{"_et_pb_use_builder":"","_et_pb_old_content":""},"categories":[3],"tags":[],"yoast_head":"<!-- This site is optimized with the Yoast SEO Premium plugin v17.8 (Yoast SEO v17.8) - https:\/\/yoast.com\/wordpress\/plugins\/seo\/ -->\n<title>AFFAIRE BACHIR FOFANA - Le procureur requiert 6 mois dont 3 ferme, incident d\u2019audience entre Me El Hadji Diouf et le pr\u00e9sident du tribunal | Nettali.com<\/title>\n<meta name=\"robots\" content=\"index, follow, max-snippet:-1, max-image-preview:large, max-video-preview:-1\" \/>\n<link rel=\"canonical\" href=\"https:\/\/www.nettali.com\/2025\/07\/02\/affaire-bachir-fofana-le-procureur-requiert-6-mois-ferme-incident-daudience-entre-me-el-hadji-diouf-et-le-president-du-tribunal\/\" \/>\n<meta property=\"og:locale\" content=\"fr_FR\" \/>\n<meta property=\"og:type\" content=\"article\" \/>\n<meta property=\"og:title\" content=\"AFFAIRE BACHIR FOFANA - Le procureur requiert 6 mois dont 3 ferme, incident d\u2019audience entre Me El Hadji Diouf et le pr\u00e9sident du tribunal\" \/>\n<meta property=\"og:description\" content=\"NETTALI.COM - Le proc\u00e8s de Bachir Fofana, poursuivi devant le tribunal des flagrants d\u00e9lits de Dakar, a \u00e9t\u00e9 marqu\u00e9 ce mardi 2 juillet 2025 par plusieurs rebondissements, dont un incident entre l\u2019un des avocats de la d\u00e9fense et le pr\u00e9sident du tribunal. \u00c0 l\u2019issue des d\u00e9bats, le procureur de la R\u00e9publique a requis une peine [&hellip;]\" \/>\n<meta property=\"og:url\" content=\"https:\/\/www.nettali.com\/2025\/07\/02\/affaire-bachir-fofana-le-procureur-requiert-6-mois-ferme-incident-daudience-entre-me-el-hadji-diouf-et-le-president-du-tribunal\/\" \/>\n<meta property=\"og:site_name\" content=\"Nettali.com\" \/>\n<meta property=\"article:publisher\" content=\"https:\/\/www.facebook.com\/nettalicom\" \/>\n<meta property=\"article:published_time\" content=\"2025-07-02T12:21:32+00:00\" \/>\n<meta property=\"article:modified_time\" content=\"2025-07-03T08:02:13+00:00\" \/>\n<meta property=\"og:image\" content=\"https:\/\/www.nettali.com\/wp-content\/uploads\/2024\/10\/Bachir-Fofana.jpg\" \/>\n\t<meta property=\"og:image:width\" content=\"1280\" \/>\n\t<meta property=\"og:image:height\" content=\"960\" \/>\n<meta name=\"twitter:card\" content=\"summary_large_image\" \/>\n<meta name=\"twitter:label1\" content=\"\u00c9crit par\" \/>\n\t<meta name=\"twitter:data1\" content=\"Daouda\" \/>\n\t<meta name=\"twitter:label2\" content=\"Dur\u00e9e de lecture estim\u00e9e\" \/>\n\t<meta name=\"twitter:data2\" content=\"2 minutes\" \/>\n<script type=\"application\/ld+json\" class=\"yoast-schema-graph\">{\"@context\":\"https:\/\/schema.org\",\"@graph\":[{\"@type\":\"WebSite\",\"@id\":\"https:\/\/www.nettali.com\/#website\",\"url\":\"https:\/\/www.nettali.com\/\",\"name\":\"Nettali.com\",\"description\":\"Le rendez-vous critique du Net\",\"potentialAction\":[{\"@type\":\"SearchAction\",\"target\":{\"@type\":\"EntryPoint\",\"urlTemplate\":\"https:\/\/www.nettali.com\/?s={search_term_string}\"},\"query-input\":\"required name=search_term_string\"}],\"inLanguage\":\"fr-FR\"},{\"@type\":\"ImageObject\",\"@id\":\"https:\/\/www.nettali.com\/2025\/07\/02\/affaire-bachir-fofana-le-procureur-requiert-6-mois-ferme-incident-daudience-entre-me-el-hadji-diouf-et-le-president-du-tribunal\/#primaryimage\",\"inLanguage\":\"fr-FR\",\"url\":\"https:\/\/www.nettali.com\/wp-content\/uploads\/2024\/10\/Bachir-Fofana.jpg\",\"contentUrl\":\"https:\/\/www.nettali.com\/wp-content\/uploads\/2024\/10\/Bachir-Fofana.jpg\",\"width\":1280,\"height\":960},{\"@type\":\"WebPage\",\"@id\":\"https:\/\/www.nettali.com\/2025\/07\/02\/affaire-bachir-fofana-le-procureur-requiert-6-mois-ferme-incident-daudience-entre-me-el-hadji-diouf-et-le-president-du-tribunal\/#webpage\",\"url\":\"https:\/\/www.nettali.com\/2025\/07\/02\/affaire-bachir-fofana-le-procureur-requiert-6-mois-ferme-incident-daudience-entre-me-el-hadji-diouf-et-le-president-du-tribunal\/\",\"name\":\"AFFAIRE BACHIR FOFANA - Le procureur requiert 6 mois dont 3 ferme, incident d\\u2019audience entre Me El Hadji Diouf et le pr\\u00e9sident du tribunal | Nettali.com\",\"isPartOf\":{\"@id\":\"https:\/\/www.nettali.com\/#website\"},\"primaryImageOfPage\":{\"@id\":\"https:\/\/www.nettali.com\/2025\/07\/02\/affaire-bachir-fofana-le-procureur-requiert-6-mois-ferme-incident-daudience-entre-me-el-hadji-diouf-et-le-president-du-tribunal\/#primaryimage\"},\"datePublished\":\"2025-07-02T12:21:32+00:00\",\"dateModified\":\"2025-07-03T08:02:13+00:00\",\"author\":{\"@id\":\"https:\/\/www.nettali.com\/#\/schema\/person\/3317e0bb3aa1da309fbf7b2780901bf4\"},\"breadcrumb\":{\"@id\":\"https:\/\/www.nettali.com\/2025\/07\/02\/affaire-bachir-fofana-le-procureur-requiert-6-mois-ferme-incident-daudience-entre-me-el-hadji-diouf-et-le-president-du-tribunal\/#breadcrumb\"},\"inLanguage\":\"fr-FR\",\"potentialAction\":[{\"@type\":\"ReadAction\",\"target\":[\"https:\/\/www.nettali.com\/2025\/07\/02\/affaire-bachir-fofana-le-procureur-requiert-6-mois-ferme-incident-daudience-entre-me-el-hadji-diouf-et-le-president-du-tribunal\/\"]}]},{\"@type\":\"BreadcrumbList\",\"@id\":\"https:\/\/www.nettali.com\/2025\/07\/02\/affaire-bachir-fofana-le-procureur-requiert-6-mois-ferme-incident-daudience-entre-me-el-hadji-diouf-et-le-president-du-tribunal\/#breadcrumb\",\"itemListElement\":[{\"@type\":\"ListItem\",\"position\":1,\"name\":\"Accueil\",\"item\":\"https:\/\/www.nettali.com\/\"},{\"@type\":\"ListItem\",\"position\":2,\"name\":\"AFFAIRE BACHIR FOFANA - Le procureur requiert 6 mois dont 3 ferme, incident d\\u2019audience entre Me El Hadji Diouf et le pr\\u00e9sident du tribunal\"}]},{\"@type\":\"Person\",\"@id\":\"https:\/\/www.nettali.com\/#\/schema\/person\/3317e0bb3aa1da309fbf7b2780901bf4\",\"name\":\"Daouda\",\"image\":{\"@type\":\"ImageObject\",\"@id\":\"https:\/\/www.nettali.com\/#personlogo\",\"inLanguage\":\"fr-FR\",\"url\":\"https:\/\/secure.gravatar.com\/avatar\/8d143b5a49345098ddcfee1c49c2f47c?s=96&d=mm&r=g\",\"contentUrl\":\"https:\/\/secure.gravatar.com\/avatar\/8d143b5a49345098ddcfee1c49c2f47c?s=96&d=mm&r=g\",\"caption\":\"Daouda\"},\"sameAs\":[\"https:\/\/www.nettali.com\"]}]}<\/script>\n<!-- \/ Yoast SEO Premium plugin. -->","yoast_head_json":{"title":"AFFAIRE BACHIR FOFANA - Le procureur requiert 6 mois dont 3 ferme, incident d\u2019audience entre Me El Hadji Diouf et le pr\u00e9sident du tribunal | Nettali.com","robots":{"index":"index","follow":"follow","max-snippet":"max-snippet:-1","max-image-preview":"max-image-preview:large","max-video-preview":"max-video-preview:-1"},"canonical":"https:\/\/www.nettali.com\/2025\/07\/02\/affaire-bachir-fofana-le-procureur-requiert-6-mois-ferme-incident-daudience-entre-me-el-hadji-diouf-et-le-president-du-tribunal\/","og_locale":"fr_FR","og_type":"article","og_title":"AFFAIRE BACHIR FOFANA - Le procureur requiert 6 mois dont 3 ferme, incident d\u2019audience entre Me El Hadji Diouf et le pr\u00e9sident du tribunal","og_description":"NETTALI.COM - Le proc\u00e8s de Bachir Fofana, poursuivi devant le tribunal des flagrants d\u00e9lits de Dakar, a \u00e9t\u00e9 marqu\u00e9 ce mardi 2 juillet 2025 par plusieurs rebondissements, dont un incident entre l\u2019un des avocats de la d\u00e9fense et le pr\u00e9sident du tribunal. \u00c0 l\u2019issue des d\u00e9bats, le procureur de la R\u00e9publique a requis une peine [&hellip;]","og_url":"https:\/\/www.nettali.com\/2025\/07\/02\/affaire-bachir-fofana-le-procureur-requiert-6-mois-ferme-incident-daudience-entre-me-el-hadji-diouf-et-le-president-du-tribunal\/","og_site_name":"Nettali.com","article_publisher":"https:\/\/www.facebook.com\/nettalicom","article_published_time":"2025-07-02T12:21:32+00:00","article_modified_time":"2025-07-03T08:02:13+00:00","og_image":[{"width":1280,"height":960,"url":"https:\/\/www.nettali.com\/wp-content\/uploads\/2024\/10\/Bachir-Fofana.jpg","type":"image\/jpeg"}],"twitter_card":"summary_large_image","twitter_misc":{"\u00c9crit par":"Daouda","Dur\u00e9e de lecture estim\u00e9e":"2 minutes"},"schema":{"@context":"https:\/\/schema.org","@graph":[{"@type":"WebSite","@id":"https:\/\/www.nettali.com\/#website","url":"https:\/\/www.nettali.com\/","name":"Nettali.com","description":"Le rendez-vous critique du Net","potentialAction":[{"@type":"SearchAction","target":{"@type":"EntryPoint","urlTemplate":"https:\/\/www.nettali.com\/?s={search_term_string}"},"query-input":"required name=search_term_string"}],"inLanguage":"fr-FR"},{"@type":"ImageObject","@id":"https:\/\/www.nettali.com\/2025\/07\/02\/affaire-bachir-fofana-le-procureur-requiert-6-mois-ferme-incident-daudience-entre-me-el-hadji-diouf-et-le-president-du-tribunal\/#primaryimage","inLanguage":"fr-FR","url":"https:\/\/www.nettali.com\/wp-content\/uploads\/2024\/10\/Bachir-Fofana.jpg","contentUrl":"https:\/\/www.nettali.com\/wp-content\/uploads\/2024\/10\/Bachir-Fofana.jpg","width":1280,"height":960},{"@type":"WebPage","@id":"https:\/\/www.nettali.com\/2025\/07\/02\/affaire-bachir-fofana-le-procureur-requiert-6-mois-ferme-incident-daudience-entre-me-el-hadji-diouf-et-le-president-du-tribunal\/#webpage","url":"https:\/\/www.nettali.com\/2025\/07\/02\/affaire-bachir-fofana-le-procureur-requiert-6-mois-ferme-incident-daudience-entre-me-el-hadji-diouf-et-le-president-du-tribunal\/","name":"AFFAIRE BACHIR FOFANA - Le procureur requiert 6 mois dont 3 ferme, incident d\u2019audience entre Me El Hadji Diouf et le pr\u00e9sident du tribunal | Nettali.com","isPartOf":{"@id":"https:\/\/www.nettali.com\/#website"},"primaryImageOfPage":{"@id":"https:\/\/www.nettali.com\/2025\/07\/02\/affaire-bachir-fofana-le-procureur-requiert-6-mois-ferme-incident-daudience-entre-me-el-hadji-diouf-et-le-president-du-tribunal\/#primaryimage"},"datePublished":"2025-07-02T12:21:32+00:00","dateModified":"2025-07-03T08:02:13+00:00","author":{"@id":"https:\/\/www.nettali.com\/#\/schema\/person\/3317e0bb3aa1da309fbf7b2780901bf4"},"breadcrumb":{"@id":"https:\/\/www.nettali.com\/2025\/07\/02\/affaire-bachir-fofana-le-procureur-requiert-6-mois-ferme-incident-daudience-entre-me-el-hadji-diouf-et-le-president-du-tribunal\/#breadcrumb"},"inLanguage":"fr-FR","potentialAction":[{"@type":"ReadAction","target":["https:\/\/www.nettali.com\/2025\/07\/02\/affaire-bachir-fofana-le-procureur-requiert-6-mois-ferme-incident-daudience-entre-me-el-hadji-diouf-et-le-president-du-tribunal\/"]}]},{"@type":"BreadcrumbList","@id":"https:\/\/www.nettali.com\/2025\/07\/02\/affaire-bachir-fofana-le-procureur-requiert-6-mois-ferme-incident-daudience-entre-me-el-hadji-diouf-et-le-president-du-tribunal\/#breadcrumb","itemListElement":[{"@type":"ListItem","position":1,"name":"Accueil","item":"https:\/\/www.nettali.com\/"},{"@type":"ListItem","position":2,"name":"AFFAIRE BACHIR FOFANA - Le procureur requiert 6 mois dont 3 ferme, incident d\u2019audience entre Me El Hadji Diouf et le pr\u00e9sident du tribunal"}]},{"@type":"Person","@id":"https:\/\/www.nettali.com\/#\/schema\/person\/3317e0bb3aa1da309fbf7b2780901bf4","name":"Daouda","image":{"@type":"ImageObject","@id":"https:\/\/www.nettali.com\/#personlogo","inLanguage":"fr-FR","url":"https:\/\/secure.gravatar.com\/avatar\/8d143b5a49345098ddcfee1c49c2f47c?s=96&d=mm&r=g","contentUrl":"https:\/\/secure.gravatar.com\/avatar\/8d143b5a49345098ddcfee1c49c2f47c?s=96&d=mm&r=g","caption":"Daouda"},"sameAs":["https:\/\/www.nettali.com"]}]}},"_links":{"self":[{"href":"https:\/\/www.nettali.com\/rest\/wp\/v2\/posts\/156839"}],"collection":[{"href":"https:\/\/www.nettali.com\/rest\/wp\/v2\/posts"}],"about":[{"href":"https:\/\/www.nettali.com\/rest\/wp\/v2\/types\/post"}],"author":[{"embeddable":true,"href":"https:\/\/www.nettali.com\/rest\/wp\/v2\/users\/4"}],"replies":[{"embeddable":true,"href":"https:\/\/www.nettali.com\/rest\/wp\/v2\/comments?post=156839"}],"version-history":[{"count":3,"href":"https:\/\/www.nettali.com\/rest\/wp\/v2\/posts\/156839\/revisions"}],"predecessor-version":[{"id":156873,"href":"https:\/\/www.nettali.com\/rest\/wp\/v2\/posts\/156839\/revisions\/156873"}],"wp:featuredmedia":[{"embeddable":true,"href":"https:\/\/www.nettali.com\/rest\/wp\/v2\/media\/142728"}],"wp:attachment":[{"href":"https:\/\/www.nettali.com\/rest\/wp\/v2\/media?parent=156839"}],"wp:term":[{"taxonomy":"category","embeddable":true,"href":"https:\/\/www.nettali.com\/rest\/wp\/v2\/categories?post=156839"},{"taxonomy":"post_tag","embeddable":true,"href":"https:\/\/www.nettali.com\/rest\/wp\/v2\/tags?post=156839"}],"curies":[{"name":"wp","href":"https:\/\/api.w.org\/{rel}","templated":true}]}}