{"id":156834,"date":"2025-07-02T10:14:29","date_gmt":"2025-07-02T10:14:29","guid":{"rendered":"https:\/\/www.nettali.com\/?p=156834"},"modified":"2025-07-02T10:14:29","modified_gmt":"2025-07-02T10:14:29","slug":"proces-de-moustapha-diakhate-le-delibere-renvoye-au-9-juillet-a-cause-de-la-greve-des-greffiers","status":"publish","type":"post","link":"https:\/\/www.nettali.com\/2025\/07\/02\/proces-de-moustapha-diakhate-le-delibere-renvoye-au-9-juillet-a-cause-de-la-greve-des-greffiers\/","title":{"rendered":"PROCES DE MOUSTAPHA DIAKHAT\u00c9 - Le d\u00e9lib\u00e9r\u00e9 renvoy\u00e9 au 9 juillet \u00e0 cause de la gr\u00e8ve des greffiers"},"content":{"rendered":"<p data-start=\"200\" data-end=\"616\"><strong>NETTALI.COM - Le proc\u00e8s de Moustapha Diakhat\u00e9, ancien pr\u00e9sident du groupe parlementaire Benno Bokk Yakaar et figure politique connue pour ses prises de position critiques, conna\u00eet un nouveau report. Le tribunal des flagrants d\u00e9lits de Dakar a en effet prorog\u00e9 son d\u00e9lib\u00e9r\u00e9 au 9 juillet 2025, une d\u00e9cision motiv\u00e9e par la gr\u00e8ve des greffiers qui perturbe actuellement le fonctionnement des juridictions s\u00e9n\u00e9galaises.<\/strong><\/p>\n<p data-start=\"676\" data-end=\"905\">L\u2019ancien parlementaire est poursuivi pour offense au chef de l\u2019\u00c9tat et offense \u00e0 une personne exer\u00e7ant une partie des pr\u00e9rogatives du pr\u00e9sident de la R\u00e9publique. Des d\u00e9lits pr\u00e9vus et r\u00e9prim\u00e9s par le Code p\u00e9nal s\u00e9n\u00e9galais.<\/p>\n<p data-start=\"907\" data-end=\"1296\">\u00c0 l\u2019origine de cette proc\u00e9dure, des d\u00e9clarations de Moustapha Diakhat\u00e9 critiquant vertement le protocole de la pr\u00e9sidence de la R\u00e9publique. Il aurait notamment qualifi\u00e9 les autorit\u00e9s de \u00ab gougnafiers \u00bb, terme jug\u00e9 outrageant par le parquet. Ces propos ont \u00e9t\u00e9 jug\u00e9s de nature \u00e0 porter atteinte \u00e0 l\u2019honneur et \u00e0 la consid\u00e9ration dus \u00e0 la fonction pr\u00e9sidentielle et \u00e0 ses collaborateurs.<\/p>\n<h3 data-start=\"1303\" data-end=\"1346\"><strong data-start=\"1310\" data-end=\"1346\">R\u00e9quisitions et ligne de d\u00e9fense<\/strong><\/h3>\n<p data-start=\"1348\" data-end=\"1532\">Lors de l\u2019audience, le procureur de la R\u00e9publique a requis une peine de trois mois de prison ferme assortie d\u2019une amende de 200 000 FCFA \u00e0 l\u2019encontre de Moustapha Diakhat\u00e9.<\/p>\n<p data-start=\"1534\" data-end=\"1867\">La d\u00e9fense, quant \u00e0 elle, a plaid\u00e9 la relaxe, invoquant la libert\u00e9 d\u2019expression et le droit \u00e0 la critique politique, surtout dans un contexte d\u00e9mocratique. Les avocats de l\u2019ancien d\u00e9put\u00e9 ont d\u00e9nonc\u00e9 une tentative d\u2019intimidation et estim\u00e9 que les propos de leur client relevaient d\u2019une opinion politique exprim\u00e9e dans le d\u00e9bat public.<\/p>\n<p data-start=\"1925\" data-end=\"2324\">Le pr\u00e9sident du tribunal a indiqu\u00e9 que la d\u00e9cision n\u2019\u00e9tait pas encore disponible en raison de la gr\u00e8ve nationale des greffiers, qui perturbe la d\u00e9livrance des jugements dans plusieurs juridictions du pays. Ce mouvement social, d\u00e9clench\u00e9 pour exiger de meilleures conditions de travail et des revalorisations salariales, a contraint de nombreux tribunaux \u00e0 repousser leurs d\u00e9lib\u00e9r\u00e9s et audiences.<\/p>\n<p data-start=\"2380\" data-end=\"2638\">Ce proc\u00e8s de Moustapha Diakhat\u00e9, ancien proche du pouvoir devenu critique acerbe des autorit\u00e9s, est suivi de pr\u00e8s par l\u2019opinion. Il illustre la sensibilit\u00e9 persistante autour de la libert\u00e9 d\u2019expression et des limites du discours politique au S\u00e9n\u00e9gal.<\/p>\n<p data-start=\"2640\" data-end=\"2855\">Le verdict attendu le 9 juillet 2025 dira si la justice s\u00e9n\u00e9galaise retiendra les infractions d\u2019offense ou reconna\u00eetra \u00e0 Moustapha Diakhat\u00e9 le b\u00e9n\u00e9fice de la libert\u00e9 critique dans le cadre du d\u00e9bat d\u00e9mocratique.<\/p>\n<div class='share-to-whatsapp-wrapper'><div class='share-on-whsp'>PARTAGER SUR : <\/div><a data-text='PROCES DE MOUSTAPHA DIAKHAT\u00c9 - Le d\u00e9lib\u00e9r\u00e9 renvoy\u00e9 au 9 juillet \u00e0 cause de la gr\u00e8ve des greffiers' data-link='https:\/\/www.nettali.com\/2025\/07\/02\/proces-de-moustapha-diakhate-le-delibere-renvoye-au-9-juillet-a-cause-de-la-greve-des-greffiers\/' class='whatsapp-button whatsapp-share'>WhatsApp<\/a><div class='clear '><\/div><\/div>","protected":false},"excerpt":{"rendered":"<p>NETTALI.COM - Le proc\u00e8s de Moustapha Diakhat\u00e9, ancien pr\u00e9sident du groupe parlementaire Benno Bokk Yakaar et figure politique connue pour ses prises de position critiques, conna\u00eet un nouveau report. Le tribunal des flagrants d\u00e9lits de Dakar a en effet prorog\u00e9 son d\u00e9lib\u00e9r\u00e9 au 9 juillet 2025, une d\u00e9cision motiv\u00e9e par la gr\u00e8ve des greffiers qui [&hellip;]<\/p>\n","protected":false},"author":4,"featured_media":27472,"comment_status":"open","ping_status":"open","sticky":false,"template":"","format":"standard","meta":{"_et_pb_use_builder":"","_et_pb_old_content":""},"categories":[3],"tags":[],"yoast_head":"<!-- This site is optimized with the Yoast SEO Premium plugin v17.8 (Yoast SEO v17.8) - https:\/\/yoast.com\/wordpress\/plugins\/seo\/ -->\n<title>PROCES DE MOUSTAPHA DIAKHAT\u00c9 - Le d\u00e9lib\u00e9r\u00e9 renvoy\u00e9 au 9 juillet \u00e0 cause de la gr\u00e8ve des greffiers | Nettali.com<\/title>\n<meta name=\"robots\" content=\"index, follow, max-snippet:-1, max-image-preview:large, max-video-preview:-1\" \/>\n<link rel=\"canonical\" href=\"https:\/\/www.nettali.com\/2025\/07\/02\/proces-de-moustapha-diakhate-le-delibere-renvoye-au-9-juillet-a-cause-de-la-greve-des-greffiers\/\" \/>\n<meta property=\"og:locale\" content=\"fr_FR\" \/>\n<meta property=\"og:type\" content=\"article\" \/>\n<meta property=\"og:title\" content=\"PROCES DE MOUSTAPHA DIAKHAT\u00c9 - Le d\u00e9lib\u00e9r\u00e9 renvoy\u00e9 au 9 juillet \u00e0 cause de la gr\u00e8ve des greffiers\" \/>\n<meta property=\"og:description\" content=\"NETTALI.COM - Le proc\u00e8s de Moustapha Diakhat\u00e9, ancien pr\u00e9sident du groupe parlementaire Benno Bokk Yakaar et figure politique connue pour ses prises de position critiques, conna\u00eet un nouveau report. Le tribunal des flagrants d\u00e9lits de Dakar a en effet prorog\u00e9 son d\u00e9lib\u00e9r\u00e9 au 9 juillet 2025, une d\u00e9cision motiv\u00e9e par la gr\u00e8ve des greffiers qui [&hellip;]\" \/>\n<meta property=\"og:url\" content=\"https:\/\/www.nettali.com\/2025\/07\/02\/proces-de-moustapha-diakhate-le-delibere-renvoye-au-9-juillet-a-cause-de-la-greve-des-greffiers\/\" \/>\n<meta property=\"og:site_name\" content=\"Nettali.com\" \/>\n<meta property=\"article:publisher\" content=\"https:\/\/www.facebook.com\/nettalicom\" \/>\n<meta property=\"article:published_time\" content=\"2025-07-02T10:14:29+00:00\" \/>\n<meta property=\"og:image\" content=\"https:\/\/www.nettali.com\/wp-content\/uploads\/2020\/01\/Moustapha-Diakhate-768x507-1.jpg\" \/>\n\t<meta property=\"og:image:width\" content=\"768\" \/>\n\t<meta property=\"og:image:height\" content=\"507\" \/>\n<meta name=\"twitter:card\" content=\"summary_large_image\" \/>\n<meta name=\"twitter:label1\" content=\"\u00c9crit par\" \/>\n\t<meta name=\"twitter:data1\" content=\"Daouda\" \/>\n\t<meta name=\"twitter:label2\" content=\"Dur\u00e9e de lecture estim\u00e9e\" \/>\n\t<meta name=\"twitter:data2\" content=\"2 minutes\" \/>\n<script type=\"application\/ld+json\" class=\"yoast-schema-graph\">{\"@context\":\"https:\/\/schema.org\",\"@graph\":[{\"@type\":\"WebSite\",\"@id\":\"https:\/\/www.nettali.com\/#website\",\"url\":\"https:\/\/www.nettali.com\/\",\"name\":\"Nettali.com\",\"description\":\"Le rendez-vous critique du Net\",\"potentialAction\":[{\"@type\":\"SearchAction\",\"target\":{\"@type\":\"EntryPoint\",\"urlTemplate\":\"https:\/\/www.nettali.com\/?s={search_term_string}\"},\"query-input\":\"required name=search_term_string\"}],\"inLanguage\":\"fr-FR\"},{\"@type\":\"ImageObject\",\"@id\":\"https:\/\/www.nettali.com\/2025\/07\/02\/proces-de-moustapha-diakhate-le-delibere-renvoye-au-9-juillet-a-cause-de-la-greve-des-greffiers\/#primaryimage\",\"inLanguage\":\"fr-FR\",\"url\":\"https:\/\/www.nettali.com\/wp-content\/uploads\/2020\/01\/Moustapha-Diakhate-768x507-1.jpg\",\"contentUrl\":\"https:\/\/www.nettali.com\/wp-content\/uploads\/2020\/01\/Moustapha-Diakhate-768x507-1.jpg\",\"width\":768,\"height\":507},{\"@type\":\"WebPage\",\"@id\":\"https:\/\/www.nettali.com\/2025\/07\/02\/proces-de-moustapha-diakhate-le-delibere-renvoye-au-9-juillet-a-cause-de-la-greve-des-greffiers\/#webpage\",\"url\":\"https:\/\/www.nettali.com\/2025\/07\/02\/proces-de-moustapha-diakhate-le-delibere-renvoye-au-9-juillet-a-cause-de-la-greve-des-greffiers\/\",\"name\":\"PROCES DE MOUSTAPHA DIAKHAT\\u00c9 - Le d\\u00e9lib\\u00e9r\\u00e9 renvoy\\u00e9 au 9 juillet \\u00e0 cause de la gr\\u00e8ve des greffiers | Nettali.com\",\"isPartOf\":{\"@id\":\"https:\/\/www.nettali.com\/#website\"},\"primaryImageOfPage\":{\"@id\":\"https:\/\/www.nettali.com\/2025\/07\/02\/proces-de-moustapha-diakhate-le-delibere-renvoye-au-9-juillet-a-cause-de-la-greve-des-greffiers\/#primaryimage\"},\"datePublished\":\"2025-07-02T10:14:29+00:00\",\"dateModified\":\"2025-07-02T10:14:29+00:00\",\"author\":{\"@id\":\"https:\/\/www.nettali.com\/#\/schema\/person\/3317e0bb3aa1da309fbf7b2780901bf4\"},\"breadcrumb\":{\"@id\":\"https:\/\/www.nettali.com\/2025\/07\/02\/proces-de-moustapha-diakhate-le-delibere-renvoye-au-9-juillet-a-cause-de-la-greve-des-greffiers\/#breadcrumb\"},\"inLanguage\":\"fr-FR\",\"potentialAction\":[{\"@type\":\"ReadAction\",\"target\":[\"https:\/\/www.nettali.com\/2025\/07\/02\/proces-de-moustapha-diakhate-le-delibere-renvoye-au-9-juillet-a-cause-de-la-greve-des-greffiers\/\"]}]},{\"@type\":\"BreadcrumbList\",\"@id\":\"https:\/\/www.nettali.com\/2025\/07\/02\/proces-de-moustapha-diakhate-le-delibere-renvoye-au-9-juillet-a-cause-de-la-greve-des-greffiers\/#breadcrumb\",\"itemListElement\":[{\"@type\":\"ListItem\",\"position\":1,\"name\":\"Accueil\",\"item\":\"https:\/\/www.nettali.com\/\"},{\"@type\":\"ListItem\",\"position\":2,\"name\":\"PROCES DE MOUSTAPHA DIAKHAT\\u00c9 - Le d\\u00e9lib\\u00e9r\\u00e9 renvoy\\u00e9 au 9 juillet \\u00e0 cause de la gr\\u00e8ve des greffiers\"}]},{\"@type\":\"Person\",\"@id\":\"https:\/\/www.nettali.com\/#\/schema\/person\/3317e0bb3aa1da309fbf7b2780901bf4\",\"name\":\"Daouda\",\"image\":{\"@type\":\"ImageObject\",\"@id\":\"https:\/\/www.nettali.com\/#personlogo\",\"inLanguage\":\"fr-FR\",\"url\":\"https:\/\/secure.gravatar.com\/avatar\/8d143b5a49345098ddcfee1c49c2f47c?s=96&d=mm&r=g\",\"contentUrl\":\"https:\/\/secure.gravatar.com\/avatar\/8d143b5a49345098ddcfee1c49c2f47c?s=96&d=mm&r=g\",\"caption\":\"Daouda\"},\"sameAs\":[\"https:\/\/www.nettali.com\"]}]}<\/script>\n<!-- \/ Yoast SEO Premium plugin. -->","yoast_head_json":{"title":"PROCES DE MOUSTAPHA DIAKHAT\u00c9 - Le d\u00e9lib\u00e9r\u00e9 renvoy\u00e9 au 9 juillet \u00e0 cause de la gr\u00e8ve des greffiers | Nettali.com","robots":{"index":"index","follow":"follow","max-snippet":"max-snippet:-1","max-image-preview":"max-image-preview:large","max-video-preview":"max-video-preview:-1"},"canonical":"https:\/\/www.nettali.com\/2025\/07\/02\/proces-de-moustapha-diakhate-le-delibere-renvoye-au-9-juillet-a-cause-de-la-greve-des-greffiers\/","og_locale":"fr_FR","og_type":"article","og_title":"PROCES DE MOUSTAPHA DIAKHAT\u00c9 - Le d\u00e9lib\u00e9r\u00e9 renvoy\u00e9 au 9 juillet \u00e0 cause de la gr\u00e8ve des greffiers","og_description":"NETTALI.COM - Le proc\u00e8s de Moustapha Diakhat\u00e9, ancien pr\u00e9sident du groupe parlementaire Benno Bokk Yakaar et figure politique connue pour ses prises de position critiques, conna\u00eet un nouveau report. Le tribunal des flagrants d\u00e9lits de Dakar a en effet prorog\u00e9 son d\u00e9lib\u00e9r\u00e9 au 9 juillet 2025, une d\u00e9cision motiv\u00e9e par la gr\u00e8ve des greffiers qui [&hellip;]","og_url":"https:\/\/www.nettali.com\/2025\/07\/02\/proces-de-moustapha-diakhate-le-delibere-renvoye-au-9-juillet-a-cause-de-la-greve-des-greffiers\/","og_site_name":"Nettali.com","article_publisher":"https:\/\/www.facebook.com\/nettalicom","article_published_time":"2025-07-02T10:14:29+00:00","og_image":[{"width":768,"height":507,"url":"https:\/\/www.nettali.com\/wp-content\/uploads\/2020\/01\/Moustapha-Diakhate-768x507-1.jpg","type":"image\/jpeg"}],"twitter_card":"summary_large_image","twitter_misc":{"\u00c9crit par":"Daouda","Dur\u00e9e de lecture estim\u00e9e":"2 minutes"},"schema":{"@context":"https:\/\/schema.org","@graph":[{"@type":"WebSite","@id":"https:\/\/www.nettali.com\/#website","url":"https:\/\/www.nettali.com\/","name":"Nettali.com","description":"Le rendez-vous critique du Net","potentialAction":[{"@type":"SearchAction","target":{"@type":"EntryPoint","urlTemplate":"https:\/\/www.nettali.com\/?s={search_term_string}"},"query-input":"required name=search_term_string"}],"inLanguage":"fr-FR"},{"@type":"ImageObject","@id":"https:\/\/www.nettali.com\/2025\/07\/02\/proces-de-moustapha-diakhate-le-delibere-renvoye-au-9-juillet-a-cause-de-la-greve-des-greffiers\/#primaryimage","inLanguage":"fr-FR","url":"https:\/\/www.nettali.com\/wp-content\/uploads\/2020\/01\/Moustapha-Diakhate-768x507-1.jpg","contentUrl":"https:\/\/www.nettali.com\/wp-content\/uploads\/2020\/01\/Moustapha-Diakhate-768x507-1.jpg","width":768,"height":507},{"@type":"WebPage","@id":"https:\/\/www.nettali.com\/2025\/07\/02\/proces-de-moustapha-diakhate-le-delibere-renvoye-au-9-juillet-a-cause-de-la-greve-des-greffiers\/#webpage","url":"https:\/\/www.nettali.com\/2025\/07\/02\/proces-de-moustapha-diakhate-le-delibere-renvoye-au-9-juillet-a-cause-de-la-greve-des-greffiers\/","name":"PROCES DE MOUSTAPHA DIAKHAT\u00c9 - Le d\u00e9lib\u00e9r\u00e9 renvoy\u00e9 au 9 juillet \u00e0 cause de la gr\u00e8ve des greffiers | Nettali.com","isPartOf":{"@id":"https:\/\/www.nettali.com\/#website"},"primaryImageOfPage":{"@id":"https:\/\/www.nettali.com\/2025\/07\/02\/proces-de-moustapha-diakhate-le-delibere-renvoye-au-9-juillet-a-cause-de-la-greve-des-greffiers\/#primaryimage"},"datePublished":"2025-07-02T10:14:29+00:00","dateModified":"2025-07-02T10:14:29+00:00","author":{"@id":"https:\/\/www.nettali.com\/#\/schema\/person\/3317e0bb3aa1da309fbf7b2780901bf4"},"breadcrumb":{"@id":"https:\/\/www.nettali.com\/2025\/07\/02\/proces-de-moustapha-diakhate-le-delibere-renvoye-au-9-juillet-a-cause-de-la-greve-des-greffiers\/#breadcrumb"},"inLanguage":"fr-FR","potentialAction":[{"@type":"ReadAction","target":["https:\/\/www.nettali.com\/2025\/07\/02\/proces-de-moustapha-diakhate-le-delibere-renvoye-au-9-juillet-a-cause-de-la-greve-des-greffiers\/"]}]},{"@type":"BreadcrumbList","@id":"https:\/\/www.nettali.com\/2025\/07\/02\/proces-de-moustapha-diakhate-le-delibere-renvoye-au-9-juillet-a-cause-de-la-greve-des-greffiers\/#breadcrumb","itemListElement":[{"@type":"ListItem","position":1,"name":"Accueil","item":"https:\/\/www.nettali.com\/"},{"@type":"ListItem","position":2,"name":"PROCES DE MOUSTAPHA DIAKHAT\u00c9 - Le d\u00e9lib\u00e9r\u00e9 renvoy\u00e9 au 9 juillet \u00e0 cause de la gr\u00e8ve des greffiers"}]},{"@type":"Person","@id":"https:\/\/www.nettali.com\/#\/schema\/person\/3317e0bb3aa1da309fbf7b2780901bf4","name":"Daouda","image":{"@type":"ImageObject","@id":"https:\/\/www.nettali.com\/#personlogo","inLanguage":"fr-FR","url":"https:\/\/secure.gravatar.com\/avatar\/8d143b5a49345098ddcfee1c49c2f47c?s=96&d=mm&r=g","contentUrl":"https:\/\/secure.gravatar.com\/avatar\/8d143b5a49345098ddcfee1c49c2f47c?s=96&d=mm&r=g","caption":"Daouda"},"sameAs":["https:\/\/www.nettali.com"]}]}},"_links":{"self":[{"href":"https:\/\/www.nettali.com\/rest\/wp\/v2\/posts\/156834"}],"collection":[{"href":"https:\/\/www.nettali.com\/rest\/wp\/v2\/posts"}],"about":[{"href":"https:\/\/www.nettali.com\/rest\/wp\/v2\/types\/post"}],"author":[{"embeddable":true,"href":"https:\/\/www.nettali.com\/rest\/wp\/v2\/users\/4"}],"replies":[{"embeddable":true,"href":"https:\/\/www.nettali.com\/rest\/wp\/v2\/comments?post=156834"}],"version-history":[{"count":1,"href":"https:\/\/www.nettali.com\/rest\/wp\/v2\/posts\/156834\/revisions"}],"predecessor-version":[{"id":156835,"href":"https:\/\/www.nettali.com\/rest\/wp\/v2\/posts\/156834\/revisions\/156835"}],"wp:featuredmedia":[{"embeddable":true,"href":"https:\/\/www.nettali.com\/rest\/wp\/v2\/media\/27472"}],"wp:attachment":[{"href":"https:\/\/www.nettali.com\/rest\/wp\/v2\/media?parent=156834"}],"wp:term":[{"taxonomy":"category","embeddable":true,"href":"https:\/\/www.nettali.com\/rest\/wp\/v2\/categories?post=156834"},{"taxonomy":"post_tag","embeddable":true,"href":"https:\/\/www.nettali.com\/rest\/wp\/v2\/tags?post=156834"}],"curies":[{"name":"wp","href":"https:\/\/api.w.org\/{rel}","templated":true}]}}