{"id":156831,"date":"2025-07-02T10:10:24","date_gmt":"2025-07-02T10:10:24","guid":{"rendered":"https:\/\/www.nettali.com\/?p=156831"},"modified":"2025-07-02T10:10:24","modified_gmt":"2025-07-02T10:10:24","slug":"arretes-pour-des-dans-danses-obscenes-devant-des-mineurs-les-3-mis-en-cause-evoquent-une-euphorie-extreme","status":"publish","type":"post","link":"https:\/\/www.nettali.com\/2025\/07\/02\/arretes-pour-des-dans-danses-obscenes-devant-des-mineurs-les-3-mis-en-cause-evoquent-une-euphorie-extreme\/","title":{"rendered":"ARR\u00caT\u00c9S POUR DES DANS DANSES OBSC\u00c8NES DEVANT DES MINEURS -Les 3 mis en cause \u00e9voquent une \u00abeuphorie extr\u00eame\u00bb"},"content":{"rendered":"<p><strong>NETTALI.COM-\u00a0Suite \u00e0 l'exploitation d'une vid\u00e9o circulant sur les r\u00e9seaux sociaux montrant des s\u00e9quences qui sont antipodes aux m\u0153urs, prises lors d\u2019un mariage c\u00e9l\u00e9br\u00e9 \u00e0 la date du dimanche 22 juin 2025, trois individus ont \u00e9t\u00e9 interpell\u00e9s par le commissariat des Parcelles Assainies.\u00a0<\/strong><\/p>\n<p>Il s\u2019agit de Ablaye Camara (40 ans, Guin\u00e9en) se disant animateur culturel ; Souleymane Ba (37 ans, Guin\u00e9en) se disant aussi animateur culturel et Ousmane Ba (S\u00e9n\u00e9galais n\u00e9 en Casamance en 1984 mais originaire de la Guin\u00e9e), animateur culturel comme les deux autres.<\/p>\n<p>Les faits en cause ont eu lieu lors du mariage de la dame M. Diallo, \u00e0 Grand-M\u00e9dina. Le trio se livrait \u00e0 une danse obsc\u00e8ne devant l\u2019assistance compos\u00e9e majoritairement d'enfants. Ainsi, ils simulaient dans leur danse des gestes laissant apercevoir des positions ind\u00e9centes.<\/p>\n<p>D\u00e8s lors, des investigations ont \u00e9t\u00e9 men\u00e9es et ce jour les mis en cause ont \u00e9t\u00e9 interpell\u00e9s.<\/p>\n<p>Interrog\u00e9s sommairement au poste de police, ils ont reconnu sans les faits qui leur sont reproch\u00e9s. Ils ont d\u00e9clar\u00e9 s'\u00eatre comport\u00e9s de fa\u00e7on obsc\u00e8ne car ils \u00e9taient anim\u00e9s \u00ab d\u2019une euphorie extr\u00eame \u00bb.\u00a0Ils soutiennent qu'ils ne sont pas des homosexuels.<\/p>\n<p>Les deux, \u00e0 savoir Ablaye Camara et Ousmane Ba, affirment \u00eatre mari\u00e9s, contrairement au troisi\u00e8me Souleymane Ba qui d\u00e9clare \u00eatre c\u00e9libataire.<\/p>\n<p>Ils ont \u00e9t\u00e9 d\u00e9f\u00e9r\u00e9s au parquet ce mardi pour outrage public \u00e0 la pudeur, incitation de mineurs \u00e0 la d\u00e9bauche, p\u00e9dophilie, acte contre nature et pornographie infantile.<\/p>\n<div class='share-to-whatsapp-wrapper'><div class='share-on-whsp'>PARTAGER SUR : <\/div><a data-text='ARR\u00caT\u00c9S POUR DES DANS DANSES OBSC\u00c8NES DEVANT DES MINEURS -Les 3 mis en cause \u00e9voquent une \u00abeuphorie extr\u00eame\u00bb' data-link='https:\/\/www.nettali.com\/2025\/07\/02\/arretes-pour-des-dans-danses-obscenes-devant-des-mineurs-les-3-mis-en-cause-evoquent-une-euphorie-extreme\/' class='whatsapp-button whatsapp-share'>WhatsApp<\/a><div class='clear '><\/div><\/div>","protected":false},"excerpt":{"rendered":"<p>NETTALI.COM-\u00a0Suite \u00e0 l'exploitation d'une vid\u00e9o circulant sur les r\u00e9seaux sociaux montrant des s\u00e9quences qui sont antipodes aux m\u0153urs, prises lors d\u2019un mariage c\u00e9l\u00e9br\u00e9 \u00e0 la date du dimanche 22 juin 2025, trois individus ont \u00e9t\u00e9 interpell\u00e9s par le commissariat des Parcelles Assainies.\u00a0 Il s\u2019agit de Ablaye Camara (40 ans, Guin\u00e9en) se disant animateur culturel ; [&hellip;]<\/p>\n","protected":false},"author":6,"featured_media":153812,"comment_status":"open","ping_status":"open","sticky":false,"template":"","format":"standard","meta":{"_et_pb_use_builder":"","_et_pb_old_content":""},"categories":[3],"tags":[],"yoast_head":"<!-- This site is optimized with the Yoast SEO Premium plugin v17.8 (Yoast SEO v17.8) - https:\/\/yoast.com\/wordpress\/plugins\/seo\/ -->\n<title>ARR\u00caT\u00c9S POUR DES DANS DANSES OBSC\u00c8NES DEVANT DES MINEURS -Les 3 mis en cause \u00e9voquent une \u00abeuphorie extr\u00eame\u00bb | Nettali.com<\/title>\n<meta name=\"robots\" content=\"index, follow, max-snippet:-1, max-image-preview:large, max-video-preview:-1\" \/>\n<link rel=\"canonical\" href=\"https:\/\/www.nettali.com\/2025\/07\/02\/arretes-pour-des-dans-danses-obscenes-devant-des-mineurs-les-3-mis-en-cause-evoquent-une-euphorie-extreme\/\" \/>\n<meta property=\"og:locale\" content=\"fr_FR\" \/>\n<meta property=\"og:type\" content=\"article\" \/>\n<meta property=\"og:title\" content=\"ARR\u00caT\u00c9S POUR DES DANS DANSES OBSC\u00c8NES DEVANT DES MINEURS -Les 3 mis en cause \u00e9voquent une \u00abeuphorie extr\u00eame\u00bb\" \/>\n<meta property=\"og:description\" content=\"NETTALI.COM-\u00a0Suite \u00e0 l&#039;exploitation d&#039;une vid\u00e9o circulant sur les r\u00e9seaux sociaux montrant des s\u00e9quences qui sont antipodes aux m\u0153urs, prises lors d\u2019un mariage c\u00e9l\u00e9br\u00e9 \u00e0 la date du dimanche 22 juin 2025, trois individus ont \u00e9t\u00e9 interpell\u00e9s par le commissariat des Parcelles Assainies.\u00a0 Il s\u2019agit de Ablaye Camara (40 ans, Guin\u00e9en) se disant animateur culturel ; [&hellip;]\" \/>\n<meta property=\"og:url\" content=\"https:\/\/www.nettali.com\/2025\/07\/02\/arretes-pour-des-dans-danses-obscenes-devant-des-mineurs-les-3-mis-en-cause-evoquent-une-euphorie-extreme\/\" \/>\n<meta property=\"og:site_name\" content=\"Nettali.com\" \/>\n<meta property=\"article:publisher\" content=\"https:\/\/www.facebook.com\/nettalicom\" \/>\n<meta property=\"article:published_time\" content=\"2025-07-02T10:10:24+00:00\" \/>\n<meta property=\"og:image\" content=\"https:\/\/www.nettali.com\/wp-content\/uploads\/2025\/05\/agresseurs-arrestation-bandit-malfrat-malfaiteurs-police-prison.jpg\" \/>\n\t<meta property=\"og:image:width\" content=\"715\" \/>\n\t<meta property=\"og:image:height\" content=\"447\" \/>\n<meta name=\"twitter:card\" content=\"summary_large_image\" \/>\n<meta name=\"twitter:label1\" content=\"\u00c9crit par\" \/>\n\t<meta name=\"twitter:data1\" content=\"Fatou\" \/>\n\t<meta name=\"twitter:label2\" content=\"Dur\u00e9e de lecture estim\u00e9e\" \/>\n\t<meta name=\"twitter:data2\" content=\"2 minutes\" \/>\n<script type=\"application\/ld+json\" class=\"yoast-schema-graph\">{\"@context\":\"https:\/\/schema.org\",\"@graph\":[{\"@type\":\"WebSite\",\"@id\":\"https:\/\/www.nettali.com\/#website\",\"url\":\"https:\/\/www.nettali.com\/\",\"name\":\"Nettali.com\",\"description\":\"Le rendez-vous critique du Net\",\"potentialAction\":[{\"@type\":\"SearchAction\",\"target\":{\"@type\":\"EntryPoint\",\"urlTemplate\":\"https:\/\/www.nettali.com\/?s={search_term_string}\"},\"query-input\":\"required name=search_term_string\"}],\"inLanguage\":\"fr-FR\"},{\"@type\":\"ImageObject\",\"@id\":\"https:\/\/www.nettali.com\/2025\/07\/02\/arretes-pour-des-dans-danses-obscenes-devant-des-mineurs-les-3-mis-en-cause-evoquent-une-euphorie-extreme\/#primaryimage\",\"inLanguage\":\"fr-FR\",\"url\":\"https:\/\/www.nettali.com\/wp-content\/uploads\/2025\/05\/agresseurs-arrestation-bandit-malfrat-malfaiteurs-police-prison.jpg\",\"contentUrl\":\"https:\/\/www.nettali.com\/wp-content\/uploads\/2025\/05\/agresseurs-arrestation-bandit-malfrat-malfaiteurs-police-prison.jpg\",\"width\":715,\"height\":447},{\"@type\":\"WebPage\",\"@id\":\"https:\/\/www.nettali.com\/2025\/07\/02\/arretes-pour-des-dans-danses-obscenes-devant-des-mineurs-les-3-mis-en-cause-evoquent-une-euphorie-extreme\/#webpage\",\"url\":\"https:\/\/www.nettali.com\/2025\/07\/02\/arretes-pour-des-dans-danses-obscenes-devant-des-mineurs-les-3-mis-en-cause-evoquent-une-euphorie-extreme\/\",\"name\":\"ARR\\u00caT\\u00c9S POUR DES DANS DANSES OBSC\\u00c8NES DEVANT DES MINEURS -Les 3 mis en cause \\u00e9voquent une \\u00abeuphorie extr\\u00eame\\u00bb | Nettali.com\",\"isPartOf\":{\"@id\":\"https:\/\/www.nettali.com\/#website\"},\"primaryImageOfPage\":{\"@id\":\"https:\/\/www.nettali.com\/2025\/07\/02\/arretes-pour-des-dans-danses-obscenes-devant-des-mineurs-les-3-mis-en-cause-evoquent-une-euphorie-extreme\/#primaryimage\"},\"datePublished\":\"2025-07-02T10:10:24+00:00\",\"dateModified\":\"2025-07-02T10:10:24+00:00\",\"author\":{\"@id\":\"https:\/\/www.nettali.com\/#\/schema\/person\/418274a86bdf87caff7a3ef476bd0bbf\"},\"breadcrumb\":{\"@id\":\"https:\/\/www.nettali.com\/2025\/07\/02\/arretes-pour-des-dans-danses-obscenes-devant-des-mineurs-les-3-mis-en-cause-evoquent-une-euphorie-extreme\/#breadcrumb\"},\"inLanguage\":\"fr-FR\",\"potentialAction\":[{\"@type\":\"ReadAction\",\"target\":[\"https:\/\/www.nettali.com\/2025\/07\/02\/arretes-pour-des-dans-danses-obscenes-devant-des-mineurs-les-3-mis-en-cause-evoquent-une-euphorie-extreme\/\"]}]},{\"@type\":\"BreadcrumbList\",\"@id\":\"https:\/\/www.nettali.com\/2025\/07\/02\/arretes-pour-des-dans-danses-obscenes-devant-des-mineurs-les-3-mis-en-cause-evoquent-une-euphorie-extreme\/#breadcrumb\",\"itemListElement\":[{\"@type\":\"ListItem\",\"position\":1,\"name\":\"Accueil\",\"item\":\"https:\/\/www.nettali.com\/\"},{\"@type\":\"ListItem\",\"position\":2,\"name\":\"ARR\\u00caT\\u00c9S POUR DES DANS DANSES OBSC\\u00c8NES DEVANT DES MINEURS -Les 3 mis en cause \\u00e9voquent une \\u00abeuphorie extr\\u00eame\\u00bb\"}]},{\"@type\":\"Person\",\"@id\":\"https:\/\/www.nettali.com\/#\/schema\/person\/418274a86bdf87caff7a3ef476bd0bbf\",\"name\":\"Fatou\",\"image\":{\"@type\":\"ImageObject\",\"@id\":\"https:\/\/www.nettali.com\/#personlogo\",\"inLanguage\":\"fr-FR\",\"url\":\"https:\/\/secure.gravatar.com\/avatar\/5a9442a2bee7b4dcf167cab035858e9a?s=96&d=mm&r=g\",\"contentUrl\":\"https:\/\/secure.gravatar.com\/avatar\/5a9442a2bee7b4dcf167cab035858e9a?s=96&d=mm&r=g\",\"caption\":\"Fatou\"},\"sameAs\":[\"https:\/\/www.nettali.com\"]}]}<\/script>\n<!-- \/ Yoast SEO Premium plugin. -->","yoast_head_json":{"title":"ARR\u00caT\u00c9S POUR DES DANS DANSES OBSC\u00c8NES DEVANT DES MINEURS -Les 3 mis en cause \u00e9voquent une \u00abeuphorie extr\u00eame\u00bb | Nettali.com","robots":{"index":"index","follow":"follow","max-snippet":"max-snippet:-1","max-image-preview":"max-image-preview:large","max-video-preview":"max-video-preview:-1"},"canonical":"https:\/\/www.nettali.com\/2025\/07\/02\/arretes-pour-des-dans-danses-obscenes-devant-des-mineurs-les-3-mis-en-cause-evoquent-une-euphorie-extreme\/","og_locale":"fr_FR","og_type":"article","og_title":"ARR\u00caT\u00c9S POUR DES DANS DANSES OBSC\u00c8NES DEVANT DES MINEURS -Les 3 mis en cause \u00e9voquent une \u00abeuphorie extr\u00eame\u00bb","og_description":"NETTALI.COM-\u00a0Suite \u00e0 l'exploitation d'une vid\u00e9o circulant sur les r\u00e9seaux sociaux montrant des s\u00e9quences qui sont antipodes aux m\u0153urs, prises lors d\u2019un mariage c\u00e9l\u00e9br\u00e9 \u00e0 la date du dimanche 22 juin 2025, trois individus ont \u00e9t\u00e9 interpell\u00e9s par le commissariat des Parcelles Assainies.\u00a0 Il s\u2019agit de Ablaye Camara (40 ans, Guin\u00e9en) se disant animateur culturel ; [&hellip;]","og_url":"https:\/\/www.nettali.com\/2025\/07\/02\/arretes-pour-des-dans-danses-obscenes-devant-des-mineurs-les-3-mis-en-cause-evoquent-une-euphorie-extreme\/","og_site_name":"Nettali.com","article_publisher":"https:\/\/www.facebook.com\/nettalicom","article_published_time":"2025-07-02T10:10:24+00:00","og_image":[{"width":715,"height":447,"url":"https:\/\/www.nettali.com\/wp-content\/uploads\/2025\/05\/agresseurs-arrestation-bandit-malfrat-malfaiteurs-police-prison.jpg","type":"image\/jpeg"}],"twitter_card":"summary_large_image","twitter_misc":{"\u00c9crit par":"Fatou","Dur\u00e9e de lecture estim\u00e9e":"2 minutes"},"schema":{"@context":"https:\/\/schema.org","@graph":[{"@type":"WebSite","@id":"https:\/\/www.nettali.com\/#website","url":"https:\/\/www.nettali.com\/","name":"Nettali.com","description":"Le rendez-vous critique du Net","potentialAction":[{"@type":"SearchAction","target":{"@type":"EntryPoint","urlTemplate":"https:\/\/www.nettali.com\/?s={search_term_string}"},"query-input":"required name=search_term_string"}],"inLanguage":"fr-FR"},{"@type":"ImageObject","@id":"https:\/\/www.nettali.com\/2025\/07\/02\/arretes-pour-des-dans-danses-obscenes-devant-des-mineurs-les-3-mis-en-cause-evoquent-une-euphorie-extreme\/#primaryimage","inLanguage":"fr-FR","url":"https:\/\/www.nettali.com\/wp-content\/uploads\/2025\/05\/agresseurs-arrestation-bandit-malfrat-malfaiteurs-police-prison.jpg","contentUrl":"https:\/\/www.nettali.com\/wp-content\/uploads\/2025\/05\/agresseurs-arrestation-bandit-malfrat-malfaiteurs-police-prison.jpg","width":715,"height":447},{"@type":"WebPage","@id":"https:\/\/www.nettali.com\/2025\/07\/02\/arretes-pour-des-dans-danses-obscenes-devant-des-mineurs-les-3-mis-en-cause-evoquent-une-euphorie-extreme\/#webpage","url":"https:\/\/www.nettali.com\/2025\/07\/02\/arretes-pour-des-dans-danses-obscenes-devant-des-mineurs-les-3-mis-en-cause-evoquent-une-euphorie-extreme\/","name":"ARR\u00caT\u00c9S POUR DES DANS DANSES OBSC\u00c8NES DEVANT DES MINEURS -Les 3 mis en cause \u00e9voquent une \u00abeuphorie extr\u00eame\u00bb | Nettali.com","isPartOf":{"@id":"https:\/\/www.nettali.com\/#website"},"primaryImageOfPage":{"@id":"https:\/\/www.nettali.com\/2025\/07\/02\/arretes-pour-des-dans-danses-obscenes-devant-des-mineurs-les-3-mis-en-cause-evoquent-une-euphorie-extreme\/#primaryimage"},"datePublished":"2025-07-02T10:10:24+00:00","dateModified":"2025-07-02T10:10:24+00:00","author":{"@id":"https:\/\/www.nettali.com\/#\/schema\/person\/418274a86bdf87caff7a3ef476bd0bbf"},"breadcrumb":{"@id":"https:\/\/www.nettali.com\/2025\/07\/02\/arretes-pour-des-dans-danses-obscenes-devant-des-mineurs-les-3-mis-en-cause-evoquent-une-euphorie-extreme\/#breadcrumb"},"inLanguage":"fr-FR","potentialAction":[{"@type":"ReadAction","target":["https:\/\/www.nettali.com\/2025\/07\/02\/arretes-pour-des-dans-danses-obscenes-devant-des-mineurs-les-3-mis-en-cause-evoquent-une-euphorie-extreme\/"]}]},{"@type":"BreadcrumbList","@id":"https:\/\/www.nettali.com\/2025\/07\/02\/arretes-pour-des-dans-danses-obscenes-devant-des-mineurs-les-3-mis-en-cause-evoquent-une-euphorie-extreme\/#breadcrumb","itemListElement":[{"@type":"ListItem","position":1,"name":"Accueil","item":"https:\/\/www.nettali.com\/"},{"@type":"ListItem","position":2,"name":"ARR\u00caT\u00c9S POUR DES DANS DANSES OBSC\u00c8NES DEVANT DES MINEURS -Les 3 mis en cause \u00e9voquent une \u00abeuphorie extr\u00eame\u00bb"}]},{"@type":"Person","@id":"https:\/\/www.nettali.com\/#\/schema\/person\/418274a86bdf87caff7a3ef476bd0bbf","name":"Fatou","image":{"@type":"ImageObject","@id":"https:\/\/www.nettali.com\/#personlogo","inLanguage":"fr-FR","url":"https:\/\/secure.gravatar.com\/avatar\/5a9442a2bee7b4dcf167cab035858e9a?s=96&d=mm&r=g","contentUrl":"https:\/\/secure.gravatar.com\/avatar\/5a9442a2bee7b4dcf167cab035858e9a?s=96&d=mm&r=g","caption":"Fatou"},"sameAs":["https:\/\/www.nettali.com"]}]}},"_links":{"self":[{"href":"https:\/\/www.nettali.com\/rest\/wp\/v2\/posts\/156831"}],"collection":[{"href":"https:\/\/www.nettali.com\/rest\/wp\/v2\/posts"}],"about":[{"href":"https:\/\/www.nettali.com\/rest\/wp\/v2\/types\/post"}],"author":[{"embeddable":true,"href":"https:\/\/www.nettali.com\/rest\/wp\/v2\/users\/6"}],"replies":[{"embeddable":true,"href":"https:\/\/www.nettali.com\/rest\/wp\/v2\/comments?post=156831"}],"version-history":[{"count":1,"href":"https:\/\/www.nettali.com\/rest\/wp\/v2\/posts\/156831\/revisions"}],"predecessor-version":[{"id":156832,"href":"https:\/\/www.nettali.com\/rest\/wp\/v2\/posts\/156831\/revisions\/156832"}],"wp:featuredmedia":[{"embeddable":true,"href":"https:\/\/www.nettali.com\/rest\/wp\/v2\/media\/153812"}],"wp:attachment":[{"href":"https:\/\/www.nettali.com\/rest\/wp\/v2\/media?parent=156831"}],"wp:term":[{"taxonomy":"category","embeddable":true,"href":"https:\/\/www.nettali.com\/rest\/wp\/v2\/categories?post=156831"},{"taxonomy":"post_tag","embeddable":true,"href":"https:\/\/www.nettali.com\/rest\/wp\/v2\/tags?post=156831"}],"curies":[{"name":"wp","href":"https:\/\/api.w.org\/{rel}","templated":true}]}}