{"id":156814,"date":"2025-07-02T11:19:51","date_gmt":"2025-07-02T11:19:51","guid":{"rendered":"https:\/\/www.nettali.com\/?p=156814"},"modified":"2025-07-02T12:01:51","modified_gmt":"2025-07-02T12:01:51","slug":"thierno-alassane-sall-tacle-sonko-un-premier-ministre-angoisse-par-son-incapacite-a-redresser-leconomie-du-pays","status":"publish","type":"post","link":"https:\/\/www.nettali.com\/2025\/07\/02\/thierno-alassane-sall-tacle-sonko-un-premier-ministre-angoisse-par-son-incapacite-a-redresser-leconomie-du-pays\/","title":{"rendered":"THIERNO ALASSANE SALL TACLE SONKO - \"Un Premier ministre angoiss\u00e9 par son incapacit\u00e9 \u00e0 redresser l\u2019\u00e9conomie du pays\""},"content":{"rendered":"<p><strong>NETTALI.COM - La r\u00e9action d\u2019Ousmane Sonko, suite \u00e0 la confirmation de sa condamnation pour diffamation dans l\u2019affaire Mame Mbaye Niang, n'a pas laiss\u00e9 Thierno Alassane Sall indiff\u00e9rent. Dans une d\u00e9claration, l\u2019opposant a d\u00e9nonc\u00e9 le ton victimaire du Premier ministre et son incapacit\u00e9 \u00e0 assumer ses responsabilit\u00e9s.<\/strong><\/p>\n<p>Dans un contexte politique tendu, la sortie d\u2019Ousmane Sonko, cons\u00e9cutive \u00e0 la confirmation de sa condamnation dans un rabat d'arr\u00eat par les chambres r\u00e9unies de la cour supr\u00eame appel, a commenc\u00e9 \u00e0 susciter une vague de r\u00e9actions. Parmi elles, celle de Thierno Alassane Sall, leader du mouvement R\u00e9publique des Valeurs.<\/p>\n<p>Sans m\u00e2cher ses mots, TAS d\u00e9peint un Premier ministre d\u00e9boussol\u00e9 et en qu\u00eate de boucs \u00e9missaires :\u00ab c<em>\u2019est un Premier ministre angoiss\u00e9 par son incapacit\u00e9 \u00e0 redresser l\u2019\u00e9conomie du pays, d\u00e9sorient\u00e9 face aux questions sociales lancinantes, meurtri par son propre dossier judiciaire, qui a \u00e9tal\u00e9 sans retenue, ses \u00e9tats d\u2019\u00e2me ce soir<\/em> \u00bb.<\/p>\n<p>Selon lui, Ousmane Sonko tente de rejeter la faute sur tous les fronts : la justice, l\u2019administration ou encore l\u2019opposition,.<\/p>\n<p>\u00ab <em>\u00c0 l\u2019entendre, tout le monde serait ligu\u00e9 contre lui : la justice, l\u2019opposition, le Pr\u00e9sident de la R\u00e9publique qui manquerait de poigne, son administration qu\u2019il juge \"incomp\u00e9tente\". Le voil\u00e0 presque \u00e0 crier au complot, comme en mars 2021, et \u00e0 r\u00e9clamer qu\u2019on lui accorde un pouvoir qu\u2019il contr\u00f4le pourtant d\u00e9j\u00e0 pleinement<\/em>\u00bb, ironise l'opposant.<\/p>\n<div class='share-to-whatsapp-wrapper'><div class='share-on-whsp'>PARTAGER SUR : <\/div><a data-text='THIERNO ALASSANE SALL TACLE SONKO - \"Un Premier ministre angoiss\u00e9 par son incapacit\u00e9 \u00e0 redresser l\u2019\u00e9conomie du pays\"' data-link='https:\/\/www.nettali.com\/2025\/07\/02\/thierno-alassane-sall-tacle-sonko-un-premier-ministre-angoisse-par-son-incapacite-a-redresser-leconomie-du-pays\/' class='whatsapp-button whatsapp-share'>WhatsApp<\/a><div class='clear '><\/div><\/div>","protected":false},"excerpt":{"rendered":"<p>NETTALI.COM - La r\u00e9action d\u2019Ousmane Sonko, suite \u00e0 la confirmation de sa condamnation pour diffamation dans l\u2019affaire Mame Mbaye Niang, n'a pas laiss\u00e9 Thierno Alassane Sall indiff\u00e9rent. Dans une d\u00e9claration, l\u2019opposant a d\u00e9nonc\u00e9 le ton victimaire du Premier ministre et son incapacit\u00e9 \u00e0 assumer ses responsabilit\u00e9s. Dans un contexte politique tendu, la sortie d\u2019Ousmane Sonko, [&hellip;]<\/p>\n","protected":false},"author":6,"featured_media":136182,"comment_status":"open","ping_status":"open","sticky":false,"template":"","format":"standard","meta":{"_et_pb_use_builder":"","_et_pb_old_content":""},"categories":[2],"tags":[],"yoast_head":"<!-- This site is optimized with the Yoast SEO Premium plugin v17.8 (Yoast SEO v17.8) - https:\/\/yoast.com\/wordpress\/plugins\/seo\/ -->\n<title>THIERNO ALASSANE SALL TACLE SONKO - &quot;Un Premier ministre angoiss\u00e9 par son incapacit\u00e9 \u00e0 redresser l\u2019\u00e9conomie du pays&quot; | Nettali.com<\/title>\n<meta name=\"robots\" content=\"index, follow, max-snippet:-1, max-image-preview:large, max-video-preview:-1\" \/>\n<link rel=\"canonical\" href=\"https:\/\/www.nettali.com\/2025\/07\/02\/thierno-alassane-sall-tacle-sonko-un-premier-ministre-angoisse-par-son-incapacite-a-redresser-leconomie-du-pays\/\" \/>\n<meta property=\"og:locale\" content=\"fr_FR\" \/>\n<meta property=\"og:type\" content=\"article\" \/>\n<meta property=\"og:title\" content=\"THIERNO ALASSANE SALL TACLE SONKO - &quot;Un Premier ministre angoiss\u00e9 par son incapacit\u00e9 \u00e0 redresser l\u2019\u00e9conomie du pays&quot;\" \/>\n<meta property=\"og:description\" content=\"NETTALI.COM - La r\u00e9action d\u2019Ousmane Sonko, suite \u00e0 la confirmation de sa condamnation pour diffamation dans l\u2019affaire Mame Mbaye Niang, n&#039;a pas laiss\u00e9 Thierno Alassane Sall indiff\u00e9rent. Dans une d\u00e9claration, l\u2019opposant a d\u00e9nonc\u00e9 le ton victimaire du Premier ministre et son incapacit\u00e9 \u00e0 assumer ses responsabilit\u00e9s. Dans un contexte politique tendu, la sortie d\u2019Ousmane Sonko, [&hellip;]\" \/>\n<meta property=\"og:url\" content=\"https:\/\/www.nettali.com\/2025\/07\/02\/thierno-alassane-sall-tacle-sonko-un-premier-ministre-angoisse-par-son-incapacite-a-redresser-leconomie-du-pays\/\" \/>\n<meta property=\"og:site_name\" content=\"Nettali.com\" \/>\n<meta property=\"article:publisher\" content=\"https:\/\/www.facebook.com\/nettalicom\" \/>\n<meta property=\"article:published_time\" content=\"2025-07-02T11:19:51+00:00\" \/>\n<meta property=\"article:modified_time\" content=\"2025-07-02T12:01:51+00:00\" \/>\n<meta property=\"og:image\" content=\"https:\/\/www.nettali.com\/wp-content\/uploads\/2024\/07\/Thierno-Alassane-Sall.jpg\" \/>\n\t<meta property=\"og:image:width\" content=\"600\" \/>\n\t<meta property=\"og:image:height\" content=\"500\" \/>\n<meta name=\"twitter:card\" content=\"summary_large_image\" \/>\n<meta name=\"twitter:label1\" content=\"\u00c9crit par\" \/>\n\t<meta name=\"twitter:data1\" content=\"Fatou\" \/>\n\t<meta name=\"twitter:label2\" content=\"Dur\u00e9e de lecture estim\u00e9e\" \/>\n\t<meta name=\"twitter:data2\" content=\"2 minutes\" \/>\n<script type=\"application\/ld+json\" class=\"yoast-schema-graph\">{\"@context\":\"https:\/\/schema.org\",\"@graph\":[{\"@type\":\"WebSite\",\"@id\":\"https:\/\/www.nettali.com\/#website\",\"url\":\"https:\/\/www.nettali.com\/\",\"name\":\"Nettali.com\",\"description\":\"Le rendez-vous critique du Net\",\"potentialAction\":[{\"@type\":\"SearchAction\",\"target\":{\"@type\":\"EntryPoint\",\"urlTemplate\":\"https:\/\/www.nettali.com\/?s={search_term_string}\"},\"query-input\":\"required name=search_term_string\"}],\"inLanguage\":\"fr-FR\"},{\"@type\":\"ImageObject\",\"@id\":\"https:\/\/www.nettali.com\/2025\/07\/02\/thierno-alassane-sall-tacle-sonko-un-premier-ministre-angoisse-par-son-incapacite-a-redresser-leconomie-du-pays\/#primaryimage\",\"inLanguage\":\"fr-FR\",\"url\":\"https:\/\/www.nettali.com\/wp-content\/uploads\/2024\/07\/Thierno-Alassane-Sall.jpg\",\"contentUrl\":\"https:\/\/www.nettali.com\/wp-content\/uploads\/2024\/07\/Thierno-Alassane-Sall.jpg\",\"width\":600,\"height\":500},{\"@type\":\"WebPage\",\"@id\":\"https:\/\/www.nettali.com\/2025\/07\/02\/thierno-alassane-sall-tacle-sonko-un-premier-ministre-angoisse-par-son-incapacite-a-redresser-leconomie-du-pays\/#webpage\",\"url\":\"https:\/\/www.nettali.com\/2025\/07\/02\/thierno-alassane-sall-tacle-sonko-un-premier-ministre-angoisse-par-son-incapacite-a-redresser-leconomie-du-pays\/\",\"name\":\"THIERNO ALASSANE SALL TACLE SONKO - \\\"Un Premier ministre angoiss\\u00e9 par son incapacit\\u00e9 \\u00e0 redresser l\\u2019\\u00e9conomie du pays\\\" | Nettali.com\",\"isPartOf\":{\"@id\":\"https:\/\/www.nettali.com\/#website\"},\"primaryImageOfPage\":{\"@id\":\"https:\/\/www.nettali.com\/2025\/07\/02\/thierno-alassane-sall-tacle-sonko-un-premier-ministre-angoisse-par-son-incapacite-a-redresser-leconomie-du-pays\/#primaryimage\"},\"datePublished\":\"2025-07-02T11:19:51+00:00\",\"dateModified\":\"2025-07-02T12:01:51+00:00\",\"author\":{\"@id\":\"https:\/\/www.nettali.com\/#\/schema\/person\/418274a86bdf87caff7a3ef476bd0bbf\"},\"breadcrumb\":{\"@id\":\"https:\/\/www.nettali.com\/2025\/07\/02\/thierno-alassane-sall-tacle-sonko-un-premier-ministre-angoisse-par-son-incapacite-a-redresser-leconomie-du-pays\/#breadcrumb\"},\"inLanguage\":\"fr-FR\",\"potentialAction\":[{\"@type\":\"ReadAction\",\"target\":[\"https:\/\/www.nettali.com\/2025\/07\/02\/thierno-alassane-sall-tacle-sonko-un-premier-ministre-angoisse-par-son-incapacite-a-redresser-leconomie-du-pays\/\"]}]},{\"@type\":\"BreadcrumbList\",\"@id\":\"https:\/\/www.nettali.com\/2025\/07\/02\/thierno-alassane-sall-tacle-sonko-un-premier-ministre-angoisse-par-son-incapacite-a-redresser-leconomie-du-pays\/#breadcrumb\",\"itemListElement\":[{\"@type\":\"ListItem\",\"position\":1,\"name\":\"Accueil\",\"item\":\"https:\/\/www.nettali.com\/\"},{\"@type\":\"ListItem\",\"position\":2,\"name\":\"THIERNO ALASSANE SALL TACLE SONKO - \\\"Un Premier ministre angoiss\\u00e9 par son incapacit\\u00e9 \\u00e0 redresser l\\u2019\\u00e9conomie du pays\\\"\"}]},{\"@type\":\"Person\",\"@id\":\"https:\/\/www.nettali.com\/#\/schema\/person\/418274a86bdf87caff7a3ef476bd0bbf\",\"name\":\"Fatou\",\"image\":{\"@type\":\"ImageObject\",\"@id\":\"https:\/\/www.nettali.com\/#personlogo\",\"inLanguage\":\"fr-FR\",\"url\":\"https:\/\/secure.gravatar.com\/avatar\/5a9442a2bee7b4dcf167cab035858e9a?s=96&d=mm&r=g\",\"contentUrl\":\"https:\/\/secure.gravatar.com\/avatar\/5a9442a2bee7b4dcf167cab035858e9a?s=96&d=mm&r=g\",\"caption\":\"Fatou\"},\"sameAs\":[\"https:\/\/www.nettali.com\"]}]}<\/script>\n<!-- \/ Yoast SEO Premium plugin. -->","yoast_head_json":{"title":"THIERNO ALASSANE SALL TACLE SONKO - \"Un Premier ministre angoiss\u00e9 par son incapacit\u00e9 \u00e0 redresser l\u2019\u00e9conomie du pays\" | Nettali.com","robots":{"index":"index","follow":"follow","max-snippet":"max-snippet:-1","max-image-preview":"max-image-preview:large","max-video-preview":"max-video-preview:-1"},"canonical":"https:\/\/www.nettali.com\/2025\/07\/02\/thierno-alassane-sall-tacle-sonko-un-premier-ministre-angoisse-par-son-incapacite-a-redresser-leconomie-du-pays\/","og_locale":"fr_FR","og_type":"article","og_title":"THIERNO ALASSANE SALL TACLE SONKO - \"Un Premier ministre angoiss\u00e9 par son incapacit\u00e9 \u00e0 redresser l\u2019\u00e9conomie du pays\"","og_description":"NETTALI.COM - La r\u00e9action d\u2019Ousmane Sonko, suite \u00e0 la confirmation de sa condamnation pour diffamation dans l\u2019affaire Mame Mbaye Niang, n'a pas laiss\u00e9 Thierno Alassane Sall indiff\u00e9rent. Dans une d\u00e9claration, l\u2019opposant a d\u00e9nonc\u00e9 le ton victimaire du Premier ministre et son incapacit\u00e9 \u00e0 assumer ses responsabilit\u00e9s. Dans un contexte politique tendu, la sortie d\u2019Ousmane Sonko, [&hellip;]","og_url":"https:\/\/www.nettali.com\/2025\/07\/02\/thierno-alassane-sall-tacle-sonko-un-premier-ministre-angoisse-par-son-incapacite-a-redresser-leconomie-du-pays\/","og_site_name":"Nettali.com","article_publisher":"https:\/\/www.facebook.com\/nettalicom","article_published_time":"2025-07-02T11:19:51+00:00","article_modified_time":"2025-07-02T12:01:51+00:00","og_image":[{"width":600,"height":500,"url":"https:\/\/www.nettali.com\/wp-content\/uploads\/2024\/07\/Thierno-Alassane-Sall.jpg","type":"image\/jpeg"}],"twitter_card":"summary_large_image","twitter_misc":{"\u00c9crit par":"Fatou","Dur\u00e9e de lecture estim\u00e9e":"2 minutes"},"schema":{"@context":"https:\/\/schema.org","@graph":[{"@type":"WebSite","@id":"https:\/\/www.nettali.com\/#website","url":"https:\/\/www.nettali.com\/","name":"Nettali.com","description":"Le rendez-vous critique du Net","potentialAction":[{"@type":"SearchAction","target":{"@type":"EntryPoint","urlTemplate":"https:\/\/www.nettali.com\/?s={search_term_string}"},"query-input":"required name=search_term_string"}],"inLanguage":"fr-FR"},{"@type":"ImageObject","@id":"https:\/\/www.nettali.com\/2025\/07\/02\/thierno-alassane-sall-tacle-sonko-un-premier-ministre-angoisse-par-son-incapacite-a-redresser-leconomie-du-pays\/#primaryimage","inLanguage":"fr-FR","url":"https:\/\/www.nettali.com\/wp-content\/uploads\/2024\/07\/Thierno-Alassane-Sall.jpg","contentUrl":"https:\/\/www.nettali.com\/wp-content\/uploads\/2024\/07\/Thierno-Alassane-Sall.jpg","width":600,"height":500},{"@type":"WebPage","@id":"https:\/\/www.nettali.com\/2025\/07\/02\/thierno-alassane-sall-tacle-sonko-un-premier-ministre-angoisse-par-son-incapacite-a-redresser-leconomie-du-pays\/#webpage","url":"https:\/\/www.nettali.com\/2025\/07\/02\/thierno-alassane-sall-tacle-sonko-un-premier-ministre-angoisse-par-son-incapacite-a-redresser-leconomie-du-pays\/","name":"THIERNO ALASSANE SALL TACLE SONKO - \"Un Premier ministre angoiss\u00e9 par son incapacit\u00e9 \u00e0 redresser l\u2019\u00e9conomie du pays\" | Nettali.com","isPartOf":{"@id":"https:\/\/www.nettali.com\/#website"},"primaryImageOfPage":{"@id":"https:\/\/www.nettali.com\/2025\/07\/02\/thierno-alassane-sall-tacle-sonko-un-premier-ministre-angoisse-par-son-incapacite-a-redresser-leconomie-du-pays\/#primaryimage"},"datePublished":"2025-07-02T11:19:51+00:00","dateModified":"2025-07-02T12:01:51+00:00","author":{"@id":"https:\/\/www.nettali.com\/#\/schema\/person\/418274a86bdf87caff7a3ef476bd0bbf"},"breadcrumb":{"@id":"https:\/\/www.nettali.com\/2025\/07\/02\/thierno-alassane-sall-tacle-sonko-un-premier-ministre-angoisse-par-son-incapacite-a-redresser-leconomie-du-pays\/#breadcrumb"},"inLanguage":"fr-FR","potentialAction":[{"@type":"ReadAction","target":["https:\/\/www.nettali.com\/2025\/07\/02\/thierno-alassane-sall-tacle-sonko-un-premier-ministre-angoisse-par-son-incapacite-a-redresser-leconomie-du-pays\/"]}]},{"@type":"BreadcrumbList","@id":"https:\/\/www.nettali.com\/2025\/07\/02\/thierno-alassane-sall-tacle-sonko-un-premier-ministre-angoisse-par-son-incapacite-a-redresser-leconomie-du-pays\/#breadcrumb","itemListElement":[{"@type":"ListItem","position":1,"name":"Accueil","item":"https:\/\/www.nettali.com\/"},{"@type":"ListItem","position":2,"name":"THIERNO ALASSANE SALL TACLE SONKO - \"Un Premier ministre angoiss\u00e9 par son incapacit\u00e9 \u00e0 redresser l\u2019\u00e9conomie du pays\""}]},{"@type":"Person","@id":"https:\/\/www.nettali.com\/#\/schema\/person\/418274a86bdf87caff7a3ef476bd0bbf","name":"Fatou","image":{"@type":"ImageObject","@id":"https:\/\/www.nettali.com\/#personlogo","inLanguage":"fr-FR","url":"https:\/\/secure.gravatar.com\/avatar\/5a9442a2bee7b4dcf167cab035858e9a?s=96&d=mm&r=g","contentUrl":"https:\/\/secure.gravatar.com\/avatar\/5a9442a2bee7b4dcf167cab035858e9a?s=96&d=mm&r=g","caption":"Fatou"},"sameAs":["https:\/\/www.nettali.com"]}]}},"_links":{"self":[{"href":"https:\/\/www.nettali.com\/rest\/wp\/v2\/posts\/156814"}],"collection":[{"href":"https:\/\/www.nettali.com\/rest\/wp\/v2\/posts"}],"about":[{"href":"https:\/\/www.nettali.com\/rest\/wp\/v2\/types\/post"}],"author":[{"embeddable":true,"href":"https:\/\/www.nettali.com\/rest\/wp\/v2\/users\/6"}],"replies":[{"embeddable":true,"href":"https:\/\/www.nettali.com\/rest\/wp\/v2\/comments?post=156814"}],"version-history":[{"count":5,"href":"https:\/\/www.nettali.com\/rest\/wp\/v2\/posts\/156814\/revisions"}],"predecessor-version":[{"id":156828,"href":"https:\/\/www.nettali.com\/rest\/wp\/v2\/posts\/156814\/revisions\/156828"}],"wp:featuredmedia":[{"embeddable":true,"href":"https:\/\/www.nettali.com\/rest\/wp\/v2\/media\/136182"}],"wp:attachment":[{"href":"https:\/\/www.nettali.com\/rest\/wp\/v2\/media?parent=156814"}],"wp:term":[{"taxonomy":"category","embeddable":true,"href":"https:\/\/www.nettali.com\/rest\/wp\/v2\/categories?post=156814"},{"taxonomy":"post_tag","embeddable":true,"href":"https:\/\/www.nettali.com\/rest\/wp\/v2\/tags?post=156814"}],"curies":[{"name":"wp","href":"https:\/\/api.w.org\/{rel}","templated":true}]}}