{"id":156811,"date":"2025-07-02T15:37:01","date_gmt":"2025-07-02T15:37:01","guid":{"rendered":"https:\/\/www.nettali.com\/?p=156811"},"modified":"2025-07-03T16:13:43","modified_gmt":"2025-07-03T16:13:43","slug":"rabat-darret-affaire-mame-mbaye-niang-ousmane-sonko-ce-quil-faut-retenir","status":"publish","type":"post","link":"https:\/\/www.nettali.com\/2025\/07\/02\/rabat-darret-affaire-mame-mbaye-niang-ousmane-sonko-ce-quil-faut-retenir\/","title":{"rendered":"RABAT D'ARR\u00caT AFFAIRE MAME MBAYE NIANG-OUSMANE SONKO - Ce qu'il faut retenir..."},"content":{"rendered":"<p data-start=\"436\" data-end=\"948\"><strong>NETTALI.COM - Les Chambres r\u00e9unies de la Cour supr\u00eame du S\u00e9n\u00e9gal ont mis un terme ce 1er juillet 2025 \u00e0 l\u2019un des dossiers politico-judiciaires les plus suivis de ces derni\u00e8res ann\u00e9es : l\u2019affaire de diffamation opposant Ousmane Sonko \u00e0 l\u2019ancien ministre Mame Mbaye Niang. La haute juridiction a statu\u00e9 sur le recours en rabat d\u2019arr\u00eat introduit par les conseils du Premier ministre s\u00e9n\u00e9galais et l\u2019a rejet\u00e9, condamnant Sonko aux d\u00e9pens. Retour sur les enjeux et les arguments des diff\u00e9rentes parties.<\/strong><\/p>\n<p data-start=\"1010\" data-end=\"1265\">Le 8 mai 2023, la Cour d\u2019appel de Dakar avait condamn\u00e9 Ousmane Sonko \u00e0 six mois de prison avec sursis et \u00e0 200 millions FCFA de dommages et int\u00e9r\u00eats pour diffamation, injures publiques et usage de faux \u00e0 l\u2019encontre de Mame Mbaye Niang.<\/p>\n<p data-start=\"1267\" data-end=\"1537\">Un pourvoi en cassation a ensuite \u00e9t\u00e9 form\u00e9 devant la Cour supr\u00eame, qui, le 4 janvier 2024, a rendu un arr\u00eat annulant la contrainte par corps au motif que l\u2019infraction pouvait \u00eatre assimil\u00e9e \u00e0 une infraction politique, tout en maintenant les int\u00e9r\u00eats civils.<\/p>\n<h3 data-start=\"1544\" data-end=\"1621\"><strong data-start=\"1551\" data-end=\"1621\">Le rabat d\u2019arr\u00eat : une proc\u00e9dure exceptionnelle invoqu\u00e9e par Sonko<\/strong><\/h3>\n<p data-start=\"1623\" data-end=\"1987\">Dissatisfaite de cet arr\u00eat, la d\u00e9fense d\u2019Ousmane Sonko a saisi les Chambres r\u00e9unies de la Cour supr\u00eame d\u2019un recours en rabat d\u2019arr\u00eat, proc\u00e9dure exceptionnelle pr\u00e9vue par l\u2019article 52 de la loi organique sur la Cour supr\u00eame. Elle vise \u00e0 faire annuler un arr\u00eat d\u00e9finitif de la Cour supr\u00eame en cas de vice de proc\u00e9dure grave et non imputable au requ\u00e9rant.<\/p>\n<p data-start=\"1989\" data-end=\"2104\">Dans un m\u00e9moire de 17 pages, les avocats d\u2019Ousmane Sonko ont soulev\u00e9 quatre erreurs proc\u00e9durales majeures :<\/p>\n<ol data-start=\"2106\" data-end=\"2557\">\n<li data-start=\"2106\" data-end=\"2265\">\n<p data-start=\"2109\" data-end=\"2265\">Rejet ill\u00e9gal de l\u2019exception d\u2019inconstitutionnalit\u00e9 de l\u2019article 260 du Code p\u00e9nal, qui, selon eux, aurait d\u00fb \u00eatre transmise au Conseil constitutionnel.<\/p>\n<\/li>\n<li data-start=\"2266\" data-end=\"2400\">\n<p data-start=\"2269\" data-end=\"2400\">Violation de l\u2019article 53 de la loi organique sur la Cour supr\u00eame pour avoir statu\u00e9 sans renvoi malgr\u00e9 une cassation partielle.<\/p>\n<\/li>\n<li data-start=\"2401\" data-end=\"2460\">\n<p data-start=\"2404\" data-end=\"2460\">Insuffisance de motivation juridique de la d\u00e9cision.<\/p>\n<\/li>\n<li data-start=\"2461\" data-end=\"2557\">\n<p data-start=\"2464\" data-end=\"2557\">Ajout irr\u00e9gulier d\u2019une mention ordonnant l\u2019ex\u00e9cution \u00e0 la diligence du Procureur g\u00e9n\u00e9ral.<\/p>\n<\/li>\n<\/ol>\n<p data-start=\"2559\" data-end=\"2701\">Ils ont ainsi demand\u00e9 soit le renvoi de l\u2019exception au Conseil constitutionnel, soit la cassation totale de la d\u00e9cision du 8 mai 2023.<\/p>\n<h3 data-start=\"2708\" data-end=\"2775\"><strong data-start=\"2715\" data-end=\"2775\">La riposte de Mame Mbaye Niang et le rejet de la requ\u00eate<\/strong><\/h3>\n<p data-start=\"2777\" data-end=\"2932\">Le 14 mars 2024, les avocats de Mame Mbaye Niang ont, dans un m\u00e9moire de huit pages, demand\u00e9 le rejet pur et simple du recours. Ils ont consid\u00e9r\u00e9 :<\/p>\n<ul data-start=\"2934\" data-end=\"3309\">\n<li data-start=\"2934\" data-end=\"3063\">\n<p data-start=\"2936\" data-end=\"3063\">Que la requ\u00eate \u00e9tait irrecevable, le rabat d\u2019arr\u00eat ne pouvant pas servir \u00e0 remettre en cause un arr\u00eat statuant sur le fond.<\/p>\n<\/li>\n<li data-start=\"3064\" data-end=\"3144\">\n<p data-start=\"3066\" data-end=\"3144\">Que les vices all\u00e9gu\u00e9s \u00e9taient inexistants ou imputables au requ\u00e9rant.<\/p>\n<\/li>\n<li data-start=\"3145\" data-end=\"3309\">\n<p data-start=\"3147\" data-end=\"3309\">Que l\u2019exception d\u2019inconstitutionnalit\u00e9 avait \u00e9t\u00e9 soulev\u00e9e hors d\u00e9lai et que la cassation sans renvoi \u00e9tait juridiquement fond\u00e9e au regard de l\u2019article 53.<\/p>\n<\/li>\n<\/ul>\n<p data-start=\"3311\" data-end=\"3437\">Ils ont accus\u00e9 Ousmane Sonko de tenter de d\u00e9tourner la proc\u00e9dure pour obtenir un nouvel examen de son dossier par la Cour.<\/p>\n<h3 data-start=\"3444\" data-end=\"3527\"><strong data-start=\"3451\" data-end=\"3527\">La position du parquet g\u00e9n\u00e9ral et l\u2019amnistie comme param\u00e8tre d\u00e9terminant<\/strong><\/h3>\n<p data-start=\"3529\" data-end=\"3929\">Le procureur g\u00e9n\u00e9ral pr\u00e8s la Cour supr\u00eame a, de son c\u00f4t\u00e9, estim\u00e9 que la requ\u00eate \u00e9tait devenue sans objet depuis la loi d\u2019amnistie n\u00b02024-09 du 13 mars 2024, qui couvre les faits reproch\u00e9s \u00e0 Sonko. Cette loi a effac\u00e9 les infractions commises \u00e0 des fins politiques entre le 1er f\u00e9vrier 2021 et le 25 f\u00e9vrier 2024, rendant sans effet les cons\u00e9quences p\u00e9nales et civiles de cette affaire.<\/p>\n<h3 data-start=\"3936\" data-end=\"3978\"><strong data-start=\"3943\" data-end=\"3978\">D\u00e9cision finale et cons\u00e9quences<\/strong><\/h3>\n<p data-start=\"3980\" data-end=\"4138\">Ce 1er juillet 2025, les Chambres r\u00e9unies ont confirm\u00e9 le rejet du rabat d\u2019arr\u00eat et condamn\u00e9 Ousmane Sonko aux d\u00e9pens. La d\u00e9cision est d\u00e9finitive.<\/p>\n<p data-start=\"4140\" data-end=\"4494\">Sur le plan juridique, cette proc\u00e9dure exceptionnelle s\u2019ach\u00e8ve donc sans impact nouveau pour Ousmane Sonko. Sur le plan politique, elle ne remet pas en cause ses droits civiques et politiques, d\u00e9j\u00e0 restaur\u00e9s par la loi d\u2019amnistie de mars 2024. Il conserve ainsi pleinement sa qualit\u00e9 de Premier ministre et sa capacit\u00e9 \u00e0 briguer des mandats \u00e9lectifs.<\/p>\n<h3 data-start=\"4501\" data-end=\"4549\"><strong data-start=\"4508\" data-end=\"4549\">Un d\u00e9bat m\u00e9diatique d\u00e9sormais d\u00e9pass\u00e9<\/strong><\/h3>\n<p data-start=\"4551\" data-end=\"4936\">Il convient enfin de souligner que relancer, \u00e0 la lumi\u00e8re de cette d\u00e9cision, le d\u00e9bat sur l\u2019\u00e9ligibilit\u00e9 d\u2019Ousmane Sonko est juridiquement infond\u00e9. La loi d\u2019amnistie a \u00e9teint cette condamnation et ses cons\u00e9quences l\u00e9gales. Cette proc\u00e9dure n\u2019avait pour objet que la r\u00e9gularit\u00e9 proc\u00e9durale de l\u2019arr\u00eat du 4 janvier 2024, dans un dossier d\u00e9sormais vid\u00e9 de ses effets par l\u2019amnistie.<\/p>\n<p data-start=\"4966\" data-end=\"5301\">Par cette d\u00e9cision du 1er juillet 2025, le dossier judiciaire Sonko-Niang est d\u00e9finitivement clos. Si cette affaire illustre l\u2019intensit\u00e9 des batailles politico-judiciaires au S\u00e9n\u00e9gal ces derni\u00e8res ann\u00e9es, elle montre aussi que les proc\u00e9dures d\u2019exception ont leurs limites face aux dispositifs l\u00e9gaux.<\/p>\n<div class='share-to-whatsapp-wrapper'><div class='share-on-whsp'>PARTAGER SUR : <\/div><a data-text='RABAT D'ARR\u00caT AFFAIRE MAME MBAYE NIANG-OUSMANE SONKO - Ce qu'il faut retenir...' data-link='https:\/\/www.nettali.com\/2025\/07\/02\/rabat-darret-affaire-mame-mbaye-niang-ousmane-sonko-ce-quil-faut-retenir\/' class='whatsapp-button whatsapp-share'>WhatsApp<\/a><div class='clear '><\/div><\/div>","protected":false},"excerpt":{"rendered":"<p>NETTALI.COM - Les Chambres r\u00e9unies de la Cour supr\u00eame du S\u00e9n\u00e9gal ont mis un terme ce 1er juillet 2025 \u00e0 l\u2019un des dossiers politico-judiciaires les plus suivis de ces derni\u00e8res ann\u00e9es : l\u2019affaire de diffamation opposant Ousmane Sonko \u00e0 l\u2019ancien ministre Mame Mbaye Niang. La haute juridiction a statu\u00e9 sur le recours en rabat d\u2019arr\u00eat [&hellip;]<\/p>\n","protected":false},"author":4,"featured_media":98291,"comment_status":"open","ping_status":"open","sticky":false,"template":"","format":"standard","meta":{"_et_pb_use_builder":"","_et_pb_old_content":""},"categories":[3],"tags":[],"yoast_head":"<!-- This site is optimized with the Yoast SEO Premium plugin v17.8 (Yoast SEO v17.8) - https:\/\/yoast.com\/wordpress\/plugins\/seo\/ -->\n<title>RABAT D&#039;ARR\u00caT AFFAIRE MAME MBAYE NIANG-OUSMANE SONKO - Ce qu&#039;il faut retenir... | Nettali.com<\/title>\n<meta name=\"robots\" content=\"index, follow, max-snippet:-1, max-image-preview:large, max-video-preview:-1\" \/>\n<link rel=\"canonical\" href=\"https:\/\/www.nettali.com\/2025\/07\/02\/rabat-darret-affaire-mame-mbaye-niang-ousmane-sonko-ce-quil-faut-retenir\/\" \/>\n<meta property=\"og:locale\" content=\"fr_FR\" \/>\n<meta property=\"og:type\" content=\"article\" \/>\n<meta property=\"og:title\" content=\"RABAT D&#039;ARR\u00caT AFFAIRE MAME MBAYE NIANG-OUSMANE SONKO - Ce qu&#039;il faut retenir...\" \/>\n<meta property=\"og:description\" content=\"NETTALI.COM - Les Chambres r\u00e9unies de la Cour supr\u00eame du S\u00e9n\u00e9gal ont mis un terme ce 1er juillet 2025 \u00e0 l\u2019un des dossiers politico-judiciaires les plus suivis de ces derni\u00e8res ann\u00e9es : l\u2019affaire de diffamation opposant Ousmane Sonko \u00e0 l\u2019ancien ministre Mame Mbaye Niang. La haute juridiction a statu\u00e9 sur le recours en rabat d\u2019arr\u00eat [&hellip;]\" \/>\n<meta property=\"og:url\" content=\"https:\/\/www.nettali.com\/2025\/07\/02\/rabat-darret-affaire-mame-mbaye-niang-ousmane-sonko-ce-quil-faut-retenir\/\" \/>\n<meta property=\"og:site_name\" content=\"Nettali.com\" \/>\n<meta property=\"article:publisher\" content=\"https:\/\/www.facebook.com\/nettalicom\" \/>\n<meta property=\"article:published_time\" content=\"2025-07-02T15:37:01+00:00\" \/>\n<meta property=\"article:modified_time\" content=\"2025-07-03T16:13:43+00:00\" \/>\n<meta property=\"og:image\" content=\"https:\/\/www.nettali.com\/wp-content\/uploads\/2022\/11\/mame-Mbaye-niang-sonko.jpeg\" \/>\n\t<meta property=\"og:image:width\" content=\"696\" \/>\n\t<meta property=\"og:image:height\" content=\"379\" \/>\n<meta name=\"twitter:card\" content=\"summary_large_image\" \/>\n<meta name=\"twitter:label1\" content=\"\u00c9crit par\" \/>\n\t<meta name=\"twitter:data1\" content=\"Daouda\" \/>\n\t<meta name=\"twitter:label2\" content=\"Dur\u00e9e de lecture estim\u00e9e\" \/>\n\t<meta name=\"twitter:data2\" content=\"4 minutes\" \/>\n<script type=\"application\/ld+json\" class=\"yoast-schema-graph\">{\"@context\":\"https:\/\/schema.org\",\"@graph\":[{\"@type\":\"WebSite\",\"@id\":\"https:\/\/www.nettali.com\/#website\",\"url\":\"https:\/\/www.nettali.com\/\",\"name\":\"Nettali.com\",\"description\":\"Le rendez-vous critique du Net\",\"potentialAction\":[{\"@type\":\"SearchAction\",\"target\":{\"@type\":\"EntryPoint\",\"urlTemplate\":\"https:\/\/www.nettali.com\/?s={search_term_string}\"},\"query-input\":\"required name=search_term_string\"}],\"inLanguage\":\"fr-FR\"},{\"@type\":\"ImageObject\",\"@id\":\"https:\/\/www.nettali.com\/2025\/07\/02\/rabat-darret-affaire-mame-mbaye-niang-ousmane-sonko-ce-quil-faut-retenir\/#primaryimage\",\"inLanguage\":\"fr-FR\",\"url\":\"https:\/\/www.nettali.com\/wp-content\/uploads\/2022\/11\/mame-Mbaye-niang-sonko.jpeg\",\"contentUrl\":\"https:\/\/www.nettali.com\/wp-content\/uploads\/2022\/11\/mame-Mbaye-niang-sonko.jpeg\",\"width\":696,\"height\":379},{\"@type\":\"WebPage\",\"@id\":\"https:\/\/www.nettali.com\/2025\/07\/02\/rabat-darret-affaire-mame-mbaye-niang-ousmane-sonko-ce-quil-faut-retenir\/#webpage\",\"url\":\"https:\/\/www.nettali.com\/2025\/07\/02\/rabat-darret-affaire-mame-mbaye-niang-ousmane-sonko-ce-quil-faut-retenir\/\",\"name\":\"RABAT D'ARR\\u00caT AFFAIRE MAME MBAYE NIANG-OUSMANE SONKO - Ce qu'il faut retenir... | Nettali.com\",\"isPartOf\":{\"@id\":\"https:\/\/www.nettali.com\/#website\"},\"primaryImageOfPage\":{\"@id\":\"https:\/\/www.nettali.com\/2025\/07\/02\/rabat-darret-affaire-mame-mbaye-niang-ousmane-sonko-ce-quil-faut-retenir\/#primaryimage\"},\"datePublished\":\"2025-07-02T15:37:01+00:00\",\"dateModified\":\"2025-07-03T16:13:43+00:00\",\"author\":{\"@id\":\"https:\/\/www.nettali.com\/#\/schema\/person\/3317e0bb3aa1da309fbf7b2780901bf4\"},\"breadcrumb\":{\"@id\":\"https:\/\/www.nettali.com\/2025\/07\/02\/rabat-darret-affaire-mame-mbaye-niang-ousmane-sonko-ce-quil-faut-retenir\/#breadcrumb\"},\"inLanguage\":\"fr-FR\",\"potentialAction\":[{\"@type\":\"ReadAction\",\"target\":[\"https:\/\/www.nettali.com\/2025\/07\/02\/rabat-darret-affaire-mame-mbaye-niang-ousmane-sonko-ce-quil-faut-retenir\/\"]}]},{\"@type\":\"BreadcrumbList\",\"@id\":\"https:\/\/www.nettali.com\/2025\/07\/02\/rabat-darret-affaire-mame-mbaye-niang-ousmane-sonko-ce-quil-faut-retenir\/#breadcrumb\",\"itemListElement\":[{\"@type\":\"ListItem\",\"position\":1,\"name\":\"Accueil\",\"item\":\"https:\/\/www.nettali.com\/\"},{\"@type\":\"ListItem\",\"position\":2,\"name\":\"RABAT D'ARR\\u00caT AFFAIRE MAME MBAYE NIANG-OUSMANE SONKO - Ce qu'il faut retenir...\"}]},{\"@type\":\"Person\",\"@id\":\"https:\/\/www.nettali.com\/#\/schema\/person\/3317e0bb3aa1da309fbf7b2780901bf4\",\"name\":\"Daouda\",\"image\":{\"@type\":\"ImageObject\",\"@id\":\"https:\/\/www.nettali.com\/#personlogo\",\"inLanguage\":\"fr-FR\",\"url\":\"https:\/\/secure.gravatar.com\/avatar\/8d143b5a49345098ddcfee1c49c2f47c?s=96&d=mm&r=g\",\"contentUrl\":\"https:\/\/secure.gravatar.com\/avatar\/8d143b5a49345098ddcfee1c49c2f47c?s=96&d=mm&r=g\",\"caption\":\"Daouda\"},\"sameAs\":[\"https:\/\/www.nettali.com\"]}]}<\/script>\n<!-- \/ Yoast SEO Premium plugin. -->","yoast_head_json":{"title":"RABAT D'ARR\u00caT AFFAIRE MAME MBAYE NIANG-OUSMANE SONKO - Ce qu'il faut retenir... | Nettali.com","robots":{"index":"index","follow":"follow","max-snippet":"max-snippet:-1","max-image-preview":"max-image-preview:large","max-video-preview":"max-video-preview:-1"},"canonical":"https:\/\/www.nettali.com\/2025\/07\/02\/rabat-darret-affaire-mame-mbaye-niang-ousmane-sonko-ce-quil-faut-retenir\/","og_locale":"fr_FR","og_type":"article","og_title":"RABAT D'ARR\u00caT AFFAIRE MAME MBAYE NIANG-OUSMANE SONKO - Ce qu'il faut retenir...","og_description":"NETTALI.COM - Les Chambres r\u00e9unies de la Cour supr\u00eame du S\u00e9n\u00e9gal ont mis un terme ce 1er juillet 2025 \u00e0 l\u2019un des dossiers politico-judiciaires les plus suivis de ces derni\u00e8res ann\u00e9es : l\u2019affaire de diffamation opposant Ousmane Sonko \u00e0 l\u2019ancien ministre Mame Mbaye Niang. La haute juridiction a statu\u00e9 sur le recours en rabat d\u2019arr\u00eat [&hellip;]","og_url":"https:\/\/www.nettali.com\/2025\/07\/02\/rabat-darret-affaire-mame-mbaye-niang-ousmane-sonko-ce-quil-faut-retenir\/","og_site_name":"Nettali.com","article_publisher":"https:\/\/www.facebook.com\/nettalicom","article_published_time":"2025-07-02T15:37:01+00:00","article_modified_time":"2025-07-03T16:13:43+00:00","og_image":[{"width":696,"height":379,"url":"https:\/\/www.nettali.com\/wp-content\/uploads\/2022\/11\/mame-Mbaye-niang-sonko.jpeg","type":"image\/jpeg"}],"twitter_card":"summary_large_image","twitter_misc":{"\u00c9crit par":"Daouda","Dur\u00e9e de lecture estim\u00e9e":"4 minutes"},"schema":{"@context":"https:\/\/schema.org","@graph":[{"@type":"WebSite","@id":"https:\/\/www.nettali.com\/#website","url":"https:\/\/www.nettali.com\/","name":"Nettali.com","description":"Le rendez-vous critique du Net","potentialAction":[{"@type":"SearchAction","target":{"@type":"EntryPoint","urlTemplate":"https:\/\/www.nettali.com\/?s={search_term_string}"},"query-input":"required name=search_term_string"}],"inLanguage":"fr-FR"},{"@type":"ImageObject","@id":"https:\/\/www.nettali.com\/2025\/07\/02\/rabat-darret-affaire-mame-mbaye-niang-ousmane-sonko-ce-quil-faut-retenir\/#primaryimage","inLanguage":"fr-FR","url":"https:\/\/www.nettali.com\/wp-content\/uploads\/2022\/11\/mame-Mbaye-niang-sonko.jpeg","contentUrl":"https:\/\/www.nettali.com\/wp-content\/uploads\/2022\/11\/mame-Mbaye-niang-sonko.jpeg","width":696,"height":379},{"@type":"WebPage","@id":"https:\/\/www.nettali.com\/2025\/07\/02\/rabat-darret-affaire-mame-mbaye-niang-ousmane-sonko-ce-quil-faut-retenir\/#webpage","url":"https:\/\/www.nettali.com\/2025\/07\/02\/rabat-darret-affaire-mame-mbaye-niang-ousmane-sonko-ce-quil-faut-retenir\/","name":"RABAT D'ARR\u00caT AFFAIRE MAME MBAYE NIANG-OUSMANE SONKO - Ce qu'il faut retenir... | Nettali.com","isPartOf":{"@id":"https:\/\/www.nettali.com\/#website"},"primaryImageOfPage":{"@id":"https:\/\/www.nettali.com\/2025\/07\/02\/rabat-darret-affaire-mame-mbaye-niang-ousmane-sonko-ce-quil-faut-retenir\/#primaryimage"},"datePublished":"2025-07-02T15:37:01+00:00","dateModified":"2025-07-03T16:13:43+00:00","author":{"@id":"https:\/\/www.nettali.com\/#\/schema\/person\/3317e0bb3aa1da309fbf7b2780901bf4"},"breadcrumb":{"@id":"https:\/\/www.nettali.com\/2025\/07\/02\/rabat-darret-affaire-mame-mbaye-niang-ousmane-sonko-ce-quil-faut-retenir\/#breadcrumb"},"inLanguage":"fr-FR","potentialAction":[{"@type":"ReadAction","target":["https:\/\/www.nettali.com\/2025\/07\/02\/rabat-darret-affaire-mame-mbaye-niang-ousmane-sonko-ce-quil-faut-retenir\/"]}]},{"@type":"BreadcrumbList","@id":"https:\/\/www.nettali.com\/2025\/07\/02\/rabat-darret-affaire-mame-mbaye-niang-ousmane-sonko-ce-quil-faut-retenir\/#breadcrumb","itemListElement":[{"@type":"ListItem","position":1,"name":"Accueil","item":"https:\/\/www.nettali.com\/"},{"@type":"ListItem","position":2,"name":"RABAT D'ARR\u00caT AFFAIRE MAME MBAYE NIANG-OUSMANE SONKO - Ce qu'il faut retenir..."}]},{"@type":"Person","@id":"https:\/\/www.nettali.com\/#\/schema\/person\/3317e0bb3aa1da309fbf7b2780901bf4","name":"Daouda","image":{"@type":"ImageObject","@id":"https:\/\/www.nettali.com\/#personlogo","inLanguage":"fr-FR","url":"https:\/\/secure.gravatar.com\/avatar\/8d143b5a49345098ddcfee1c49c2f47c?s=96&d=mm&r=g","contentUrl":"https:\/\/secure.gravatar.com\/avatar\/8d143b5a49345098ddcfee1c49c2f47c?s=96&d=mm&r=g","caption":"Daouda"},"sameAs":["https:\/\/www.nettali.com"]}]}},"_links":{"self":[{"href":"https:\/\/www.nettali.com\/rest\/wp\/v2\/posts\/156811"}],"collection":[{"href":"https:\/\/www.nettali.com\/rest\/wp\/v2\/posts"}],"about":[{"href":"https:\/\/www.nettali.com\/rest\/wp\/v2\/types\/post"}],"author":[{"embeddable":true,"href":"https:\/\/www.nettali.com\/rest\/wp\/v2\/users\/4"}],"replies":[{"embeddable":true,"href":"https:\/\/www.nettali.com\/rest\/wp\/v2\/comments?post=156811"}],"version-history":[{"count":1,"href":"https:\/\/www.nettali.com\/rest\/wp\/v2\/posts\/156811\/revisions"}],"predecessor-version":[{"id":156812,"href":"https:\/\/www.nettali.com\/rest\/wp\/v2\/posts\/156811\/revisions\/156812"}],"wp:featuredmedia":[{"embeddable":true,"href":"https:\/\/www.nettali.com\/rest\/wp\/v2\/media\/98291"}],"wp:attachment":[{"href":"https:\/\/www.nettali.com\/rest\/wp\/v2\/media?parent=156811"}],"wp:term":[{"taxonomy":"category","embeddable":true,"href":"https:\/\/www.nettali.com\/rest\/wp\/v2\/categories?post=156811"},{"taxonomy":"post_tag","embeddable":true,"href":"https:\/\/www.nettali.com\/rest\/wp\/v2\/tags?post=156811"}],"curies":[{"name":"wp","href":"https:\/\/api.w.org\/{rel}","templated":true}]}}