{"id":156806,"date":"2025-07-02T02:31:14","date_gmt":"2025-07-02T02:31:14","guid":{"rendered":"https:\/\/www.nettali.com\/?p=156806"},"modified":"2025-07-03T08:02:31","modified_gmt":"2025-07-03T08:02:31","slug":"assises-nationales-des-medias-les-grandes-lignes-du-rapport-final","status":"publish","type":"post","link":"https:\/\/www.nettali.com\/2025\/07\/02\/assises-nationales-des-medias-les-grandes-lignes-du-rapport-final\/","title":{"rendered":"ASSISES NATIONALES DES M\u00c9DIAS - Les grandes lignes du rapport final"},"content":{"rendered":"<p><strong>NETTALI.COM - Le rapport g\u00e9n\u00e9ral des Assises nationales des m\u00e9dias, fruit de deux ann\u00e9es de travail acharn\u00e9, a \u00e9t\u00e9 officiellement pr\u00e9sent\u00e9 aux acteurs de la presse, ce mardi, \u00e0 la fondation Friedrich Ebert. Cette c\u00e9r\u00e9monie marque une \u00e9tape cruciale dans les efforts continus pour fa\u00e7onner l'avenir des m\u00e9dias au S\u00e9n\u00e9gal.<\/strong><\/p>\n<p>Deux ann\u00e9es, 78 r\u00e9unions mobilisant 8 565 participants issus de divers horizons de la soci\u00e9t\u00e9 \u2013 pour ne citer que ces chiffres \u2013 ont \u00e9t\u00e9 n\u00e9cessaires pour aboutir au rapport des Assises nationales des m\u00e9dias. Professionnels des m\u00e9dias, universitaires, partenaires techniques, financiers et institutionnels, entre autres, se sont concert\u00e9s afin de produire un document synth\u00e9tique de 95 pages dont le contenu pourrait s'av\u00e9rer salvateur pour la presse. \u201cI<em>l est temps que les m\u00e9dias s\u00e9n\u00e9galais b\u00e2tissent un avenir professionnel et solide. Ce rapport est une feuille de route pour relever les d\u00e9fis, structurer le secteur et le rendre durable<\/em>\u201d, souligne le pr\u00e9sident du comit\u00e9 scientifique des Assises nationales des m\u00e9dias, Matar Silla.<\/p>\n<p>Pour le coordonnateur de la Coordination des associations de presse (Cap), Ibrahima Lissa Faye, il fallait mettre l'accent sur les maux du secteur. \u201c<em>La presse s\u00e9n\u00e9galaise a os\u00e9 nommer ses difficult\u00e9s : pr\u00e9carit\u00e9 \u00e9conomique, absence de cadre juridique adapt\u00e9, risques pour la s\u00e9curit\u00e9 des journalistes, fragilit\u00e9 des entreprises de presse et manque d'adaptation face \u00e0 la r\u00e9volution num\u00e9rique<\/em>\u201d. Il poursuit : \u201c<em>Ce rapport n'est pas un simple \u00e9tat des lieux. C'est un appel aux autorit\u00e9s \u00e0 s'approprier ces travaux pour agir imm\u00e9diatement, \u00e0 court et \u00e0 long terme<\/em>.\u201d<\/p>\n<p><strong>Quelques recommandations <\/strong><\/p>\n<p>En sa qualit\u00e9 de rapporteur g\u00e9n\u00e9ral, le journaliste Cheikh Thiam est revenu sur les recommandations ax\u00e9es sur la n\u00e9cessit\u00e9 d'un dialogue permanent entre le minist\u00e8re de la Communication et les acteurs du secteur. \u201c<em>Au-del\u00e0 de leur mission de service public, les entreprises de presse doivent devenir comp\u00e9titives et performantes, tout en restant garantes de l'\u00e9thique, de la d\u00e9ontologie et du pluralisme<\/em>\u201d, a-t-il rapport\u00e9.<\/p>\n<p>Parmi les principales pr\u00e9conisations, le document insiste sur la n\u00e9cessit\u00e9 de moderniser le cadre juridique et institutionnel, notamment en r\u00e9formant le CNRA jug\u00e9 obsol\u00e8te, et en adoptant un code de la publicit\u00e9 adapt\u00e9 aux r\u00e9alit\u00e9s actuelles ; assurer la viabilit\u00e9 \u00e9conomique du secteur \u00e0 travers des mod\u00e8les de financement innovants et durables ; renforcer la production de contenus de qualit\u00e9, en ad\u00e9quation avec les r\u00e9alit\u00e9s sociales, \u00e9conomiques et culturelles du S\u00e9n\u00e9gal.<\/p>\n<p>Monsieur Thiam souligne \u00e9galement qu'il est crucial de \u201c<em>prot\u00e9ger les journalistes et techniciens en int\u00e9grant leur s\u00e9curit\u00e9 dans les politiques publiques et d'inscrire les m\u00e9dias dans l'agenda de d\u00e9veloppement national, notamment dans la Vision S\u00e9n\u00e9gal 2050, en valorisant leur r\u00f4le strat\u00e9gique dans la d\u00e9mocratie, la paix sociale et la coh\u00e9sion nationale<\/em>\u201d.<\/p>\n<p><strong>Questions autour de l\u2019absence de la tutelle\u2026 <\/strong><\/p>\n<p>Lors de cette c\u00e9r\u00e9monie de pr\u00e9sentation, la soci\u00e9t\u00e9 civile \u00e9tait repr\u00e9sent\u00e9e. Le pr\u00e9sident de Legs Africa, Elimane Kane, s'en est fait le porte-voix. \u201c<em>Il faut f\u00e9liciter celles et ceux qui ont r\u00e9alis\u00e9 ce travail de qualit\u00e9. Si les recommandations sont mises en oeuvre \u2013 ne serait-ce qu'en partie \u2013 la presse pourrait de nouveau respirer. Toutefois, je ressens une g\u00eane : un tel \u00e9v\u00e9nement se tient dans des locaux d'une structure \u00e9trang\u00e8re alors qu'existe la Maison de la presse Babacar Tour\u00e9.<\/em>\u201d<\/p>\n<p>Au-del\u00e0 du lieu inappropri\u00e9, selon lui, M. Kane a tenu \u00e0 \u00e9voquer un autre point probl\u00e9matique : \u201c<em>L'\u00c9tat, en l'occurrence le minist\u00e8re de la Communication, devait \u00eatre pr\u00e9sent. Il reste le premier interlocuteur des m\u00e9dias et sa contribution est essentielle \u00e0 la mise en oeuvre des recommandations.<\/em>\u201d \u2026 la version des acteurs.<\/p>\n<p>Face \u00e0 cette pol\u00e9mique naissante, les journalistes ont pr\u00e9sent\u00e9 leur version des faits. Selon Lissa Faye, \u201c<em>tout semblait ficel\u00e9<\/em>\u201d jusqu'au retrait de derni\u00e8re minute de la tutelle, qui a demand\u00e9 un \u201cr<em>eport de l'\u00e9v\u00e9nement<\/em>\u201d. Le patron de Pressafrik pr\u00e9cise : \u201cNous n'\u00e9tions pas l\u00e0 de gaiet\u00e9 de coeur. L'option initiale \u00e9tait une co-organisation avec le minist\u00e8re. Il \u00e9tait convenu que le ministre pr\u00e9side la c\u00e9r\u00e9monie. Des \u00e9changes de courriers et des r\u00e9unions pr\u00e9paratoires, dont une ultime s\u00e9ance dans les locaux minist\u00e9riels avec la Cap et la Giz, avaient eu lieu.\u201d<\/p>\n<p>Pour M. Faye, un report \u00e9tait impossible : \u201cLes invitations \u00e9taient envoy\u00e9es, et la Giz avait r\u00e9serv\u00e9 l'h\u00f4tel avec des engagements financiers. Annuler impliquait des p\u00e9nalit\u00e9s. Le Comit\u00e9 a donc assum\u00e9 ses responsabilit\u00e9s en maintenant l'\u00e9v\u00e9nement.\u201d<\/p>\n<p>Concernant le choix de la fondation Friedrich Ebert, il justifie : \u201c<em>Par prudence, pour \u00e9viter une mauvaise surprise \u2013 comme une salle ferm\u00e9e \u2013 qui aurait compromis cette restitution. Nous ne voulions pas tenter le diable.<\/em>\u201d<\/p>\n<div class='share-to-whatsapp-wrapper'><div class='share-on-whsp'>PARTAGER SUR : <\/div><a data-text='ASSISES NATIONALES DES M\u00c9DIAS - Les grandes lignes du rapport final' data-link='https:\/\/www.nettali.com\/2025\/07\/02\/assises-nationales-des-medias-les-grandes-lignes-du-rapport-final\/' class='whatsapp-button whatsapp-share'>WhatsApp<\/a><div class='clear '><\/div><\/div>","protected":false},"excerpt":{"rendered":"<p>NETTALI.COM - Le rapport g\u00e9n\u00e9ral des Assises nationales des m\u00e9dias, fruit de deux ann\u00e9es de travail acharn\u00e9, a \u00e9t\u00e9 officiellement pr\u00e9sent\u00e9 aux acteurs de la presse, ce mardi, \u00e0 la fondation Friedrich Ebert. Cette c\u00e9r\u00e9monie marque une \u00e9tape cruciale dans les efforts continus pour fa\u00e7onner l'avenir des m\u00e9dias au S\u00e9n\u00e9gal. Deux ann\u00e9es, 78 r\u00e9unions mobilisant [&hellip;]<\/p>\n","protected":false},"author":2,"featured_media":156770,"comment_status":"open","ping_status":"open","sticky":false,"template":"","format":"standard","meta":{"_et_pb_use_builder":"","_et_pb_old_content":""},"categories":[3],"tags":[],"yoast_head":"<!-- This site is optimized with the Yoast SEO Premium plugin v17.8 (Yoast SEO v17.8) - https:\/\/yoast.com\/wordpress\/plugins\/seo\/ -->\n<title>ASSISES NATIONALES DES M\u00c9DIAS - Les grandes lignes du rapport final | Nettali.com<\/title>\n<meta name=\"robots\" content=\"index, follow, max-snippet:-1, max-image-preview:large, max-video-preview:-1\" \/>\n<link rel=\"canonical\" href=\"https:\/\/www.nettali.com\/2025\/07\/02\/assises-nationales-des-medias-les-grandes-lignes-du-rapport-final\/\" \/>\n<meta property=\"og:locale\" content=\"fr_FR\" \/>\n<meta property=\"og:type\" content=\"article\" \/>\n<meta property=\"og:title\" content=\"ASSISES NATIONALES DES M\u00c9DIAS - Les grandes lignes du rapport final\" \/>\n<meta property=\"og:description\" content=\"NETTALI.COM - Le rapport g\u00e9n\u00e9ral des Assises nationales des m\u00e9dias, fruit de deux ann\u00e9es de travail acharn\u00e9, a \u00e9t\u00e9 officiellement pr\u00e9sent\u00e9 aux acteurs de la presse, ce mardi, \u00e0 la fondation Friedrich Ebert. Cette c\u00e9r\u00e9monie marque une \u00e9tape cruciale dans les efforts continus pour fa\u00e7onner l&#039;avenir des m\u00e9dias au S\u00e9n\u00e9gal. Deux ann\u00e9es, 78 r\u00e9unions mobilisant [&hellip;]\" \/>\n<meta property=\"og:url\" content=\"https:\/\/www.nettali.com\/2025\/07\/02\/assises-nationales-des-medias-les-grandes-lignes-du-rapport-final\/\" \/>\n<meta property=\"og:site_name\" content=\"Nettali.com\" \/>\n<meta property=\"article:publisher\" content=\"https:\/\/www.facebook.com\/nettalicom\" \/>\n<meta property=\"article:published_time\" content=\"2025-07-02T02:31:14+00:00\" \/>\n<meta property=\"article:modified_time\" content=\"2025-07-03T08:02:31+00:00\" \/>\n<meta property=\"og:image\" content=\"https:\/\/www.nettali.com\/wp-content\/uploads\/2025\/07\/Capture-de\u0301cran-2025-07-01-a\u0300-19.02.53.png\" \/>\n\t<meta property=\"og:image:width\" content=\"686\" \/>\n\t<meta property=\"og:image:height\" content=\"340\" \/>\n<meta name=\"twitter:card\" content=\"summary_large_image\" \/>\n<meta name=\"twitter:label1\" content=\"\u00c9crit par\" \/>\n\t<meta name=\"twitter:data1\" content=\"CK\" \/>\n\t<meta name=\"twitter:label2\" content=\"Dur\u00e9e de lecture estim\u00e9e\" \/>\n\t<meta name=\"twitter:data2\" content=\"4 minutes\" \/>\n<script type=\"application\/ld+json\" class=\"yoast-schema-graph\">{\"@context\":\"https:\/\/schema.org\",\"@graph\":[{\"@type\":\"WebSite\",\"@id\":\"https:\/\/www.nettali.com\/#website\",\"url\":\"https:\/\/www.nettali.com\/\",\"name\":\"Nettali.com\",\"description\":\"Le rendez-vous critique du Net\",\"potentialAction\":[{\"@type\":\"SearchAction\",\"target\":{\"@type\":\"EntryPoint\",\"urlTemplate\":\"https:\/\/www.nettali.com\/?s={search_term_string}\"},\"query-input\":\"required name=search_term_string\"}],\"inLanguage\":\"fr-FR\"},{\"@type\":\"ImageObject\",\"@id\":\"https:\/\/www.nettali.com\/2025\/07\/02\/assises-nationales-des-medias-les-grandes-lignes-du-rapport-final\/#primaryimage\",\"inLanguage\":\"fr-FR\",\"url\":\"https:\/\/www.nettali.com\/wp-content\/uploads\/2025\/07\/Capture-de\\u0301cran-2025-07-01-a\\u0300-19.02.53.png\",\"contentUrl\":\"https:\/\/www.nettali.com\/wp-content\/uploads\/2025\/07\/Capture-de\\u0301cran-2025-07-01-a\\u0300-19.02.53.png\",\"width\":686,\"height\":340},{\"@type\":\"WebPage\",\"@id\":\"https:\/\/www.nettali.com\/2025\/07\/02\/assises-nationales-des-medias-les-grandes-lignes-du-rapport-final\/#webpage\",\"url\":\"https:\/\/www.nettali.com\/2025\/07\/02\/assises-nationales-des-medias-les-grandes-lignes-du-rapport-final\/\",\"name\":\"ASSISES NATIONALES DES M\\u00c9DIAS - Les grandes lignes du rapport final | Nettali.com\",\"isPartOf\":{\"@id\":\"https:\/\/www.nettali.com\/#website\"},\"primaryImageOfPage\":{\"@id\":\"https:\/\/www.nettali.com\/2025\/07\/02\/assises-nationales-des-medias-les-grandes-lignes-du-rapport-final\/#primaryimage\"},\"datePublished\":\"2025-07-02T02:31:14+00:00\",\"dateModified\":\"2025-07-03T08:02:31+00:00\",\"author\":{\"@id\":\"https:\/\/www.nettali.com\/#\/schema\/person\/d8ac7b7e27ddad43f1c0d2ef090d7f71\"},\"breadcrumb\":{\"@id\":\"https:\/\/www.nettali.com\/2025\/07\/02\/assises-nationales-des-medias-les-grandes-lignes-du-rapport-final\/#breadcrumb\"},\"inLanguage\":\"fr-FR\",\"potentialAction\":[{\"@type\":\"ReadAction\",\"target\":[\"https:\/\/www.nettali.com\/2025\/07\/02\/assises-nationales-des-medias-les-grandes-lignes-du-rapport-final\/\"]}]},{\"@type\":\"BreadcrumbList\",\"@id\":\"https:\/\/www.nettali.com\/2025\/07\/02\/assises-nationales-des-medias-les-grandes-lignes-du-rapport-final\/#breadcrumb\",\"itemListElement\":[{\"@type\":\"ListItem\",\"position\":1,\"name\":\"Accueil\",\"item\":\"https:\/\/www.nettali.com\/\"},{\"@type\":\"ListItem\",\"position\":2,\"name\":\"ASSISES NATIONALES DES M\\u00c9DIAS - Les grandes lignes du rapport final\"}]},{\"@type\":\"Person\",\"@id\":\"https:\/\/www.nettali.com\/#\/schema\/person\/d8ac7b7e27ddad43f1c0d2ef090d7f71\",\"name\":\"CK\",\"image\":{\"@type\":\"ImageObject\",\"@id\":\"https:\/\/www.nettali.com\/#personlogo\",\"inLanguage\":\"fr-FR\",\"url\":\"https:\/\/secure.gravatar.com\/avatar\/1d8d5118b9327d94da7cd4ce7f17fec2?s=96&d=mm&r=g\",\"contentUrl\":\"https:\/\/secure.gravatar.com\/avatar\/1d8d5118b9327d94da7cd4ce7f17fec2?s=96&d=mm&r=g\",\"caption\":\"CK\"},\"sameAs\":[\"https:\/\/www.nettali.com\"]}]}<\/script>\n<!-- \/ Yoast SEO Premium plugin. -->","yoast_head_json":{"title":"ASSISES NATIONALES DES M\u00c9DIAS - Les grandes lignes du rapport final | Nettali.com","robots":{"index":"index","follow":"follow","max-snippet":"max-snippet:-1","max-image-preview":"max-image-preview:large","max-video-preview":"max-video-preview:-1"},"canonical":"https:\/\/www.nettali.com\/2025\/07\/02\/assises-nationales-des-medias-les-grandes-lignes-du-rapport-final\/","og_locale":"fr_FR","og_type":"article","og_title":"ASSISES NATIONALES DES M\u00c9DIAS - Les grandes lignes du rapport final","og_description":"NETTALI.COM - Le rapport g\u00e9n\u00e9ral des Assises nationales des m\u00e9dias, fruit de deux ann\u00e9es de travail acharn\u00e9, a \u00e9t\u00e9 officiellement pr\u00e9sent\u00e9 aux acteurs de la presse, ce mardi, \u00e0 la fondation Friedrich Ebert. Cette c\u00e9r\u00e9monie marque une \u00e9tape cruciale dans les efforts continus pour fa\u00e7onner l'avenir des m\u00e9dias au S\u00e9n\u00e9gal. Deux ann\u00e9es, 78 r\u00e9unions mobilisant [&hellip;]","og_url":"https:\/\/www.nettali.com\/2025\/07\/02\/assises-nationales-des-medias-les-grandes-lignes-du-rapport-final\/","og_site_name":"Nettali.com","article_publisher":"https:\/\/www.facebook.com\/nettalicom","article_published_time":"2025-07-02T02:31:14+00:00","article_modified_time":"2025-07-03T08:02:31+00:00","og_image":[{"width":686,"height":340,"url":"https:\/\/www.nettali.com\/wp-content\/uploads\/2025\/07\/Capture-de\u0301cran-2025-07-01-a\u0300-19.02.53.png","type":"image\/png"}],"twitter_card":"summary_large_image","twitter_misc":{"\u00c9crit par":"CK","Dur\u00e9e de lecture estim\u00e9e":"4 minutes"},"schema":{"@context":"https:\/\/schema.org","@graph":[{"@type":"WebSite","@id":"https:\/\/www.nettali.com\/#website","url":"https:\/\/www.nettali.com\/","name":"Nettali.com","description":"Le rendez-vous critique du Net","potentialAction":[{"@type":"SearchAction","target":{"@type":"EntryPoint","urlTemplate":"https:\/\/www.nettali.com\/?s={search_term_string}"},"query-input":"required name=search_term_string"}],"inLanguage":"fr-FR"},{"@type":"ImageObject","@id":"https:\/\/www.nettali.com\/2025\/07\/02\/assises-nationales-des-medias-les-grandes-lignes-du-rapport-final\/#primaryimage","inLanguage":"fr-FR","url":"https:\/\/www.nettali.com\/wp-content\/uploads\/2025\/07\/Capture-de\u0301cran-2025-07-01-a\u0300-19.02.53.png","contentUrl":"https:\/\/www.nettali.com\/wp-content\/uploads\/2025\/07\/Capture-de\u0301cran-2025-07-01-a\u0300-19.02.53.png","width":686,"height":340},{"@type":"WebPage","@id":"https:\/\/www.nettali.com\/2025\/07\/02\/assises-nationales-des-medias-les-grandes-lignes-du-rapport-final\/#webpage","url":"https:\/\/www.nettali.com\/2025\/07\/02\/assises-nationales-des-medias-les-grandes-lignes-du-rapport-final\/","name":"ASSISES NATIONALES DES M\u00c9DIAS - Les grandes lignes du rapport final | Nettali.com","isPartOf":{"@id":"https:\/\/www.nettali.com\/#website"},"primaryImageOfPage":{"@id":"https:\/\/www.nettali.com\/2025\/07\/02\/assises-nationales-des-medias-les-grandes-lignes-du-rapport-final\/#primaryimage"},"datePublished":"2025-07-02T02:31:14+00:00","dateModified":"2025-07-03T08:02:31+00:00","author":{"@id":"https:\/\/www.nettali.com\/#\/schema\/person\/d8ac7b7e27ddad43f1c0d2ef090d7f71"},"breadcrumb":{"@id":"https:\/\/www.nettali.com\/2025\/07\/02\/assises-nationales-des-medias-les-grandes-lignes-du-rapport-final\/#breadcrumb"},"inLanguage":"fr-FR","potentialAction":[{"@type":"ReadAction","target":["https:\/\/www.nettali.com\/2025\/07\/02\/assises-nationales-des-medias-les-grandes-lignes-du-rapport-final\/"]}]},{"@type":"BreadcrumbList","@id":"https:\/\/www.nettali.com\/2025\/07\/02\/assises-nationales-des-medias-les-grandes-lignes-du-rapport-final\/#breadcrumb","itemListElement":[{"@type":"ListItem","position":1,"name":"Accueil","item":"https:\/\/www.nettali.com\/"},{"@type":"ListItem","position":2,"name":"ASSISES NATIONALES DES M\u00c9DIAS - Les grandes lignes du rapport final"}]},{"@type":"Person","@id":"https:\/\/www.nettali.com\/#\/schema\/person\/d8ac7b7e27ddad43f1c0d2ef090d7f71","name":"CK","image":{"@type":"ImageObject","@id":"https:\/\/www.nettali.com\/#personlogo","inLanguage":"fr-FR","url":"https:\/\/secure.gravatar.com\/avatar\/1d8d5118b9327d94da7cd4ce7f17fec2?s=96&d=mm&r=g","contentUrl":"https:\/\/secure.gravatar.com\/avatar\/1d8d5118b9327d94da7cd4ce7f17fec2?s=96&d=mm&r=g","caption":"CK"},"sameAs":["https:\/\/www.nettali.com"]}]}},"_links":{"self":[{"href":"https:\/\/www.nettali.com\/rest\/wp\/v2\/posts\/156806"}],"collection":[{"href":"https:\/\/www.nettali.com\/rest\/wp\/v2\/posts"}],"about":[{"href":"https:\/\/www.nettali.com\/rest\/wp\/v2\/types\/post"}],"author":[{"embeddable":true,"href":"https:\/\/www.nettali.com\/rest\/wp\/v2\/users\/2"}],"replies":[{"embeddable":true,"href":"https:\/\/www.nettali.com\/rest\/wp\/v2\/comments?post=156806"}],"version-history":[{"count":1,"href":"https:\/\/www.nettali.com\/rest\/wp\/v2\/posts\/156806\/revisions"}],"predecessor-version":[{"id":156807,"href":"https:\/\/www.nettali.com\/rest\/wp\/v2\/posts\/156806\/revisions\/156807"}],"wp:featuredmedia":[{"embeddable":true,"href":"https:\/\/www.nettali.com\/rest\/wp\/v2\/media\/156770"}],"wp:attachment":[{"href":"https:\/\/www.nettali.com\/rest\/wp\/v2\/media?parent=156806"}],"wp:term":[{"taxonomy":"category","embeddable":true,"href":"https:\/\/www.nettali.com\/rest\/wp\/v2\/categories?post=156806"},{"taxonomy":"post_tag","embeddable":true,"href":"https:\/\/www.nettali.com\/rest\/wp\/v2\/tags?post=156806"}],"curies":[{"name":"wp","href":"https:\/\/api.w.org\/{rel}","templated":true}]}}